{"id":32699,"date":"2018-11-07T11:32:52","date_gmt":"2018-11-07T08:32:52","guid":{"rendered":"http:\/\/www.bghaber.org\/bghaber\/?p=32699"},"modified":"2019-06-26T15:20:00","modified_gmt":"2019-06-26T12:20:00","slug":"bulgaristan-vatandaslarinin-yuzde-81i-simeonovun-istifasini-istiyor","status":"publish","type":"post","link":"https:\/\/www.bghaber.org\/bghaber\/bulgaristan-vatandaslarinin-yuzde-81i-simeonovun-istifasini-istiyor\/","title":{"rendered":"Bulgaristan vatanda\u015flar\u0131n\u0131n y\u00fczde 81\u2019i Simeonov\u2019un istifas\u0131n\u0131 istiyor"},"content":{"rendered":"<p>Gallup Sosyolojik Ara\u015ft\u0131rma Ajans\u0131\u2019n\u0131n yapt\u0131\u011f\u0131 telefon anketi sonu\u00e7lar\u0131na g\u00f6re vatanda\u015flar\u0131n % 81\u2019i, Ba\u015fbakan Yard\u0131mc\u0131s\u0131 Valeri Simeonov&#8217;un engelli \u00e7ocuklar\u0131n anneleri hakk\u0131nda kulland\u0131\u011f\u0131 ifadelerinden dolay\u0131 istifa etmesi gerekti\u011fine inanmaktad\u0131r. Y\u00fczde 15\u2019i tam aksini d\u00fc\u015f\u00fcn\u00fcyor, di\u011ferleri ise cevap vermekte teredd\u00fct etmektedir. H\u00fck\u00fcmetin istifas\u0131na gelince vatanda\u015flar\u0131n y\u00fczde 56\u2019s\u0131 istifa etmesine kar\u015f\u0131 \u00e7\u0131karken y\u00fczde 34\u2019\u00fc istifa etmesinden yana, di\u011ferleri ise cevap vermekte teredd\u00fct etmektedir. Y\u00fczde 64\u2019\u00fc Ba\u015fbakan Boyko Borisov\u2019un da Simeonov\u2019un tutumu ile ilgili sorumluluk ta\u015f\u0131d\u0131\u011f\u0131n\u0131, y\u00fczde 31\u2019i ise tam akdini d\u00fc\u015f\u00fcn\u00fcyor. Di\u011fer vatanda\u015flar cevap vermekte teredd\u00fct etmektedir.<\/p>\n<p>Bunlar, \u00fclke genelinde 800 ki\u015fi aras\u0131nda 27 Ekim&#8217;den 2 Kas\u0131m&#8217;a kadar verilerin maksimum temsiliyetini sa\u011flayan bir panel metodolojisi kullan\u0131larak yap\u0131lan ba\u011f\u0131ms\u0131z bir telefon anketinden elde edilen verilerdir. Olas\u0131 sapma % 50\u2019lik kat\u0131l\u0131m oran\u0131 i\u00e7in \u00b1 3.7. \u00d6rnekleme oran\u0131n\u0131n % 1&#8217;i yakla\u015f\u0131k 55 bin ki\u015fiye e\u015fittir. Anket ara\u015ft\u0131rmas\u0131, Devlet Yurtd\u0131\u015f\u0131 Bulgarlar Ajans\u0131\u2019na y\u00f6nelik operasyonlardan \u00f6nce ba\u015flad\u0131.<\/p>\n<p>Hemen hemen t\u00fcm demografik gruplar Simeonov\u2019un istifas\u0131n\u0131 tercih ediyor. Birle\u015fik Vatanseverler koalisyonunun taraftarlar\u0131 istisnai durumdur. Onlar\u0131n yakla\u015f\u0131k % 60&#8217;\u0131n istifaya kar\u015f\u0131, % 40&#8217;a yak\u0131n\u0131 ise istifadan yanad\u0131r. Bulgaristan\u2019\u0131n Avrupal\u0131 Gelece\u011fi \u0130\u00e7in Vatanda\u015flar (GERB) taraftarlar\u0131 aras\u0131nda tam tersi bir tablo g\u00f6r\u00fcn\u00fcyor. Onlar\u0131n y\u00fczde 50\u2019den fazlas\u0131 istifadan yana, yakla\u015f\u0131k y\u00fczde 40\u2019\u0131 ise kar\u015f\u0131 \u00e7\u0131k\u0131yor. Bu sorunun cevab\u0131 elbette, yaln\u0131zca belirli skandal\u0131n de\u011ferlendirilmesini de\u011fil, ayn\u0131 zamanda Simeonov&#8217;un siyasete kat\u0131l\u0131m\u0131 hakk\u0131nda anket kat\u0131l\u0131mc\u0131lar\u0131n\u0131n genel tutumunu da yans\u0131tmaktad\u0131r.<\/p>\n<p>Ancak h\u00fck\u00fcmetin istifas\u0131 daha fazla g\u00f6r\u00fc\u015f ayr\u0131l\u0131\u011f\u0131 getirmektedir. \u00c7o\u011fu toplumsal gruplar h\u00fck\u00fcmetin istifas\u0131na kar\u015f\u0131 \u00e7\u0131kmaktad\u0131r. Bulgaristan Sosyalist Partisi se\u00e7menleri daha ziyade h\u00fck\u00fcmetin istifas\u0131ndan yanad\u0131r. Olas\u0131 bir se\u00e7imde oy kullanmayacak olanlar ve kimseyi desteklemiyorum se\u00e7ene\u011fini tercih edenler, yani siyasetten uzak duranlar aras\u0131nda g\u00f6r\u00fc\u015f ayr\u0131l\u0131\u011f\u0131 var.<\/p>\n<p>Hemen hemen t\u00fcm toplum kesimleri Ba\u015fbakan Borisov&#8217;un Valery Simeonov\u2019dan kaynaklanan durumdan sorumlu oldu\u011funu d\u00fc\u015f\u00fcn\u00fcyor. Sadece GERB taraftarlar\u0131 tam aksini d\u00fc\u015f\u00fcn\u00fcyor, Birle\u015fik Vatansever taraftarlar\u0131 aras\u0131nda bu konuda g\u00f6r\u00fc\u015f ayr\u0131l\u0131\u011f\u0131 var.<\/p><div id=\"bghab-829670160\" class=\"bghab-icerik-icine bghab-entity-placement\"><script async src=\"\/\/pagead2.googlesyndication.com\/pagead\/js\/adsbygoogle.js?client=ca-pub-6203283170189293\" crossorigin=\"anonymous\"><\/script><ins class=\"adsbygoogle\" style=\"display:block; text-align:center;\" data-ad-client=\"ca-pub-6203283170189293\" \ndata-ad-slot=\"7303146466\" \ndata-ad-layout=\"in-article\"\ndata-ad-format=\"fluid\" data-full-width-responsive=\"true\"><\/ins>\n<script> \n(adsbygoogle = window.adsbygoogle || []).push({}); \n<\/script>\n<\/div>\n<p>Halk, Ba\u015fbakan\u2019\u0131n pasif kalmas\u0131n\u0131 zor kabul edece\u011fi a\u015fikar ve h\u00fck\u00fcmetin ba\u015f\u0131 olarak onun sorumlu davranmas\u0131n\u0131 istiyor. Vatanda\u015flar, Simeonov\u2019un g\u00f6revden al\u0131nmas\u0131 bekliyor ve gecikme Borisov&#8217;a zarar veriyor.<\/p>\n<p>&nbsp;<\/p>\n<p>&nbsp;<\/p>\n<p>K\u0131rcaali Haber<\/p>\n<div id=\"bghab-1702969802\" class=\"bghab-yazi-altinda bghab-entity-placement\"><script async src=\"https:\/\/pagead2.googlesyndication.com\/pagead\/js\/adsbygoogle.js\"><\/script>\r\n<!-- bghaber-yaz\u0131-sonu -->\r\n<ins class=\"adsbygoogle\"\r\n     style=\"display:block\"\r\n     data-ad-client=\"ca-pub-6203283170189293\"\r\n     data-ad-slot=\"4222328180\"\r\n     data-ad-format=\"auto\"\r\n     data-full-width-responsive=\"true\"><\/ins>\r\n<script>\r\n     (adsbygoogle = window.adsbygoogle || []).push({});\r\n<\/script><\/div><br style=\"clear: both; display: block; float: none;\"\/>","protected":false},"excerpt":{"rendered":"<p>Gallup Sosyolojik Ara\u015ft\u0131rma Ajans\u0131\u2019n\u0131n yapt\u0131\u011f\u0131 telefon anketi sonu\u00e7lar\u0131na g\u00f6re vatanda\u015flar\u0131n % 81\u2019i, Ba\u015fbakan Yard\u0131mc\u0131s\u0131 Valeri Simeonov&#8217;un engelli \u00e7ocuklar\u0131n anneleri hakk\u0131nda kulland\u0131\u011f\u0131 ifadelerinden dolay\u0131 istifa etmesi<\/p>\n","protected":false},"author":29,"featured_media":28207,"comment_status":"closed","ping_status":"closed","sticky":false,"template":"","format":"standard","meta":{"advanced_seo_description":"","jetpack_seo_html_title":"","jetpack_seo_noindex":false,"jetpack_seo_schema_type":"","_jetpack_newsletter_access":"","_jetpack_dont_email_post_to_subs":false,"_jetpack_newsletter_tier_id":0,"_jetpack_memberships_contains_paywalled_content":false,"_jetpack_feature_clip_id":0,"_jetpack_memberships_contains_paid_content":false,"footnotes":"","jetpack_post_was_ever_published":false},"categories":[1,4],"tags":[],"class_list":["post-32699","post","type-post","status-publish","format-standard","has-post-thumbnail","hentry","category-haberler","category-siyaset"],"jetpack_sharing_enabled":true,"jetpack_likes_enabled":true,"jetpack-related-posts":[],"jetpack_shortlink":"https:\/\/wp.me\/pc2PfJ-8vp","jetpack_featured_media_url":"https:\/\/i0.wp.com\/www.bghaber.org\/bghaber\/wp-content\/uploads\/2018\/03\/Valeri-Simeonov.jpg?fit=850%2C478&ssl=1","_links":{"self":[{"href":"https:\/\/www.bghaber.org\/bghaber\/wp-json\/wp\/v2\/posts\/32699","targetHints":{"allow":["GET"]}}],"collection":[{"href":"https:\/\/www.bghaber.org\/bghaber\/wp-json\/wp\/v2\/posts"}],"about":[{"href":"https:\/\/www.bghaber.org\/bghaber\/wp-json\/wp\/v2\/types\/post"}],"author":[{"embeddable":true,"href":"https:\/\/www.bghaber.org\/bghaber\/wp-json\/wp\/v2\/users\/29"}],"replies":[{"embeddable":true,"href":"https:\/\/www.bghaber.org\/bghaber\/wp-json\/wp\/v2\/comments?post=32699"}],"version-history":[{"count":0,"href":"https:\/\/www.bghaber.org\/bghaber\/wp-json\/wp\/v2\/posts\/32699\/revisions"}],"wp:featuredmedia":[{"embeddable":true,"href":"https:\/\/www.bghaber.org\/bghaber\/wp-json\/wp\/v2\/media\/28207"}],"wp:attachment":[{"href":"https:\/\/www.bghaber.org\/bghaber\/wp-json\/wp\/v2\/media?parent=32699"}],"wp:term":[{"taxonomy":"category","embeddable":true,"href":"https:\/\/www.bghaber.org\/bghaber\/wp-json\/wp\/v2\/categories?post=32699"},{"taxonomy":"post_tag","embeddable":true,"href":"https:\/\/www.bghaber.org\/bghaber\/wp-json\/wp\/v2\/tags?post=32699"}],"curies":[{"name":"wp","href":"https:\/\/api.w.org\/{rel}","templated":true}]}}