{"id":32697,"date":"2018-11-07T10:30:14","date_gmt":"2018-11-07T07:30:14","guid":{"rendered":"http:\/\/www.bghaber.org\/bghaber\/?p=32697"},"modified":"2019-06-26T15:20:00","modified_gmt":"2019-06-26T12:20:00","slug":"bulgaristanda-zorunlu-trafik-sigortasi-artacak-mi","status":"publish","type":"post","link":"https:\/\/www.bghaber.org\/bghaber\/bulgaristanda-zorunlu-trafik-sigortasi-artacak-mi\/","title":{"rendered":"Bulgaristan&#8217;da zorunlu trafik sigortas\u0131 artacak m\u0131?"},"content":{"rendered":"<p>Zorunlu trafik sigortas\u0131 fiyat\u0131 b\u00fcy\u00fck oranda artabilir mi? Trafik kazalar\u0131nda yak\u0131nlar\u0131n\u0131 kaybedenler ne kadar tazminat alacaklar?<\/p>\n<p>D\u00fcn Ba\u015fbakan ve Bulgaristan\u2019\u0131n Avrupal\u0131 Gelece\u011fi \u0130\u00e7in Vatanda\u015flar (GERB) Partisi Genel Ba\u015fkan\u0131 Boyko Borisov, GERB Milletvekili Menda Stoyanova taraf\u0131ndan Meclise sunulan Sigorta Kanunu\u2019nda de\u011fi\u015fiklik yap\u0131lmas\u0131na ili\u015fkin kanun tasar\u0131s\u0131n\u0131n, kamuoyunda kapsaml\u0131 bir \u015fekilde tart\u0131\u015f\u0131lmas\u0131 i\u00e7in mecliste g\u00f6r\u00fc\u015fmelerinin ge\u00e7ici s\u00fcreli\u011fine ertelenmesi emrini verdi.<\/p>\n<p>De\u011fi\u015fiklikler i\u00e7in \u00f6neriler sorun oldu. Trafik kazas\u0131nda \u00f6lenlerin en yak\u0131n akrabalar\u0131na \u00f6denen tazminatta 20 000 leva \u00fcst s\u0131n\u0131r uygulanmas\u0131 \u00f6nerildi. Ayr\u0131ca kurban\u0131n erkek ve k\u0131z karde\u015fleri gibi daha geni\u015f bir akraba \u00e7evresi i\u00e7in tazminat tutar\u0131 da belirlenmektedir.<\/p>\n<p>Bu tavan uygulamas\u0131 fikri, bir trafik kazas\u0131nda hayat\u0131n\u0131 kaybeden bir ki\u015finin tazminat alma hakk\u0131 olan akraba say\u0131s\u0131n\u0131n art\u0131r\u0131ld\u0131\u011f\u0131 bir mahkeme karar\u0131ndan sonra ortaya \u00e7\u0131kt\u0131. Bu karar sigortac\u0131lar\u0131n aleyhine \u015fikayetlerin ve onlar\u0131n giderlerinin artmas\u0131na sebep oldu. Onlar bu y\u00fczden zorunlu trafik sigortas\u0131 fiyat\u0131n\u0131 art\u0131rd\u0131 ve tazminat \u00f6demelerinin d\u00fczenlenmesini talep etti.<\/p>\n<p>Tazminatta \u00fcst s\u0131n\u0131r uygulamas\u0131n\u0131n hayata fiyat bi\u00e7ilmesi gibi bir\u015fey oldu\u011fu gerek\u00e7esiyle k\u0131nanarak kanun tasar\u0131s\u0131na kar\u015f\u0131 bir cephe olu\u015ftu. Borisov\u2019un kanun tasar\u0131s\u0131 g\u00f6r\u00fc\u015fmelerinin ge\u00e7ici s\u00fcreli\u011fine ertelenmesi karar\u0131, bu k\u0131s\u0131tlamalar\u0131n yap\u0131lmas\u0131nda \u0131srar eden sigortac\u0131lar\u0131n yeni bir cephe olu\u015fturmas\u0131na yol a\u00e7abilir. Kanun tasar\u0131s\u0131 Per\u015fembe g\u00fcn\u00fc ele al\u0131nacak.<\/p><div id=\"bghab-1255993096\" class=\"bghab-icerik-icine bghab-entity-placement\"><script async src=\"\/\/pagead2.googlesyndication.com\/pagead\/js\/adsbygoogle.js?client=ca-pub-6203283170189293\" crossorigin=\"anonymous\"><\/script><ins class=\"adsbygoogle\" style=\"display:block; text-align:center;\" data-ad-client=\"ca-pub-6203283170189293\" \ndata-ad-slot=\"7303146466\" \ndata-ad-layout=\"in-article\"\ndata-ad-format=\"fluid\" data-full-width-responsive=\"true\"><\/ins>\n<script> \n(adsbygoogle = window.adsbygoogle || []).push({}); \n<\/script>\n<\/div>\n<p>NOVA TV\u2019nin \u201cMerhaba Bulgaristan\u201d program\u0131na konuk olan avukat Teodor Petrov,\u201dMenda Stoyanova\u2019y\u0131 bir devlet adam\u0131na yak\u0131\u015fan tutumundan dolay\u0131 tebrik ederim. An itibariyle otomobil sahibi olan emeklilerin say\u0131s\u0131 bir milyonun \u00fczerindedir. Sigorta Kanunu\u2019nda bu de\u011fi\u015fiklikler yap\u0131lmazsa onlar\u0131 maddi imkanlar\u0131n\u0131 a\u015fan fiyatlardaki zorunlu olan \u201cVatanda\u015f Sorumluluk\u201d trafik sigortas\u0131n\u0131 \u00f6demek zorunda kalacaklar. Bu miktar yakla\u015f\u0131k 1000 leva olacak\u201d dedi. \u00d6nerilen de\u011fi\u015fikliklerin en iyi Avrupa uygulamalar\u0131 temelinde haz\u0131rland\u0131\u011f\u0131n\u0131 da s\u00f6zlerine ekledi.<\/p>\n<p>Avukat Deyan Nikolov,\u201dSigortac\u0131lar\u0131n ikide bir medyada dile getirdi\u011fi ya \u00f6lmemiz, ya zorunlu olan \u201cVatanda\u015f Sorumluluk\u201d trafik sigortas\u0131 fiyat\u0131n\u0131n b\u00fcy\u00fck oranda y\u00fckseltilmesi, ya da trafik kazas\u0131 kurbanlar\u0131 i\u00e7in \u00f6denen tazminat miktarlar\u0131n\u0131n b\u00fcy\u00fck oranda azalt\u0131lmas\u0131 gerekti\u011fi y\u00f6n\u00fcndeki s\u00f6ylemlerini spek\u00fclasyon olarak nitelendirebilrim. Onlar\u0131n \u00f6ne s\u00fcrd\u00fc\u011f\u00fc arg\u00fcman, onlar\u0131n yanl\u0131\u015f yorumlad\u0131\u011f\u0131 Y\u00fcksek Temyiz Mahkemesi\u2019nin yoruma a\u00e7\u0131k karar\u0131d\u0131r. Mahkeme karar\u0131nda bu t\u00fcr bir tazminat\u0131n istisnai durumlarda \u00f6denece\u011fi belirtilmektedir\u201d diye kaydetti.<\/p>\n<p>Petrov,\u201d Ulusal sermayenin \u00e7\u0131k\u0131\u015f\u0131n\u0131 durdurmak i\u00e7in devletin, kanunlar\u0131 tam olarak uygulanmas\u0131 gerekir. Bu sermaye, sigorta hizmetlerini kullanan vatanda\u015flar taraf\u0131ndan kullan\u0131l\u0131yor\u201d dedi. Avukat, Bulgaristan&#8217;da en d\u00fc\u015f\u00fck sigorta primlerinden birini \u00f6dedi\u011fimizi, bunun da faydalar\u0131n\u0131n son derece y\u00fcksek seviyede oldu\u011funu belirtti.<\/p>\n<p>&nbsp;<\/p>\n<p>&nbsp;<\/p>\n<p>K\u0131rcaali Haber<\/p>\n<div id=\"bghab-85794120\" class=\"bghab-yazi-altinda bghab-entity-placement\"><script async src=\"https:\/\/pagead2.googlesyndication.com\/pagead\/js\/adsbygoogle.js\"><\/script>\r\n<!-- bghaber-yaz\u0131-sonu -->\r\n<ins class=\"adsbygoogle\"\r\n     style=\"display:block\"\r\n     data-ad-client=\"ca-pub-6203283170189293\"\r\n     data-ad-slot=\"4222328180\"\r\n     data-ad-format=\"auto\"\r\n     data-full-width-responsive=\"true\"><\/ins>\r\n<script>\r\n     (adsbygoogle = window.adsbygoogle || []).push({});\r\n<\/script><\/div><br style=\"clear: both; display: block; float: none;\"\/>","protected":false},"excerpt":{"rendered":"<p>Zorunlu trafik sigortas\u0131 fiyat\u0131 b\u00fcy\u00fck oranda artabilir mi? Trafik kazalar\u0131nda yak\u0131nlar\u0131n\u0131 kaybedenler ne kadar tazminat alacaklar? D\u00fcn Ba\u015fbakan ve Bulgaristan\u2019\u0131n Avrupal\u0131 Gelece\u011fi \u0130\u00e7in Vatanda\u015flar (GERB)<\/p>\n","protected":false},"author":29,"featured_media":26543,"comment_status":"closed","ping_status":"closed","sticky":false,"template":"","format":"standard","meta":{"advanced_seo_description":"","jetpack_seo_html_title":"","jetpack_seo_noindex":false,"jetpack_seo_schema_type":"","_jetpack_newsletter_access":"","_jetpack_dont_email_post_to_subs":false,"_jetpack_newsletter_tier_id":0,"_jetpack_memberships_contains_paywalled_content":false,"_jetpack_feature_clip_id":0,"_jetpack_memberships_contains_paid_content":false,"footnotes":"","jetpack_post_was_ever_published":false},"categories":[9],"tags":[],"class_list":["post-32697","post","type-post","status-publish","format-standard","has-post-thumbnail","hentry","category-ekonomi"],"jetpack_sharing_enabled":true,"jetpack_likes_enabled":true,"jetpack-related-posts":[],"jetpack_shortlink":"https:\/\/wp.me\/pc2PfJ-8vn","jetpack_featured_media_url":"https:\/\/i0.wp.com\/www.bghaber.org\/bghaber\/wp-content\/uploads\/2018\/01\/luks-arac.png?fit=577%2C376&ssl=1","_links":{"self":[{"href":"https:\/\/www.bghaber.org\/bghaber\/wp-json\/wp\/v2\/posts\/32697","targetHints":{"allow":["GET"]}}],"collection":[{"href":"https:\/\/www.bghaber.org\/bghaber\/wp-json\/wp\/v2\/posts"}],"about":[{"href":"https:\/\/www.bghaber.org\/bghaber\/wp-json\/wp\/v2\/types\/post"}],"author":[{"embeddable":true,"href":"https:\/\/www.bghaber.org\/bghaber\/wp-json\/wp\/v2\/users\/29"}],"replies":[{"embeddable":true,"href":"https:\/\/www.bghaber.org\/bghaber\/wp-json\/wp\/v2\/comments?post=32697"}],"version-history":[{"count":0,"href":"https:\/\/www.bghaber.org\/bghaber\/wp-json\/wp\/v2\/posts\/32697\/revisions"}],"wp:featuredmedia":[{"embeddable":true,"href":"https:\/\/www.bghaber.org\/bghaber\/wp-json\/wp\/v2\/media\/26543"}],"wp:attachment":[{"href":"https:\/\/www.bghaber.org\/bghaber\/wp-json\/wp\/v2\/media?parent=32697"}],"wp:term":[{"taxonomy":"category","embeddable":true,"href":"https:\/\/www.bghaber.org\/bghaber\/wp-json\/wp\/v2\/categories?post=32697"},{"taxonomy":"post_tag","embeddable":true,"href":"https:\/\/www.bghaber.org\/bghaber\/wp-json\/wp\/v2\/tags?post=32697"}],"curies":[{"name":"wp","href":"https:\/\/api.w.org\/{rel}","templated":true}]}}