{"id":32694,"date":"2018-11-07T09:27:41","date_gmt":"2018-11-07T06:27:41","guid":{"rendered":"http:\/\/www.bghaber.org\/bghaber\/?p=32694"},"modified":"2019-06-26T15:23:43","modified_gmt":"2019-06-26T12:23:43","slug":"egriderede-yaslilara-telefon-dolandiriciligindan-korunma-yollari-anlatildi","status":"publish","type":"post","link":"https:\/\/www.bghaber.org\/bghaber\/egriderede-yaslilara-telefon-dolandiriciligindan-korunma-yollari-anlatildi\/","title":{"rendered":"E\u011fridere&#8217;de Ya\u015fl\u0131lara telefon doland\u0131r\u0131c\u0131l\u0131\u011f\u0131ndan korunma yollar\u0131 anlat\u0131ld\u0131"},"content":{"rendered":"<p>Ardino (E\u011fridere) \u0130l\u00e7e Emniyet M\u00fcd\u00fcrl\u00fc\u011f\u00fc g\u00f6revlileri, kasabadaki Emekliler Kul\u00fcb\u00fc\u2019nde halkla g\u00f6r\u00fc\u015ft\u00fcler. G\u00f6r\u00fc\u015fmenin amac\u0131, emeklileri telefon doland\u0131r\u0131c\u0131l\u0131\u011f\u0131n\u0131 ve doland\u0131r\u0131c\u0131lar\u0131n kulland\u0131\u011f\u0131 y\u00f6ntemleri fark etmeleri y\u00f6n\u00fcnde bilgilendirmekti. Ardino \u0130l\u00e7e Emniyet M\u00fcd\u00fcrl\u00fc\u011f\u00fc M\u00fcfetti\u015fi Venelin Venelinov, ya\u015fl\u0131lara doland\u0131r\u0131c\u0131lar\u0131n en \u00e7ok kulland\u0131klar\u0131 y\u00f6ntemler hakk\u0131nda bilgi verdi. M\u00fcfetti\u015f, doland\u0131r\u0131c\u0131lar\u0131n yaln\u0131zca polis memurlar\u0131 olarak de\u011fil, ayn\u0131 zamanda kendilerini doktor ve avukat olarak da tan\u0131tt\u0131klar\u0131 yeni doland\u0131r\u0131c\u0131l\u0131k y\u00f6ntemlerine odakland\u0131.<\/p>\n<p>Venelinov, vatanda\u015flar\u0131n uyan\u0131kl\u0131\u011f\u0131 ve \u0130\u00e7i\u015fleri Bakanl\u0131\u011f\u0131 yetkilileriyle olan iyi etkile\u015fiminden dolay\u0131 kamu d\u00fczeninin bir\u00e7ok kez ihlal edilmesine ve su\u00e7 i\u015flenmesine izin verilmedi\u011fini ve il\u00e7e s\u0131n\u0131rlar\u0131 i\u00e7erisinde telefon sahtekarl\u0131\u011f\u0131n\u0131n engellendi\u011fini belirtti. Emniyet m\u00fcfetti\u015fi, gelecekte vatanda\u015flarla m\u00fckemmel bir etkile\u015fim i\u00e7inde \u00e7al\u0131\u015facaklar\u0131n\u0131 dile getirdi. Venelinov, Ardino \u0130l\u00e7e Emniyet M\u00fcd\u00fcrl\u00fc\u011f\u00fc\u2019n\u00fcn telefon doland\u0131r\u0131c\u0131l\u0131\u011f\u0131 ile ilgili olarak kamuoyunu bilin\u00e7lendirme kampanyas\u0131n\u0131n y\u00fcr\u00fct\u00fclmesinde sa\u011flad\u0131klar\u0131 destekten dolay\u0131 Ardino Belediyesi y\u00f6netimine ve k\u00f6y muhtarlar\u0131na te\u015fekk\u00fcr etti.<\/p>\n<p>Kat\u0131l\u0131mc\u0131lara telefon doland\u0131r\u0131c\u0131l\u0131\u011f\u0131 y\u00f6ntemleriyle tan\u0131\u015ft\u0131rma ama\u00e7l\u0131 bilgilendirme bro\u015f\u00fcrleri da\u011f\u0131t\u0131ld\u0131.<\/p>\n<p>Emekliler, Ardino \u0130l\u00e7e Emniyet M\u00fcd\u00fcrl\u00fc\u011f\u00fc ile nas\u0131l ba\u011flant\u0131ya ge\u00e7eceklerini \u00f6\u011frenmek istediler, bilgilendirme toplant\u0131s\u0131ndan duyduklar\u0131 memnuniyetlerini ve hayranl\u0131klar\u0131n\u0131 dile getirdiler.<\/p>\n<p>Ardino \u0130l\u00e7e Emniyet M\u00fcd\u00fcrl\u00fc\u011f\u00fc\u2019n\u00fcn kamuoyunu bilin\u00e7lendirme kampanyas\u0131 il\u00e7e s\u0131n\u0131rlar\u0131 i\u00e7erisinde devam edecek. \u00c7al\u0131\u015fmalarda herkesin kendini g\u00fcvende hissetmesi vurgusu yap\u0131lacak.<\/p><div id=\"bghab-2131268479\" class=\"bghab-icerik-icine bghab-entity-placement\"><script async src=\"\/\/pagead2.googlesyndication.com\/pagead\/js\/adsbygoogle.js?client=ca-pub-6203283170189293\" crossorigin=\"anonymous\"><\/script><ins class=\"adsbygoogle\" style=\"display:block; text-align:center;\" data-ad-client=\"ca-pub-6203283170189293\" \ndata-ad-slot=\"7303146466\" \ndata-ad-layout=\"in-article\"\ndata-ad-format=\"fluid\" data-full-width-responsive=\"true\"><\/ins>\n<script> \n(adsbygoogle = window.adsbygoogle || []).push({}); \n<\/script>\n<\/div>\n<p>&nbsp;<\/p>\n<p>G\u00fcner \u015e\u00fckr\u00fc, K\u0131rcaali Haber<\/p>\n<div id=\"bghab-169486462\" class=\"bghab-yazi-altinda bghab-entity-placement\"><script async src=\"https:\/\/pagead2.googlesyndication.com\/pagead\/js\/adsbygoogle.js\"><\/script>\r\n<!-- bghaber-yaz\u0131-sonu -->\r\n<ins class=\"adsbygoogle\"\r\n     style=\"display:block\"\r\n     data-ad-client=\"ca-pub-6203283170189293\"\r\n     data-ad-slot=\"4222328180\"\r\n     data-ad-format=\"auto\"\r\n     data-full-width-responsive=\"true\"><\/ins>\r\n<script>\r\n     (adsbygoogle = window.adsbygoogle || []).push({});\r\n<\/script><\/div><br style=\"clear: both; display: block; float: none;\"\/>","protected":false},"excerpt":{"rendered":"<p>Ardino (E\u011fridere) \u0130l\u00e7e Emniyet M\u00fcd\u00fcrl\u00fc\u011f\u00fc g\u00f6revlileri, kasabadaki Emekliler Kul\u00fcb\u00fc\u2019nde halkla g\u00f6r\u00fc\u015ft\u00fcler. G\u00f6r\u00fc\u015fmenin amac\u0131, emeklileri telefon doland\u0131r\u0131c\u0131l\u0131\u011f\u0131n\u0131 ve doland\u0131r\u0131c\u0131lar\u0131n kulland\u0131\u011f\u0131 y\u00f6ntemleri fark etmeleri y\u00f6n\u00fcnde bilgilendirmekti. Ardino<\/p>\n","protected":false},"author":29,"featured_media":32695,"comment_status":"closed","ping_status":"closed","sticky":false,"template":"","format":"standard","meta":{"advanced_seo_description":"","jetpack_seo_html_title":"","jetpack_seo_noindex":false,"jetpack_seo_schema_type":"","_jetpack_newsletter_access":"","_jetpack_dont_email_post_to_subs":false,"_jetpack_newsletter_tier_id":0,"_jetpack_memberships_contains_paywalled_content":false,"_jetpack_feature_clip_id":0,"_jetpack_memberships_contains_paid_content":false,"footnotes":"","jetpack_post_was_ever_published":false},"categories":[5],"tags":[],"class_list":["post-32694","post","type-post","status-publish","format-standard","has-post-thumbnail","hentry","category-yasam"],"jetpack_sharing_enabled":true,"jetpack_likes_enabled":true,"jetpack-related-posts":[],"jetpack_shortlink":"https:\/\/wp.me\/pc2PfJ-8vk","jetpack_featured_media_url":"https:\/\/i0.wp.com\/www.bghaber.org\/bghaber\/wp-content\/uploads\/2018\/11\/egriderede-yaslilara-dolandiricilarla-mucadele.jpg?fit=1024%2C683&ssl=1","_links":{"self":[{"href":"https:\/\/www.bghaber.org\/bghaber\/wp-json\/wp\/v2\/posts\/32694","targetHints":{"allow":["GET"]}}],"collection":[{"href":"https:\/\/www.bghaber.org\/bghaber\/wp-json\/wp\/v2\/posts"}],"about":[{"href":"https:\/\/www.bghaber.org\/bghaber\/wp-json\/wp\/v2\/types\/post"}],"author":[{"embeddable":true,"href":"https:\/\/www.bghaber.org\/bghaber\/wp-json\/wp\/v2\/users\/29"}],"replies":[{"embeddable":true,"href":"https:\/\/www.bghaber.org\/bghaber\/wp-json\/wp\/v2\/comments?post=32694"}],"version-history":[{"count":0,"href":"https:\/\/www.bghaber.org\/bghaber\/wp-json\/wp\/v2\/posts\/32694\/revisions"}],"wp:featuredmedia":[{"embeddable":true,"href":"https:\/\/www.bghaber.org\/bghaber\/wp-json\/wp\/v2\/media\/32695"}],"wp:attachment":[{"href":"https:\/\/www.bghaber.org\/bghaber\/wp-json\/wp\/v2\/media?parent=32694"}],"wp:term":[{"taxonomy":"category","embeddable":true,"href":"https:\/\/www.bghaber.org\/bghaber\/wp-json\/wp\/v2\/categories?post=32694"},{"taxonomy":"post_tag","embeddable":true,"href":"https:\/\/www.bghaber.org\/bghaber\/wp-json\/wp\/v2\/tags?post=32694"}],"curies":[{"name":"wp","href":"https:\/\/api.w.org\/{rel}","templated":true}]}}