{"id":32690,"date":"2018-11-07T09:25:34","date_gmt":"2018-11-07T06:25:34","guid":{"rendered":"http:\/\/www.bghaber.org\/bghaber\/?p=32690"},"modified":"2019-06-26T15:23:43","modified_gmt":"2019-06-26T12:23:43","slug":"bulgaristanda-bir-yilda-2-binden-fazla-cocuk-terk-edildi","status":"publish","type":"post","link":"https:\/\/www.bghaber.org\/bghaber\/bulgaristanda-bir-yilda-2-binden-fazla-cocuk-terk-edildi\/","title":{"rendered":"Bulgaristan&#8217;da bir y\u0131lda 2 binden fazla \u00e7ocuk terk edildi"},"content":{"rendered":"<p>Bulgaristan Kamu Denet\u00e7ili\u011fi \u00c7ocuk Haklar\u0131 M\u00fcd\u00fcrl\u00fc\u011f\u00fcnde uzman Eva Je\u00e7eva, yapt\u0131\u011f\u0131 a\u00e7\u0131klamada, \u201cHer bir terk edili\u015fin arkas\u0131nda zor bir hayat hik\u00e2yesi yat\u0131yor. Bu uzun y\u0131llardan beri bir uygulama olmu\u015ftur, ancak ne yaz\u0131k ki her bir terk edili\u015fin arkas\u0131nda sistemlerin hatalar\u0131, toplumsal hatalar, aile deste\u011fi konusunda yap\u0131lan hatalar yatmaktad\u0131r. Terk edilme, beraberinde bir\u00e7ok ac\u0131 ve problemler getiren bir kereye mahsus bir harekettir\u201d diye kaydetti.<\/p>\n<p>Je\u00e7eva,\u201dBulgaristan&#8217;da bir y\u0131lda 2 binden fazla \u00e7ocuk terk edildi. Bu konuda, de\u011fi\u015fim i\u00e7in \u00e7ok \u00e7al\u0131\u015fmak gerekiyor\u201d diye belirtti.<\/p>\n<p>Je\u00e7eva,\u201dHer sosyal politikan\u0131n kendi geli\u015fim d\u00fczeyleri vard\u0131r. Bir temel seviye olu\u015fturulmal\u0131d\u0131r. Gen\u00e7 anneler i\u00e7in deste\u011fe ihtiyac\u0131m\u0131z var\u201d diye ekledi.<\/p>\n<p>Uzman,\u201d\u00c7ocu\u011funu b\u00f6yle bir riske atan anneyi anlamak zor. Destekleyici \u00f6nlemler olmad\u0131\u011f\u0131 s\u00fcrece k\u0131s\u0131tlay\u0131c\u0131 tedbirler yard\u0131mc\u0131 olamaz. Ama bu her g\u00fcn kar\u015f\u0131la\u015ft\u0131\u011f\u0131m\u0131z bir durum. \u00c7ocuklar\u0131n terk edilmesi Romanlar ile s\u0131n\u0131rl\u0131 de\u011fildir. Ebeveynleri kapsaml\u0131 bir \u015fekilde desteklemeyi \u00f6\u011frenmeliyiz. Ne yaz\u0131k ki, sosyal sistem k\u00f6t\u00fc durumda &#8211; finansal yat\u0131r\u0131m yap\u0131lmas\u0131 gerekiyor, ayn\u0131 zamanda insan kayna\u011f\u0131na ihtiyac\u0131 var\u201d diye ifade etti.<\/p>\n<p>Yeni Yol Derne\u011finde uzman Spaska Petrova,\u201d Ebeveynlerin tamamen temel deste\u011fe, \u00e7o\u011funlukla uzmanlardan destek almas\u0131na ihtiya\u00e7 var. Ne yaz\u0131k ki, devlet bu t\u00fcr uzmanlar\u0131 desteklemiyor. Her \u015fey g\u00f6n\u00fcll\u00fcd\u00fcr ve bu y\u00fczden bu t\u00fcr insanlar \u00e7ok azd\u0131r. Ailelerle \u00e7al\u0131\u015fmaya dikkat \u00e7ekilmelidir &#8220;diye yorumda bulundu.<\/p><div id=\"bghab-2728221851\" class=\"bghab-icerik-icine bghab-entity-placement\"><script async src=\"\/\/pagead2.googlesyndication.com\/pagead\/js\/adsbygoogle.js?client=ca-pub-6203283170189293\" crossorigin=\"anonymous\"><\/script><ins class=\"adsbygoogle\" style=\"display:block; text-align:center;\" data-ad-client=\"ca-pub-6203283170189293\" \ndata-ad-slot=\"7303146466\" \ndata-ad-layout=\"in-article\"\ndata-ad-format=\"fluid\" data-full-width-responsive=\"true\"><\/ins>\n<script> \n(adsbygoogle = window.adsbygoogle || []).push({}); \n<\/script>\n<\/div>\n<p>&nbsp;<\/p>\n<p>K\u0131rcaali Haber<\/p>\n<div id=\"bghab-374457747\" class=\"bghab-yazi-altinda bghab-entity-placement\"><script async src=\"https:\/\/pagead2.googlesyndication.com\/pagead\/js\/adsbygoogle.js\"><\/script>\r\n<!-- bghaber-yaz\u0131-sonu -->\r\n<ins class=\"adsbygoogle\"\r\n     style=\"display:block\"\r\n     data-ad-client=\"ca-pub-6203283170189293\"\r\n     data-ad-slot=\"4222328180\"\r\n     data-ad-format=\"auto\"\r\n     data-full-width-responsive=\"true\"><\/ins>\r\n<script>\r\n     (adsbygoogle = window.adsbygoogle || []).push({});\r\n<\/script><\/div><br style=\"clear: both; display: block; float: none;\"\/>","protected":false},"excerpt":{"rendered":"<p>Bulgaristan Kamu Denet\u00e7ili\u011fi \u00c7ocuk Haklar\u0131 M\u00fcd\u00fcrl\u00fc\u011f\u00fcnde uzman Eva Je\u00e7eva, yapt\u0131\u011f\u0131 a\u00e7\u0131klamada, \u201cHer bir terk edili\u015fin arkas\u0131nda zor bir hayat hik\u00e2yesi yat\u0131yor. Bu uzun y\u0131llardan beri<\/p>\n","protected":false},"author":29,"featured_media":32691,"comment_status":"closed","ping_status":"closed","sticky":false,"template":"","format":"standard","meta":{"advanced_seo_description":"","jetpack_seo_html_title":"","jetpack_seo_noindex":false,"jetpack_seo_schema_type":"","_jetpack_newsletter_access":"","_jetpack_dont_email_post_to_subs":false,"_jetpack_newsletter_tier_id":0,"_jetpack_memberships_contains_paywalled_content":false,"_jetpack_feature_clip_id":0,"_jetpack_memberships_contains_paid_content":false,"footnotes":"","jetpack_post_was_ever_published":false},"categories":[1,5],"tags":[],"class_list":["post-32690","post","type-post","status-publish","format-standard","has-post-thumbnail","hentry","category-haberler","category-yasam"],"jetpack_sharing_enabled":true,"jetpack_likes_enabled":true,"jetpack-related-posts":[],"jetpack_shortlink":"https:\/\/wp.me\/pc2PfJ-8vg","jetpack_featured_media_url":"https:\/\/i0.wp.com\/www.bghaber.org\/bghaber\/wp-content\/uploads\/2018\/11\/cocuk-terkedilmis-so%C4%9Fuk.jpg?fit=1600%2C1066&ssl=1","_links":{"self":[{"href":"https:\/\/www.bghaber.org\/bghaber\/wp-json\/wp\/v2\/posts\/32690","targetHints":{"allow":["GET"]}}],"collection":[{"href":"https:\/\/www.bghaber.org\/bghaber\/wp-json\/wp\/v2\/posts"}],"about":[{"href":"https:\/\/www.bghaber.org\/bghaber\/wp-json\/wp\/v2\/types\/post"}],"author":[{"embeddable":true,"href":"https:\/\/www.bghaber.org\/bghaber\/wp-json\/wp\/v2\/users\/29"}],"replies":[{"embeddable":true,"href":"https:\/\/www.bghaber.org\/bghaber\/wp-json\/wp\/v2\/comments?post=32690"}],"version-history":[{"count":0,"href":"https:\/\/www.bghaber.org\/bghaber\/wp-json\/wp\/v2\/posts\/32690\/revisions"}],"wp:featuredmedia":[{"embeddable":true,"href":"https:\/\/www.bghaber.org\/bghaber\/wp-json\/wp\/v2\/media\/32691"}],"wp:attachment":[{"href":"https:\/\/www.bghaber.org\/bghaber\/wp-json\/wp\/v2\/media?parent=32690"}],"wp:term":[{"taxonomy":"category","embeddable":true,"href":"https:\/\/www.bghaber.org\/bghaber\/wp-json\/wp\/v2\/categories?post=32690"},{"taxonomy":"post_tag","embeddable":true,"href":"https:\/\/www.bghaber.org\/bghaber\/wp-json\/wp\/v2\/tags?post=32690"}],"curies":[{"name":"wp","href":"https:\/\/api.w.org\/{rel}","templated":true}]}}