{"id":32686,"date":"2018-11-07T07:21:33","date_gmt":"2018-11-07T04:21:33","guid":{"rendered":"http:\/\/www.bghaber.org\/bghaber\/?p=32686"},"modified":"2019-06-26T15:23:43","modified_gmt":"2019-06-26T12:23:43","slug":"borisov-dortlu-zirvemizin-hedefi-abyi-daha-guclu-kilmak","status":"publish","type":"post","link":"https:\/\/www.bghaber.org\/bghaber\/borisov-dortlu-zirvemizin-hedefi-abyi-daha-guclu-kilmak\/","title":{"rendered":"Borisov: D\u00f6rtl\u00fc Zirvemizin hedefi, AB&#8217;yi daha g\u00fc\u00e7l\u00fc k\u0131lmak"},"content":{"rendered":"<p>Bulgaristan Ba\u015fbakan\u0131 Boyko Borisov\u2019un ev sahipli\u011finde bug\u00fcn Varna\u2019da Evksinograd Rezidans\u0131\u2019nda Yunanistan ve Romanya Ba\u015fbakanlar\u0131 Alexis Tsipras ve Viorica Dancila ve S\u0131rbistan Cumhurba\u015fkan\u0131 Aleksand\u0131r Vu\u00e7i\u00e7\u2019in kat\u0131l\u0131mlar\u0131 ile d\u00f6rtl\u00fc zirve ger\u00e7ekle\u015fti. Borisov, zirveden sonra d\u00fczenlenen ortak bas\u0131n toplant\u0131s\u0131nda, \u201dBurada yapt\u0131\u011f\u0131m\u0131z d\u00f6rtl\u00fc zirvelerimizin her zaman bir hedefi vard\u0131-Avrupa Birli\u011fi (AB) \u00e7er\u00e7evesinde aram\u0131zdaki ba\u011flant\u0131 d\u00fczeyini y\u00fckseltmek ve politikam\u0131z hi\u00e7bir zaman \u00fc\u00e7\u00fcnc\u00fc bir tarafa kar\u015f\u0131 olmad\u0131. D\u00f6rtl\u00fc zirvemiz, sadece AB&#8217;yi sa\u011flamla\u015ft\u0131rmay\u0131 de\u011fil, ayn\u0131 zamanda daha da g\u00fc\u00e7lendirmeyi ama\u00e7l\u0131yor\u201d diye kaydetti. Ba\u015fbakan, d\u00f6rtl\u00fc zirve toplant\u0131s\u0131 yapma politikas\u0131n\u0131n, ba\u011flant\u0131, rekabet ve gelir art\u0131\u015f\u0131 a\u00e7\u0131s\u0131ndan AB&#8217;nin de\u011ferlerine uygun oldu\u011funu s\u00f6yledi.<\/p>\n<p>Ba\u015fbakan Borisov, enerji g\u00fcvenli\u011fine vurgu yapt\u0131 ve bu alandaki \u00e7e\u015fitlendirmenin \u00f6nemini vurgulad\u0131. Ba\u015fbakan, \u00fclkede in\u015fa edilecek Do\u011fal Gaz Da\u011f\u0131t\u0131m Merkezi\u2019ne \u201cBalkan\u201d ad\u0131 verilmesinin rastgele bir \u015fey olmad\u0131\u011f\u0131n\u0131 ve bu projenin daha fazla se\u00e7enek ve daha d\u00fc\u015f\u00fck fiyatlar i\u00e7in imkan verece\u011fini s\u00f6zlerine ekledi.<\/p>\n<p>Ba\u015fbakan ayr\u0131ca Selanik-Kavala-Dedea\u011fa\u00e7-Burgaz-Varna-Rus\u00e7uk limanlar\u0131 aras\u0131nda demiryolu ba\u011flant\u0131s\u0131n\u0131n geli\u015ftirilmesi konusunda Bulgaristan ile Yunanistan aras\u0131nda imzalanan ortak bildiriyi memnuniyetle kar\u015f\u0131lad\u0131\u011f\u0131n\u0131 belirtti. Borisov ayr\u0131ca Bulgaristan&#8217;da otoyollar\u0131n yap\u0131m\u0131yla olu\u015fan kom\u015fu \u00fclkeleri birbirine ba\u011flayacak kapsaml\u0131 bir ula\u015f\u0131m a\u011f\u0131 olu\u015fturulmas\u0131n\u0131n \u00f6nemini vurgulad\u0131.<\/p>\n<p>Ba\u015fbakan, \u201dS\u0131rbistan\u2019\u0131n AB\u2019ye giri\u015fi ile Birli\u011fin daha da g\u00fc\u00e7lenece\u011fine inan\u0131yoruz\u201d diye ekledi. Borisov\u2019un ifadelerine g\u00f6re AB Konseyi Bulgaristan Ba\u015fkanl\u0131\u011f\u0131 s\u0131ras\u0131nda Bat\u0131 Balkanlar konusunun ciddi bir \u015fekilde ilerleme kaydetmesinden sonra Romanya Ba\u015fkanl\u0131\u011f\u0131, AB\u2019nin g\u00fcndemine Tuna ve Karadeniz stratejilerine ili\u015fkin konular\u0131 da dahil ederek, yeni f\u0131rsatlar a\u00e7abilir.<\/p>\n<p>Yunanistan Ba\u015fbakan\u0131 Alexis Tsipras, kar\u015f\u0131l\u0131kl\u0131 \u00e7\u0131kar sa\u011flayan projelerde kaydedilen geli\u015fmelere odakland\u0131. Selanik-Kavala-Dedea\u011fa\u00e7-Burgaz-Varna-Rus\u00e7uk limanlar\u0131 aras\u0131nda demiryolu ba\u011flant\u0131s\u0131n\u0131n yan\u0131 s\u0131ra Dedea\u011fa\u00e7\u2019tan Bulgaristan s\u0131n\u0131r\u0131na, oradan Sofya, Varna ve Burgaz&#8217;a ba\u011flanabilecek y\u00fcksek h\u0131zl\u0131 bir karayolu yap\u0131lmas\u0131 teklifinin de kabul edildi\u011fini duyurdu. Tsipras\u2018in ifadelerine g\u00f6re b\u00f6lgenin enerji g\u00fcvenli\u011fine yat\u0131r\u0131m yapmak gerekir ve Bulgaristan ile do\u011fal gaz enterkonnekt\u00f6r ba\u011flant\u0131s\u0131n\u0131n \u00f6nemini vurgulad\u0131. Bulgaristan\u2019\u0131 ziyareti kapsam\u0131nda \u0130srail Ba\u015fbakan\u0131 Benyamin Netanyahu ile Do\u011fu Akdeniz (East Med) boru hatt\u0131 projesinin ele al\u0131nd\u0131\u011f\u0131 a\u00e7\u0131kland\u0131.<\/p><div id=\"bghab-167650690\" class=\"bghab-icerik-icine bghab-entity-placement\"><script async src=\"\/\/pagead2.googlesyndication.com\/pagead\/js\/adsbygoogle.js?client=ca-pub-6203283170189293\" crossorigin=\"anonymous\"><\/script><ins class=\"adsbygoogle\" style=\"display:block; text-align:center;\" data-ad-client=\"ca-pub-6203283170189293\" \ndata-ad-slot=\"7303146466\" \ndata-ad-layout=\"in-article\"\ndata-ad-format=\"fluid\" data-full-width-responsive=\"true\"><\/ins>\n<script> \n(adsbygoogle = window.adsbygoogle || []).push({}); \n<\/script>\n<\/div>\n<p>Tsipras,\u201d Bir y\u0131l \u00f6nce \u00e7abalar\u0131m\u0131z ba\u015flad\u0131\u011f\u0131nda Balkanlar\u2019da ve b\u00f6lgede i\u015fler \u00e7ok iyimser de\u011fildi. Bug\u00fcn zorluklar devam ediyor, ancak \u00f6nemli ad\u0131mlar att\u0131k\u201d dedi. \u00d6zellikle Bat\u0131 Balkanlar\u2019\u0131n gelece\u011fi i\u00e7in AB Konseyi Bulgaristan Ba\u015fkanl\u0131\u011f\u0131\u2019n\u0131n rol\u00fcn\u00fc vurgulayan Tsipras\u2019\u0131n ifadelerine g\u00f6re Prespa Alna\u015fmas\u0131 G\u00fcneydo\u011fu Avrupa\u2019n\u0131n geli\u015fimi i\u00e7in fayda sa\u011flayacakt\u0131r.<\/p>\n<p>S\u0131rbistan Cumhurba\u015fkan\u0131 Aleksandar Vuci\u00e7 de kendi deyi\u015fiyle Balkanlar i\u00e7in kilit \u00f6nem arz eden enerji ba\u011flant\u0131s\u0131 ve altyap\u0131 projelerine dikkat \u00e7ekti. Vuci\u00e7,\u201dBu konular ayr\u0131ca Belgrad&#8217;da Aral\u0131k ay\u0131nda yap\u0131lacak bir sonraki D\u00f6rtl\u00fc Zirve toplant\u0131s\u0131nda da ele al\u0131nacak. Bulgaristan, Yunanistan, Romanya ve S\u0131rbistan&#8217;\u0131 Avrupa yolunda destekleyen t\u00fcm \u00fclkelere minnettar\u0131z\u201d diye ekledi.<\/p>\n<p>Romanya Ba\u015fbakan\u0131 Viorica Dancila,\u201dRomanya ile Bulgaristan aras\u0131nda Tuna Nehri \u00fczerinden yeni ba\u011flant\u0131lar kurma olanaklar\u0131n\u0131 de\u011ferlendirmek i\u00e7in bir \u00e7al\u0131\u015fma grubu kurmaya karar verdik\u201d diye kaydetti. Dancila\u2019n\u0131n ifadelerine g\u00f6re Timi\u015foara ve Pancevo aras\u0131nda otoyol in\u015fas\u0131na ili\u015fkin proje politik d\u00fczeyde ele al\u0131nd\u0131. Dancila, Romanya\u2019n\u0131n b\u00f6lgedeki \u00fclkeler aras\u0131nda ba\u011flant\u0131 ve refaha y\u00f6nelik \u00e7al\u0131\u015fma taahh\u00fcd\u00fcn\u00fcn alt\u0131n\u0131 \u00e7izdi. Dancila, \u201cRomanya i\u00e7in Uyum Politikas\u0131 AB\u2019de ana yat\u0131r\u0131m politikas\u0131 olarak kalacak ve b\u00f6lgedeki dengesizliklerin \u00fcstesinden gelmeye yard\u0131mc\u0131 olacak\u201d dedi.<\/p>\n<p>&nbsp;<\/p>\n<p>&nbsp;<\/p>\n<p>K\u0131rcaali Haber<\/p>\n<div id=\"bghab-2505537415\" class=\"bghab-yazi-altinda bghab-entity-placement\"><script async src=\"https:\/\/pagead2.googlesyndication.com\/pagead\/js\/adsbygoogle.js\"><\/script>\r\n<!-- bghaber-yaz\u0131-sonu -->\r\n<ins class=\"adsbygoogle\"\r\n     style=\"display:block\"\r\n     data-ad-client=\"ca-pub-6203283170189293\"\r\n     data-ad-slot=\"4222328180\"\r\n     data-ad-format=\"auto\"\r\n     data-full-width-responsive=\"true\"><\/ins>\r\n<script>\r\n     (adsbygoogle = window.adsbygoogle || []).push({});\r\n<\/script><\/div><br style=\"clear: both; display: block; float: none;\"\/>","protected":false},"excerpt":{"rendered":"<p>Bulgaristan Ba\u015fbakan\u0131 Boyko Borisov\u2019un ev sahipli\u011finde bug\u00fcn Varna\u2019da Evksinograd Rezidans\u0131\u2019nda Yunanistan ve Romanya Ba\u015fbakanlar\u0131 Alexis Tsipras ve Viorica Dancila ve S\u0131rbistan Cumhurba\u015fkan\u0131 Aleksand\u0131r Vu\u00e7i\u00e7\u2019in kat\u0131l\u0131mlar\u0131<\/p>\n","protected":false},"author":29,"featured_media":32687,"comment_status":"closed","ping_status":"closed","sticky":false,"template":"","format":"standard","meta":{"advanced_seo_description":"","jetpack_seo_html_title":"","jetpack_seo_noindex":false,"jetpack_seo_schema_type":"","_jetpack_newsletter_access":"","_jetpack_dont_email_post_to_subs":false,"_jetpack_newsletter_tier_id":0,"_jetpack_memberships_contains_paywalled_content":false,"_jetpack_feature_clip_id":0,"_jetpack_memberships_contains_paid_content":false,"footnotes":"","jetpack_post_was_ever_published":false},"categories":[1,4],"tags":[],"class_list":["post-32686","post","type-post","status-publish","format-standard","has-post-thumbnail","hentry","category-haberler","category-siyaset"],"jetpack_sharing_enabled":true,"jetpack_likes_enabled":true,"jetpack-related-posts":[],"jetpack_shortlink":"https:\/\/wp.me\/pc2PfJ-8vc","jetpack_featured_media_url":"https:\/\/i0.wp.com\/www.bghaber.org\/bghaber\/wp-content\/uploads\/2018\/11\/Borisov-D%C3%B6rtl%C3%BC-Zirvemizin-hedefi-AByi-daha-g%C3%BC%C3%A7l%C3%BC-k%C4%B1lmak.jpg?fit=1024%2C518&ssl=1","_links":{"self":[{"href":"https:\/\/www.bghaber.org\/bghaber\/wp-json\/wp\/v2\/posts\/32686","targetHints":{"allow":["GET"]}}],"collection":[{"href":"https:\/\/www.bghaber.org\/bghaber\/wp-json\/wp\/v2\/posts"}],"about":[{"href":"https:\/\/www.bghaber.org\/bghaber\/wp-json\/wp\/v2\/types\/post"}],"author":[{"embeddable":true,"href":"https:\/\/www.bghaber.org\/bghaber\/wp-json\/wp\/v2\/users\/29"}],"replies":[{"embeddable":true,"href":"https:\/\/www.bghaber.org\/bghaber\/wp-json\/wp\/v2\/comments?post=32686"}],"version-history":[{"count":0,"href":"https:\/\/www.bghaber.org\/bghaber\/wp-json\/wp\/v2\/posts\/32686\/revisions"}],"wp:featuredmedia":[{"embeddable":true,"href":"https:\/\/www.bghaber.org\/bghaber\/wp-json\/wp\/v2\/media\/32687"}],"wp:attachment":[{"href":"https:\/\/www.bghaber.org\/bghaber\/wp-json\/wp\/v2\/media?parent=32686"}],"wp:term":[{"taxonomy":"category","embeddable":true,"href":"https:\/\/www.bghaber.org\/bghaber\/wp-json\/wp\/v2\/categories?post=32686"},{"taxonomy":"post_tag","embeddable":true,"href":"https:\/\/www.bghaber.org\/bghaber\/wp-json\/wp\/v2\/tags?post=32686"}],"curies":[{"name":"wp","href":"https:\/\/api.w.org\/{rel}","templated":true}]}}