{"id":32684,"date":"2018-11-07T00:19:50","date_gmt":"2018-11-06T21:19:50","guid":{"rendered":"http:\/\/www.bghaber.org\/bghaber\/?p=32684"},"modified":"2019-06-26T15:23:43","modified_gmt":"2019-06-26T12:23:43","slug":"zaharieva-yurtdisindaki-vatandaslarimizin-ulkeye-donmeye-baslamasi-onemli","status":"publish","type":"post","link":"https:\/\/www.bghaber.org\/bghaber\/zaharieva-yurtdisindaki-vatandaslarimizin-ulkeye-donmeye-baslamasi-onemli\/","title":{"rendered":"Zaharieva: Yurtd\u0131\u015f\u0131ndaki vatanda\u015flar\u0131m\u0131z\u0131n \u00fclkeye d\u00f6nmeye ba\u015flamas\u0131 \u00f6nemli"},"content":{"rendered":"<p>D\u0131\u015fi\u015fleri Bakanl\u0131\u011f\u0131ndan verilen bilgiye g\u00f6re Ba\u015fbakan Yard\u0131mc\u0131s\u0131 ve D\u0131\u015fi\u015fleri Bakan\u0131 Ekaterina Zaharieva, Washington&#8217;da Bulgar toplumu ile bulu\u015fma toplant\u0131s\u0131nda,\u201d Yurtd\u0131\u015f\u0131ndaki Bulgaristan vatanda\u015flar\u0131n\u0131n \u00fclkelerine geri d\u00f6nmeye ba\u015flamas\u0131na y\u00f6nelik \u00e7al\u0131\u015fmas\u0131 Bulgaristan h\u00fck\u00fcmeti i\u00e7in \u00f6nemlidir\u201d diye kaydetti.<\/p>\n<p>Zaharieva,\u201d Biliyorum, \u00e7ok i\u015fimiz var. Yurtd\u0131\u015f\u0131ndaki yurtta\u015flar\u0131m\u0131z\u0131 geri d\u00f6n\u00fc\u015f konusunda motive edecek \u015fey kendilerini ger\u00e7ekle\u015ftirme ve \u00e7al\u0131\u015fma imkanlar\u0131, ya\u015fad\u0131klar\u0131 \u00e7evre, kurumlara ve devlete duyulan g\u00fcvendir. Onlar kendilerinin, adil bir \u015fekilde ya\u015fad\u0131klar\u0131 ve adaletin oldu\u011fu g\u00fcvenli ve istikrarl\u0131 bir ortamda olduklar\u0131n\u0131 hissetmeleri gerekir\u201d diye belirtti.<\/p>\n<p>Ge\u00e7en y\u0131l ilk defa \u00fclkeden ayr\u0131lan ve geri d\u00f6nen ki\u015filerin say\u0131s\u0131n\u0131n e\u015fitlendi\u011finin g\u00f6zlemlendi\u011fini vurgulayan Ba\u015fbakan Yard\u0131mc\u0131s\u0131,\u201d Bu, bizim do\u011fru yolda oldu\u011fumuzu g\u00f6sterir\u201d diye s\u00f6zlerine ekledi.<\/p>\n<p>Zaharieva,\u201d Vatanda\u015flar\u0131m\u0131za \u00fclkemizdeki f\u0131rsatlar hakk\u0131nda tam bilgi vermek i\u00e7in elimizden geleni yap\u0131yoruz. Bu nedenle yurt d\u0131\u015f\u0131 temsilciliklerimizde ve i\u015f d\u00fcnyas\u0131 ile birlikte \u00fclkeye geri d\u00f6nmek isteyen herkese t\u00fcm bilgileri sa\u011flamaya \u00e7al\u0131\u015faca\u011f\u0131z\u201d dedi.<\/p>\n<p>Zaharieva\u2019n\u0131n ifadesine g\u00f6re Bulgaristan Avrupa Birli\u011fi (AB) Konseyi Ba\u015fkanl\u0131\u011f\u0131 s\u0131ras\u0131nda bir\u00e7ok ba\u015far\u0131ya imza att\u0131. Ba\u015fbakan Yard\u0131mc\u0131s\u0131,\u201d \u0130nsanlar\u0131n yarar\u0131 i\u00e7in \u00e7al\u0131\u015f\u0131yoruz ve bunu bilmelerini istiyoruz. Uluslararas\u0131 g\u00fcndemin zor oldu\u011fu bu karma\u015f\u0131k d\u00fcnyada, en iyi el\u00e7ilerimiz olan yurtd\u0131\u015f\u0131ndaki Bulgaristan vatanda\u015flar\u0131 olmaks\u0131z\u0131n ba\u015far\u0131l\u0131 olamay\u0131z\u201d diye d\u00fc\u015f\u00fcnd\u00fc.<\/p><div id=\"bghab-568522502\" class=\"bghab-icerik-icine bghab-entity-placement\"><script async src=\"\/\/pagead2.googlesyndication.com\/pagead\/js\/adsbygoogle.js?client=ca-pub-6203283170189293\" crossorigin=\"anonymous\"><\/script><ins class=\"adsbygoogle\" style=\"display:block; text-align:center;\" data-ad-client=\"ca-pub-6203283170189293\" \ndata-ad-slot=\"7303146466\" \ndata-ad-layout=\"in-article\"\ndata-ad-format=\"fluid\" data-full-width-responsive=\"true\"><\/ins>\n<script> \n(adsbygoogle = window.adsbygoogle || []).push({}); \n<\/script>\n<\/div>\n<p>Zaharieva, bu alt\u0131 ay i\u00e7inde \u00fclkemizin, sadece AB a\u00e7\u0131s\u0131ndan de\u011fil, Amerika Birle\u015fik Devletleri a\u00e7\u0131s\u0131ndan da \u00e7ok \u00f6nemli bir konu se\u00e7ip bunu AB i\u00e7in bir \u00f6ncelikli konu haline getirebilece\u011fini g\u00f6sterdi.<\/p>\n<p>D\u0131\u015fi\u015fleri Bakan\u0131,\u201d Makedonya Cumhuriyeti ile 12 y\u0131ld\u0131r sonu\u00e7land\u0131rmaya \u00e7al\u0131\u015ft\u0131\u011f\u0131m\u0131z bir antla\u015fma imzalamaktan ba\u015fka ayn\u0131 zamanda bu anla\u015fman\u0131n Makedonya Cumhuriyeti ile Yunanistan Cumhuriyeti aras\u0131ndaki di\u011fer zorlu sorunlar\u0131 \u00e7\u00f6zmek i\u00e7in bir ivme kazand\u0131rd\u0131\u011f\u0131n\u0131 ve cesaretlendirdi\u011fini d\u00fc\u015f\u00fcn\u00fcyorum. Yeni bir AB \u00fcyesi devlet olarak, 27 y\u0131ld\u0131r demokrasinin in\u015fa edildi\u011fi bir devlet olarak sadece kendi sorunlar\u0131m\u0131za odaklanmad\u0131\u011f\u0131m\u0131z\u0131 ve Bulgaristan i\u00e7in \u00f6nemli bir konuyu \u00f6ne \u00e7\u0131kar\u0131p di\u011fer 27 AB \u00fclkesi i\u00e7in de \u00f6nemli hale getirebildi\u011fimizi g\u00f6sterdik\u201d diye kaydetti.<\/p>\n<p>Zaharieva\u2019n\u0131n konu\u015fmas\u0131ndan sonra \u00e7e\u015fitli konular\u0131n tart\u0131\u015f\u0131ld\u0131\u011f\u0131 toplant\u0131da Washington&#8217;da ya\u015fayan Bulgaristan vatanda\u015flar\u0131, Bulgaristan&#8217;\u0131n d\u0131\u015f politikas\u0131n\u0131n geli\u015fimine yo\u011fun bir ilgi g\u00f6sterdi. Vatanda\u015flar\u0131m\u0131z, Zaharieva ile AB Konseyi Bulgaristan Ba\u015fkanl\u0131\u011f\u0131 ba\u015far\u0131lar\u0131ndan Amerika&#8217;daki Bulgar toplumunun bile haberi oldu\u011funu ve \u00fclkemizin ba\u015far\u0131lar\u0131ndan gurur duyduklar\u0131n\u0131 payla\u015ft\u0131lar.<\/p>\n<p>Bulgar toplumunun temsilcileri, Brexit, g\u00f6\u00e7, Bat\u0131 Balkan \u00fclkelerinin Avrupa perspektifinin korunmas\u0131 da dahil olmak \u00fczere \u00f6nemli ve g\u00fcncel konular hakk\u0131nda pek \u00e7ok soru sordular.<\/p>\n<p>Bulgaristan Ulusal Radyosu\u2019nun (BNR) haberine g\u00f6re Zaharieva ve ABD D\u0131\u015fi\u015fleri Bakan\u0131 Mike Pompeo&#8217;nun Washington&#8217;da yapaca\u011f\u0131 g\u00f6r\u00fc\u015fmede Bulgaristan vatanda\u015flar\u0131 i\u00e7in ABD vizelerinin kald\u0131r\u0131lmas\u0131 ele al\u0131nacak.<\/p><div id=\"bghab-2173589536\" class=\"bghab-icerik-icine-10-paragraf bghab-entity-placement\"><script async src=\"\/\/pagead2.googlesyndication.com\/pagead\/js\/adsbygoogle.js?client=ca-pub-6203283170189293\" crossorigin=\"anonymous\"><\/script><ins class=\"adsbygoogle\" style=\"display:block; text-align:center;\" data-ad-client=\"ca-pub-6203283170189293\" \ndata-ad-slot=\"7303146466\" \ndata-ad-layout=\"in-article\"\ndata-ad-format=\"fluid\" data-full-width-responsive=\"true\"><\/ins>\n<script> \n(adsbygoogle = window.adsbygoogle || []).push({}); \n<\/script>\n<\/div>\n<p>&nbsp;<\/p>\n<p>K\u0131rcaali Haber<\/p>\n<div id=\"bghab-668801626\" class=\"bghab-yazi-altinda bghab-entity-placement\"><script async src=\"https:\/\/pagead2.googlesyndication.com\/pagead\/js\/adsbygoogle.js\"><\/script>\r\n<!-- bghaber-yaz\u0131-sonu -->\r\n<ins class=\"adsbygoogle\"\r\n     style=\"display:block\"\r\n     data-ad-client=\"ca-pub-6203283170189293\"\r\n     data-ad-slot=\"4222328180\"\r\n     data-ad-format=\"auto\"\r\n     data-full-width-responsive=\"true\"><\/ins>\r\n<script>\r\n     (adsbygoogle = window.adsbygoogle || []).push({});\r\n<\/script><\/div><br style=\"clear: both; display: block; float: none;\"\/>","protected":false},"excerpt":{"rendered":"<p>D\u0131\u015fi\u015fleri Bakanl\u0131\u011f\u0131ndan verilen bilgiye g\u00f6re Ba\u015fbakan Yard\u0131mc\u0131s\u0131 ve D\u0131\u015fi\u015fleri Bakan\u0131 Ekaterina Zaharieva, Washington&#8217;da Bulgar toplumu ile bulu\u015fma toplant\u0131s\u0131nda,\u201d Yurtd\u0131\u015f\u0131ndaki Bulgaristan vatanda\u015flar\u0131n\u0131n \u00fclkelerine geri d\u00f6nmeye ba\u015flamas\u0131na<\/p>\n","protected":false},"author":29,"featured_media":31292,"comment_status":"closed","ping_status":"closed","sticky":false,"template":"","format":"standard","meta":{"advanced_seo_description":"","jetpack_seo_html_title":"","jetpack_seo_noindex":false,"jetpack_seo_schema_type":"","_jetpack_newsletter_access":"","_jetpack_dont_email_post_to_subs":false,"_jetpack_newsletter_tier_id":0,"_jetpack_memberships_contains_paywalled_content":false,"_jetpack_feature_clip_id":0,"_jetpack_memberships_contains_paid_content":false,"footnotes":"","jetpack_post_was_ever_published":false},"categories":[1,4],"tags":[],"class_list":["post-32684","post","type-post","status-publish","format-standard","has-post-thumbnail","hentry","category-haberler","category-siyaset"],"jetpack_sharing_enabled":true,"jetpack_likes_enabled":true,"jetpack-related-posts":[],"jetpack_shortlink":"https:\/\/wp.me\/pc2PfJ-8va","jetpack_featured_media_url":"https:\/\/i0.wp.com\/www.bghaber.org\/bghaber\/wp-content\/uploads\/2018\/06\/bg-zaharieva-a.jpg?fit=750%2C375&ssl=1","_links":{"self":[{"href":"https:\/\/www.bghaber.org\/bghaber\/wp-json\/wp\/v2\/posts\/32684","targetHints":{"allow":["GET"]}}],"collection":[{"href":"https:\/\/www.bghaber.org\/bghaber\/wp-json\/wp\/v2\/posts"}],"about":[{"href":"https:\/\/www.bghaber.org\/bghaber\/wp-json\/wp\/v2\/types\/post"}],"author":[{"embeddable":true,"href":"https:\/\/www.bghaber.org\/bghaber\/wp-json\/wp\/v2\/users\/29"}],"replies":[{"embeddable":true,"href":"https:\/\/www.bghaber.org\/bghaber\/wp-json\/wp\/v2\/comments?post=32684"}],"version-history":[{"count":0,"href":"https:\/\/www.bghaber.org\/bghaber\/wp-json\/wp\/v2\/posts\/32684\/revisions"}],"wp:featuredmedia":[{"embeddable":true,"href":"https:\/\/www.bghaber.org\/bghaber\/wp-json\/wp\/v2\/media\/31292"}],"wp:attachment":[{"href":"https:\/\/www.bghaber.org\/bghaber\/wp-json\/wp\/v2\/media?parent=32684"}],"wp:term":[{"taxonomy":"category","embeddable":true,"href":"https:\/\/www.bghaber.org\/bghaber\/wp-json\/wp\/v2\/categories?post=32684"},{"taxonomy":"post_tag","embeddable":true,"href":"https:\/\/www.bghaber.org\/bghaber\/wp-json\/wp\/v2\/tags?post=32684"}],"curies":[{"name":"wp","href":"https:\/\/api.w.org\/{rel}","templated":true}]}}