{"id":32665,"date":"2018-11-05T12:26:57","date_gmt":"2018-11-05T09:26:57","guid":{"rendered":"http:\/\/www.bghaber.org\/bghaber\/?p=32665"},"modified":"2018-11-06T11:56:18","modified_gmt":"2018-11-06T08:56:18","slug":"bizi-kiskaniyorlar","status":"publish","type":"post","link":"https:\/\/www.bghaber.org\/bghaber\/bizi-kiskaniyorlar\/","title":{"rendered":"Bizi k\u0131skan\u0131yorlar"},"content":{"rendered":"<p>Tarih: 04 Kas\u0131m 2018<br \/>\nYazan: Oya Canbazo\u011flu<br \/>\nKonu<strong>: Format\u0131m\u0131z\u0131n anadil yapra\u011f\u0131n\u0131 aralad\u0131m<\/strong><\/p>\n<p>Bu g\u00fcz yapraklar mutlu<br \/>\nDal\u0131nda \u0131slanmadan soldu<br \/>\nVedala\u015f\u0131rken a\u011flamad\u0131lar<br \/>\nD\u00fc\u015ferken \u015fark\u0131 s\u00f6ylediler.<\/p>\n<p>Her \u015feyin hayat\u0131 \u015fu yapraklar gibi solup d\u00fc\u015fse ve sonra d\u00fc\u015f\u00fcnce gibi unutulsa ama olmuyor i\u015fte. D\u00fcnyada ka\u00e7 yaprak oldu\u011funu s\u00f6ylemek zor, insanlardan \u00e7ok fazla olmal\u0131lar, \u00e7\u00fcnk\u00fc onlar solumasa biz ya\u015fayamay\u0131z. \u0130nsanlar ve yapraklar soluyarak birbirini tamaml\u0131yor.<\/p>\n<p><strong>Diller ise konu\u015fularak geli\u015fip ya\u015f\u0131yor. Konu\u015fulmayan diller \u00f6lmeye mahk\u00fcmd\u00fcr.<\/strong><\/p>\n<p>Yer y\u00fcz\u00fcnde \u00f6l\u00fc veya canl\u0131 4 bin civar\u0131nda dil bulunmaktad\u0131r. Dillerin konu\u015fur say\u0131s\u0131 farkl\u0131l\u0131k arz ediyor. D\u00fcnya n\u00fcfusunun neredeyse yar\u0131s\u0131 15 dili konu\u015fuyor. D\u00fcnya dillerinin %50\u2019sinin konu\u015fan\u0131 6 binin alt\u0131nda, %85\u2019inin konu\u015fan\u0131 ise 100 binin alt\u0131ndad\u0131r.<\/p><div id=\"bghab-1279644955\" class=\"bghab-icerik-icine bghab-entity-placement\"><script async src=\"\/\/pagead2.googlesyndication.com\/pagead\/js\/adsbygoogle.js?client=ca-pub-6203283170189293\" crossorigin=\"anonymous\"><\/script><ins class=\"adsbygoogle\" style=\"display:block; text-align:center;\" data-ad-client=\"ca-pub-6203283170189293\" \ndata-ad-slot=\"7303146466\" \ndata-ad-layout=\"in-article\"\ndata-ad-format=\"fluid\" data-full-width-responsive=\"true\"><\/ins>\n<script> \n(adsbygoogle = window.adsbygoogle || []).push({}); \n<\/script>\n<\/div>\n<p><strong>T\u00fcrk\u00e7emiz k\u00f6kl\u00fc bir dildir.<\/strong><\/p>\n<p>D\u00fcnya dilleri i\u00e7erisinde bilinen en eski dillerden biri olan anadilimiz T\u00fcrk\u00e7e, yaz\u0131 dili olarak 1\u00a0500, konu\u015fma dili olarak da 5 bin y\u0131ll\u0131k bir ge\u00e7mi\u015fe sahiptir. Bir\u00e7ok \u00fcnl\u00fc bilim adam\u0131 T\u00fcrk\u00e7emizin en az 5 bin y\u0131ll\u0131k bir ge\u00e7mi\u015fi oldu\u011funda birle\u015firken, S\u00fcmerce yaz\u0131l\u0131 tabletlerde bulunan T\u00fcrk\u00e7e s\u00f6zl\u00fcklerden yola \u00e7\u0131kan Prof. Dr. Osman Nedim Tuna, T\u00fcrk\u00e7enin en az 8\u00a0500 y\u0131ll\u0131k bir ge\u00e7mi\u015fe sahip oldu\u011funu savunmaktad\u0131r.<\/p>\n<p>Bug\u00fcnk\u00fc k\u00f6kl\u00fc dillerin bir\u00e7o\u011fu yokken T\u00fcrk\u00e7e bir d\u00fcnya diliydi. Miladi 730\u2019lu y\u0131llarda atalar\u0131m\u0131z Orhun Yaz\u0131tlar\u0131n\u0131 dikti\u011fi zaman ne \u0130ngilizce, ne Almanca, ne Frans\u0131zca vard\u0131. (<em>Argun\u015fah, Mustafa, \u201c<strong>S\u00f6z\u00fcm T\u00fcrk\u00e7e \u00dcst\u00fcne<\/strong>\u201d, \u0130stanbul, 2008. Sayfa: 15-16<\/em>)<\/p>\n<p><strong>\u0130ngilizce gibi diller ise en \u00e7ok 600-700 senelik ge\u00e7mi\u015fi olan dillerdir.<\/strong><\/p>\n<p>Bug\u00fcn d\u00fcnyan\u0131n en b\u00fcy\u00fck dili oldu\u011fu iddia edilen \u0130ngilizce, T\u00fcrk\u00e7e \u2019den 8 as\u0131r sonra olu\u015fabilmi\u015ftir. Uygur T\u00fcrk\u00e7esi \u00fczerinde \u00e7al\u0131\u015fmalar yapan W. Bang: <em>&#8220;T\u00fcrk\u00e7enin Almanca&#8217;dan 8 as\u0131r evvel yaz\u0131 dili oldu\u011funu \u00f6\u011frenince hem hayret ettim, hem merak ettim.\u201d<\/em>demekten kendini alamam\u0131\u015ft\u0131r. (Kara\u00f6rs, Metin, \u201c<strong>T\u00fcrk\u00e7enin Zenginli\u011fi<\/strong>\u201d, Dil ve Edebiyat Dergisi, Say\u0131 1, Ocak 2009, s. 12-16.)<\/p><div id=\"bghab-3389216522\" class=\"bghab-icerik-icine-10-paragraf bghab-entity-placement\"><script async src=\"\/\/pagead2.googlesyndication.com\/pagead\/js\/adsbygoogle.js?client=ca-pub-6203283170189293\" crossorigin=\"anonymous\"><\/script><ins class=\"adsbygoogle\" style=\"display:block; text-align:center;\" data-ad-client=\"ca-pub-6203283170189293\" \ndata-ad-slot=\"7303146466\" \ndata-ad-layout=\"in-article\"\ndata-ad-format=\"fluid\" data-full-width-responsive=\"true\"><\/ins>\n<script> \n(adsbygoogle = window.adsbygoogle || []).push({}); \n<\/script>\n<\/div>\n<p>D\u00fcnyan\u0131n en eski dillerinden olan S\u00fcmerce, bug\u00fcn art\u0131k tarihe kar\u0131\u015fm\u0131\u015f bir dil olmas\u0131na ra\u011fmen onunla ya\u015f\u0131t T\u00fcrk\u00e7e, g\u00fc\u00e7l\u00fc \u00f6zellikleriyle hala en canl\u0131 \u015fekliyle geli\u015ferek varl\u0131\u011f\u0131n\u0131 s\u00fcrd\u00fcrmektedir.<\/p>\n<p><strong>T\u00fcrk dilinin kelime zenginli\u011fi<\/strong>.<\/p>\n<p>T\u00fcrk Dil Kurumunun 2011 y\u0131l\u0131nda yay\u0131nlad\u0131\u011f\u0131 T\u00fcrk\u00e7e S\u00f6zl\u00fck \u2019\u00fcn 11. Bask\u0131s\u0131nda 122\u00a0423 s\u00f6z varl\u0131\u011f\u0131 vard\u0131r. Madde ba\u015f\u0131 kelime say\u0131s\u0131 ise 77.005\u2019dir. Bu say\u0131n\u0131n 6\u00a0510\u2019s\u0131 Arap\u00e7adan, 1\u00a0375\u2019i ise Fars\u00e7adan al\u0131nmad\u0131r. Rumca, \u0130talyanca, \u0130spanyolca, Frans\u0131zca, Almanca, \u0130ngilizce gibi Bat\u0131 dillerinden al\u0131nan kelimelerin say\u0131s\u0131 ise 7.249 \u2018dur. Toplam al\u0131nt\u0131 kelime say\u0131s\u0131 15\u00a0416\u2019d\u0131r. Bu say\u0131 toplam madde say\u0131s\u0131n\u0131n\u00a0 %17\u2019sine tekab\u00fcl etmektedir.<\/p>\n<p><strong>T\u00fcrk\u00e7e Rus\u00e7a B\u00fcy\u00fck S\u00f6zl\u00fck 74\u00a0000 s\u00f6z \u00fczerine kurulmu\u015ftur.<\/strong><\/p>\n<p>Frans\u0131z Klasik Victor Hugo\u2019nun \u201c<strong>Sefiller<\/strong>\u201d roman\u0131 42\u00a0000,\u00a0 T\u00fcrk klasik Ya\u015far Kemal\u2019in \u201c<strong>\u0130nce Mehmet<\/strong>\u201d roman\u0131 ise 44\u00a0000 kelime ihtiva eder.<\/p><div id=\"bghab-2146605349\" class=\"bghab-icerik-icine-15-paragraf bghab-entity-placement\"><script async src=\"\/\/pagead2.googlesyndication.com\/pagead\/js\/adsbygoogle.js?client=ca-pub-6203283170189293\" crossorigin=\"anonymous\"><\/script><ins class=\"adsbygoogle\" style=\"display:block; text-align:center;\" data-ad-client=\"ca-pub-6203283170189293\" \ndata-ad-slot=\"7303146466\" \ndata-ad-layout=\"in-article\"\ndata-ad-format=\"fluid\" data-full-width-responsive=\"true\"><\/ins>\n<script> \n(adsbygoogle = window.adsbygoogle || []).push({}); \n<\/script>\n<\/div>\n<p>\u00d6zbekistan\u2019da yap\u0131lan bir ara\u015ft\u0131rmaya g\u00f6re Shakespeare\u2019in dilinde 22 bin kelime, Neva\u2019n\u0131n dilinde ise 24 bin kelime bulunmaktad\u0131r.<\/p>\n<p><strong>T\u00fcrk\u00e7e bir k\u00fclt\u00fcr, bilim ve edebiyat dilidir.<\/strong><\/p>\n<p>Dil ve K\u00fclt\u00fcr birbirinden ayr\u0131lmaz. K\u00fclt\u00fcrel bak\u0131mdan ileri gitmi\u015f, y\u00fckselmeler g\u00f6stermi\u015f bir ulusun dili de y\u00fckselmeye uygun bir \u015fekilde geli\u015fir. D\u00fc\u015f\u00fcnce hayat\u0131n\u0131n y\u00fckselmesiyle birlikte dil\u0131 de geli\u015ftir\u0131r.<\/p>\n<p>T\u00fcrk\u00e7e tarih boyunca yeti\u015ftirdi\u011fi bilim adamlar\u0131yla, olu\u015fturdu\u011fu \u00e7ok de\u011ferli eserlerle bilim dili olarak kullan\u0131lm\u0131\u015f ve kullan\u0131lmaya da devam etmektedir.<br \/>\n\u00d6nceleri 6-11 y\u00fczy\u0131llar aras\u0131ndaki Eski T\u00fcrk\u00e7e D\u00f6neminde siyaset biliminin ilk \u00f6rne\u011fi say\u0131labilecek olan Yusuf Has Hacip\u2019in Kutadgu Bilig adl\u0131 eseri ve Kur\u2019an\u2019\u0131 Kerim\u2019in T\u00fcrk\u00e7eye \u00e7evirileri T\u00fcrk\u00e7e\u2019nin bilim dili olarak g\u00fcc\u00fcn\u00fc g\u00f6steren eserlerdir.<\/p>\n<p>Daha 1072 \u2018de Ka\u015fgarl\u0131 Mahmud taraf\u0131ndan yaz\u0131lan Divan\u00fc L\u00fcgat\u00fc-t T\u00fcrk\u2019te yer alan kelime say\u0131s\u0131 8 bin 624\u2019d\u00fcr. Bu kelimelerin i\u00e7inde \u00e7ok say\u0131da T\u00fcrk\u00e7e t\u0131p terimi bulunmaktad\u0131r. Oysa ayn\u0131 zamanda haz\u0131rlanm\u0131\u015f bir Latince-\u0130ngilizce s\u00f6zl\u00fckte yer alan kelime say\u0131s\u0131 3 bindir. T\u00fcrk\u00e7edeki kelime say\u0131s\u0131, bu d\u00f6nemde, \u0130ngilizcedeki kelime say\u0131s\u0131n\u0131n 3 kat\u0131 kadard\u0131r. \u00dcstelik Ka\u015fgarl\u0131 Mahmud, eserinde, canl\u0131 dilde ya\u015famayan ve T\u00fcrk\u00e7e k\u00f6kenli olmayan kelimelere yer vermedi\u011fini de belirtir. (<em>Kara\u00f6rs, Metin, \u201c<strong>K\u00fcrk\u00e7enin Zenginli\u011fi<\/strong>\u201d, s.14.<\/em>)<\/p><div id=\"bghab-159803439\" class=\"bghab-icerik-icine-20-paragraf bghab-entity-placement\"><script async src=\"\/\/pagead2.googlesyndication.com\/pagead\/js\/adsbygoogle.js?client=ca-pub-6203283170189293\" crossorigin=\"anonymous\"><\/script><ins class=\"adsbygoogle\" style=\"display:block; text-align:center;\" data-ad-client=\"ca-pub-6203283170189293\" \ndata-ad-slot=\"7303146466\" \ndata-ad-layout=\"in-article\"\ndata-ad-format=\"fluid\" data-full-width-responsive=\"true\"><\/ins>\n<script> \n(adsbygoogle = window.adsbygoogle || []).push({}); \n<\/script>\n<\/div>\n<p><strong>T\u00fcrk\u00e7e en kolay \u00f6\u011frenilen anadildir.<\/strong><\/p>\n<p>Ahenkli ve sabit kurall\u0131 bir dil olan T\u00fcrk\u00e7emiz kolay \u00f6\u011frenilen ve kolay kullan\u0131lan bir konu\u015fma ve yaz\u0131 dilidir.<\/p>\n<p>G\u00fcn\u00fcm\u00fczde, T\u00fcrk okullar\u0131n\u0131n yasaklanm\u0131\u015f oldu\u011fu ve T\u00fcrk\u00e7e kitap sa\u011flamada sorunlar ya\u015fand\u0131\u011f\u0131 Bulgaristan\u2019da \u00e7ocuklar\u0131n anadillerini ailede, TV ekran\u0131ndan, evdeki konu\u015fma dilinden, internet ve fecebock yaz\u0131\u015fmalar\u0131ndan \u00f6\u011frenmede ola\u011fan\u00fcst\u00fc ba\u015far\u0131l\u0131 olmalar\u0131 bu tespitimizi kan\u0131tl\u0131yor.<\/p>\n<p>Alman ara\u015ft\u0131rmac\u0131 <strong>Prof. Dr. Klaus Delius\u2019un<\/strong> yapt\u0131\u011f\u0131 ara\u015ft\u0131rma sonucunda d\u00fcnya anadillerini en \u00e7abuk T\u00fcrk \u00e7ocuklar\u0131n\u0131n \u00f6\u011frendi\u011fi ortaya \u00e7\u0131km\u0131\u015ft\u0131r. Bulgaristan\u2019da M\u00fcsl\u00fcman T\u00fcrklerin %93\u2019n\u00fcn\u00fcn ailede kulland\u0131\u011f\u0131 dilin T\u00fcrk\u00e7emiz olmas\u0131 buna i\u015faret ediyor. \u00c7\u00fcnk\u00fc bundan 65 y\u0131l \u00f6nce okullar\u0131m\u0131z\u0131 kapatan ve anadilde konu\u015fanlar\u0131m\u0131za ceza kesen Bulgar fa\u015fist ve kom\u00fcnist makamlar\u0131n\u0131n asla ba\u015far\u0131l\u0131 olamamas\u0131, T\u00fcrklerin T\u00fcrk\u00e7e konu\u015fmaya devam etmesi, halk yarat\u0131c\u0131l\u0131\u011f\u0131m\u0131z\u0131n ve geleneksel k\u00fclt\u00fcr\u00fcm\u00fcz\u00fcn yeniden dirilmesi ba\u015far\u0131lar\u0131m\u0131z\u0131n en b\u00fcy\u00fcd\u00fcr. Bu temel \u00fczerinde 1990\u2019dan beri zorla dayat\u0131lan \u201c<strong>Bulgar Etnik Modeli<\/strong>\u201d de dil ve k\u00fclt\u00fcr, gelenek ve yarat\u0131c\u0131l\u0131k dallar\u0131nda \u00e7\u00f6km\u00fc\u015f ve mezar ta\u015f\u0131 dikilmi\u015ftir. Dil ve k\u00fclt\u00fcr tuzaklar\u0131na bu defa da kendileri d\u00fc\u015ft\u00fc.<\/p>\n<p>T\u00fcrk \u00e7ocuklar\u0131 2-3 ya\u015f\u0131na kadar T\u00fcrk\u00e7eyi, dil bilgisi kurallar\u0131na uygun konu\u015fabilmektedir.\u00a0 Bunun esas\u0131nda olan, T\u00fcrk\u00e7emizin kendine \u00f6zg\u00fcn sa\u011flam ve anla\u015f\u0131l\u0131r yap\u0131s\u0131, ek-k\u00f6k sisteminin d\u00fczenli olmas\u0131, c\u00fcmle kurulu\u015flar\u0131n\u0131n kolayl\u0131\u011f\u0131d\u0131r.<\/p><div id=\"bghab-2293560225\" class=\"bghab-icerik-icine-25-paragraf bghab-entity-placement\"><script async src=\"\/\/pagead2.googlesyndication.com\/pagead\/js\/adsbygoogle.js?client=ca-pub-6203283170189293\" crossorigin=\"anonymous\"><\/script><ins class=\"adsbygoogle\" style=\"display:block; text-align:center;\" data-ad-client=\"ca-pub-6203283170189293\" \ndata-ad-slot=\"7303146466\" \ndata-ad-layout=\"in-article\"\ndata-ad-format=\"fluid\" data-full-width-responsive=\"true\"><\/ins>\n<script> \n(adsbygoogle = window.adsbygoogle || []).push({}); \n<\/script>\n<\/div>\n<p>Bulgaristan T\u00fcrkleri olarak bizler T\u00fcrk\u00e7e konu\u015fan, T\u00fcrk\u00e7e yazan, halk sanat\u0131 T\u00fcrk\u00e7e olan ve anadilimizde geli\u015fen ve y\u00fckselen bir halk toplulu\u011fuyuz. 650 t\u00fcrk\u00fc ve \u015fark\u0131s\u0131 olan bizler kendi s\u00f6zl\u00fc ve yaz\u0131l\u0131 edebiyat\u0131m\u0131z\u0131 yaratt\u0131k ve yak\u0131n ve uzak halklara duyurabildik.<\/p>\n<p>Bu konuda \u00f6zel \u00e7al\u0131\u015fmalar\u0131 olan, Bulgaristan T\u00fcrkleri Halk Bilgileri ve inan\u00e7lar\u0131n\u0131 \u00f6zel bir ara\u015ft\u0131rma konusu yapan, \u00f6\u011fretmenlerimizden <strong>EMB\u0130YA ULUSOY \u00c7OK \u00d6ZEL \u00c7ALI\u015eMALARLA<\/strong> 1937\u2019de do\u011fdu\u011fu \u015eumnu ili Aydo\u011fdu (\u0130zgrev) kaynakl\u0131 \u015fu \u00e7ok de\u011ferli eserleri verdi.<\/p>\n<p>Aydo\u011fdu k\u00f6y\u00fcn\u00fcn Ge\u00e7mi\u015fi ve Bug\u00fcn\u00fc \u2013 1998<br \/>\nDeliorman 2003<\/p>\n<p>Deliorman ve Rumeli Pehlivanlar\u0131 2012<br \/>\nNas\u0131rl\u0131 Ellerin H\u00fcneri (Bulgaristan T\u00fcrkleri Halk Bilimi)<\/p>\n<p>Deliorman \u00c7ocuk Oyunlar\u0131; Deliorman Halk Bilgileri, Bulgaristan T\u00fcrklerinin Toplum K\u00fclt\u00fcr\u00fc, Deliorman \u00d6zg\u00fcrl\u00fck Y\u00fcr\u00fcy\u00fc\u015fler vb.<\/p><div id=\"bghab-185816336\" class=\"bghab-icerik-icine-30-paragraf bghab-entity-placement\"><script async src=\"\/\/pagead2.googlesyndication.com\/pagead\/js\/adsbygoogle.js?client=ca-pub-6203283170189293\" crossorigin=\"anonymous\"><\/script><ins class=\"adsbygoogle\" style=\"display:block; text-align:center;\" data-ad-client=\"ca-pub-6203283170189293\" \ndata-ad-slot=\"7303146466\" \ndata-ad-layout=\"in-article\"\ndata-ad-format=\"fluid\" data-full-width-responsive=\"true\"><\/ins>\n<script> \n(adsbygoogle = window.adsbygoogle || []).push({}); \n<\/script>\n<\/div>\n<p>T\u00fcrk dilini bir tarih ve k\u00fclt\u00fcr, sanat ve edebiyat olarak anlat\u0131rken biz asl\u0131nda kendimizi anlat\u0131yoruz. Okyanusun i\u00e7inde k\u00fc\u00e7\u00fck bir damla olsak da, en b\u00fcy\u00fck s\u0131rr\u0131 i\u00e7inde ta\u015f\u0131yan ve harman dolusu \u00fcr\u00fcn verecek umudu i\u00e7inde ta\u015f\u0131yan tohumuz.<\/p>\n<p>Bizim Dobruca, Deliorman, Gerlova, Trakya ve Rodop T\u00fcrk\u00e7emiz\u00a0 vatan olarak sevdi\u011fimiz topraklarda 1\u00a0000 y\u0131ll\u0131k k\u00f6klerden dem alarak ya\u015f\u0131yor ve ya\u015fayacakt\u0131r.<\/p>\n<p>Bu g\u00fcz \u0131slanmadan d\u00f6k\u00fclen sar\u0131 yapraklar\u0131n senfonisi bu olgunlu\u011fun unutulmaz \u00fcr\u00fcn\u00fcyd\u00fc. Bulgaristan T\u00fcrkleri format\u0131ndan yapraklar olarak a\u00e7t\u0131\u011f\u0131m\u0131z ve i\u015flemeye gayret etti\u011fimiz konular\u0131n devam\u0131nda Bulgaristan T\u00fcrkleri T\u00fcrk\u00e7esinde Akrabal\u0131k Adlar\u0131 ve Renk Adlar\u0131 \u00fczerinde durmak istiyoruz.<\/p>\n<p>Okudu\u011funuz i\u00e7in te\u015fekk\u00fcrler<br \/>\nPayla\u015f\u0131rsan\u0131z memnun olurum<\/p>\n<div id=\"bghab-1981882634\" class=\"bghab-yazi-altinda bghab-entity-placement\"><script async src=\"https:\/\/pagead2.googlesyndication.com\/pagead\/js\/adsbygoogle.js\"><\/script>\r\n<!-- bghaber-yaz\u0131-sonu -->\r\n<ins class=\"adsbygoogle\"\r\n     style=\"display:block\"\r\n     data-ad-client=\"ca-pub-6203283170189293\"\r\n     data-ad-slot=\"4222328180\"\r\n     data-ad-format=\"auto\"\r\n     data-full-width-responsive=\"true\"><\/ins>\r\n<script>\r\n     (adsbygoogle = window.adsbygoogle || []).push({});\r\n<\/script><\/div><br style=\"clear: both; display: block; float: none;\"\/>","protected":false},"excerpt":{"rendered":"<p>Tarih: 04 Kas\u0131m 2018 Yazan: Oya Canbazo\u011flu Konu: Format\u0131m\u0131z\u0131n anadil yapra\u011f\u0131n\u0131 aralad\u0131m Bu g\u00fcz yapraklar mutlu Dal\u0131nda \u0131slanmadan soldu Vedala\u015f\u0131rken a\u011flamad\u0131lar D\u00fc\u015ferken \u015fark\u0131 s\u00f6ylediler. Her<\/p>\n","protected":false},"author":13,"featured_media":0,"comment_status":"closed","ping_status":"closed","sticky":false,"template":"","format":"standard","meta":{"advanced_seo_description":"","jetpack_seo_html_title":"","jetpack_seo_noindex":false,"jetpack_seo_schema_type":"","_jetpack_newsletter_access":"","_jetpack_dont_email_post_to_subs":false,"_jetpack_newsletter_tier_id":0,"_jetpack_memberships_contains_paywalled_content":false,"_jetpack_feature_clip_id":0,"_jetpack_memberships_contains_paid_content":false,"footnotes":"","jetpack_post_was_ever_published":false},"categories":[6],"tags":[],"class_list":["post-32665","post","type-post","status-publish","format-standard","hentry","category-yorum"],"jetpack_sharing_enabled":true,"jetpack_likes_enabled":true,"jetpack-related-posts":[],"jetpack_shortlink":"https:\/\/wp.me\/pc2PfJ-8uR","jetpack_featured_media_url":"","_links":{"self":[{"href":"https:\/\/www.bghaber.org\/bghaber\/wp-json\/wp\/v2\/posts\/32665","targetHints":{"allow":["GET"]}}],"collection":[{"href":"https:\/\/www.bghaber.org\/bghaber\/wp-json\/wp\/v2\/posts"}],"about":[{"href":"https:\/\/www.bghaber.org\/bghaber\/wp-json\/wp\/v2\/types\/post"}],"author":[{"embeddable":true,"href":"https:\/\/www.bghaber.org\/bghaber\/wp-json\/wp\/v2\/users\/13"}],"replies":[{"embeddable":true,"href":"https:\/\/www.bghaber.org\/bghaber\/wp-json\/wp\/v2\/comments?post=32665"}],"version-history":[{"count":0,"href":"https:\/\/www.bghaber.org\/bghaber\/wp-json\/wp\/v2\/posts\/32665\/revisions"}],"wp:attachment":[{"href":"https:\/\/www.bghaber.org\/bghaber\/wp-json\/wp\/v2\/media?parent=32665"}],"wp:term":[{"taxonomy":"category","embeddable":true,"href":"https:\/\/www.bghaber.org\/bghaber\/wp-json\/wp\/v2\/categories?post=32665"},{"taxonomy":"post_tag","embeddable":true,"href":"https:\/\/www.bghaber.org\/bghaber\/wp-json\/wp\/v2\/tags?post=32665"}],"curies":[{"name":"wp","href":"https:\/\/api.w.org\/{rel}","templated":true}]}}