{"id":32663,"date":"2018-11-05T12:23:40","date_gmt":"2018-11-05T09:23:40","guid":{"rendered":"http:\/\/www.bghaber.org\/bghaber\/?p=32663"},"modified":"2018-11-05T12:23:40","modified_gmt":"2018-11-05T09:23:40","slug":"eskiden-de-boyleydi","status":"publish","type":"post","link":"https:\/\/www.bghaber.org\/bghaber\/eskiden-de-boyleydi\/","title":{"rendered":"Eskiden De B\u00f6yleydi"},"content":{"rendered":"<p>Tarih: 03 Kas\u0131m 2018<\/p>\n<p>Yazan: Nedim AKIN<\/p>\n<p>Konu: <strong>Armut dal\u0131n\u0131n dibine d\u00fc\u015fer.<\/strong><\/p>\n<p>&nbsp;<\/p>\n<p>Bulgaristan\u2019\u0131n gelecek g\u00f6r\u00fcn\u00fcm\u00fcn\u00fc halka a\u00e7\u0131klamak amac\u0131yla yola \u00e7\u0131kan Bulgaristan Sosyalist Partisi (BSP) heyeti hafta sonunda Pirin Da\u011f\u0131, Yukar\u0131 Cuma (Blagoevgrat) \u00a0ili Razlog belediyesi s\u0131n\u0131rlar\u0131 i\u00e7inde bulunan \u201c<strong>Banya<\/strong>\u201d k\u00f6t\u00fcndeki 4 y\u0131ld\u0131zl\u0131 \u201c<strong>SPR\u0130NGS<\/strong>\u201d otelde konaklad\u0131. Eski Cumhurba\u015fkan\u0131 Rosen Plevneliev\u2019in (2012-2016) m\u00fclk\u00fc olan bu otelin \u00e7ok \u00f6nemli bir \u00f6zelli\u011fi var.<\/p>\n<p>24 saat \u201c<strong>A\u00e7\u0131k B\u00fcfede<\/strong>\u201d otelin 70 d\u00f6n\u00fcml\u00fck sebze ve meyve bah\u00e7esinden \u00e7evreci \u00fcr\u00fcnler: s\u00fct, ya\u011f, ka\u015far, peynir, tavuk, kaz, \u00f6rdek ve hindilerle, kuzu ve buzalar da ayn\u0131 \u00e7iftlikte \u00fcretiliyor. Otelin SPA merkezindeki havuz ve hamamlarda, masaj merkezlerinde ve saunalarda kullan\u0131lan s\u0131cak ve so\u011fuk sular da \u00f6zel kapl\u0131calardan\u2026<\/p><div id=\"bghab-1315763999\" class=\"bghab-icerik-icine bghab-entity-placement\"><script async src=\"\/\/pagead2.googlesyndication.com\/pagead\/js\/adsbygoogle.js?client=ca-pub-6203283170189293\" crossorigin=\"anonymous\"><\/script><ins class=\"adsbygoogle\" style=\"display:block; text-align:center;\" data-ad-client=\"ca-pub-6203283170189293\" \ndata-ad-slot=\"7303146466\" \ndata-ad-layout=\"in-article\"\ndata-ad-format=\"fluid\" data-full-width-responsive=\"true\"><\/ins>\n<script> \n(adsbygoogle = window.adsbygoogle || []).push({}); \n<\/script>\n<\/div>\n<p>Otel sahibi Rosen Plevneliev\u2019in babas\u0131 Pomaklar\u0131n isim de\u011fi\u015ftirme sald\u0131r\u0131lar\u0131n\u0131n gemi aza ald\u0131\u011f\u0131 y\u0131llarda Nevrekov (Gotse Del\u00e7ev), daha sonra da ayn\u0131 ilin merkezi olan Yukar\u0131 Cuma (Blagoevgrat) BKP \u0130l Komitesi \u0130deolojik Sorunlar Sekreteri g\u00f6revinde bulunmu\u015ftur. Razlog \u015fehri ise, isim de\u011fi\u015ftirme i\u015flerinde kullan\u0131lan komando ve bordo berelilerinin kamplar\u0131n\u0131n bulundu\u011fu merkezdi.<\/p>\n<p>BKP il y\u00f6netim ekibine babas\u0131n\u0131n da kat\u0131l\u0131m\u0131yla 17\u00a0026 M\u00fcsl\u00fcman Pomak\u2019\u0131n T\u00fcrk isimleri de\u011fi\u015ftirilmi\u015f ve bir\u00e7ok ki\u015fi de s\u00fcrg\u00fcn edilmi\u015f veya i\u00e7eri at\u0131lm\u0131\u015ft\u0131. Olaylar 1972-1973 y\u0131llar\u0131nda geli\u015fmi\u015fti.<\/p>\n<p>O y\u0131llarda Merkez Komitesi (BKP MK) Politik B\u00fcro \u00fcyeleri \u201c<strong>i\u00e7inde kurt olmayan<\/strong>\u201d erik, elma, armut yemezlerdi. Y\u00fcz\u00fclm\u00fc\u015f kuzular\u0131n 8-10 kiloyu, danalar\u0131n da 70-80 kiloyu a\u015fmamas\u0131na dikkat edilirdi. Parti kadrolar\u0131 s\u00fct kuzusu ve s\u00fcr danas\u0131yla besleniyordu. G\u00f6r\u00fcld\u00fc\u011f\u00fc \u00fczere i\u015fler d\u00f6nd\u00fc dola\u015ft\u0131 ayn\u0131 yere ve ayn\u0131 ayara d\u00f6nd\u00fc.<\/p>\n<p>Yar\u0131 M\u00fcsl\u00fcman Yar\u0131 Hristiyan n\u00fcfuslu Ban ya k\u00f6y\u00fc Pirin, Rila ve Rodop Da\u011flar\u0131n\u0131n kesi\u015fti\u011fi vadiye yay\u0131lm\u0131\u015f bir muhtarl\u0131k olup y\u00f6redeki BSP kalelerinden biridir. 1990 y\u0131l\u0131na kadar Nevrekop belediyesine ba\u011fl\u0131yd\u0131.<\/p>\n<p>30 y\u0131l sonra yeni y\u00f6neticiler kendilerini do\u011furan ve yeti\u015ftirenlerle ayn\u0131 noktada bulu\u015fmaya ba\u015flad\u0131lar. Bu noktan\u0131n ad\u0131 b\u00fcy\u00fck harflerle yaz\u0131lsa HALKI ALDATARAK HALK ADINA SEFA S\u00dcRMEK K\u00dcSTAHLIKTIR olurdu.<\/p><div id=\"bghab-2594342784\" class=\"bghab-icerik-icine-10-paragraf bghab-entity-placement\"><script async src=\"\/\/pagead2.googlesyndication.com\/pagead\/js\/adsbygoogle.js?client=ca-pub-6203283170189293\" crossorigin=\"anonymous\"><\/script><ins class=\"adsbygoogle\" style=\"display:block; text-align:center;\" data-ad-client=\"ca-pub-6203283170189293\" \ndata-ad-slot=\"7303146466\" \ndata-ad-layout=\"in-article\"\ndata-ad-format=\"fluid\" data-full-width-responsive=\"true\"><\/ins>\n<script> \n(adsbygoogle = window.adsbygoogle || []).push({}); \n<\/script>\n<\/div>\n<p>***<\/p>\n<p>Yine bu hafta sonunda ortaya \u00e7\u0131kt\u0131\u011f\u0131na g\u00f6re, Bulgar iktidar\u0131 \u00e7ok \u00f6nemli bir ba\u015fka konuda da Todor Jivkov\u2019u \u00f6rnek al\u0131yor. \u00a010 Kas\u0131m 1989\u2019da T. Jivkov BKP MK Genel Sekreterli\u011finden ve BHC Devlet Konseyi Ba\u015fkanl\u0131\u011f\u0131ndan kendi iradesiyle istifa etti\u011fi s\u00f6ylentisi kulaktan kula\u011fa bir daha dola\u015ft\u0131. Bu rivayeti daha inand\u0131r\u0131c\u0131 bir duruma getirebilmek i\u00e7in T.Jivkov\u2019un do\u011fdu\u011fu yer olan Botevgrat (Orhaniye) Park\u0131na dikilen <strong>5 metre y\u00fcksek<\/strong> \u2013 Bulgaristan\u2019da en heybetli ki\u015fisel bronz an\u0131t \u2013 \u00f6n\u00fcnde \u00e7ekilen, BSP Ba\u015fkan\u0131 Bayan Kurnelua Ninova\u2019n\u0131n minicik resmi de fecebockta dola\u015ft\u0131.<\/p>\n<p>Meclisin \u00e7o\u011funluk toplayamad\u0131\u011f\u0131 i\u00e7in 2019 b\u00fct\u00e7esini onaylayamad\u0131\u011f\u0131, Bakanlar Kurulu \u00f6n\u00fcnde siyah bayrakl\u0131 g\u00f6sterilerde 3 aydan beri her ak\u015fam \u201c<strong>\u0130stifa<\/strong>\u201d slogan\u0131 hayk\u0131r\u0131ld\u0131\u011f\u0131, kriz \u00e7\u00f6k\u00fcnt\u00fcs\u00fcn\u00fcn batakl\u0131\u011f\u0131n \u00fcst\u00fcne \u00e7\u0131kt\u0131\u011f\u0131 bir ortamda BATAKLIK BAYKU\u015eU \u2013 \u201c<strong>Ataka<\/strong>\u201d Partisi lideri \u00f6tt\u00fc. H\u00fck\u00fcmet orta\u011f\u0131 fa\u015fist \u201c<strong>Yurtsever Cephe<\/strong>\u201d\u00a0 meclis grubu s\u00f6zc\u00fcs\u00fc de olan Volen Siderov \u201c<strong>kendi iste\u011fiyle istifa etmezse, h\u00fck\u00fcmet d\u00fc\u015fmeyecek<\/strong>\u201d dedi. Kendi akl\u0131nca \u015fimdiki bunal\u0131m\u0131, T. Jivkov buhran\u0131na benzetti. \u201c<strong>Bizde zorla i\u015f olmaz<\/strong>!\u201d demek istedi. Bu s\u00f6zler meclis toplant\u0131lar\u0131na kat\u0131lmayan BSP ve T\u00fcrklerin Partisi (DPS) bah\u00e7esine at\u0131lm\u0131\u015f ta\u015flard\u0131. Asl\u0131nda derin anlam\u0131nda \u201c<strong>yiyin i\u00e7in, keyfinize bak\u0131n, size engel olan m\u0131 var!<\/strong>\u201d edas\u0131yla y\u00fckl\u00fcyd\u00fcler.\u00a0 Dev an\u0131t \u00f6n\u00fcnde \u00e7ekilen resmin anlam\u0131 ise \u015fuydu: \u00a0\u201c<strong>Bu an\u0131t\u0131 ancak GERB dikebildi.<\/strong>\u201d\u00a0 Siderov as\u0131ls\u0131z buldu\u011fu iktidar muhalefet kavgas\u0131na son verilmesi i\u00e7in, Bakanlar Kurulunda her odaya \u201c<strong>\u00d6l\u00fcml\u00fc Oldu\u011funu Unutma!<\/strong>\u201d slogan\u0131 yaz\u0131lmas\u0131n\u0131, meclisin \u00e7al\u0131\u015fabilmesi i\u00e7in ise, ipleri pazara \u00e7\u0131kan Ba\u015fbakan Yard\u0131mc\u0131lar\u0131 Valeri Simyonov ile Krasimir Karaka\u00e7anov\u2019un istifa edip meclis san dalyalar\u0131na oturmalar\u0131n\u0131 \u00f6neriyor. B\u00f6yle onunca \u201c<strong>h\u00fck\u00fcmetten kendimiz iste\u011fimizle \u00e7ekildik<\/strong>\u201d form\u00fcl\u00fc uygulanm\u0131\u015f olacakm\u0131\u015f ve yeni \u00e7\u00f6k\u00fc\u015f Tordor Jivkov\u2019un \u201cg\u00f6n\u00fcll\u00fc\u201d istifas\u0131na benzeyecekmi\u015f\u2026 \u201c<strong>Ars\u0131z\u0131n y\u00fcz\u00fcne t\u00fck\u00fcrm\u00fc\u015fler, ya\u011fmur ya\u011f\u0131yor demi\u015f<\/strong>.\u201d<\/p>\n<p>***<\/p>\n<p><strong>D\u00f6nelim i\u015fin ba\u015f\u0131na &#8211; \u201ca\u00e7\u0131kl\u0131k\u201d ve \u201cyeniden yap\u0131lanma\u201d y\u0131llar\u0131na.<\/strong><\/p><div id=\"bghab-3549801883\" class=\"bghab-icerik-icine-15-paragraf bghab-entity-placement\"><script async src=\"\/\/pagead2.googlesyndication.com\/pagead\/js\/adsbygoogle.js?client=ca-pub-6203283170189293\" crossorigin=\"anonymous\"><\/script><ins class=\"adsbygoogle\" style=\"display:block; text-align:center;\" data-ad-client=\"ca-pub-6203283170189293\" \ndata-ad-slot=\"7303146466\" \ndata-ad-layout=\"in-article\"\ndata-ad-format=\"fluid\" data-full-width-responsive=\"true\"><\/ins>\n<script> \n(adsbygoogle = window.adsbygoogle || []).push({}); \n<\/script>\n<\/div>\n<p>\u00d6nce \u015funa i\u015faret edelim. Olaylar g\u00fcn gibi ortada olsa da, 1989\u2019da Todor Jivkov\u2019u istifaya zorlayan ana fakt\u00f6r\u00fcn 1984-1989 aras\u0131n \u015fiddetlenerek devam eden ve May\u0131s 1989 patlayan T\u00fcrk \u0130syan\u0131 oldu\u011fu Bulgar totaliter-kom\u00fcnist, \u0130slam ve T\u00fcrk d\u00fc\u015fman\u0131 zihniyet taraf\u0131ndan kabul edilmiyor. Bulgaristan\u2019da kom\u00fcnist dikta rejiminin 10 Kas\u0131m 1989 devrili\u015finin ard\u0131nda onlara g\u00f6re, 3 Kas\u0131m 1988 tarihinde Sofya \u00dcniversitesinin 65. Salonunda kurulan A\u00c7IKLIK VE YEN\u0130DEN YAPILANMAYI DESTEKLEM KUL\u00dcB\u00dc ile Rus\u00e7uk (Ruse) \u015eehrinin \u00c7evre Sa\u011fl\u0131\u011f\u0131n\u0131 Koruma\u00a0 Kamu Komitesi bulunuyor. Bu \u00f6rg\u00fctlenme sosyalist Bulgaristanda farkl\u0131 d\u00fc\u015f\u00fcnenler hareketi olarak kabul edilmi\u015ftir.<\/p>\n<p>Daha sonra Cumhurba\u015fkan\u0131 olan Dr. Jel\u00fc Jelev (1990 \u2013 1997) ba\u015fkanl\u0131\u011f\u0131nda olu\u015fan kul\u00fcbe 80 ki\u015fi kat\u0131ld\u0131. (Kuruldu\u011fu tarihte 40 \u00fcye daha kat\u0131ld\u0131.) Kurucu \u00fcyelerden 39\u2019u BKP \u00fcyesidir. 11 ki\u015fi fa\u015fizme ve kapitalizme kar\u015f\u0131 m\u00fccadeleye kat\u0131lm\u0131\u015ft\u0131r. 4\u2019\u00fc BKP\u2019den ihra\u00e7 edilmi\u015ftir. 10 parti taraf\u0131ndan cezaland\u0131r\u0131lm\u0131\u015f kom\u00fcnisttir. 36 ki\u015fi de partisizdir. BKP saflar\u0131ndan gelen bu tepkiyi ifade edeneler hakk\u0131nda bug\u00fcn bu ki\u015filer BKP ve gizli polis \u201cDS\u201d taraf\u0131ndan \u00f6ne s\u00fcr\u00fclm\u00fc\u015flerdi deniyor.<\/p>\n<p>\u015eunu \u00f6nemle belirtmemiz yerinde olur. \u0130\u015fe BKP siyasetini ele\u015ftirmekle ba\u015flayan Kul\u00fcp, daha 1998 y\u0131l\u0131nda Bulgaristan M\u00fcsl\u00fcman T\u00fcrklerini savunmaya ba\u015flad\u0131, isim de\u011fi\u015ftirme ve asimile etme siyasetini k\u0131nad\u0131. Bu kul\u00fcb\u00fcn \u00fcyelerinden birka\u00e7\u0131 Bat\u0131 Radyolar\u0131yla ba\u011flant\u0131 kurdu ve daha sonra Cumhurba\u015fkan\u0131 Yard\u0131mc\u0131s\u0131 Olan Blaga Dimitrova\u2019n\u0131n radyolarda okunan \u015fiir ve destanlar\u0131 etkileyici oldu.<\/p>\n<p>BKP MK karar\u0131yla Kul\u00fcp \u00fcyelerine bask\u0131 yap\u0131ld\u0131. 7 ki\u015fi tutukland\u0131. Kul\u00fcb\u00fcn ofisleri bas\u0131ld\u0131, aran\u0131p tarand\u0131, \u00fcyeleri i\u015ften at\u0131ld\u0131, zorbal\u0131\u011fa maruz kald\u0131lar.<\/p>\n<p>\u201cA\u00e7\u0131kl\u0131k\u201d ve \u201cYeniden Yap\u0131lanma\u201d etkinliklerinin halka ula\u015fmas\u0131 19 Ocak 1989\u2019da Fransa Cumhurba\u015fkan\u0131 F. Miteran\u2019\u0131n Sofya ziyareti esnas\u0131nda Fransa B\u00fcy\u00fckel\u00e7ili\u011finin 12 Bulgar ayd\u0131na kahvalt\u0131 vermesiyle\u00a0 oldu. Bu kahvalt\u0131ya se\u00e7ilmi\u015f ki\u015filer kat\u0131l\u0131rken T\u00fcrk ve Pomak temsilci al\u0131nmad\u0131. O d\u00f6nem 10 binden fazla M\u00fcsl\u00fcman s\u00fcrg\u00fcnde veya i\u00e7erde bulunuyordu.<\/p><div id=\"bghab-914643530\" class=\"bghab-icerik-icine-20-paragraf bghab-entity-placement\"><script async src=\"\/\/pagead2.googlesyndication.com\/pagead\/js\/adsbygoogle.js?client=ca-pub-6203283170189293\" crossorigin=\"anonymous\"><\/script><ins class=\"adsbygoogle\" style=\"display:block; text-align:center;\" data-ad-client=\"ca-pub-6203283170189293\" \ndata-ad-slot=\"7303146466\" \ndata-ad-layout=\"in-article\"\ndata-ad-format=\"fluid\" data-full-width-responsive=\"true\"><\/ins>\n<script> \n(adsbygoogle = window.adsbygoogle || []).push({}); \n<\/script>\n<\/div>\n<p>17 Mart 1989 tarihinde BKP MK Politik B\u00fcrosu Kul\u00fcp \u00fcyelerine kar\u015f\u0131 \u00fclke \u00e7ap\u0131nda kovu\u015fturma ba\u015flatt\u0131, ter\u00f6r uygulama sayfas\u0131 a\u00e7\u0131ld\u0131. Kul\u00fcp \u00fcyeleri hainlikle ve lafazanl\u0131k yapmakla damgaland\u0131.<\/p>\n<p>5 May\u0131s 1989\u2019da T\u00fcrklerin \u00fclke \u00e7ap\u0131nda a\u00e7l\u0131k grevleri ve ayn\u0131 ay 72 bin ki\u015finin kat\u0131ld\u0131\u011f\u0131 milli hak ve \u00f6zg\u00fcrl\u00fck ayaklanmas\u0131 haz\u0131rl\u0131klar\u0131 tamamlan\u0131rken, A\u00e7\u0131kl\u0131 ve Yeniden yap\u0131lanma kul\u00fcb\u00fc\u00a0 Bulgaristan\u2019da totalitarizmden tamamen vaz ge\u00e7me ve liberal demokrasi ilkelerine g\u00f6re bir yeniden yap\u0131lanma \u00e7a\u011fr\u0131s\u0131yla meclis ba\u015fkanl\u0131\u011f\u0131na ba\u015fvurdu. Bu \u00e7a\u011fr\u0131dan hemen sonda gizli polis \u201cDS\u201d Kul\u00fcp \u00fcyelerine kar\u015f\u0131 milli sald\u0131r\u0131 operasyonlar\u0131 d\u00fczenledi, \u00fcyelerden daha fazlas\u0131 tutukland\u0131.<\/p>\n<p>Ayn\u0131 g\u00fcnlerde T\u00fcrk direni\u015f\u00e7i, s\u00fcrg\u00fcn ve tutuklu ayd\u0131nlar s\u0131n\u0131r d\u0131\u015f\u0131 edilmeye ba\u015flad\u0131. 21 May\u0131s 1989\u2019da \u00e7a\u011fr\u0131lan B\u0130R\u0130NC\u0130 DEMOKRAT\u0130K B\u0130RL\u0130K (L\u0130G) M\u0130LL\u0130 KONGRES\u0130N\u0130N SL\u0130VEN\u2019NE BA\u011eLI ABLANOVO K\u00d6Y\u00dcNDE TOPLANMASI \u00d6NLEND\u0130.<\/p>\n<p>Demokratik dalgan\u0131n y\u00fckselmesini baltalamaya \u00e7al\u0131\u015fan BKM MK Politik B\u00fcrosu ve milis g\u00fc\u00e7leri 31 May\u0131s, 1 ve 2 Haziran 1989 g\u00fcmleri \u201c\u0130hanet\u00e7iler Yarg\u0131lans\u0131n!\u201d slogan\u0131 alt\u0131nda Kul\u00fcp\u2019\u00fc k\u0131nama ve lanetleme mitingleri d\u00fczenledi. Kul\u00fcp \u00fcyeleri ve aileleri toplumdan tecrit edildiler.<\/p>\n<p>Ayn\u0131 y\u0131l\u0131n Haziran ay\u0131nda Bakanlar Kurulu karar\u0131yla Sofya K\u00fclt\u00fcr Enstit\u00fcs\u00fc kapand\u0131. Kul\u00fcp \u00fcyeleri Enstit\u00fcden at\u0131ld\u0131. Kul\u00fcp\u2019e kar\u015f\u0131 propaganda kampanyas\u0131 ba\u015flad\u0131.<\/p><div id=\"bghab-2582281327\" class=\"bghab-icerik-icine-25-paragraf bghab-entity-placement\"><script async src=\"\/\/pagead2.googlesyndication.com\/pagead\/js\/adsbygoogle.js?client=ca-pub-6203283170189293\" crossorigin=\"anonymous\"><\/script><ins class=\"adsbygoogle\" style=\"display:block; text-align:center;\" data-ad-client=\"ca-pub-6203283170189293\" \ndata-ad-slot=\"7303146466\" \ndata-ad-layout=\"in-article\"\ndata-ad-format=\"fluid\" data-full-width-responsive=\"true\"><\/ins>\n<script> \n(adsbygoogle = window.adsbygoogle || []).push({}); \n<\/script>\n<\/div>\n<p>1989 y\u0131l\u0131 yaz\u0131nda 360 bin T\u00fcrk\u00fcn \u00fclkeden kovulmas\u0131ndan sonra, 2 Kas\u0131m\u2019da Sofya\u2019da \u201cPet\u0131r Beron\u201d sineme salonunda \u201c\u00c7evere Sa\u011fl\u0131\u011f\u0131 ve Demokrasi\u201d konulu bir ayd\u0131nlar toplant\u0131s\u0131 yap\u0131ld\u0131 ve A\u00e7\u0131kl\u0131k ve Yeniden Yap\u0131lanma Kul\u00fcb\u00fc\u2019ne kitle ak\u0131m\u0131 ba\u015flad\u0131. Halk korkuyu yenmi\u015fti. 8 G\u00fcn sonra (19 Kas\u0131m 1989 tarihinde) Todor Jivkov g\u00f6revinden devrildi.<\/p>\n<p>17 Kas\u0131m 1989 tarihinde Sofya\u2019da Demokratik G\u00fc\u00e7ler Birli\u011fi (CDC) kuruldu, 2 Cumhurba\u015fkan\u0131 \u00e7\u0131kard\u0131. Jel\u00fc Jelev (1990 -1997) ve Pet\u0131r Stoyanov (1997 \u2013 2002); iki de h\u00fck\u00fcmet kurdular. Filip Dimitrov h\u00fck\u00fcmeti (1991-1992)\u00a0 ve Ba\u015fbakan \u0130van Kostov h\u00fck\u00fcmeti (1997-2001).<\/p>\n<p>G\u00fcn\u00fcm\u00fczde<strong> \u201cA\u00e7\u0131kl\u0131k ve Yeniden Yap\u0131lanma Kul\u00fcb\u00fcnden\u201d <\/strong>iz bile kalmad\u0131\u011f\u0131 gibi, <strong>Demokratik G\u00fc\u00e7ler Birli\u011fi\u2019nin de (CDC) <\/strong>mecliste sandalyesi yoktur.<\/p>\n<p>Bulgaristan kom\u00fcnist totaliter d\u00fczen le\u015fini mumyalamay\u0131 ba\u015farm\u0131\u015f ve memleketimizin yeniden yap\u0131lanarak demokratikle\u015fmesini ve yeni bir uygarl\u0131\u011fa do\u011fru ad\u0131mlamas\u0131n\u0131 engellemi\u015ftir. Bu b\u00fcy\u00fck kavgay\u0131 ba\u015flatan T\u00fcrkler ise oyun d\u0131\u015f\u0131na itilmi\u015ftir. \u201c<strong>Banya<\/strong>\u201d muhtarl\u0131\u011f\u0131nda BSP y\u00f6netimini kar\u015f\u0131lamaya M\u00fcsl\u00fcmanlardan giden olmam\u0131\u015ft\u0131r. Yerli halk ile idarecilerin veya idareye muhalefet edenleri aras\u0131n tamamen a\u00e7\u0131lm\u0131\u015f, temas yoktur. Eskiden de b\u00f6yleydi.<\/p>\n<p>Hi\u00e7 bir \u015fey beklendi\u011fi gibi olmad\u0131.<\/p><div id=\"bghab-270481566\" class=\"bghab-icerik-icine-30-paragraf bghab-entity-placement\"><script async src=\"\/\/pagead2.googlesyndication.com\/pagead\/js\/adsbygoogle.js?client=ca-pub-6203283170189293\" crossorigin=\"anonymous\"><\/script><ins class=\"adsbygoogle\" style=\"display:block; text-align:center;\" data-ad-client=\"ca-pub-6203283170189293\" \ndata-ad-slot=\"7303146466\" \ndata-ad-layout=\"in-article\"\ndata-ad-format=\"fluid\" data-full-width-responsive=\"true\"><\/ins>\n<script> \n(adsbygoogle = window.adsbygoogle || []).push({}); \n<\/script>\n<\/div>\n<p>Olaylar\u0131 izlemeye devam ediyoruz.<\/p>\n<p>Havada se\u00e7im kokusu var.<\/p>\n<p>Okuyun ve payla\u015f\u0131n\u0131z.<\/p>\n<p>Bizi izlemeye devam edin.<\/p>\n<div id=\"bghab-2798649731\" class=\"bghab-yazi-altinda bghab-entity-placement\"><script async src=\"https:\/\/pagead2.googlesyndication.com\/pagead\/js\/adsbygoogle.js\"><\/script>\r\n<!-- bghaber-yaz\u0131-sonu -->\r\n<ins class=\"adsbygoogle\"\r\n     style=\"display:block\"\r\n     data-ad-client=\"ca-pub-6203283170189293\"\r\n     data-ad-slot=\"4222328180\"\r\n     data-ad-format=\"auto\"\r\n     data-full-width-responsive=\"true\"><\/ins>\r\n<script>\r\n     (adsbygoogle = window.adsbygoogle || []).push({});\r\n<\/script><\/div><br style=\"clear: both; display: block; float: none;\"\/>","protected":false},"excerpt":{"rendered":"<p>Tarih: 03 Kas\u0131m 2018 Yazan: Nedim AKIN Konu: Armut dal\u0131n\u0131n dibine d\u00fc\u015fer. &nbsp; Bulgaristan\u2019\u0131n gelecek g\u00f6r\u00fcn\u00fcm\u00fcn\u00fc halka a\u00e7\u0131klamak amac\u0131yla yola \u00e7\u0131kan Bulgaristan Sosyalist Partisi (BSP)<\/p>\n","protected":false},"author":13,"featured_media":31679,"comment_status":"closed","ping_status":"closed","sticky":false,"template":"","format":"standard","meta":{"advanced_seo_description":"","jetpack_seo_html_title":"","jetpack_seo_noindex":false,"jetpack_seo_schema_type":"","_jetpack_newsletter_access":"","_jetpack_dont_email_post_to_subs":false,"_jetpack_newsletter_tier_id":0,"_jetpack_memberships_contains_paywalled_content":false,"_jetpack_feature_clip_id":0,"_jetpack_memberships_contains_paid_content":false,"footnotes":"","jetpack_post_was_ever_published":false},"categories":[6],"tags":[],"class_list":["post-32663","post","type-post","status-publish","format-standard","has-post-thumbnail","hentry","category-yorum"],"jetpack_sharing_enabled":true,"jetpack_likes_enabled":true,"jetpack-related-posts":[],"jetpack_shortlink":"https:\/\/wp.me\/pc2PfJ-8uP","jetpack_featured_media_url":"https:\/\/i0.wp.com\/www.bghaber.org\/bghaber\/wp-content\/uploads\/2018\/07\/nedim-akin.jpg?fit=210%2C300&ssl=1","_links":{"self":[{"href":"https:\/\/www.bghaber.org\/bghaber\/wp-json\/wp\/v2\/posts\/32663","targetHints":{"allow":["GET"]}}],"collection":[{"href":"https:\/\/www.bghaber.org\/bghaber\/wp-json\/wp\/v2\/posts"}],"about":[{"href":"https:\/\/www.bghaber.org\/bghaber\/wp-json\/wp\/v2\/types\/post"}],"author":[{"embeddable":true,"href":"https:\/\/www.bghaber.org\/bghaber\/wp-json\/wp\/v2\/users\/13"}],"replies":[{"embeddable":true,"href":"https:\/\/www.bghaber.org\/bghaber\/wp-json\/wp\/v2\/comments?post=32663"}],"version-history":[{"count":0,"href":"https:\/\/www.bghaber.org\/bghaber\/wp-json\/wp\/v2\/posts\/32663\/revisions"}],"wp:featuredmedia":[{"embeddable":true,"href":"https:\/\/www.bghaber.org\/bghaber\/wp-json\/wp\/v2\/media\/31679"}],"wp:attachment":[{"href":"https:\/\/www.bghaber.org\/bghaber\/wp-json\/wp\/v2\/media?parent=32663"}],"wp:term":[{"taxonomy":"category","embeddable":true,"href":"https:\/\/www.bghaber.org\/bghaber\/wp-json\/wp\/v2\/categories?post=32663"},{"taxonomy":"post_tag","embeddable":true,"href":"https:\/\/www.bghaber.org\/bghaber\/wp-json\/wp\/v2\/tags?post=32663"}],"curies":[{"name":"wp","href":"https:\/\/api.w.org\/{rel}","templated":true}]}}