{"id":3262,"date":"2013-07-03T15:57:07","date_gmt":"2013-07-03T12:57:07","guid":{"rendered":"http:\/\/bghaber.org\/bghaber\/?p=3262"},"modified":"2019-07-18T23:44:26","modified_gmt":"2019-07-18T21:44:26","slug":"anadolu-universitesi-senfoni-orkestrasi-bulgaristanda","status":"publish","type":"post","link":"https:\/\/www.bghaber.org\/bghaber\/anadolu-universitesi-senfoni-orkestrasi-bulgaristanda\/","title":{"rendered":"Anadolu \u00dcniversitesi Senfoni Orkestras\u0131 Bulgaristan&#8217;da"},"content":{"rendered":"<p>Balkanlar&#8217;a do\u011fru a\u00e7\u0131l\u0131ma ba\u015flayan Anadolu \u00dcniversitesi, 78 ki\u015filik senfoni orkestras\u0131 ile Bulgairstan&#8217;a konuk olarak Filibe ve ba\u015fkent Sofya&#8217;da iki konser verdi. Hayata A\u015f\u0131k Balkanlar Projesi kapsam\u0131nda 17 g\u00fcnl\u00fck turneye ba\u015flayan orkestra, Filibe&#8217;nin Antik Tiyatrosu&#8217;nda sahne alan ilk konserinden sonra Sofya&#8217;ya ge\u00e7erek, Bulgaristan Ulusal Radyosu&#8217;nun (BNR) salonunda klasik m\u00fczi\u011fini \u00e7e\u015fitli eserlerini sundu.<!--more--><br \/>\n<a href=\"https:\/\/i0.wp.com\/bghaber.org\/bghaber\/wp-content\/uploads\/2013\/07\/anadolu-univ-senfoni-ork-bulgaristanda.jpg\"><img data-recalc-dims=\"1\" loading=\"lazy\" decoding=\"async\" class=\"alignright size-medium wp-image-3263\" alt=\"anadolu-univ-senfoni-ork-bulgaristanda\" src=\"https:\/\/i0.wp.com\/bghaber.org\/bghaber\/wp-content\/uploads\/2013\/07\/anadolu-univ-senfoni-ork-bulgaristanda-300x198.jpg?resize=300%2C198\" width=\"300\" height=\"198\" \/><\/a><br \/>\n\u00dcniversite&#8217;nin Rekt\u00f6r Yard\u0131mc\u0131s\u0131 Prof. Dr. Naci G\u00fcndo\u011fan, AA&#8217;ya yapt\u0131\u011f\u0131 a\u00e7\u0131klamada 8 ay \u00f6nce Balkan \u00fclkelerinde bir m\u00fczik turu yapmaya karar verdiklerini belirtti.<\/p>\n<p>Prof. Dr. Naci G\u00fcndo\u011fan, &#8220;Bundan iki y\u0131l \u00f6nce \u00fcniversite olarak Makedonya ve Kosova&#8217;da e\u011fitime ba\u015flad\u0131k. \u015eimdi e\u011fitimin yan\u0131na m\u00fczi\u011fi da getirmeye karar verdik. \u00d6zel \u00f6nem verdi\u011fimiz Balkanlar&#8217;da 6 \u00fclkede 7 konser d\u00fczenlemeyi planl\u0131yoruz. Tam 17 g\u00fcn s\u00fcrecek turnemize 78&#8217;i senfoni Orkestra \u00fcyesi olmak \u00fczere 102 ki\u015filik bir ekip kat\u0131l\u0131yor&#8221; dedi.<\/p>\n<p>Anadolu \u00dcniversitesi Devlet Konservatuar\u0131 M\u00fcd\u00fcr\u00fc Prof. B\u00fclent Alaner de AA&#8217;ya projenin sevgi ve dostluk mesaj\u0131 ile s\u00fcrd\u00fcr\u00fcld\u00fc\u011f\u00fcn\u00fc belirterek, &#8220;B\u00fcy\u00fck bir hayalimizi ger\u00e7ekle\u015fmek \u00fczere 3 bin 500 kilometrelik g\u00fczergah\u0131 ge\u00e7erek konserler verece\u011fiz&#8221; dedi.<\/p>\n<p>Projeye destek veren T\u00fcrkiye D\u0131\u015fi\u015fleri Bakanl\u0131\u011f\u0131 ve ziyaret edecekleri t\u00fcm \u00fclkelerdeki b\u00fcy\u00fckel\u00e7i ve konsoloslar\u0131n organizasyon yard\u0131m\u0131 i\u00e7in te\u015fekk\u00fcr eden Alaner, 1 Temmuz&#8217;da Filibe&#8217;de d\u00fczenlenen ilk konserin b\u00fcy\u00fck bir ilgi g\u00f6rd\u00fc\u011f\u00fcn\u00fc kaydetti.<\/p>\n<p>Orkestra \u015eefi Hakan \u015eensoy ve piyano solisti Toros Can&#8217;\u0131n kat\u0131l\u0131m\u0131yla Sofya&#8217;da d\u00fczenlenen konserde Bulgar besteci Pan\u00e7o Vladigerov&#8217;un &#8220;Vardar Rapsodi&#8221;, \u015eostakovi\u00e7&#8217;in &#8220;2&#8217;inci piyano kon\u00e7ertosu&#8221;, U.C. Erkin&#8217;in &#8220;K\u00f6\u00e7ek\u00e7e&#8221; ve George Bizet&#8217;in &#8220;Carmen&#8221; operas\u0131ndan 6 b\u00f6l\u00fcm sunuldu.<\/p><div id=\"bghab-2651372143\" class=\"bghab-icerik-icine bghab-entity-placement\"><script async src=\"\/\/pagead2.googlesyndication.com\/pagead\/js\/adsbygoogle.js?client=ca-pub-6203283170189293\" crossorigin=\"anonymous\"><\/script><ins class=\"adsbygoogle\" style=\"display:block; text-align:center;\" data-ad-client=\"ca-pub-6203283170189293\" \ndata-ad-slot=\"7303146466\" \ndata-ad-layout=\"in-article\"\ndata-ad-format=\"fluid\" data-full-width-responsive=\"true\"><\/ins>\n<script> \n(adsbygoogle = window.adsbygoogle || []).push({}); \n<\/script>\n<\/div>\n<p>Se\u00e7kin Bulgar sanat severlerin izledi\u011fi konserde sanat\u00e7\u0131lar dakikalarca ayakta alk\u0131\u015fland\u0131.<\/p>\n<div id=\"bghab-3950623799\" class=\"bghab-yazi-altinda bghab-entity-placement\"><script async src=\"https:\/\/pagead2.googlesyndication.com\/pagead\/js\/adsbygoogle.js\"><\/script>\r\n<!-- bghaber-yaz\u0131-sonu -->\r\n<ins class=\"adsbygoogle\"\r\n     style=\"display:block\"\r\n     data-ad-client=\"ca-pub-6203283170189293\"\r\n     data-ad-slot=\"4222328180\"\r\n     data-ad-format=\"auto\"\r\n     data-full-width-responsive=\"true\"><\/ins>\r\n<script>\r\n     (adsbygoogle = window.adsbygoogle || []).push({});\r\n<\/script><\/div><br style=\"clear: both; display: block; float: none;\"\/>","protected":false},"excerpt":{"rendered":"<p>Balkanlar&#8217;a do\u011fru a\u00e7\u0131l\u0131ma ba\u015flayan Anadolu \u00dcniversitesi, 78 ki\u015filik senfoni orkestras\u0131 ile Bulgairstan&#8217;a konuk olarak Filibe ve ba\u015fkent Sofya&#8217;da iki konser verdi. Hayata A\u015f\u0131k Balkanlar Projesi<\/p>\n","protected":false},"author":29,"featured_media":3263,"comment_status":"closed","ping_status":"closed","sticky":false,"template":"","format":"standard","meta":{"advanced_seo_description":"","jetpack_seo_html_title":"","jetpack_seo_noindex":false,"jetpack_seo_schema_type":"","_jetpack_newsletter_access":"","_jetpack_dont_email_post_to_subs":false,"_jetpack_newsletter_tier_id":0,"_jetpack_memberships_contains_paywalled_content":false,"_jetpack_feature_clip_id":0,"_jetpack_memberships_contains_paid_content":false,"footnotes":"","jetpack_post_was_ever_published":false},"categories":[10],"tags":[30],"class_list":["post-3262","post","type-post","status-publish","format-standard","has-post-thumbnail","hentry","category-kultur-sanat","tag-bulgaristan"],"jetpack_sharing_enabled":true,"jetpack_likes_enabled":true,"jetpack-related-posts":[],"jetpack_shortlink":"https:\/\/wp.me\/pc2PfJ-QC","jetpack_featured_media_url":"https:\/\/i0.wp.com\/www.bghaber.org\/bghaber\/wp-content\/uploads\/2013\/07\/anadolu-univ-senfoni-ork-bulgaristanda.jpg?fit=600%2C397&ssl=1","_links":{"self":[{"href":"https:\/\/www.bghaber.org\/bghaber\/wp-json\/wp\/v2\/posts\/3262","targetHints":{"allow":["GET"]}}],"collection":[{"href":"https:\/\/www.bghaber.org\/bghaber\/wp-json\/wp\/v2\/posts"}],"about":[{"href":"https:\/\/www.bghaber.org\/bghaber\/wp-json\/wp\/v2\/types\/post"}],"author":[{"embeddable":true,"href":"https:\/\/www.bghaber.org\/bghaber\/wp-json\/wp\/v2\/users\/29"}],"replies":[{"embeddable":true,"href":"https:\/\/www.bghaber.org\/bghaber\/wp-json\/wp\/v2\/comments?post=3262"}],"version-history":[{"count":0,"href":"https:\/\/www.bghaber.org\/bghaber\/wp-json\/wp\/v2\/posts\/3262\/revisions"}],"wp:featuredmedia":[{"embeddable":true,"href":"https:\/\/www.bghaber.org\/bghaber\/wp-json\/wp\/v2\/media\/3263"}],"wp:attachment":[{"href":"https:\/\/www.bghaber.org\/bghaber\/wp-json\/wp\/v2\/media?parent=3262"}],"wp:term":[{"taxonomy":"category","embeddable":true,"href":"https:\/\/www.bghaber.org\/bghaber\/wp-json\/wp\/v2\/categories?post=3262"},{"taxonomy":"post_tag","embeddable":true,"href":"https:\/\/www.bghaber.org\/bghaber\/wp-json\/wp\/v2\/tags?post=3262"}],"curies":[{"name":"wp","href":"https:\/\/api.w.org\/{rel}","templated":true}]}}