{"id":32190,"date":"2018-09-04T19:36:41","date_gmt":"2018-09-04T16:36:41","guid":{"rendered":"http:\/\/www.bghaber.org\/bghaber\/?p=32190"},"modified":"2018-09-04T19:36:41","modified_gmt":"2018-09-04T16:36:41","slug":"kurtlar-sofralari","status":"publish","type":"post","link":"https:\/\/www.bghaber.org\/bghaber\/kurtlar-sofralari\/","title":{"rendered":"Kurtlar Sofralar\u0131"},"content":{"rendered":"<p>Tarih: 04 Eyl\u00fcl 2018<\/p>\n<p>Yazan: Dr. Nedim B\u0130R\u0130NC\u0130<\/p>\n<p>Konu:<strong> Bulgaristan\u2019da sistem de\u011fi\u015fikli\u011fi kap\u0131da<\/strong><\/p>\n<p><strong>\u00a0<\/strong><\/p>\n<p><strong>Bulgar politik mafyas\u0131n\u0131n do\u011fu\u015fu<\/strong><\/p>\n<p>Bundan 24 y\u0131l \u00f6nce 80. Bulgar h\u00fck\u00fcmeti d\u00fc\u015ft\u00fc. Ba\u015fbakan Prof. L\u00fcben Berov taraf\u0131ndan kurulup (1992 \u2013 1994) y\u00f6netilen bakanlar kurulu, III. Bulgar devleti tarihindeki ilk M\u00fcsl\u00fcman T\u00fcrk partisi olan Hak ve \u00d6zg\u00fcrl\u00fckler Hareketi\u2019nin (H\u00d6H) h\u00fck\u00fcmet kurma s\u00fcresi i\u00e7inde olu\u015fturulmu\u015f, Bulgaristan Sosyalist Partisi (BSP) \u2013DPS aras\u0131ndaki ilk ortakl\u0131kt\u0131.<\/p><div id=\"bghab-2918434015\" class=\"bghab-icerik-icine bghab-entity-placement\"><script async src=\"\/\/pagead2.googlesyndication.com\/pagead\/js\/adsbygoogle.js?client=ca-pub-6203283170189293\" crossorigin=\"anonymous\"><\/script><ins class=\"adsbygoogle\" style=\"display:block; text-align:center;\" data-ad-client=\"ca-pub-6203283170189293\" \ndata-ad-slot=\"7303146466\" \ndata-ad-layout=\"in-article\"\ndata-ad-format=\"fluid\" data-full-width-responsive=\"true\"><\/ins>\n<script> \n(adsbygoogle = window.adsbygoogle || []).push({}); \n<\/script>\n<\/div>\n<p>O y\u0131llar\u0131n en g\u00fc\u00e7l\u00fc siyasi birli\u011fi olan Demokratik G\u00fc\u00e7ler Birli\u011fi (CDC) Berov kabinesinin devirmek amac\u0131yla 6 defa gensoru vermi\u015fti. Olu\u015fmakta olan siyasi mafya taraf\u0131ndan da desteklenen kabinede, bug\u00fcn de devam eden BSP-DPS ortakl\u0131\u011f\u0131 olu\u015ftu ve peki\u015fti.<\/p>\n<p>Bulgar politik g\u00f6zlemcilerine g\u00f6re, Berov iktidar\u0131, <strong>Bulgar oligar\u015fisini ve politikac\u0131lar, i\u015f \u00e7evreleri ve gizli servisler aras\u0131ndaki ba\u011flar\u0131 mayalad\u0131.<\/strong><\/p>\n<p>Siyasi yorumcular, o zaman<strong> Moskova \u201cBerov\u201d adl\u0131 ajan\u0131n\u0131 iktidardan indirdi ve \u201cReneta \u0130njova\u201d adl\u0131 Bayan ajan\u0131 ge\u00e7ici Bulgar kabinesine ba\u015fbakan atad\u0131,\u201d diye yazm\u0131\u015ft\u0131. <\/strong><\/p>\n<p>Bug\u00fcnk\u00fc yorumlar ise \u015f\u00f6yle<strong> \u201cB\u00f6ylece, Moskova bir kez daha olmak \u00fczere Bulgaristan\u2019daki durumu kay\u0131ts\u0131z \u015farts\u0131z kontrol alt\u0131nda tutu\u011funu defalarca kan\u0131tlam\u0131\u015f oldu. Ba\u015fbakan Jan Videnov, \u0130van Kostov, Smeyon Saks Koburg Gotski ve Stani\u015fev hep onlar\u0131n adam\u0131yd\u0131. 10 y\u0131ldan beri Ba\u015fbakan olan Boyko Borisov da ayn\u0131 uydu siyaseti izliyor.\u201d<\/strong><\/p>\n<p>Son 20-25 y\u0131lda \u00fclkede totaliter kom\u00fcnist d\u00fczen kal\u0131nt\u0131lar\u0131 \u2013 devletin kolluk kuvvetlerinde g\u00f6rev yapm\u0131\u015f, gizli istihbaratta \u00e7al\u0131\u015fm\u0131\u015f, ekonomik ve sosyal imk\u00e2nlar\u0131n devlet ve kamu elinden \u00f6zel sekt\u00f6rde belirli ki\u015filerin eline ge\u00e7mesini ger\u00e7ekle\u015ftirmi\u015f ve yerli ve yabanc\u0131 mali oligar\u015fi ve mafya ile b\u00fct\u00fcnle\u015fmi\u015f ki\u015filerin &#8211; toplam 100 aile &#8211; eline ge\u00e7mesini sa\u011flad\u0131.<\/p><div id=\"bghab-976623062\" class=\"bghab-icerik-icine-10-paragraf bghab-entity-placement\"><script async src=\"\/\/pagead2.googlesyndication.com\/pagead\/js\/adsbygoogle.js?client=ca-pub-6203283170189293\" crossorigin=\"anonymous\"><\/script><ins class=\"adsbygoogle\" style=\"display:block; text-align:center;\" data-ad-client=\"ca-pub-6203283170189293\" \ndata-ad-slot=\"7303146466\" \ndata-ad-layout=\"in-article\"\ndata-ad-format=\"fluid\" data-full-width-responsive=\"true\"><\/ins>\n<script> \n(adsbygoogle = window.adsbygoogle || []).push({}); \n<\/script>\n<\/div>\n<p>24 y\u0131l\u0131ndan beri bu mafya \u2013 oligar\u015fi k\u00fctlesi hem Bulgaristan\u2019\u0131n var\u0131n\u0131 yo\u011funu soydu, hem de Avrupa Birli\u011fi (AB) fonlar\u0131ndan gelen paralara el att\u0131. Bu talan olay\u0131nda (siyasi mafya grubu) BSP \u2013 GERB ve H\u00d6H parti y\u00f6netimi birbirine kenetlendiler. Olaya bir a\u011fa\u00e7 gibi bakt\u0131\u011f\u0131m\u0131zda, tac\u0131nda GERB, etraf dallar\u0131nda da BSP ve H\u00d6H y\u00f6netiminin salland\u0131\u011f\u0131n\u0131 g\u00f6r\u00fcr\u00fcz.<\/p>\n<p>2017\u2019nin Mart se\u00e7imlerinde, demokratik ortamda siyasi b\u00fcnyede hi\u00e7 birinin yeri olmamas\u0131 gereken s\u00f6zde \u201c<strong>Yurtsever Cephe<\/strong>\u201d de birle\u015fen 3 a\u015f\u0131r\u0131 milliyet\u00e7i Bulgar partisi de iktidar a\u011fac\u0131nda dal budak sald\u0131.<\/p>\n<p>\u015eimdiki durumun ad\u0131na \u00a0\u201c<strong>Kurtlar Sofras\u0131<\/strong>\u201d diyorum. Bu sofraya ancak ve yaln\u0131z davetliler oturabilir. Sofra ba\u015f\u0131 \u2013 ba\u015fbakan \u2013 bile davet edilenlerden biridir.\u00a0 Bulgar \u201c<strong>Kurtlar Sofras\u0131<\/strong>\u201d resmi olmayan ve resmi olmak \u00fczere, iki ayr\u0131 salonda bulunan iki sofrad\u0131r. \u015e\u00f6yle ki resmi olmayan sofradan beslenenler birbirini tan\u0131mayan ki\u015filerdir, onlar bir araya gelmezler, yedikleri ve i\u00e7tikleri, kulland\u0131klar\u0131 imtiyazlar <strong>kete ring sistemi <\/strong>usul\u00fcnce \u00f6rg\u00fctlenmi\u015ftir. Bunu benzetmeli hayal etti\u011fimizde, g\u00f6zlerimizin \u00f6n\u00fcne bir<strong> \u00fcz\u00fcm salk\u0131m\u0131 <\/strong>geliyor. Her \u00fcz\u00fcm tanesi kendi pay\u0131n\u0131 al\u0131yor, \u00f6teki tanelerin \u00f6z\u00fcmsedi\u011fi pay\u0131 bilmiyor, taraflar birbirinden hesap soram\u0131yor, denetim sistemi yok, olsa bile kimsenin tan\u0131mad\u0131\u011f\u0131, nerede oldu\u011fu, yetkilileri bilinmeyen \u201c<strong>\u00fcst ak\u0131l<\/strong>\u201d, \u201c<strong>kulis<\/strong>\u201d ya da \u201c<strong>perde arkas\u0131ndaki<\/strong>\u201d gizemli g\u00fc\u00e7ler taraf\u0131ndan y\u00f6netiliyor. Bu tabloda, ad\u0131 olan, hayal edebildi\u011fimiz ama g\u00f6zle g\u00f6remedi\u011fimiz \u201c<strong>Gizli Kurtlar Sofras\u0131, asl\u0131nda bir k\u00f6r sofrad\u0131r.<\/strong>\u201d Bu sofrada halen BSP ve H\u00d6H partileri de yer al\u0131yor.<\/p>\n<p>Bulgaristan Bakanlar Kurulu\u2019nun elektronik donat\u0131ml\u0131, l\u00fcks koltuklu elips masas\u0131 <strong>resmi \u201cKurtlar Sofras\u0131<\/strong>\u201d d\u0131r.\u00a0 Bu k\u00f6r sofrada 2017 May\u0131s\u0131ndan beri GERB partisi ile ortakl\u0131k kuran sol ve sa\u011f a\u015f\u0131r\u0131 milliyet\u00e7i 3 siyasi parti y\u00f6neticileri, bakanlar\u0131 ve milletvekilleri yer al\u0131yor. Avrupa Konseyi bu 3 a\u015f\u0131r\u0131 milliyet\u00e7i partinin \u00fc\u00e7\u00fcne de \u201c<strong>fa\u015fist<\/strong>\u201d dedi. Fakat Br\u00fcksel\u2019den gelen her buluttan sanki bize ya\u011fmur d\u00fc\u015fm\u00fcyor. \u0130stedikleri buluttan ra\u011fmen ya\u011f\u0131yor, be\u011fenmedikleri bulutlar\u0131 ise f\u00fcze f\u0131rlat\u0131p da\u011f\u0131t\u0131yoruz.<\/p>\n<p>\u00d6rne\u011fin, memleketimizdeki az\u0131nl\u0131klar\u0131n e\u011fitim, sa\u011fl\u0131k, k\u00fclt\u00fcrel haklar\u0131n\u0131n tan\u0131nmas\u0131, hatta etnik az\u0131nl\u0131klar\u0131m\u0131za \u201c<strong>k\u00fclt\u00fcrel otonomi<\/strong>\u201d hakk\u0131n\u0131n tan\u0131nmas\u0131 gibi 1985 Helsinki Senedinden beri Bulgaristan\u2019\u0131n da imza alt\u0131na ald\u0131\u011f\u0131 insan haklar\u0131na, etnik az\u0131nl\u0131k haklar\u0131na ili\u015fkin t\u00fcm uluslararas\u0131 anla\u015fmalar\u0131 bir yolu bulunun \u201c<strong>K\u00f6r sofrada<\/strong>\u201d uyum sa\u011flanarak hep rafa kald\u0131r\u0131ld\u0131. 2004\u2019te NATO\u2019ya, 2007\u2019de AB\u2019ye girerken de Bulgaristan\u2019dan insan haklar\u0131 ve etnik haklar\u0131n tan\u0131nmas\u0131nda problem yoktur senedi (Deklarasyonu) sunuldu ve sanki sorun \u201c<strong>\u00e7\u00f6z\u00fcld\u00fc<\/strong>.\u201d 29 y\u0131ldan beri s\u00fcregelen su gizemli s\u00fcre\u00e7lerde, memleketimizde insan haklar\u0131n\u0131n ve az\u0131nl\u0131klar\u0131n e\u011fitim ve k\u00fclt\u00fcrel haklar\u0131n\u0131n tan\u0131nmas\u0131n\u0131n engellenmesinde H\u00d6H fahri ba\u015fkan\u0131, \u201cgizli kurtlar sofras\u0131n\u0131n daimi \u00fcyesi\u201d Bulgaristan halk\u0131n\u0131n milli \u00e7\u0131karlar\u0131na ihanet edenler listesinde birinci yerde yer alan Ahmet Do\u011fan\u2019\u0131n tavr\u0131 ve tutumu y\u0131k\u0131c\u0131 ve yok edici oldu. 22 y\u0131l Sofya meclisinde H\u00d6H meclis grubu ba\u015fkanl\u0131\u011f\u0131 yapan, sonunda birka\u00e7 y\u0131l H\u00d6H Genel Ba\u015fkanl\u0131\u011f\u0131 da yapan, \u015fimdiki DOST Genel Ba\u015fkan\u0131 L\u00fctfi Mestan\u2019\u0131n ve baz\u0131 milletvekilleri ile partinin siyasi y\u00f6netiminde s\u00f6z sahibi olan baz\u0131 ki\u015filerin halk\u0131m\u0131z\u0131n y\u00fcz\u00fcne g\u00fcl suyu s\u0131kma, g\u00f6z\u00fcne de k\u00fcl atma isindeki rolleri \u00e7ok b\u00fcy\u00fck olmu\u015ftur. Bu \u00fcyelerin ve vekillerin hepsinin isimleri ve Gizli Kurtlar Sofras\u0131ndaki rolleri biliniyor, zaman\u0131 geldi\u011finde a\u00e7\u0131klanacak ve halk\u0131m\u0131za duyurulacakt\u0131r.<\/p><div id=\"bghab-4058535976\" class=\"bghab-icerik-icine-15-paragraf bghab-entity-placement\"><script async src=\"\/\/pagead2.googlesyndication.com\/pagead\/js\/adsbygoogle.js?client=ca-pub-6203283170189293\" crossorigin=\"anonymous\"><\/script><ins class=\"adsbygoogle\" style=\"display:block; text-align:center;\" data-ad-client=\"ca-pub-6203283170189293\" \ndata-ad-slot=\"7303146466\" \ndata-ad-layout=\"in-article\"\ndata-ad-format=\"fluid\" data-full-width-responsive=\"true\"><\/ins>\n<script> \n(adsbygoogle = window.adsbygoogle || []).push({}); \n<\/script>\n<\/div>\n<p>Konumuza devam edelim: Bulgaristan\u2019\u0131n imzalad\u0131\u011f\u0131 ve uygulamak zorunda oldu\u011fu uluslararas\u0131 anla\u015fmalar\u0131 \u2013 1945\u2019te imzalanan fa\u015fist \u00f6rg\u00fctlerin kesin yasaklanmas\u0131 ve yenilerinin kurulmas\u0131n\u0131 yasaklama anla\u015fmas\u0131n\u0131 -uygulamama yollar\u0131 hep Gizli Kurtlar Sofras\u0131nda kar\u015f\u0131l\u0131kl\u0131 pasla\u015fmalarla bulunmu\u015ftur. Bizdeki fa\u015fist g\u00fc\u00e7lerin \u015fimdiki slogan\u0131 \u201c<strong>Bulgaristan Her \u015feyin \u00dczerinde<\/strong>!\u201d dir. Bu bir Nazi slogan\u0131d\u0131r. \u015eefleri olan Ba\u015fbakan Yard\u0131mc\u0131s\u0131 Valeri Simyonov, Meclis k\u00fcrs\u00fcs\u00fcnde sa\u011f kolunu kald\u0131rmaya ba\u015flad\u0131. Bu da y\u00fczs\u00fczl\u00fc\u011f\u00fcn \u00e7elengi oldu.<\/p>\n<p>Gizli k\u00f6r sofra pasla\u015fmalarda halk\u0131m\u0131z lehinde hi\u00e7bir i\u015f g\u00f6r\u00fclmemi\u015f, sadece ki\u015fisel avanta da\u011f\u0131t\u0131m\u0131 yap\u0131lm\u0131\u015ft\u0131r. \u00d6rne\u011fin son pasla\u015fmada V. Simyonov\u2019a Turizm Bakanl\u0131\u011f\u0131 da vaat edilirken, A. Do\u011fan\u2019a da \u00c7evre Bakanl\u0131\u011f\u0131ndan \u201c<strong>dere diplerinin temizlenmesi<\/strong>\u201d tesis edilmi\u015f ve banka hesab\u0131na 500 000 000 (be\u015f y\u00fcz milyon) leva havale edilmi\u015ftir. Bu para i\u00e7in A. Do\u011fan Bulgaristan T\u00fcrklerinin hak ve \u00f6zg\u00fcrl\u00fcklerini istemeyeceklerini ipotek etmi\u015ftir. AB raporlar\u0131nda Bulgaristan 28 \u00fcye devlet aras\u0131nda dalavereci, r\u00fc\u015fvet\u00e7i bir devlet olarak g\u00f6sterilse de, tedbir al\u0131nmam\u0131\u015f, r\u00fc\u015fvet kanallar\u0131 t\u0131kanmam\u0131\u015ft\u0131r. Tutuklanan, yarg\u0131lanan, i\u00e7eri giren, cezaland\u0131r\u0131lan vs olmam\u0131\u015ft\u0131r.<\/p>\n<p>Bulgar h\u00fck\u00fcmeti, besbelli i\u015fine gelmedi\u011fi i\u00e7in, \u201c<strong>Ataka<\/strong>\u201d, \u0130\u00e7 Makedon Devrim \u00d6rg\u00fct\u00fc\u201d \u2013 VMRO ve \u201c<strong>Bulgaristan\u2019\u0131 Kurtaral\u0131m Cephesi<\/strong>\u201d fa\u015fist partilerini ve onlar\u0131n erken se\u00e7im ortakl\u0131\u011f\u0131 yaparak 2016\u2019da olu\u015fturdu\u011fu \u201c<strong>Yurtsever Cepheyi<\/strong>\u201d yasaklanmad\u0131, onlar da\u011f\u0131t\u0131lmad\u0131, savc\u0131l\u0131k felakete gidi\u015fi g\u00f6rmezlikten geliyor. \u201c<strong>Bizi sokmayan y\u0131lan bin ya\u015fas\u0131n<\/strong>\u201d form\u00fcl\u00fc uygulan\u0131yor. Asl\u0131nda Bulgar a\u015f\u0131r\u0131 milliyet\u00e7i, Nazi kafal\u0131 koflar\u0131 ve fa\u015fistlerin oligar\u015fi ve mafyaya sanki direk zarar\u0131 yok. Buradaki mant\u0131k \u015fudur. Bir a\u011fac\u0131n alt dallar\u0131 ta\u00e7 olamaz. \u0130ktidar bu dallar\u0131n \u00f6ncelikle M\u00fcsl\u00fcman T\u00fcrklere zarar\u0131 dokundu\u011funu d\u00fc\u015f\u00fcnerek, g\u00f6rmezden geliyor ve b\u00fcy\u00fcmelerini \u00f6zendiriyor.<\/p>\n<p>2018\u2019in ilk yar\u0131s\u0131nda Bulgaristan anayasa ve yasa d\u0131\u015f\u0131, hi\u00e7 kimsenin duyup okumad\u0131\u011f\u0131 kurallarla y\u00f6netildi. Daha 1 Ocak 2018 sabah\u0131 Ba\u015fbakan Borisov vites de\u011fi\u015ftirdi ve \u201c<strong>otoriter<\/strong>\u201d y\u00f6netim \u2013 kanun d\u0131\u015f\u0131 yollardan ve usullerle tek ki\u015filik y\u00f6netim &#8211;\u00a0 uygulamaya ba\u015flad\u0131. \u0130zlenime g\u00f6re, o hazne, devlet b\u00fct\u00e7esi ve maliye bakanl\u0131\u011f\u0131n\u0131n kasa anahtarlar\u0131n\u0131 toplad\u0131 ve cebine soktu. Bizdeki yasalara g\u00f6re,\u00a0 ba\u015fbakan\u0131n b\u00fct\u00e7e d\u0131\u015f\u0131 \u2013 \u00f6rt\u00fcl\u00fc \u00f6denek tipinden \u2013 \u00f6deme yapma veya para da\u011f\u0131tma hakk\u0131 yoktur. \u00d6yle ama meslekten bir itfaiyeci olan, Ba\u015fbakan B. Borisov duman \u00e7\u0131kan yere parayla yama yapt\u0131 ve yang\u0131nlar\u0131 s\u00f6nd\u00fcrd\u00fc. Harcanan paran\u0131n hakk\u0131 hesab\u0131 yok. Avrupa Konseyi toplant\u0131lar\u0131n\u0131 koruyan 3\u00a0500 polis de sofrada, konuklar (2\u00a0500 ki\u015fi) 6 ay sofradan kalkt\u0131 sofraya oturdu. Bu fatura da a\u00e7\u0131klanmad\u0131.<\/p>\n<p>A\u011fustos ay\u0131 tatil ay\u0131 iken ve devlet y\u00f6netiminin herhangi bir yerden duman \u00e7\u0131kmas\u0131n\u0131 beklemedi\u011fi g\u00fcnlerin birinde, Sofya &#8211; Svoge Karayolunda meydana gelen bir ara\u00e7 kaymas\u0131 sonucu 17 ki\u015finin hayat\u0131ndan olmas\u0131, resmi k\u00f6r sofrada oturanlardan, \u0130\u00e7i\u015fleri Bakan\u0131, Yerel Y\u00f6netim ve Bay\u0131nd\u0131rl\u0131k Bakan\u0131 ve Ta\u015f\u0131mac\u0131l\u0131k Bakan\u0131n\u0131n koltuklar\u0131nda s\u00f6zde \u201c<strong>g\u00f6n\u00fcll\u00fc<\/strong>\u201d kalkmalar\u0131na neden oldu. Ku\u015fkusuz bu karar\u0131 Ba\u015fbakan kendi ba\u015f\u0131na, kimseyle dan\u0131\u015fmadan ald\u0131. Ne ki, onun \u201cf<strong>a\u015fist<\/strong>\u201d \u00fc\u00e7l\u00fcyle ortakl\u0131k anla\u015fmas\u0131na g\u00f6re \u201c<strong>dan\u0131\u015fmadan<\/strong>\u201d bakan atama ya da kovma haklar\u0131 k\u0131s\u0131tl\u0131yd\u0131. Fa\u015fistlerin ba\u015f\u0131 olan Ba\u015fbakan Yard\u0131mc\u0131s\u0131 V. Simyonov \u2013 gerici g\u00fc\u00e7lerin aras\u0131nda en kuduz olan\u0131d\u0131r \u2013 \u201c<strong>Ortakl\u0131k Bozuldu<\/strong>\u201d dedi.<\/p><div id=\"bghab-3123664368\" class=\"bghab-icerik-icine-20-paragraf bghab-entity-placement\"><script async src=\"\/\/pagead2.googlesyndication.com\/pagead\/js\/adsbygoogle.js?client=ca-pub-6203283170189293\" crossorigin=\"anonymous\"><\/script><ins class=\"adsbygoogle\" style=\"display:block; text-align:center;\" data-ad-client=\"ca-pub-6203283170189293\" \ndata-ad-slot=\"7303146466\" \ndata-ad-layout=\"in-article\"\ndata-ad-format=\"fluid\" data-full-width-responsive=\"true\"><\/ins>\n<script> \n(adsbygoogle = window.adsbygoogle || []).push({}); \n<\/script>\n<\/div>\n<p>Ald\u0131\u011f\u0131 cevap \u2013Ortakl\u0131k bozulduysa kalk git olunca \u2013 gece g\u00fcnd\u00fcz indir bindir hesaplar\u0131 yap\u0131ld\u0131 ve \u201c<strong>yola devam<\/strong>\u201d karar\u0131 al\u0131nd\u0131. Yeni Bakanlar\u0131n isimleri gelecek hafta a\u00e7\u0131klanacak. Bulgar halk\u0131 bu i\u015fe getirdi\u011fi yorumlarda, <strong>zaman rak\u0131 kaynatma zaman\u0131d\u0131r, kazan alt\u0131 oca\u011fa o odunun yerine \u015fu odun un at\u0131lmas\u0131, durumu de\u011fi\u015ftirmez, \u00f6nemi olan kazan\u0131n alt\u0131 tutmas\u0131n, rak\u0131n\u0131n kokusu de\u011fi\u015fmesin<\/strong> dedi.<\/p>\n<p>Eski durumda yeni olan, 15 Profes\u00f6r\u00fcn Bulgaristan\u2019da k\u00f6kl\u00fc siyasi de\u011fi\u015fikler i\u00e7in bir referandum yaparak siyasi sistemi de\u011fi\u015ftirmek istemesidir. Ne ki bizim profes\u00f6rler emekli maa\u015flar\u0131na ve kendi maa\u015flar\u0131na % 100 zam yap\u0131lmas\u0131n\u0131 istemeyi bile unutmazken, k\u00f6kl\u00fc bir siyasi sistem de\u011fi\u015fikli\u011fi, anayasa de\u011fi\u015fikli\u011fi, se\u00e7im sistemi de\u011fi\u015fikli\u011fi derken k\u00f6kl\u00fc bir e\u011fitim ve sa\u011fl\u0131k sistemi yenilenmesi, temel insan haklar\u0131n\u0131n ve az\u0131nl\u0131k haklar\u0131n\u0131n tan\u0131nmas\u0131 gibi ana problemleri listeye almam\u0131\u015flar. BULT\u00dcRK olarak bizim mutlaka kendileriyle g\u00f6r\u00fc\u015fmemiz ve referanduma mektupla kat\u0131lma, d\u0131\u015f \u00fclkeden mektupla oy verme, bu halk oylamas\u0131na d\u0131\u015f \u00fclkelerdeki vatanda\u015flar\u0131n da y\u00fczde y\u00fcz kat\u0131lmas\u0131n\u0131n sa\u011flanmas\u0131n\u0131 garantileme, vatanda\u015fl\u0131k haklar\u0131m\u0131z\u0131n yenilenmesinde \u00f6ne s\u00fcr\u00fclen engellerin tamamen silinip at\u0131lmas\u0131 gibi isteklerimizi kendilerine iletmemiz ve uygulanmas\u0131 i\u00e7in yasal olanak sa\u011flanmas\u0131n\u0131 istememiz gerekecektir.<\/p>\n<p>Bu arada Cumhurba\u015fkan\u0131 Radev de h\u00fck\u00fcmet i\u00e7i de\u011fi\u015fikler ile ilgili son demecinde <strong>\u201cadaletsizlik\u201d, \u201cyoksulluk\u201d, kurals\u0131zl\u0131k\u201d ve \u201cdemografik \u00e7\u00f6k\u00fc\u015f\u201d <\/strong>var ve yeni bir se\u00e7ime girmemiz gerekiyor dedi.<\/p>\n<p>Bu arada Gizli K\u00f6r Sofrada ve Kurtlar Sofras\u0131nda tabaklar, tavalar inip kalk\u0131yor, marka viski dolu kadehlerle \u201c<strong>\u015eerefe\u201d<\/strong> diyenler bunal\u0131m\u0131n keyfini \u00e7\u0131kar\u0131yorlar.<\/p>\n<p><strong>Olaylar\u0131 bizimle birlikte izleyen usta \u015fairimiz \u015f\u00f6yle anlat\u0131yor.<\/strong><\/p><div id=\"bghab-1492970147\" class=\"bghab-icerik-icine-25-paragraf bghab-entity-placement\"><script async src=\"\/\/pagead2.googlesyndication.com\/pagead\/js\/adsbygoogle.js?client=ca-pub-6203283170189293\" crossorigin=\"anonymous\"><\/script><ins class=\"adsbygoogle\" style=\"display:block; text-align:center;\" data-ad-client=\"ca-pub-6203283170189293\" \ndata-ad-slot=\"7303146466\" \ndata-ad-layout=\"in-article\"\ndata-ad-format=\"fluid\" data-full-width-responsive=\"true\"><\/ins>\n<script> \n(adsbygoogle = window.adsbygoogle || []).push({}); \n<\/script>\n<\/div>\n<p><em>\u0130nsan\u0131 insan yapan de\u011ferler mahvoluyor!<br \/>\nHerkesi can\u0131m karde\u015f kabul eden sinemde<br \/>\nG\u00fcnlerdir onulmaz ac\u0131lar depolan\u0131yor!<br \/>\nSa\u011fc\u0131d\u0131r, solcudur, siyasi oyunlar bunlar<br \/>\nHangisi fukaraya el verdi s\u00f6ylesene!<\/em><\/p>\n<p><em>Dereler ak\u0131yor, ard\u0131nda kal\u0131yor kumlar<br \/>\nHayat hem dertsiz ge\u00e7iyor hal\u00e2 b\u00f6ylesine!<br \/>\nAc\u0131m budur dostlar, bir t\u00fcrl\u00fc insan olmad\u0131k<br \/>\nKocaman y\u00fcrek bizde de var diyelim art\u0131k!<br \/>\nKula kul olmay\u0131 tarihe h\u0131n\u00e7la f\u0131rlat\u0131p<br \/>\nGer\u00e7ek insanl\u0131k vasf\u0131n\u0131 giyelim art\u0131k!<\/em><\/p>\n<p>03.09.2018 \u2013 Silistre<br \/>\nNaim BAKO\u011eLU<\/p>\n<p>Bakal\u0131m g\u00f6relim.<br \/>\nL\u00fctfen payla\u015f\u0131n\u0131z.<\/p>\n<div id=\"bghab-1827860673\" class=\"bghab-yazi-altinda bghab-entity-placement\"><div class=\"bghab-adlabel\">Reklamlar<\/div><script async src=\"https:\/\/pagead2.googlesyndication.com\/pagead\/js\/adsbygoogle.js\"><\/script>\r\n<!-- bghaber-yaz\u0131-sonu -->\r\n<ins class=\"adsbygoogle\"\r\n     style=\"display:block\"\r\n     data-ad-client=\"ca-pub-6203283170189293\"\r\n     data-ad-slot=\"4222328180\"\r\n     data-ad-format=\"auto\"\r\n     data-full-width-responsive=\"true\"><\/ins>\r\n<script>\r\n     (adsbygoogle = window.adsbygoogle || []).push({});\r\n<\/script><\/div><br style=\"clear: both; display: block; float: none;\"\/>","protected":false},"excerpt":{"rendered":"<p>Tarih: 04 Eyl\u00fcl 2018 Yazan: Dr. Nedim B\u0130R\u0130NC\u0130 Konu: Bulgaristan\u2019da sistem de\u011fi\u015fikli\u011fi kap\u0131da \u00a0 Bulgar politik mafyas\u0131n\u0131n do\u011fu\u015fu Bundan 24 y\u0131l \u00f6nce 80. Bulgar h\u00fck\u00fcmeti<\/p>\n","protected":false},"author":13,"featured_media":8403,"comment_status":"closed","ping_status":"closed","sticky":false,"template":"","format":"standard","meta":{"advanced_seo_description":"","jetpack_seo_html_title":"","jetpack_seo_noindex":false,"_jetpack_memberships_contains_paid_content":false,"footnotes":""},"categories":[6],"tags":[],"class_list":["post-32190","post","type-post","status-publish","format-standard","has-post-thumbnail","hentry","category-yorum"],"jetpack_featured_media_url":"https:\/\/i0.wp.com\/www.bghaber.org\/bghaber\/wp-content\/uploads\/2013\/11\/nedim-birinci.jpg?fit=432%2C552&ssl=1","jetpack_sharing_enabled":true,"jetpack_likes_enabled":true,"jetpack-related-posts":[],"jetpack_shortlink":"https:\/\/wp.me\/pc2PfJ-8nc","_links":{"self":[{"href":"https:\/\/www.bghaber.org\/bghaber\/wp-json\/wp\/v2\/posts\/32190","targetHints":{"allow":["GET"]}}],"collection":[{"href":"https:\/\/www.bghaber.org\/bghaber\/wp-json\/wp\/v2\/posts"}],"about":[{"href":"https:\/\/www.bghaber.org\/bghaber\/wp-json\/wp\/v2\/types\/post"}],"author":[{"embeddable":true,"href":"https:\/\/www.bghaber.org\/bghaber\/wp-json\/wp\/v2\/users\/13"}],"replies":[{"embeddable":true,"href":"https:\/\/www.bghaber.org\/bghaber\/wp-json\/wp\/v2\/comments?post=32190"}],"version-history":[{"count":0,"href":"https:\/\/www.bghaber.org\/bghaber\/wp-json\/wp\/v2\/posts\/32190\/revisions"}],"wp:featuredmedia":[{"embeddable":true,"href":"https:\/\/www.bghaber.org\/bghaber\/wp-json\/wp\/v2\/media\/8403"}],"wp:attachment":[{"href":"https:\/\/www.bghaber.org\/bghaber\/wp-json\/wp\/v2\/media?parent=32190"}],"wp:term":[{"taxonomy":"category","embeddable":true,"href":"https:\/\/www.bghaber.org\/bghaber\/wp-json\/wp\/v2\/categories?post=32190"},{"taxonomy":"post_tag","embeddable":true,"href":"https:\/\/www.bghaber.org\/bghaber\/wp-json\/wp\/v2\/tags?post=32190"}],"curies":[{"name":"wp","href":"https:\/\/api.w.org\/{rel}","templated":true}]}}