{"id":32188,"date":"2018-09-03T21:52:03","date_gmt":"2018-09-03T18:52:03","guid":{"rendered":"http:\/\/www.bghaber.org\/bghaber\/?p=32188"},"modified":"2018-09-03T21:52:03","modified_gmt":"2018-09-03T18:52:03","slug":"kimlik-dildir-kulturdur-tarihtir","status":"publish","type":"post","link":"https:\/\/www.bghaber.org\/bghaber\/kimlik-dildir-kulturdur-tarihtir\/","title":{"rendered":"Kimlik Dildir! K\u00fclt\u00fcrd\u00fcr! Tarihtir!"},"content":{"rendered":"<p>Tarih: 03 Eyl\u00fcl 2018<br \/>\nYazan: Rafet ULUT\u011eRK<br \/>\nKonu<strong>: T\u00fcrk\u00fcn vah\u015fisi olmaz!<\/strong><\/p>\n<p><strong>Biz \u00c7otuk De\u011filiz<\/strong><\/p>\n<p>Bizi, Bulgaristan\u2019daki M\u00fcsl\u00fcman T\u00fcrkleri kesilmi\u015f bir a\u011fac\u0131n topra\u011f\u0131n \u00fczerinde kalan k\u0131sm\u0131 ya da d\u0131\u015far\u0131da kalm\u0131\u015f bir a\u011fa\u00e7 k\u00f6k\u00fc olarak g\u00f6renler yan\u0131l\u0131yorlar. Bulgaristan n\u00fcfusunun art\u0131k % 25\u2019ini olu\u015fturuyoruz. Ve biz \u00e7otuk de\u011filiz!<\/p>\n<p>Makedonya Cumhuriyeti\u2019nde ya\u015fam\u0131\u015f olsayd\u0131k. Yerli Anayasaya g\u00f6re, karma b\u00f6lgelerde anadilimiz ikinci resmi dil olacakt\u0131. Orada Arnavut dili mecliste ve b\u00fct\u00fcn resmi kurumlarda ikinci resmi dil olarak kullan\u0131l\u0131yor. Arnavut\u2019lar Makedonya n\u00fcfusunun % 22\u2019dir.<\/p>\n<p>Bir dilin resmile\u015fmesi i\u00e7in onu konu\u015fan az\u0131nl\u0131\u011f\u0131n n\u00fcfusun % 10\u2019u olmas\u0131 yeterlidir. \u00a0Arnavut anaokullar\u0131, Arnavut okullar\u0131, Arnavut\u00e7a TV ve radyo yay\u0131nlar\u0131, gazete ve dergiler var. \u00c7ar\u015f\u0131da pazarda, \u00f6zel i\u015fyerlerinde, devlet kurumlar\u0131nda Arnavut\u00e7a konu\u015fmak vs. serbesttir.<\/p><div id=\"bghab-1862369222\" class=\"bghab-icerik-icine bghab-entity-placement\"><script async src=\"\/\/pagead2.googlesyndication.com\/pagead\/js\/adsbygoogle.js?client=ca-pub-6203283170189293\" crossorigin=\"anonymous\"><\/script><ins class=\"adsbygoogle\" style=\"display:block; text-align:center;\" data-ad-client=\"ca-pub-6203283170189293\" \ndata-ad-slot=\"7303146466\" \ndata-ad-layout=\"in-article\"\ndata-ad-format=\"fluid\" data-full-width-responsive=\"true\"><\/ins>\n<script> \n(adsbygoogle = window.adsbygoogle || []).push({}); \n<\/script>\n<\/div>\n<p>Arnavutlar da, biz Bulgaristanl\u0131 T\u00fcrkler gibi Balkanlarda ya\u015f\u0131yor. Arnavutluk ile Kosova\u2019da \u00f6z devletlerini kurmu\u015flar. Makedonya\u2019da anadil ve din \u00f6zg\u00fcrl\u00fc\u011f\u00fc ba\u015fta olmak \u00fczere t\u00fcm k\u00fclt\u00fcrel haklar\u0131n\u0131 elde etmi\u015fler.<\/p>\n<p><strong>Biz, Bulgaristan T\u00fcrkleri<\/strong> de onlar gibi \u00fc\u00e7 ana gruba par\u00e7alanm\u0131\u015f durumday\u0131z. Bulgaristan M\u00fcsl\u00fcman T\u00fcrk az\u0131nl\u0131\u011f\u0131 ya da Bulgaristan\u2019daki M\u00fcsl\u00fcman T\u00fcrk toplulu\u011fumuz en b\u00fcy\u00fck grubumuzdur.<\/p>\n<p><strong>\u0130kinci grup anavatan\u0131m\u0131z T\u00fcrkiye Cumhuriyetinde ikamet ediyor. <\/strong><\/p>\n<p>81 milyonluk \u00fclkenin % 10\u2019unu Bulgaristanl\u0131 soyda\u015flar\u0131m\u0131z olu\u015fturuyor desek, yanl\u0131\u015f olmaz. \u201c<strong>93 Harbi<\/strong>\u201d dedi\u011fimiz 1877-1878 Rusya Osmanl\u0131 Sava\u015f\u0131nda Bulgaristan\u2019dan gelen 1 milyon g\u00f6\u00e7, \u0130stanbul\u2019a, Trakya ve Ege b\u00f6lgesine yerle\u015fmi\u015fti. Ard\u0131ndan da 4-5 defa toplu g\u00f6\u00e7 ya\u015fand\u0131. T\u00fcrkler T\u00fcrkiye\u2019ye akt\u0131. 1989 \u201c<strong>B\u00fcy\u00fck G\u00f6\u00e7<\/strong>\u201d trajedisinin yaralar\u0131 hen\u00fcz sar\u0131lamad\u0131. Soyda\u015flar\u0131m\u0131z T\u00fcrkiye\u2019de yerel olabilme kavgas\u0131 vermeye devam ediyor. Kendini toplum ve devlet kar\u015f\u0131s\u0131nda ifade edebilme problemleriyle hala bo\u011fu\u015fuyor.<\/p>\n<p>G\u00fcn\u00fcm\u00fczde Bursa\u2019da n\u00fcfusun % 30\u2019u Bulgaristan g\u00f6\u00e7menidir.\u00a0 \u0130zmir, Eski\u015fehir vb merkezlerimizde b\u00fcy\u00fck bir Bulgaristanl\u0131 diaspora ikamet ediyor. Bu soyda\u015flar\u0131m\u0131z, T\u00fcrkiye\u2019de ya\u015farken T\u00fcrk k\u00fclt\u00fcrel kimli\u011fini \u00f6z\u00fcmseyerek bina ediyor, T\u00fcrk toplumuyla kayna\u015fma s\u00fcreci devam ederken g\u00fc\u00e7 topluyor. \u201c<strong>Ne mutlu T\u00fcrk\u00fcm diyene<\/strong>!\u201d guruyla ya\u015f\u0131yor.<\/p><div id=\"bghab-1172412060\" class=\"bghab-icerik-icine-10-paragraf bghab-entity-placement\"><script async src=\"\/\/pagead2.googlesyndication.com\/pagead\/js\/adsbygoogle.js?client=ca-pub-6203283170189293\" crossorigin=\"anonymous\"><\/script><ins class=\"adsbygoogle\" style=\"display:block; text-align:center;\" data-ad-client=\"ca-pub-6203283170189293\" \ndata-ad-slot=\"7303146466\" \ndata-ad-layout=\"in-article\"\ndata-ad-format=\"fluid\" data-full-width-responsive=\"true\"><\/ins>\n<script> \n(adsbygoogle = window.adsbygoogle || []).push({}); \n<\/script>\n<\/div>\n<p>Bat\u0131 Avrupa \u00fclkelerinde kay\u0131tl\u0131 ve kay\u0131ts\u0131z i\u015f\u00e7i, Kuzey K\u0131br\u0131s T\u00fcrk Cumhuriyetinde ya\u015fayan Bulgaristan T\u00fcrk diasporas\u0131, Kanada, Birle\u015fik Amerika, \u0130ngiltere, \u0130rlanda ve \u0130sko\u00e7\u2019ta ekmek paras\u0131 i\u00e7in kavga verenlerin ilk kafilelerinin emekli olup Vatana d\u00f6nme zaman\u0131 geldi. Bir\u00e7oklar\u0131 Bulgaristan\u2019daki evini onard\u0131, yeni ev yapt\u0131ranlar, daire alanlar var. Baz\u0131lar\u0131 da tasarruflar\u0131n\u0131 T\u00fcrkiye\u2019deki yak\u0131nlar\u0131n\u0131n ikamet etti\u011fi \u015fehirlere aktard\u0131. Emeklili\u011fini orada ge\u00e7irmeye haz\u0131rlan\u0131yor. Bat\u0131 \u00fclkelerindeki karde\u015flerimiz ciddi bir \u00f6z \u00f6rg\u00fctlenme, dernekle\u015fme ger\u00e7ekle\u015femediler. Almanya, Hollanda ve \u0130sve\u00e7 gibi \u00fclkelerdeki camiler dolay\u0131ndaki dernek etkinliklerinde bulu\u015fuyorlar. \u00d6rg\u00fctlenmeye do\u011fru ad\u0131m atmad\u0131klar\u0131 gibi, Bulgar devletinin d\u0131\u015f \u00fclkelerde kurdu\u011fu toplam 150 anaokulu, okul, k\u00fclt\u00fcr evlerindeki dil kurslar\u0131, sanat, edebiyat veya hem\u015feri topluluklar\u0131nca sunulan hizmetlerden de yararlanm\u0131yorlar. Bulgaristanl\u0131 T\u00fcrk \u00e7ocuklar\u0131na dil kurslar\u0131 ve k\u00fclt\u00fcr merkezleri de kurulamad\u0131.<\/p>\n<p>\u0130\u015fte b\u00f6yle bir ortamda, eski k\u0131taya alabildi\u011fine da\u011f\u0131lm\u0131\u015f, kimilerinin geri d\u00f6nme g\u00fcnleri yak\u0131nla\u015fan kalabal\u0131k bir Bulgaristanl\u0131 M\u00fcsl\u00fcman T\u00fcrk toplulu\u011fun bug\u00fcn d\u00fcnden daha acil bir do\u011fru e\u011fitim, hayat yolunu isabetli se\u00e7ebilme gibi toplumla kolay ve verimli etkile\u015fim i\u00e7inde ya\u015fama sorunlar\u0131 var.<\/p>\n<p>Her karde\u015fimizi g\u00f6n\u00fclden kucaklamak ve kazanmak istiyorsak bu 3 alanda birden e\u011fitim, ayd\u0131nlanma, dernekle\u015fme, bilin\u00e7li \u00f6rg\u00fctlenme yolunu a\u00e7mal\u0131y\u0131z. T\u00fcrk kimli\u011fimizle ya\u015fayaca\u011f\u0131m\u0131z yurdumuzun gelece\u011fi i\u00e7in bulu\u015fmak zorunday\u0131z.\u00a0 Bizimki, bir bu\u00e7uk as\u0131rdan beri devam eden ve her g\u00fcn bizim olan ve \u00e7\u00f6z\u00fcm\u00fc bizden bekleyen yeni sorunlar do\u011furan bir davad\u0131r. Ve yeni bir \u015fey de\u011fildir. Davam\u0131z.<\/p>\n<p><strong>Bu, \u00e7ok geni\u015f bir co\u011frafya b\u00f6lgesini kapsayan, bir\u00e7ok \u00fclkede yatay ve basamakl\u0131 dikey \u00f6rg\u00fctlenme ger\u00e7ekle\u015ftirerek, bir Kongre\u2019de Bulgaristan M\u00fcsl\u00fcman T\u00fcrklerinin tek liderini se\u00e7men ka\u00e7\u0131n\u0131lmaz oldu ve \u00f6devlerimizin ba\u015f\u0131nda geliyor. Belki y\u0131llar\u0131m\u0131z\u0131 alacak bu ad\u0131m at\u0131lmadan hi\u00e7bir temel sorunumuz halk\u0131m\u0131z lehinde \u00e7\u00f6z\u00fcm bulamayacakt\u0131r. Bug\u00fcn Bulgaristan dibe \u00e7\u00f6km\u00fc\u015f bir \u00fclke ve yeniden dirilebilmek i\u00e7in bizim bilin\u00e7li \u00f6rg\u00fctlenmemizi bekliyor. Sorunlar\u0131m\u0131z\u0131n g\u00f6r\u00fc\u015fme masas\u0131na yat\u0131r\u0131ma zaman\u0131 geldi \u00e7att\u0131.<\/strong><\/p>\n<p>***<\/p><div id=\"bghab-2054255697\" class=\"bghab-icerik-icine-15-paragraf bghab-entity-placement\"><script async src=\"\/\/pagead2.googlesyndication.com\/pagead\/js\/adsbygoogle.js?client=ca-pub-6203283170189293\" crossorigin=\"anonymous\"><\/script><ins class=\"adsbygoogle\" style=\"display:block; text-align:center;\" data-ad-client=\"ca-pub-6203283170189293\" \ndata-ad-slot=\"7303146466\" \ndata-ad-layout=\"in-article\"\ndata-ad-format=\"fluid\" data-full-width-responsive=\"true\"><\/ins>\n<script> \n(adsbygoogle = window.adsbygoogle || []).push({}); \n<\/script>\n<\/div>\n<p><strong>Bulgaristan\u2019a yerle\u015fmemiz bir s\u00fcre\u00e7ti.<\/strong><\/p>\n<p>Resmen 1299\u2019da kuruldu\u011fu kabul edilen fakat 1326\u2019da Bursa\u2019y\u0131 ald\u0131ktan sonra bir Beylik ya da bir Sultanl\u0131k kimli\u011fine kavu\u015fan Osmanl\u0131 U\u00e7 Beyli\u011finin Rumeli (Balkanlar) yakas\u0131ndaki yay\u0131lmas\u0131, Anadolu\u2019daki geli\u015fmesine g\u00f6re sanki daha h\u0131zl\u0131 olmu\u015ftu. Balkan \u00fclkelerinin, bu arada Bulgarlar\u0131n Osmanl\u0131 y\u00f6netimine ge\u00e7mesinden yakla\u015f\u0131k iki y\u00fcz y\u0131l sonra Hoca Sadettin Efendi, halk aras\u0131nda \u201c<strong>Hoca Tarihi<\/strong>\u201d ad\u0131yla bilinen, \u201c<strong>Tarihlerin Tac\u0131<\/strong>\u201d eserinde, \u201c<strong>Rumeli \u00fclkelerinin Padi\u015fah eliyle a\u00e7\u0131l\u0131\u015f\u0131n\u0131<\/strong>\u201d \u015f\u00f6yle hik\u00e2ye eylemektedir. (1979, Sayfa 135-36)<\/p>\n<p><em>\u201cZaman\u0131n h\u00fck\u00fcmdar\u0131 Rumeli yakas\u0131na ge\u00e7ti\u011fi g\u00fcnden beri tam be\u015f y\u0131l b\u00f6lgede kalm\u0131\u015f\u2026 \u00dclkeler, beldeler a\u00e7arak, cihat t\u00f6resini yerine getirmi\u015ftir. Edirne Saray\u0131 hen\u00fcz bitmedi\u011finden, Dimetoka\u2019da k\u0131\u015flam\u0131\u015f, ilkbahar olunca emelleri zafer olan ordusuyla Aytos y\u00f6resine hareket etmi\u015fti. Aytos H\u00e2kimi g\u00fcc\u00fcn\u00fcn yetmezli\u011fini, Osmanl\u0131n\u0131n \u00fcst\u00fcnl\u00fc\u011f\u00fcn\u00fc kavramakla, bar\u0131\u015f i\u00e7in \u00f6n ara\u015ft\u0131rmalar yapt\u0131ktan sonra teslim olaca\u011f\u0131n\u0131 bildirdi ve kavgas\u0131z g\u00fcr\u00fclt\u00fcs\u00fcz \u0130slam Padi\u015fah\u0131na teslim olma yolunu se\u00e7ti\u011fini bildirdi. Bu ilin korunmas\u0131 i\u00e7in gerekli \u00f6nlemlerin al\u0131nmas\u0131ndan sonra\u2026 Zaferle bezeli sancaklar S\u00fczebolu Hisar\u0131 civar\u0131nda g\u00f6r\u00fcnd\u00fcler. Kalenin korucusu \u00f6nce direndiyse de, g\u00fcc\u00fcn\u00fcn yetmeyece\u011fini anlay\u0131nca hemen kaleyi teslim etti. Bu diyar\u0131n k\u00e2firleri de b\u00f6yle haraca ba\u011flanm\u0131\u015f oldular. \u201c<\/em><\/p>\n<p><strong>Bu al\u0131nt\u0131ya yer vermemin sebepleri var tabii. <\/strong><\/p>\n<p>T\u00fcrklerin Anadolu\u2019dan Rumeli\u2019ye ge\u00e7i\u015fi yakla\u015f\u0131k 300 y\u0131l devam etmi\u015ftir.\u00a0 Rumeli\u2019ye fazla kan d\u00f6kmeden girme taktik ve stratejisi geli\u015ftirilmi\u015f ve uygulanm\u0131\u015ft\u0131r. Bug\u00fcn ya\u015fad\u0131\u011f\u0131m\u0131z topraklara o zaman dikey bir y\u00f6netim ve dinsel \u00f6rg\u00fct bi\u00e7imi, yeni bir ahlak getirilmi\u015ftir. O zaman i\u00e7in hi\u00e7bir yerde g\u00f6r\u00fclmemi\u015f bir y\u00fcksek mimari, \u015fehir d\u00fczeni, Arnavut kald\u0131r\u0131ml\u0131 meydan, Pazar ve sokaklar, kiremitli, ku\u015fakl\u0131, salmal\u0131, potal\u0131, cumbal\u0131, i\u00e7 hamaml\u0131, su \u015febekeli bir yerle\u015fim, hamam ve \u00e7e\u015fme k\u00fclt\u00fcr\u00fc, sosyal d\u00fczen, huzur, s\u00fck\u00fbn, g\u00fcvence getirmi\u015ftir. \u0130\u015fin i\u00e7ine \u00e7anak \u00e7\u00f6mlek, sa\u00e7, tava, kazan, \u00e7aprak, sa\u00e7 vs girmi\u015f. Rumeli topraklar\u0131 Dikey M\u00fcsl\u00fcman k\u00fclt\u00fcr\u00fc ve medeniyetiyle tan\u0131\u015fm\u0131\u015f. Osmanl\u0131 egemenlik kurdu\u011fu Balkan haklar\u0131n\u0131n hepsinden gen\u00e7ler dev\u015firerek, e\u011fitip okutarak, onlara devlet kat ve kurumlar\u0131nda g\u00f6rev vermi\u015f. Bulgarlardan vezir-i azam (ba\u015fbakan) \u00e7\u0131kmasa da, \u00f6rne\u011fin Bosna\u2019dan dev\u015firilen \u00e7ocuklardan 44 Vezir-i azam ve pek \u00e7ok vezir, pa\u015fa, vali, komutan \u00e7\u0131km\u0131\u015ft\u0131r. Bunun \u00f6rnekleri \u00e7oktur. Dev\u015firilenlerin aileleriyle ili\u015fkilerinin kesildi\u011fi yaland\u0131r. Veziri azam \u0130brahim (Parkal\u0131) Pa\u015fa, R\u00fcstem Pa\u015fa, Sokullu Mehmet Pa\u015fa \u00f6rne\u011fi parlakt\u0131r.<\/p><div id=\"bghab-1561379265\" class=\"bghab-icerik-icine-20-paragraf bghab-entity-placement\"><script async src=\"\/\/pagead2.googlesyndication.com\/pagead\/js\/adsbygoogle.js?client=ca-pub-6203283170189293\" crossorigin=\"anonymous\"><\/script><ins class=\"adsbygoogle\" style=\"display:block; text-align:center;\" data-ad-client=\"ca-pub-6203283170189293\" \ndata-ad-slot=\"7303146466\" \ndata-ad-layout=\"in-article\"\ndata-ad-format=\"fluid\" data-full-width-responsive=\"true\"><\/ins>\n<script> \n(adsbygoogle = window.adsbygoogle || []).push({}); \n<\/script>\n<\/div>\n<p>Bunlar\u0131 hat\u0131rlatmam\u0131n nedeni o zaman\u0131n ruhunu birlikte nefes etme arzumdur.<\/p>\n<p>\u015e\u00f6yle ki T\u00fcrkler, T\u00fcrkl\u00fc\u011f\u00fcm\u00fcz i\u00e7in o kadar \u00e7ok yalan dolan uydurma karalama ve k\u00f6t\u00fcleme i\u015fittik ve okuduk ki, kirli bilgi ak\u0131\u015f\u0131ndan kulaklar\u0131m\u0131z pasland\u0131. Bu konuda Amerikal\u0131 yazar Justin MC Carthy \u201c<strong>\u00d6l\u00fcm ve S\u00fcrg\u00fcn<\/strong>\u201d eserinde \u015f\u00f6yle dedi:<\/p>\n<p>\u201c<strong>T\u00fcrkler hakk\u0131ndaki yalanlar\u0131n iki kayna\u011f\u0131 var:<br \/>\nMisyonerler ve \u0130ngilizler. Propaganda merkezleri arac\u0131l\u0131\u011f\u0131 ile bug\u00fcn bile inan\u0131lmaz yalanlar\u0131 yay\u0131yorlar. Benim yazd\u0131klar\u0131m\u0131 bir T\u00fcrk s\u00f6ylese kimse ona inanmazd\u0131<\/strong>!\u201d<\/p>\n<p>Pratikte bu yalan dolan i\u015fler \u015f\u00f6yle geli\u015fiyor. G\u00fcney Bulgaristan\u2019\u0131n Hisar \u015fehrinde Roma zaman\u0131ndan kalma 5 kapl\u0131ca-hamam vard\u0131r ve devlet bak\u0131m\u0131yla bug\u00fcn de hizmet veriyorlar. \u0130l merkezi Filibe (Plovdiv) \u015fehrinde \u00e7ok b\u00fcy\u00fck bir Osmanl\u0131 Hamam\u0131 var, kapanm\u0131\u015f, m\u00fcze yap\u0131lm\u0131\u015f, \u00e7al\u0131\u015ft\u0131r\u0131lm\u0131yor. 140 y\u0131lda \u00fclkede 1300 dolay\u0131nda cami y\u0131k\u0131ld\u0131, kiliseye d\u00f6n\u00fc\u015ft\u00fcr\u00fcld\u00fc, m\u00fcze yap\u0131ld\u0131, i\u015flevini kaybetti. 2700 okul kapat\u0131ld\u0131. Yani Osmanl\u0131 d\u00f6nemi \u00f6ncesi devlet paras\u0131yla yap\u0131lan arkeolojik kaz\u0131larla canland\u0131r\u0131lmaya \u00e7al\u0131\u015f\u0131l\u0131rken, Osmanl\u0131 d\u00f6nemi k\u00fclt\u00fcr, uygarl\u0131k, dil ve din olarak g\u00f6m\u00fcl\u00fcp yok say\u0131lmak isteniyor.<\/p>\n<p><strong>Osmanl\u0131\u2019n\u0131n Balkanlara gelmesi \u00e7ok intizaml\u0131 ve g\u00f6rkemli olmu\u015ftur. Hi\u00e7 bir surette karart\u0131lamayacak kadar g\u00f6rkemlidir.<\/strong><\/p><div id=\"bghab-2527520651\" class=\"bghab-icerik-icine-25-paragraf bghab-entity-placement\"><script async src=\"\/\/pagead2.googlesyndication.com\/pagead\/js\/adsbygoogle.js?client=ca-pub-6203283170189293\" crossorigin=\"anonymous\"><\/script><ins class=\"adsbygoogle\" style=\"display:block; text-align:center;\" data-ad-client=\"ca-pub-6203283170189293\" \ndata-ad-slot=\"7303146466\" \ndata-ad-layout=\"in-article\"\ndata-ad-format=\"fluid\" data-full-width-responsive=\"true\"><\/ins>\n<script> \n(adsbygoogle = window.adsbygoogle || []).push({}); \n<\/script>\n<\/div>\n<p>Papa V. Urban\u2019\u0131n Ha\u00e7l\u0131 seferi \u00e7a\u011fr\u0131s\u0131na kat\u0131lan Balkan Krall\u0131klar\u0131n\u0131n birle\u015fik ordusu Kosova (1389) \u2018da yok edildi. Burada, Anadolu Hisar\u2019\u0131n\u0131 yapt\u0131ran, \u0130stanbul\u2019 7 kez ku\u015fatan, Ni\u011fbolu (Nikopol) 1396\u2019da Ha\u00e7l\u0131 Ordusunu bozguna u\u011fratarak, \u201c<strong>Y\u0131ld\u0131r\u0131m<\/strong>\u201d unvan\u0131n\u0131 kazanan Padi\u015fah, Tasayla, Mora ve Atina\u2019y\u0131 da alarak Balkan seferlerini tamamlam\u0131\u015f oluyordu. Birbirinden parlak bu zaferlerden sonra Y\u0131ld\u0131r\u0131m Beyaz\u0131t \u015f\u00f6yle demi\u015fti:<\/p>\n<p>\u201c<strong>At\u0131m yemini, Roma\u2019daki Sen Piyer Kilise \u2019si suna\u011f\u0131nda yiyecek<\/strong>!\u201d<\/p>\n<p>\u0130\u015fte b\u00f6yle bir ruhsal \u015fahlan\u0131\u015fla ve dev bir manevi g\u00fcce ula\u015fan Osmanl\u0131, memleketimizde her ta\u015f\u0131 yonarak yepyeni bir k\u00fclt\u00fcr\u00fcn ve medeniyetin izlerini alt\u0131n harflerle yazm\u0131\u015ft\u0131r.<\/p>\n<p>Ne var ki, Atalar\u0131m\u0131z\u0131n bu topraklara getirdi\u011fi en b\u00fcy\u00fck de\u011fer dilimiz, T\u00fcrk\u00e7emizdir. \u201c<strong>Dil, kimli\u011fimizin ve ki\u015fili\u011fimizin derin yap\u0131s\u0131d\u0131r<\/strong>.\u201d Dilimizi bilmeden tarihimizi \u00f6\u011frenemeyiz, anla\u015f\u0131lamaz, anlat\u0131lamaz. B\u00f6ylesi zengin bir temele basmadan ise biz ne yatay ne de dikey \u00f6rg\u00fctlenebiliriz. Eskiden dilimiz yaln\u0131z belle\u011fimizde, ta\u015fa, a\u011faca, derin ve k\u00e2\u011f\u0131da yaz\u0131lm\u0131\u015f eserler \u00fczerinde ya\u015f\u0131yordu. Bu miras\u0131 her f\u0131rsatta ya\u015fatmadan biz bir i\u015fe yaramayan bir \u00e7otuk gibi ortada kal\u0131r\u0131z. \u00c7\u00fcnk\u00fc dil a\u011fac\u0131n yapraklar\u0131d\u0131r, hayat onlar\u0131n s\u00f6yleyi\u015fi ve renkleridir. Bu nedenle bizim bir \u00e7otuk kalmam\u0131z, g\u00f6vdesiz, dals\u0131z budaks\u0131z, yapraks\u0131z ve g\u00f6lgesiz kalmam\u0131z isteniyor. 140 y\u0131ldan beri bunun i\u00e7in \u00e7al\u0131\u015ft\u0131lar. Ahmet Do\u011fan\u2019\u0131 bu hainlik i\u00e7in Saraylarda besliyorlar. L\u00fctfi Mestan \u201c<strong>Audi<\/strong>\u201d den inmiyor. \u015eu bilinmelidir: Bulgarca \u00f6\u011fretmeni T\u00fcrk kimli\u011fi yaratamaz.<\/p>\n<p><strong>Dikkat \u00e7ekmek istedi\u011fim nokta \u015fudur<\/strong>: D\u00fcnyam\u0131z elektronikle\u015fti ve dijitalle\u015fti. T\u00fcrk TV\u2019leri d\u00fcnyan\u0131n her yerine h\u00e2kim T\u00fcrk sinemas\u0131 Balkanlarda her eve de\u011fi\u015fik dillerde girdi. Dijital haberle\u015fme herkesin cebinde. Bu durumda yeni birle\u015fme, birbirimize \u00f6r\u00fclme yatay ve dikey yollar\u0131n\u0131 bulmal\u0131y\u0131z ve geli\u015ftirmeliyiz.<\/p><div id=\"bghab-3310964381\" class=\"bghab-icerik-icine-30-paragraf bghab-entity-placement\"><script async src=\"\/\/pagead2.googlesyndication.com\/pagead\/js\/adsbygoogle.js?client=ca-pub-6203283170189293\" crossorigin=\"anonymous\"><\/script><ins class=\"adsbygoogle\" style=\"display:block; text-align:center;\" data-ad-client=\"ca-pub-6203283170189293\" \ndata-ad-slot=\"7303146466\" \ndata-ad-layout=\"in-article\"\ndata-ad-format=\"fluid\" data-full-width-responsive=\"true\"><\/ins>\n<script> \n(adsbygoogle = window.adsbygoogle || []).push({}); \n<\/script>\n<\/div>\n<p><strong>T\u00fcrk\u00e7e konu\u015fan radyo, TV, internet ve telefonlar\u0131n \u00f6zel \u00fccreti yok. <\/strong><\/p>\n<p>Bu bizim i\u00e7in son derece b\u00fcy\u00fck bir nimet olsa da, \u00e7ocuklar\u0131m\u0131z okuyup yazmay\u0131 anaokulunda ve okullar\u0131m\u0131zda \u00f6\u011frenmelidir. Okul hakk\u0131m\u0131zdan \u00f6d\u00fcn veremeyiz! Makedonya\u2019daki Arnavutlar\u0131n ve T\u00fcrklerin anadilde okuma ve yeti\u015fme haklar\u0131n\u0131 biz de istiyoruz. Balkanlarda b\u00fct\u00fcn az\u0131nl\u0131klara k\u00fclt\u00fcrel otonomi hakk\u0131 tan\u0131nmal\u0131d\u0131r.<\/p>\n<p>1989 Ayaklanmam\u0131zda anadilimize h\u00fcrriyet iste\u011fiyle y\u00fcr\u00fcyen 72 binlik kitlenin % 70\u2019i (y\u00fczde yetmi\u015fi) kad\u0131nd\u0131. Kad\u0131nlar\u0131m\u0131z dendi\u011finde ben her defas\u0131nda Kuvay\u0131 Milliye Destan\u0131\u2019n\u0131n ozan\u0131n\u0131 an\u0131msar\u0131m:<\/p>\n<p><strong>Ve kad\u0131nlar, bizim kad\u0131nlar\u0131m\u0131z:<\/strong> ve ekimde, t\u00fct\u00fcnde, k\u0131rda, ormanda ve ocak ba\u015f\u0131nda, \u00e7ocuklar\u0131m\u0131z kuca\u011f\u0131nda, s\u0131rt\u0131nda &#8211; kad\u0131nlar\u0131m\u0131z.<\/p>\n<p>\u00c7atlak, patlak ve mukaddes elleri, elinde \u00e7apa, balta ve kosa tutan kad\u0131nlar\u0131m\u0131z.<\/p><div id=\"bghab-1513481927\" class=\"bghab-icerik-icine-35-paragraf bghab-entity-placement\"><script async src=\"\/\/pagead2.googlesyndication.com\/pagead\/js\/adsbygoogle.js?client=ca-pub-6203283170189293\" crossorigin=\"anonymous\"><\/script><ins class=\"adsbygoogle\" style=\"display:block; text-align:center;\" data-ad-client=\"ca-pub-6203283170189293\" \ndata-ad-slot=\"7303146466\" \ndata-ad-layout=\"in-article\"\ndata-ad-format=\"fluid\" data-full-width-responsive=\"true\"><\/ins>\n<script> \n(adsbygoogle = window.adsbygoogle || []).push({}); \n<\/script>\n<\/div>\n<p>Ayaklanan ve sanki hi\u00e7 ya\u015famam\u0131\u015f gibi \u00f6len kad\u0131nlar\u0131m\u0131z.<\/p>\n<p>Onlar\u0131n sofram\u0131zdaki, ailemizdeki, toplumumuzdaki \u015ferefli yeri<\/p>\n<p>G\u00f6r\u00fcp de\u011ferlendirilemeyen T\u00fcrk kad\u0131n\u0131n ailedeki \u00f6nderli\u011fi!<\/p>\n<p>Rumeli\u2019de 600 y\u0131l Kad\u0131n Erkil toplumu egemenli\u011fi!<\/p>\n<p>Sezdirmeden, tek s\u00f6z s\u00f6ylemeden hayat\u0131 do\u011furan ve y\u00f6neten kad\u0131nlar\u0131m\u0131z.<\/p><div id=\"bghab-1389446708\" class=\"bghab-icerik-icine-40-paragraf bghab-entity-placement\"><script async src=\"\/\/pagead2.googlesyndication.com\/pagead\/js\/adsbygoogle.js?client=ca-pub-6203283170189293\" crossorigin=\"anonymous\"><\/script><ins class=\"adsbygoogle\" style=\"display:block; text-align:center;\" data-ad-client=\"ca-pub-6203283170189293\" \ndata-ad-slot=\"7303146466\" \ndata-ad-layout=\"in-article\"\ndata-ad-format=\"fluid\" data-full-width-responsive=\"true\"><\/ins>\n<script> \n(adsbygoogle = window.adsbygoogle || []).push({}); \n<\/script>\n<\/div>\n<p><strong>Hayat mucizesi kad\u0131nlar\u0131m\u0131z. <\/strong><\/p>\n<p>\u201c<strong>T\u00fcrk\u00fcn akl\u0131 sonradan gelir ba\u015f\u0131na<\/strong>,\u201d diyenler, bu atas\u00f6z\u00fcn\u00fcn T\u00fcrk kad\u0131n\u0131 i\u00e7in ge\u00e7erli olmad\u0131\u011f\u0131n\u0131 anlayamad\u0131lar, okuyamad\u0131lar, g\u00f6remediler.<\/p>\n<p>Sofya\u2019da 2016\u2019da DOST Birinci Kongresinde, Faz\u0131l H\u00fcsn\u00fc Da\u011flarca\u2019n\u0131n \u201c<strong>T\u00fcrk\u00e7em, benim ses bayra\u011f\u0131md\u0131r<\/strong>!\u201d s\u00f6z\u00fc salonu aya\u011fa kald\u0131rm\u0131\u015ft\u0131! Ses insanlar aras\u0131ndaki yak\u0131nla\u015fma, birle\u015fme, kenetlenme ve g\u00fc\u00e7l\u00fc bir kuvvetle k\u00fckreme ate\u015fini yakand\u0131r. O bizim anadilimizdir.<\/p>\n<p>Ard\u0131ndan \u201c<strong>Ne mutlu T\u00fcrk\u00fcm diyene<\/strong>!\u201d dalgaland\u0131.<\/p>\n<p>Art\u0131k \u00f6rg\u00fctlenme zaman\u0131. G\u00fcc\u00fc g\u00f6zle g\u00f6r\u00fclmeyen ara\u00e7larla \u00f6rg\u00fctlenme zaman\u0131!<\/p><div id=\"bghab-3207202746\" class=\"bghab-icerik-icine-45-paragraf bghab-entity-placement\"><script async src=\"\/\/pagead2.googlesyndication.com\/pagead\/js\/adsbygoogle.js?client=ca-pub-6203283170189293\" crossorigin=\"anonymous\"><\/script><ins class=\"adsbygoogle\" style=\"display:block; text-align:center;\" data-ad-client=\"ca-pub-6203283170189293\" \ndata-ad-slot=\"7303146466\" \ndata-ad-layout=\"in-article\"\ndata-ad-format=\"fluid\" data-full-width-responsive=\"true\"><\/ins>\n<script> \n(adsbygoogle = window.adsbygoogle || []).push({}); \n<\/script>\n<\/div>\n<p>En g\u00fczel yatay ve dikey \u00f6rg\u00fctlenme bi\u00e7imlerini, en g\u00fcvenilir ve sa\u011fl\u0131kl\u0131 \u00fclk\u00fc imgelerini, insanlarla sanal ileti\u015fim ve etkile\u015fim kurarak yarataca\u011f\u0131z. Dilimizi yasaklayanlar\u0131n, bizi istemedi\u011fi ve bizden kurtulmak istedikleri ortadad\u0131r. Ama bu bir vah\u015fettir.<\/p>\n<p>Hak ve \u00d6zg\u00fcrl\u00fck Partisi\u2019nin (DPS), Kubad\u0131n (Loznitsa) Belediye merkezine katil Kubadinski an\u0131t\u0131 diktirmesi;<\/p>\n<p>Bu an\u0131t\u0131 bir T\u00fcrk heykelt\u0131ra\u015f\u0131n yonmas\u0131; Paras\u0131n\u0131n cami ve k\u00fclt\u00fcr evi onar\u0131m paras\u0131ndan \u00e7al\u0131nm\u0131\u015f olmas\u0131 (Faktor.bg 03.09. 2018) kadar i\u011fren\u00e7 bir y\u00fczkaras\u0131d\u0131r\u2026<\/p>\n<p><strong>Kimlik Dildir! K\u00fclt\u00fcrd\u00fcr! Tarihtir!<br \/>\nT\u00fcrk kimli\u011fine el kald\u0131ranlar vah\u015fidir, katildir. <\/strong><\/p>\n<p>T\u00fcrk\u00e7e konu\u015fmayan T\u00fcrk\u2019e, \u201c<strong>sen T\u00fcrk\u2019s\u00fcn<\/strong>\u201d diyemeyiz.<br \/>\nT\u00fcrk\u00fcn vah\u015fisi olmaz!<br \/>\nKal\u0131n sa\u011fl\u0131cakla<br \/>\nL\u00fctfen payla\u015f\u0131n\u0131z.<\/p><div id=\"bghab-912145114\" class=\"bghab-icerik-icine-50-paragraf bghab-entity-placement\"><script async src=\"\/\/pagead2.googlesyndication.com\/pagead\/js\/adsbygoogle.js?client=ca-pub-6203283170189293\" crossorigin=\"anonymous\"><\/script><ins class=\"adsbygoogle\" style=\"display:block; text-align:center;\" data-ad-client=\"ca-pub-6203283170189293\" \ndata-ad-slot=\"7303146466\" \ndata-ad-layout=\"in-article\"\ndata-ad-format=\"fluid\" data-full-width-responsive=\"true\"><\/ins>\n<script> \n(adsbygoogle = window.adsbygoogle || []).push({}); \n<\/script>\n<\/div>\n<div id=\"bghab-3875750218\" class=\"bghab-yazi-altinda bghab-entity-placement\"><div class=\"bghab-adlabel\">Reklamlar<\/div><script async src=\"https:\/\/pagead2.googlesyndication.com\/pagead\/js\/adsbygoogle.js\"><\/script>\r\n<!-- bghaber-yaz\u0131-sonu -->\r\n<ins class=\"adsbygoogle\"\r\n     style=\"display:block\"\r\n     data-ad-client=\"ca-pub-6203283170189293\"\r\n     data-ad-slot=\"4222328180\"\r\n     data-ad-format=\"auto\"\r\n     data-full-width-responsive=\"true\"><\/ins>\r\n<script>\r\n     (adsbygoogle = window.adsbygoogle || []).push({});\r\n<\/script><\/div><br style=\"clear: both; display: block; float: none;\"\/>","protected":false},"excerpt":{"rendered":"<p>Tarih: 03 Eyl\u00fcl 2018 Yazan: Rafet ULUT\u011eRK Konu: T\u00fcrk\u00fcn vah\u015fisi olmaz! Biz \u00c7otuk De\u011filiz Bizi, Bulgaristan\u2019daki M\u00fcsl\u00fcman T\u00fcrkleri kesilmi\u015f bir a\u011fac\u0131n topra\u011f\u0131n \u00fczerinde kalan k\u0131sm\u0131<\/p>\n","protected":false},"author":13,"featured_media":29554,"comment_status":"closed","ping_status":"closed","sticky":false,"template":"","format":"standard","meta":{"advanced_seo_description":"","jetpack_seo_html_title":"","jetpack_seo_noindex":false,"_jetpack_memberships_contains_paid_content":false,"footnotes":""},"categories":[6],"tags":[],"class_list":["post-32188","post","type-post","status-publish","format-standard","has-post-thumbnail","hentry","category-yorum"],"jetpack_featured_media_url":"https:\/\/i0.wp.com\/www.bghaber.org\/bghaber\/wp-content\/uploads\/2018\/04\/rafet-rsm-e1559029996704.jpg?fit=174%2C240&ssl=1","jetpack_sharing_enabled":true,"jetpack_likes_enabled":true,"jetpack-related-posts":[],"jetpack_shortlink":"https:\/\/wp.me\/pc2PfJ-8na","_links":{"self":[{"href":"https:\/\/www.bghaber.org\/bghaber\/wp-json\/wp\/v2\/posts\/32188","targetHints":{"allow":["GET"]}}],"collection":[{"href":"https:\/\/www.bghaber.org\/bghaber\/wp-json\/wp\/v2\/posts"}],"about":[{"href":"https:\/\/www.bghaber.org\/bghaber\/wp-json\/wp\/v2\/types\/post"}],"author":[{"embeddable":true,"href":"https:\/\/www.bghaber.org\/bghaber\/wp-json\/wp\/v2\/users\/13"}],"replies":[{"embeddable":true,"href":"https:\/\/www.bghaber.org\/bghaber\/wp-json\/wp\/v2\/comments?post=32188"}],"version-history":[{"count":0,"href":"https:\/\/www.bghaber.org\/bghaber\/wp-json\/wp\/v2\/posts\/32188\/revisions"}],"wp:featuredmedia":[{"embeddable":true,"href":"https:\/\/www.bghaber.org\/bghaber\/wp-json\/wp\/v2\/media\/29554"}],"wp:attachment":[{"href":"https:\/\/www.bghaber.org\/bghaber\/wp-json\/wp\/v2\/media?parent=32188"}],"wp:term":[{"taxonomy":"category","embeddable":true,"href":"https:\/\/www.bghaber.org\/bghaber\/wp-json\/wp\/v2\/categories?post=32188"},{"taxonomy":"post_tag","embeddable":true,"href":"https:\/\/www.bghaber.org\/bghaber\/wp-json\/wp\/v2\/tags?post=32188"}],"curies":[{"name":"wp","href":"https:\/\/api.w.org\/{rel}","templated":true}]}}