{"id":32186,"date":"2018-09-02T23:35:18","date_gmt":"2018-09-02T20:35:18","guid":{"rendered":"http:\/\/www.bghaber.org\/bghaber\/?p=32186"},"modified":"2018-09-02T23:35:18","modified_gmt":"2018-09-02T20:35:18","slug":"yatay-duzeyin-lideri-olmaz","status":"publish","type":"post","link":"https:\/\/www.bghaber.org\/bghaber\/yatay-duzeyin-lideri-olmaz\/","title":{"rendered":"Yatay D\u00fczeyin Lideri Olmaz!"},"content":{"rendered":"<p>Tarih: 02 Eyl\u00fcl 2018<\/p>\n<p>Yazan: Rafet ULUT\u00dcRK<\/p>\n<p>&nbsp;<\/p>\n<p>Konu<strong>: Bulgaristan T\u00fcrkleri olarak \u00f6rg\u00fctlenmenin neresindeyiz?<\/strong><\/p>\n<p>Bir devletin, bir halk\u0131n, bir toplulu\u011fun gelece\u011finden s\u00f6z ederken her zaman ve her yerde onu temsil eden <strong>K\u0130M<\/strong> sorusu ortaya \u00e7\u0131kar.<\/p><div id=\"bghab-295751657\" class=\"bghab-icerik-icine bghab-entity-placement\"><script async src=\"\/\/pagead2.googlesyndication.com\/pagead\/js\/adsbygoogle.js?client=ca-pub-6203283170189293\" crossorigin=\"anonymous\"><\/script><ins class=\"adsbygoogle\" style=\"display:block; text-align:center;\" data-ad-client=\"ca-pub-6203283170189293\" \ndata-ad-slot=\"7303146466\" \ndata-ad-layout=\"in-article\"\ndata-ad-format=\"fluid\" data-full-width-responsive=\"true\"><\/ins>\n<script> \n(adsbygoogle = window.adsbygoogle || []).push({}); \n<\/script>\n<\/div>\n<p>Temsil eden bir parti lideri, Ba\u015f M\u00fcft\u00fc, Piskopos, halk \u00f6nderi, aksakal kanaat \u00f6nderi olan biri veya ba\u015fka biri olabilir, fakat sonunda o bir ki\u015fidir.<\/p>\n<p>Kolektif y\u00f6netim de olabilir, ama kolektif liderlik olmaz!\u00a0 Bu ki\u015fiye toplum i\u00e7inde reis, ba\u015fkan, \u00f6nder, ba\u015fbu\u011f gibi uygun buldu\u011fumuz, geleneklerimize de uyan sayg\u0131n bir s\u0131fatla hitap ederken, 1990 y\u0131l\u0131ndan sonra Biz Bulgaristan\u2019daki M\u00fcsl\u00fcman T\u00fcrklerin dil haznesine <strong>L\u0130DER<\/strong> s\u00f6z\u00fc de girdi.<\/p>\n<p>\u0130ngilizce bir s\u00f6z olup, \u00f6nder yerine kullanmaya ba\u015fland\u0131. Ayn\u0131 d\u00f6nemde ayn\u0131 anlamla Bulgarcaya da yerle\u015fti. Olay, Bulgaristan M\u00fcsl\u00fcmanlar\u0131n\u0131n saflar\u0131ndan olmayan, halktan habersiz Hak ve \u00d6zg\u00fcrl\u00fck Hareketi (DPS) partisinin kurulmas\u0131 ve Genel Ba\u015fkanl\u0131\u011f\u0131na yine T\u00fcrklerimizin iradesi ve g\u00f6r\u00fc\u015f\u00fc al\u0131nmadan Ahmet Do\u011fan adl\u0131 bir Bulgar gizli polis ajan\u0131n\u0131n dikilmesiyle ba\u015flad\u0131. Bu yabanc\u0131 ve suni lideri, Bulgaristan\u2019daki M\u00fcsl\u00fcman T\u00fcrkler, bu \u00f6zel olarak haz\u0131rlan\u0131rken hatta hapiste yat\u0131r\u0131lm\u0131\u015f ki\u015fiyi birdenbire \u00f6nder olarak kabul etmese de, bir yandan devlet ad\u0131na, \u00f6te yandan ise s\u00f6zde kurdu\u011fu <strong>\u201chareket\u201d<\/strong> ve M\u00fcsl\u00fcman kitle ad\u0131na engellenmeden, <strong>\u201cHey sen kimsin!\u201d<\/strong> denmeden deme\u00e7 vermesine al\u0131\u015f\u0131ld\u0131. \u015eimdi <strong>\u201cfahri ba\u015fkan\u201d<\/strong> olsa da, Bulgar medyas\u0131 ona yine <strong>\u201cLider\u201d<\/strong> diyor. Aksini ispatlamak i\u00e7in, birisinin ad\u0131 <strong>\u201c\u015eeytan\u201d<\/strong> olan, 5 kitap yaz\u0131ld\u0131, ama dikkate alan pek yok\u2026<\/p>\n<p><strong>Liderli\u011fin dayana\u011f\u0131\u2013 yatay ve dikey toplumsal \u00f6rg\u00fct sistemi<\/strong><\/p>\n<p>Bir devlet ba\u015fkan\u0131, ba\u015fbakan veya meclis ba\u015fkan\u0131 <strong>L\u0130DER<\/strong> olmayabilir.<\/p><div id=\"bghab-2460190539\" class=\"bghab-icerik-icine-10-paragraf bghab-entity-placement\"><script async src=\"\/\/pagead2.googlesyndication.com\/pagead\/js\/adsbygoogle.js?client=ca-pub-6203283170189293\" crossorigin=\"anonymous\"><\/script><ins class=\"adsbygoogle\" style=\"display:block; text-align:center;\" data-ad-client=\"ca-pub-6203283170189293\" \ndata-ad-slot=\"7303146466\" \ndata-ad-layout=\"in-article\"\ndata-ad-format=\"fluid\" data-full-width-responsive=\"true\"><\/ins>\n<script> \n(adsbygoogle = window.adsbygoogle || []).push({}); \n<\/script>\n<\/div>\n<p>Lider halka dayanan ve halk\u0131n g\u00f6nl\u00fcnde taht kuran, g\u00fcc\u00fcn\u00fc halktan alan ve halk\u0131 i\u00e7in \u00e7al\u0131\u015fan ki\u015fidir. Bir \u00e7ar veya kral da <strong>L\u0130DER<\/strong> olmayabilir. \u00d6rne\u011fin II. Simeyon\u2026<\/p>\n<p><strong>Tarih b\u00fcy\u00fck liderler tan\u0131r.<\/strong><\/p>\n<p>T\u00fcrk halk\u0131n\u0131n milli kurtulu\u015f m\u00fccadelesini \u00f6rg\u00fctleyip y\u00f6neten ve zafere ula\u015ft\u0131ran, T\u00fcrkiye Cumhuriyetini kuran, s\u00f6m\u00fcrge d\u00fcnyas\u0131 halklar\u0131n\u0131n milli kurtulu\u015f m\u00fccadelesine esin veren <strong>Mustafa Kemal ATAT\u00dcRK \u00a0XX. Y\u00fczy\u0131l\u0131n en b\u00fcy\u00fck Liderdir.<\/strong><\/p>\n<p>XXI. y\u00fczy\u0131lda T\u00fcrkiye y\u00f6netimini demokrasiye dayal\u0131 Ba\u015fkanl\u0131k Sistemine, milli bir g\u00fc\u00e7ten, fikri sorulan b\u00f6lgesel ve k\u00fcresel bir konuma ta\u015f\u0131yan AK Parti Ba\u015fkan\u0131, <strong>T\u00fcrkiye Cumhuriyeti Devlet Ba\u015fkan\u0131 Say\u0131n Recep Tayyip ERDO\u011eAN da ulusal ve uluslararas\u0131 bir Liderdir. <\/strong><\/p>\n<p>G\u00fcn\u00fcm\u00fczde US Dolar uluslararas\u0131 parasal s\u00f6m\u00fcr\u00fc sisteminin omurgas\u0131n\u0131 k\u0131rma m\u00fccadelesinde ba\u015f\u0131 \u00e7eken <strong>T\u00fcrkiye Cumhuriyeti Ba\u015fkan\u0131 Say\u0131n Recep Tayyip ERDO\u011eAN\u2019d\u0131r<\/strong><\/p><div id=\"bghab-1862143596\" class=\"bghab-icerik-icine-15-paragraf bghab-entity-placement\"><script async src=\"\/\/pagead2.googlesyndication.com\/pagead\/js\/adsbygoogle.js?client=ca-pub-6203283170189293\" crossorigin=\"anonymous\"><\/script><ins class=\"adsbygoogle\" style=\"display:block; text-align:center;\" data-ad-client=\"ca-pub-6203283170189293\" \ndata-ad-slot=\"7303146466\" \ndata-ad-layout=\"in-article\"\ndata-ad-format=\"fluid\" data-full-width-responsive=\"true\"><\/ins>\n<script> \n(adsbygoogle = window.adsbygoogle || []).push({}); \n<\/script>\n<\/div>\n<p>G\u00fcn\u00fcm\u00fczde bir bu\u00e7uk milyonu Bulgaristan\u2019da, bir Milyonu T\u00fcrkiye Cumhuriyeti\u2019nde ve yakla\u015f\u0131k be\u015fy\u00fcz elli bini de de\u011fi\u015fik Bat\u0131 \u00fclkelerinde bulunan Bulgaristanl\u0131 M\u00fcsl\u00fcman T\u00fcrkler, par\u00e7alanm\u0131\u015f ve da\u011f\u0131lm\u0131\u015f bir durumdad\u0131r. 1990\u2019dan beri yap\u0131lan 11 meclis, 5 Cumhurba\u015fkan\u0131, 3 defa Avrupa Birli\u011fi parlamentosu, 2 referandum ve t\u00fcm yerel se\u00e7imlerde oy kullansak da, hi\u00e7 istisnas\u0131z t\u00fcm se\u00e7imlerde Bulgaristanl\u0131 M\u00fcsl\u00fcman se\u00e7men, her defas\u0131nda Hak ve \u00d6zg\u00fcrl\u00fck Hareketi format\u0131 i\u00e7inde kald\u0131. Bu Parti listesine oy verdi. Parti listesini ise, partinin dikey \u00f6rg\u00fct modeli belirledi. Bunun ad\u0131 H\u00d6H (DPS) \u2013 dikey kurmay \u00f6rg\u00fct modelidir, \u015f\u00f6yle ki suni lidere \u00f6rg\u00fct i\u00e7inde yatay ba\u011fl\u0131 bulunanlar (se\u00e7menler) \u00f6rg\u00fct \u00fczerinde, adaylarla ilgili herhangi bir yetkiye sahip de\u011fildir. Adaylar\u0131 g\u00f6steren suni lider, halk\u0131n \u00e7\u0131karlar\u0131n\u0131 de\u011fil, kendi \u015fahsi menfaatlerini, oligar\u015fi ve mafya ile ili\u015fkilerini, gizli istihbarat ile BKP ve GERB gibi siyasi partilerle denge m\u00fcnasebetlerini ve avanta kanallar\u0131n\u0131n ak\u0131\u015f\u0131n\u0131 sa\u011flamay\u0131 dikkate alm\u0131\u015ft\u0131r. Bu \u00f6rg\u00fctsel bi\u00e7imde bilgi ak\u0131m\u0131 t\u0131kanm\u0131\u015f, se\u00e7men \u00fclkede, T\u00fcrkiye\u2019de ve Bat\u0131 \u00fclkelerinde kendi kaderine terk edilmi\u015f ve karanl\u0131k i\u00e7inde bocalamaktad\u0131r.<\/p>\n<p>Bulgaristan M\u00fcsl\u00fcmanlar\u0131n bir haini olan, kamufle edilmi\u015f gizlenmi\u015f sahte bir lider tuza\u011f\u0131na (Ahmet Do\u011fan) d\u00fc\u015f\u00fcr\u00fcld\u00fc\u011f\u00fcn\u00fcn fark\u0131na varmas\u0131 20-30 y\u0131l gibi bir zaman ald\u0131.<\/p>\n<p>16 Nisan 2016\u2019da, H\u00d6H Genel Ba\u015fkan\u0131 L\u00fctfi Mestan\u2019la birlikte H\u00d6H\u2019ten kovulan milletvekillerinin DOST partisi kurmalar\u0131, durumu de\u011fi\u015ftirmedi. Bunun nedeni de, H\u00d6H partisinin M\u00fcsl\u00fcman T\u00fcrklerden tamamen kopmu\u015f bir dikey \u00f6rg\u00fctsel yap\u0131ya ve y\u00f6netime sahip olmas\u0131 ve <strong>\u201ckulis\u201d, \u201cperde arkas\u0131\u201d<\/strong> ya da <strong>\u201c\u00fcst ak\u0131l\u201d<\/strong> dedi\u011fimiz gizemli g\u00fc\u00e7 taraf\u0131ndan y\u00f6netilmesi sonucudur.<\/p>\n<p>Dolay\u0131s\u0131yla yap\u0131lan siyasi operasyonlarla do\u011fal bir Lider ortaya \u00e7\u0131kmad\u0131.<\/p>\n<p>Bu ger\u00e7ek T\u00fcrkiye\u2019de ve Bat\u0131 \u00fclkelerindeki Bulgaristanl\u0131 M\u00fcsl\u00fcmanlar i\u00e7in de ge\u00e7erlidir. DOST\u2019un sundu\u011fu yeni sistem DPS sisteminin kopyas\u0131yd\u0131. DPS\u2019ye ba\u011fl\u0131 kitle DOST \u2018a kat\u0131lmak isteyenlerle bo\u011fu\u015ftu. \u0130\u015fin i\u00e7ine fikir, ideoloji, politika yoktu. DPS\u2019nin savundu\u011fu sol liberalizmden s\u00f6zde sa\u011f liberalizm (slogan\u0131) do\u011fdu.<\/p><div id=\"bghab-4097881379\" class=\"bghab-icerik-icine-20-paragraf bghab-entity-placement\"><script async src=\"\/\/pagead2.googlesyndication.com\/pagead\/js\/adsbygoogle.js?client=ca-pub-6203283170189293\" crossorigin=\"anonymous\"><\/script><ins class=\"adsbygoogle\" style=\"display:block; text-align:center;\" data-ad-client=\"ca-pub-6203283170189293\" \ndata-ad-slot=\"7303146466\" \ndata-ad-layout=\"in-article\"\ndata-ad-format=\"fluid\" data-full-width-responsive=\"true\"><\/ins>\n<script> \n(adsbygoogle = window.adsbygoogle || []).push({}); \n<\/script>\n<\/div>\n<p>Bir \u0130ne\u011fin erkek buza\u011f\u0131lad\u0131\u011f\u0131, yumurtadan horoz \u00e7\u0131kt\u0131\u011f\u0131 gibi bir \u015fey oldu. Eskiden L. Mestan\u2019\u0131n H\u00d6H Genel Ba\u015fkan\u0131 y\u0131llar\u0131nda oldu\u011fu gibi y\u00f6nergeler onun a\u011f\u0131z\u0131ndan medya arac\u0131l\u0131yla akmaya devam etti.<\/p>\n<p>Bu mesajlar yukar\u0131dan a\u015fa\u011f\u0131ya ileti\u015fim sistemine Bulgarca giriyor, halk\u0131n anlamad\u0131\u011f\u0131 bir dilde olduklar\u0131ndan dolay\u0131 en alt kademeye (k\u00f6yl\u00fclere) inene kadar defalarca \u00e7arp\u0131t\u0131l\u0131p de\u011fi\u015ftiriliyordu. Mesaj yaz\u0131 bi\u00e7imine, yal\u0131n ileti\u015fim diline hen\u00fcz ge\u00e7ilemedi. A\u015fa\u011f\u0131dan yukar\u0131 ileti\u015fim ise daha ba\u015flamad\u0131.<\/p>\n<p><strong>DPS ve DOST partilerinde \u00e7apraz ileti\u015fim.<\/strong><\/p>\n<p>Kendi g\u00f6vde yap\u0131s\u0131na dayanmayan her \u00f6rg\u00fctsel sistemin lideri, aya\u011f\u0131 yere basmad\u0131\u011f\u0131ndan dolay\u0131, her zaman tutunacak yan bir dal arar. Onlar, y\u00f6nettikleri \u00f6rg\u00fct\u00fcn hiyerar\u015fik basamaklar\u0131n\u0131 izlemeden de\u011fi\u015fik \u00e7apraz kademeler\u00addeki ki\u015filerle (\u00f6rne\u011fin gizli polis, mason \u00f6rg\u00fct\u00fc, daha deneyimli ve b\u00fcy\u00fck bir parti, kurum vb) \u00a0do\u011frudan do\u011fruya haberle\u015fmede, hesap verme, talimat alma, hizmet sunma, pazarl\u0131k yapma yolunu se\u00e7er.<\/p>\n<p>1990\u2019a kadar kendi siyasi \u00f6rg\u00fctleri olmayan, hatta 1944 \u2013 1989 y\u0131llar\u0131 aras\u0131nda dernekleri bile olmayan Bulgaristan\u2019daki M\u00fcsl\u00fcman T\u00fcrkler, bu uygulamay\u0131 \u00f6nce kavrayamad\u0131lar. Onlar\u0131 daha \u00f6nce temsil eden BKP MK\u2019e al\u0131nm\u0131\u015f ya da meclise se\u00e7ilmi\u015f T\u00fcrk kadrolar, al\u0131nan kararlar\u0131 halka anlatmak i\u00e7in k\u00f6ylere, \u015fehirlere gidiyor, halkla g\u00f6r\u00fc\u015f\u00fcyorlard\u0131. A.Do\u011fan halk\u0131n dilini konu\u015fmayan biriydi. Siyah Mercedes\u2019i ile T\u00fcrk k\u00f6ylerinde, cami \u00f6n\u00fcnde durmaya tenezz\u00fcl etmeyen L. Mestan i\u00e7in de ayn\u0131 s\u00f6zler s\u00f6ylenebilir. Onlar\u0131n hesap verdikleri ve emir ald\u0131klar\u0131 makam farkl\u0131 bir yerdi.<\/p><div id=\"bghab-1013078913\" class=\"bghab-icerik-icine-25-paragraf bghab-entity-placement\"><script async src=\"\/\/pagead2.googlesyndication.com\/pagead\/js\/adsbygoogle.js?client=ca-pub-6203283170189293\" crossorigin=\"anonymous\"><\/script><ins class=\"adsbygoogle\" style=\"display:block; text-align:center;\" data-ad-client=\"ca-pub-6203283170189293\" \ndata-ad-slot=\"7303146466\" \ndata-ad-layout=\"in-article\"\ndata-ad-format=\"fluid\" data-full-width-responsive=\"true\"><\/ins>\n<script> \n(adsbygoogle = window.adsbygoogle || []).push({}); \n<\/script>\n<\/div>\n<p>1992 y\u0131l\u0131nda Bulgaristan\u2019da ve T\u00fcrkiye\u2019deki soyda\u015flar\u0131m\u0131z aras\u0131nda yatay \u00f6rg\u00fctlenmeye ba\u015fland\u0131. Bulgaristan\u2019da edebiyatseverler, yarat\u0131c\u0131lar, yazar ve \u015fairler,\u00a0 \u00f6\u011fretmenler \u00f6nc\u00fcl\u00fc\u011f\u00fcnde ho\u015fg\u00f6r\u00fc, k\u00fclt\u00fcrel etkile\u015fim ve yard\u0131mla\u015fma kul\u00fcb\u00fc ve dernek bi\u00e7imlerinde \u00f6r\u00fclme geli\u015fti. K\u00f6yl\u00fcler geleneklerini canland\u0131r\u0131rken hayat\u0131n renkleri de\u011fi\u015fti. 2018\u2019de \u00fclkede 42 dernek ve kul\u00fcp etkinliklerini s\u00fcrd\u00fcr\u00fcyor. Onlar \u00e7ok y\u00fcksek olan parti bulutlar\u0131nda rahmet beklemiyor.<\/p>\n<p>Geli\u015fen yatay ileti\u015fim, ayn\u0131 \u00f6rg\u00fct kademesindeki ki\u015fi ve b\u00f6l\u00fcmler aras\u0131nda mesaj al\u0131\u015fveri\u015fi, k\u00fclt\u00fcrel etkile\u015fim, panel, bilgi \u015f\u00f6leni, sanat geceleri, saz dinleme, birlikte \u015fark\u0131 t\u00fcrk\u00fc s\u00f6yleme, toplant\u0131, anma t\u00f6renleri, gezi ve ziyaretler, mevlitler, kutlamalar \u015fekillerinde ya\u015fam alan\u0131 buluyor. Bu \u00f6rg\u00fctlerin i\u00e7inden se\u00e7ilen ya da sivrilen ba\u015fkanlar lider de\u011fil, y\u00f6neticilerdir. Bu y\u00f6neticilerin \u00f6rg\u00fct \u00fcyeleriyle etkile\u015fimi y\u00fcz y\u00fcze g\u00f6r\u00fc\u015fmeler, toplant\u0131lar, raporlar, telefon konu\u015fmalar\u0131, ki\u015filer aras\u0131nda direk tart\u0131\u015fma gibi bir\u00e7ok bi\u00e7imlerde ger\u00e7ekle\u015fir. Bulgaristan\u2019daki T\u00fcrkler aras\u0131nda halen ger\u00e7ekle\u015fen demokratik \u00f6rg\u00fctlenme bi\u00e7imi dikey \u00f6rg\u00fctlenme yolu arayan bir at\u0131l\u0131md\u0131r.<\/p>\n<p>Ge\u00e7en y\u00fczy\u0131l\u0131n 1923 \u2013 1934 y\u0131llar\u0131 aras\u0131nda sportif birlikler, sanat gruplar\u0131, \u00f6\u011fretmenler, gazeteci ve \u015fairler aras\u0131ndaki <strong>\u201cTuran\u201d<\/strong> ocaklar\u0131ndaki manevi dirili\u015f ile kanaat \u00f6nderlerine, milletvekillerine, esnaf ve ayd\u0131nlara, okullara ve enc\u00fcmenliklere dayanan hareketlenme T\u00fcrk bas\u0131n\u0131 taraf\u0131ndan y\u00fcreklendirilince Sofya\u2019da Birinci Milli T\u00fcrk Kongresi d\u00fczenlenmi\u015fti. \u00dclkenin d\u00f6rt bir yan\u0131ndan gelen delegeler Bulgaristan T\u00fcrkl\u00fc\u011f\u00fcne yeni ruh vermi\u015f, onu politik \u00f6rg\u00fctlenmeye do\u011fru y\u00fcreklendirmi\u015fti. Kongre ilk kez bir dikey \u00f6rg\u00fctlenme meydana \u00e7\u0131kard\u0131.<\/p>\n<p><strong>1934 askeri darbesi bu at\u0131l\u0131m\u0131 baltalad\u0131, \u00f6rg\u00fctlerimizi kapatt\u0131, ayd\u0131n kadrolar\u0131 T\u00fcrkiye\u2019ye kovdu. <\/strong>Ayd\u0131nlatmaya \u00e7al\u0131\u015ft\u0131\u011f\u0131m\u0131z karanl\u0131ktan zifiri karanl\u0131k yapt\u0131. B\u00f6ylece Bulgaristan T\u00fcrklerinin bilin\u00e7li m\u00fccadele birikiminden Halk Lider do\u011fmas\u0131 engellendi.<\/p>\n<p><strong>Bulgaristan T\u00fcrkleri aras\u0131nda Lider olmak ne \u00e7\u0131t\u0131r \u00e7\u0131t\u0131r simit yemek, ne kabu\u011fu k\u0131rmak, ne de her sabah mahalle dostlar\u0131yla \u00e7ay-kahve sohbetinde indirip bindirmedir.<\/strong><\/p><div id=\"bghab-3928959851\" class=\"bghab-icerik-icine-30-paragraf bghab-entity-placement\"><script async src=\"\/\/pagead2.googlesyndication.com\/pagead\/js\/adsbygoogle.js?client=ca-pub-6203283170189293\" crossorigin=\"anonymous\"><\/script><ins class=\"adsbygoogle\" style=\"display:block; text-align:center;\" data-ad-client=\"ca-pub-6203283170189293\" \ndata-ad-slot=\"7303146466\" \ndata-ad-layout=\"in-article\"\ndata-ad-format=\"fluid\" data-full-width-responsive=\"true\"><\/ins>\n<script> \n(adsbygoogle = window.adsbygoogle || []).push({}); \n<\/script>\n<\/div>\n<p><strong>Bu olay\u0131, 1989 Ayaklanmam\u0131zda da ya\u015fad\u0131k. 52 illegal ve legal \u00f6rg\u00fctten Halk Lideri y\u00fckselmesi s\u00fcrecimiz B\u00fcy\u00fck G\u00f6\u00e7\u2019e zorlanmam\u0131zla ezilip likide edildi.<\/strong><\/p>\n<p>Zaman de\u011fi\u015fmi\u015ftir. G\u00fcn\u00fcm\u00fczde akt\u00fcel olan <strong>K\u00fclt\u00fcrel Liderliktir<\/strong>.<\/p>\n<p>\u00d6nemli olan insanlar\u0131 toplant\u0131ya, panele, mitinge toplay\u0131p, ak\u0131lda kalacak, y\u00f6n verecek hi\u00e7bir \u015fey s\u00f6ylemeden da\u011f\u0131tmak de\u011fil, y\u00fczlerini g\u00f6rmeden ayn\u0131 konuda d\u00fc\u015f\u00fcnmeye hepsini birden sevk etmektir. \u00c7a\u011fda\u015f teknoloji, internet, mobil ve sosyal medya halk\u0131n taban\u0131n\u0131 ku\u015fatm\u0131\u015f ve hizmetinizdedir. K\u00e2\u011f\u0131t \u00fczerine bas\u0131lm\u0131\u015f her gazete, dergi ve kitaptan binlerce defa h\u0131zl\u0131, etkili ve g\u00f6rseldir.<\/p>\n<p>\u015eimdiki gen\u00e7ler Facebook, Twitter, Instagram vs. gibi sosyal medya \u015firketleriyle her bir bireye kendini ifade etme \u00f6zg\u00fcrl\u00fc\u011f\u00fcn\u00fc kazand\u0131rm\u0131\u015ft\u0131r. Mobiliteyle her ki\u015fi art\u0131k birer gazeteci, foto\u011fraf\u00e7\u0131, y\u00f6netmen, yorumcu, dernek\u00e7i, y\u00f6netmen rol\u00fcne b\u00fcr\u00fcnm\u00fc\u015f, \u00fcrettikleri i\u00e7eriklerle k\u0131sa zamanda geni\u015f kitlelere a\u00e7\u0131labilme olana\u011f\u0131na kavu\u015fmu\u015ftur.<\/p>\n<p>Son y\u0131llar\u0131n en b\u00fcy\u00fck miting ve g\u00f6sterileri \u0130nternet \u00fczerinden \u00f6rg\u00fctlenmi\u015ftir. Sofya\u2019da 2013 Mart ay\u0131nda Birinci Boyko borisov h\u00fck\u00fcmeti internet \u00fczerinden toplanan mitingle devrildi. 2014 y\u0131l\u0131n\u0131n A\u011fustos ay\u0131nda DPS milletvekili, oligar\u015f\u0131 temsilcisi D. Peevski gizli polis \u00f6rg\u00fct\u00fc DANS Ba\u015fkanl\u0131\u011f\u0131na atand\u0131\u011f\u0131nda, sokak g\u00f6sterileri Ba\u015fbakan Ore\u015farski\u2019yi istifaya zorlad\u0131. Bu eyleme de elektronik ileti\u015fim \u00fczerinden \u00f6rg\u00fctlenmi\u015fti.<\/p><div id=\"bghab-108831391\" class=\"bghab-icerik-icine-35-paragraf bghab-entity-placement\"><script async src=\"\/\/pagead2.googlesyndication.com\/pagead\/js\/adsbygoogle.js?client=ca-pub-6203283170189293\" crossorigin=\"anonymous\"><\/script><ins class=\"adsbygoogle\" style=\"display:block; text-align:center;\" data-ad-client=\"ca-pub-6203283170189293\" \ndata-ad-slot=\"7303146466\" \ndata-ad-layout=\"in-article\"\ndata-ad-format=\"fluid\" data-full-width-responsive=\"true\"><\/ins>\n<script> \n(adsbygoogle = window.adsbygoogle || []).push({}); \n<\/script>\n<\/div>\n<ol>\n<li><strong> ve XXI. Y\u00fczy\u0131l aras\u0131nda bu bak\u0131ma k\u00f6kl\u00fc fark var<\/strong>.<\/li>\n<\/ol>\n<p>D\u00fcnya bilgilenme rekabeti i\u00e7indedir. \u0130\u015fte <strong>\u201c<a href=\"http:\/\/www.bghaber.org\">www.bghaber.org<\/a>\u201d<\/strong> yay\u0131nlar\u0131n\u0131n 300\u00a0000 takip\u00e7iye ula\u015fm\u0131\u015f durumdad\u0131r. T\u00fcrk\u00e7e \u00f6\u011frenme ve \u00f6\u011fretme konusu \u00f6z giri\u015fim konusudur. \u0130spanyolca \u00f6\u011frenmek i\u00e7in art\u0131k kurs a\u00e7\u0131lm\u0131yor, kursa giden yok. Herkesin \u00f6\u011fretmeni elindeki telefon arac\u0131d\u0131r. \u0130\u00e7indeki dijital \u00f6\u011fretmendir.<\/p>\n<p>T\u00fcrk\u00e7eyi \u00f6\u011frensinler ve \u00f6\u011fretsinler, meslek \u00f6\u011frensinler diye 1994\u2019ten y\u0131l\u0131ndan beri Bulgaristan\u2019dan T\u00fcrkiye\u2019ye 1500 \u00f6\u011frenci g\u00f6nderdik. \u00dcniversite mezunu oldular. Hi\u00e7 birisi T\u00fcrk\u00e7emizi kolay dijital \u00f6\u011frenme yolu bulamad\u0131, \u00fcst\u00fcne bir\u00e7oklar\u0131 geri de d\u00f6nmedi.<\/p>\n<p>Biz Bulgaristan T\u00fcrklerinin kay\u0131tl\u0131, notal\u0131 650 T\u00fcrk\u00fc ve \u015fark\u0131m\u0131z var. Hi\u00e7 biri Bulgaristan T\u00fcrkl\u00fcleri festivali d\u00fczenleyemedi. Bulgaristan melodileri ve eserleri orkestras\u0131 hen\u00fcz toplanamad\u0131. Rumeli \u2013Balkan katliamlar\u0131 s\u00fciti hen\u00fcz yaz\u0131lmad\u0131. Balkanlarda <strong>\u201cSoyk\u0131r\u0131m Oratoryomu\u201d<\/strong> bestelenmedi. Balkan T\u00fcrk\u00e7esinin g\u00fczelli\u011fi sanki zorla unutturuluyor.<\/p>\n<p>XIV y\u00fczy\u0131lda dedelerimiz Rumeli\u2019ye yerle\u015firken, dikey bir \u00f6rg\u00fctlenmeyle gelmi\u015fler, liderleri, beylerbeyleri, ulemalar\u0131, u\u00e7 beyleri varm\u0131\u015f. \u015eimdi ayn\u0131 n\u00fcfusun 600 y\u0131ll\u0131k k\u00f6klerinden bir Lider Filiz \u00e7\u0131kar(t)am\u0131yoruz. Daha okulda kafalar\u0131na zehir dolduruluyor. Beklentiler s\u00f6n\u00fcyor. Yani okul yapam\u0131yorsak dijital elektronik \u00f6rg\u00fctlenmemiz gerek. Bu i\u015fin \u00e7\u00f6z\u00fcm\u00fcn\u00fc bulup y\u00fcreklendirmemiz laz\u0131m.<\/p>\n<p><strong>Biz T\u00fcrkiye Cumhuriyeti\u2019nin Diyanetine minnettar\u0131z. <\/strong><\/p><div id=\"bghab-4223047041\" class=\"bghab-icerik-icine-40-paragraf bghab-entity-placement\"><script async src=\"\/\/pagead2.googlesyndication.com\/pagead\/js\/adsbygoogle.js?client=ca-pub-6203283170189293\" crossorigin=\"anonymous\"><\/script><ins class=\"adsbygoogle\" style=\"display:block; text-align:center;\" data-ad-client=\"ca-pub-6203283170189293\" \ndata-ad-slot=\"7303146466\" \ndata-ad-layout=\"in-article\"\ndata-ad-format=\"fluid\" data-full-width-responsive=\"true\"><\/ins>\n<script> \n(adsbygoogle = window.adsbygoogle || []).push({}); \n<\/script>\n<\/div>\n<p>T\u00fcrk dil devriminden yakla\u015f\u0131k bir as\u0131r sonra Kuran\u2019\u0131 Kerim\u2019i herkesin anlayabilece\u011fi sadelikle art\u0131k terc\u00fcme edebilmi\u015f. Bir de Diyanet \u0130\u015fleri Ba\u015fkanl\u0131\u011f\u0131 Yay\u0131nlar\u0131ndan 4 cilt halinde derlenmi\u015f, <strong>KURAN YOLU T\u00dcRK\u00c7E MEAL VE TEVS\u0130R<\/strong> eserinin haz\u0131rlanmas\u0131nda eme\u011fi ge\u00e7en Prof Dr. Hayreddin Karaman, Prof. Dr. Mustafa \u00c7a\u011fr\u0131, Prof. Dr. \u0130brahim Kafi D\u00f6nmez ile Prof. Dr. Sadrettin G\u00fcm\u00fc\u015f Beylere \u00f6zel olarak te\u015fekk\u00fcr ederiz.<\/p>\n<p>Bu konudaki eski eserler, M\u00fcft\u00fcl\u00fck, \u0130mam Hatip Okulu ve Y\u00fcksek \u0130slam Enstit\u00fcs\u00fc ve cami, oda kitapl\u0131klar\u0131ndan indirilip yerlerine bu eserler yerle\u015ftirilmeli, cemaat ve \u00f6\u011frenciler \u00f6n\u00fcnde sesle okunarak ayd\u0131nlatma \u00e7al\u0131\u015fmalar\u0131 yap\u0131lmas\u0131n\u0131 \u00f6neriyoruz. Bu eserlerin her T\u00fcrk ailesinde yeri olmal\u0131d\u0131r. \u00d6zel bir devletleraras\u0131 anla\u015fmayla getirilip her haneye, mescit, cami ve din okulu s\u0131n\u0131flar\u0131na da\u011f\u0131t\u0131lmal\u0131 ve okutulmal\u0131d\u0131r. Avrupa T\u00fcrkl\u00fc\u011f\u00fcm\u00fcz\u00fc in\u015fa etme yolumuz bu olmal\u0131d\u0131r.<\/p>\n<p><strong>Bununla birlikte, yatay ve diken \u00f6rg\u00fctlenme \u00f6devlerinin ba\u015f\u0131nda gelen bir ba\u015fka problemimiz de var. Bu da mezarl\u0131klar\u0131m\u0131z sorunudur.<\/strong><\/p>\n<p>Mezarl\u0131klar\u0131m\u0131z\u0131 koruyup ya\u015fatma ve \u00e7evrecilik \u00e7al\u0131\u015fmalar\u0131na \u00f6nc\u00fcl\u00fck ederek, M\u00fcft\u00fcl\u00fcklerimiz mezarl\u0131klar\u0131m\u0131z s\u0131n\u0131rlar\u0131na \u00e7ep\u00e7evre sedir ve \u00e7\u0131nar a\u011fac\u0131 dikme kampanyas\u0131n\u0131 bir an \u00f6nce ba\u015flatmal\u0131d\u0131rlar. Bulgaristan\u2019da \u00c7\u0131nar ve sedir a\u011fa\u00e7lar\u0131n\u0131 kesmek yasakt\u0131r ve b\u00f6ylece kutsal m\u00fclklerimiz ve atalar\u0131m\u0131z\u0131n ruhu ebedile\u015fmi\u015f ve huzur bulmu\u015f olacakt\u0131r. O zaman mezarl\u0131klar\u0131m\u0131z trakt\u00f6rle s\u00fcr\u00fclemeyecek, ta\u015flar\u0131 k\u0131r\u0131lamayacakt\u0131r.<\/p>\n<p>Siz de d\u00fc\u015f\u00fcn\u00fcn. Yatay ezilmektense dikey h\u00fckmetme yolunu birlikte bulal\u0131m.<\/p><div id=\"bghab-852268516\" class=\"bghab-icerik-icine-45-paragraf bghab-entity-placement\"><script async src=\"\/\/pagead2.googlesyndication.com\/pagead\/js\/adsbygoogle.js?client=ca-pub-6203283170189293\" crossorigin=\"anonymous\"><\/script><ins class=\"adsbygoogle\" style=\"display:block; text-align:center;\" data-ad-client=\"ca-pub-6203283170189293\" \ndata-ad-slot=\"7303146466\" \ndata-ad-layout=\"in-article\"\ndata-ad-format=\"fluid\" data-full-width-responsive=\"true\"><\/ins>\n<script> \n(adsbygoogle = window.adsbygoogle || []).push({}); \n<\/script>\n<\/div>\n<p>Okudu\u011funuz i\u00e7in te\u015fekk\u00fcr eder, payla\u015fmay\u0131 da unutmay\u0131n\u0131z.<\/p>\n<div id=\"bghab-4043980959\" class=\"bghab-yazi-altinda bghab-entity-placement\"><div class=\"bghab-adlabel\">Reklamlar<\/div><script async src=\"https:\/\/pagead2.googlesyndication.com\/pagead\/js\/adsbygoogle.js\"><\/script>\r\n<!-- bghaber-yaz\u0131-sonu -->\r\n<ins class=\"adsbygoogle\"\r\n     style=\"display:block\"\r\n     data-ad-client=\"ca-pub-6203283170189293\"\r\n     data-ad-slot=\"4222328180\"\r\n     data-ad-format=\"auto\"\r\n     data-full-width-responsive=\"true\"><\/ins>\r\n<script>\r\n     (adsbygoogle = window.adsbygoogle || []).push({});\r\n<\/script><\/div><br style=\"clear: both; display: block; float: none;\"\/>","protected":false},"excerpt":{"rendered":"<p>Tarih: 02 Eyl\u00fcl 2018 Yazan: Rafet ULUT\u00dcRK &nbsp; Konu: Bulgaristan T\u00fcrkleri olarak \u00f6rg\u00fctlenmenin neresindeyiz? Bir devletin, bir halk\u0131n, bir toplulu\u011fun gelece\u011finden s\u00f6z ederken her zaman<\/p>\n","protected":false},"author":13,"featured_media":31752,"comment_status":"closed","ping_status":"closed","sticky":false,"template":"","format":"standard","meta":{"advanced_seo_description":"","jetpack_seo_html_title":"","jetpack_seo_noindex":false,"_jetpack_memberships_contains_paid_content":false,"footnotes":""},"categories":[6],"tags":[],"class_list":["post-32186","post","type-post","status-publish","format-standard","has-post-thumbnail","hentry","category-yorum"],"jetpack_featured_media_url":"https:\/\/i0.wp.com\/www.bghaber.org\/bghaber\/wp-content\/uploads\/2018\/07\/rafet-uluturk.jpg?fit=172%2C212&ssl=1","jetpack_sharing_enabled":true,"jetpack_likes_enabled":true,"jetpack-related-posts":[],"jetpack_shortlink":"https:\/\/wp.me\/pc2PfJ-8n8","_links":{"self":[{"href":"https:\/\/www.bghaber.org\/bghaber\/wp-json\/wp\/v2\/posts\/32186","targetHints":{"allow":["GET"]}}],"collection":[{"href":"https:\/\/www.bghaber.org\/bghaber\/wp-json\/wp\/v2\/posts"}],"about":[{"href":"https:\/\/www.bghaber.org\/bghaber\/wp-json\/wp\/v2\/types\/post"}],"author":[{"embeddable":true,"href":"https:\/\/www.bghaber.org\/bghaber\/wp-json\/wp\/v2\/users\/13"}],"replies":[{"embeddable":true,"href":"https:\/\/www.bghaber.org\/bghaber\/wp-json\/wp\/v2\/comments?post=32186"}],"version-history":[{"count":0,"href":"https:\/\/www.bghaber.org\/bghaber\/wp-json\/wp\/v2\/posts\/32186\/revisions"}],"wp:featuredmedia":[{"embeddable":true,"href":"https:\/\/www.bghaber.org\/bghaber\/wp-json\/wp\/v2\/media\/31752"}],"wp:attachment":[{"href":"https:\/\/www.bghaber.org\/bghaber\/wp-json\/wp\/v2\/media?parent=32186"}],"wp:term":[{"taxonomy":"category","embeddable":true,"href":"https:\/\/www.bghaber.org\/bghaber\/wp-json\/wp\/v2\/categories?post=32186"},{"taxonomy":"post_tag","embeddable":true,"href":"https:\/\/www.bghaber.org\/bghaber\/wp-json\/wp\/v2\/tags?post=32186"}],"curies":[{"name":"wp","href":"https:\/\/api.w.org\/{rel}","templated":true}]}}