{"id":32178,"date":"2018-09-01T05:21:36","date_gmt":"2018-09-01T02:21:36","guid":{"rendered":"http:\/\/www.bghaber.org\/bghaber\/?p=32178"},"modified":"2018-09-01T05:25:02","modified_gmt":"2018-09-01T02:25:02","slug":"soykirim-aklanmaz-bir-suctur","status":"publish","type":"post","link":"https:\/\/www.bghaber.org\/bghaber\/soykirim-aklanmaz-bir-suctur\/","title":{"rendered":"SOYKIRIM AKLANMAZ B\u0130R SU\u00c7TUR"},"content":{"rendered":"<p>Tarih: 31 A\u011fustos 2018<\/p>\n<p>Yazan: Nedim AKIN<\/p>\n<p>Konu: <strong>Hainlerin ve katillerin an\u0131t\u0131 olmaz.<br \/>\n<\/strong><strong>\u00a0\u00a0\u00a0\u00a0\u00a0\u00a0\u00a0\u00a0 \u00a0 <\/strong><strong>H\u00d6H isimlerimizi de\u011fi\u015ftirenlere an\u0131t dikti.<br \/>\n<\/strong><strong>\u00a0\u00a0\u00a0\u00a0\u00a0\u00a0\u00a0\u00a0 \u00a0 <\/strong><strong>Katile an\u0131t dikilmesini k\u0131n\u0131yoruz.<\/strong><\/p>\n<p>Kubad\u0131nl\u0131lar (Razgrad\u2019a ba\u011fl\u0131 Loznitsa belediyesi sakinleri) Bulgaristan\u2019daki di\u011fer karde\u015flerimiz gibi hay\u0131r ve yard\u0131mseverdir. \u0130kinci D\u00fcnya Sava\u015f\u0131\u2019nda Stalin\u2019e kar\u015f\u0131 ordu \u00e7\u0131karmayan Bulgar \u00c7ar\u0131 III. Boris \u00fclke i\u00e7indeki anti-fa\u015fist silahl\u0131 sava\u015f\u0131n omurgas\u0131 olan partizan \u00e7etelerine nefes ald\u0131rmamaya \u00e7al\u0131\u015f\u0131yordu. Y\u0131llardan 1943, Aylardan Ocakt\u0131. Kavurucu kuzey r\u00fczg\u00e2r\u0131ndan k\u00f6y\u00fc koruyan Deliorman\u2019\u0131n as\u0131rl\u0131k me\u015fe korular\u0131ndan inip k\u00f6ye giren Pen\u00e7o Peev defalarca evine s\u0131\u011f\u0131nd\u0131\u011f\u0131 \u00c7avu\u015flar\u0131n Portas\u0131n\u0131 \u00e7ald\u0131. O, \u201cAvgust Popov\u201d partizan \u00e7etesinin komutan\u0131yd\u0131. \u0130dam cezas\u0131 olan deli dolu bir gen\u00e7ti. Ba\u015f\u0131na \u00f6d\u00fcl konmu\u015f, onu arayan jandarma b\u00f6l\u00fc\u011f\u00fc Sofya\u2019dan takviye alm\u0131\u015ft\u0131.<\/p>\n<p>K\u00f6y ku\u015fluk vakti ku\u015fat\u0131ld\u0131. T\u00fcrk ve Bulgar evleri didik didik ediliyor. Komutan aran\u0131yordu. T\u00fcrk avlulardan \u00e7\u0131kan onar yirmi\u015fer koyun, dereye uzanan k\u00f6y yolunca s\u00fcr\u00fc oldu. Son kurbanda kesilen, hen\u00fcz kurumam\u0131\u015f deriye sar\u0131lm\u0131\u015f biri koyunlar aras\u0131nda s\u00fcr\u00fcnerek k\u00f6yden \u00e7\u0131k\u0131yordu. O, daha sonra Kubadinski soyad\u0131 alan, Pen\u00e7o idi. Fa\u015fist rejimle Deliorman\u2019da verilen silahl\u0131 m\u00fccadelede k\u00f6yde\u015fi olan T\u00fcrklere s\u0131\u011f\u0131nd\u0131\u011f\u0131n\u0131, \u00f6l\u00fcm\u00fc g\u00f6ze alan T\u00fcrk k\u00f6yl\u00fclerin yard\u0131mlar\u0131yla ayakta kald\u0131\u011f\u0131n\u0131 f\u0131rsat bulduk\u00e7a anlat\u0131yordu. \u201c<strong>Ben T\u00fcrk ekme\u011fiyle b\u00fcy\u00fcd\u00fcm. T\u00fcrkler bana yatakl\u0131k etti, defalarca hayat\u0131m\u0131 kurtard\u0131lar!\u201d<\/strong> s\u00f6zleri ona aittir. Biraz da T\u00fcrk\u00e7esi olmas\u0131, onu \u201c<strong>T\u00fcrk dostu B\u00dcY\u00dcK BULGAR<\/strong>\u201d yapm\u0131\u015ft\u0131.<\/p><div id=\"bghab-3570138919\" class=\"bghab-icerik-icine bghab-entity-placement\"><script async src=\"\/\/pagead2.googlesyndication.com\/pagead\/js\/adsbygoogle.js?client=ca-pub-6203283170189293\" crossorigin=\"anonymous\"><\/script><ins class=\"adsbygoogle\" style=\"display:block; text-align:center;\" data-ad-client=\"ca-pub-6203283170189293\" \ndata-ad-slot=\"7303146466\" \ndata-ad-layout=\"in-article\"\ndata-ad-format=\"fluid\" data-full-width-responsive=\"true\"><\/ins>\n<script> \n(adsbygoogle = window.adsbygoogle || []).push({}); \n<\/script>\n<\/div>\n<p>1954 y\u0131l\u0131ndan 1989\u2019a kadar, 35 sene Deliorman T\u00fcrklerinin oylar\u0131yla milletvekili se\u00e7ildi. 15-20 k\u00f6y ve mahalleden olu\u015fan Kubad\u0131nl\u0131\u2019n\u0131n (Loznitsa) Belediye merkezi olmas\u0131nda, k\u00f6y ve mahalleler aras\u0131 yol ve k\u00f6pr\u00fc yap\u0131m i\u015flerinde, okul ve okuma evi in\u015faat\u0131nda, y\u00f6renin ekonomik at\u0131l\u0131mlar\u0131nda vs \u00f6nemli rol oynad\u0131.<\/p>\n<p>\u00d6zellikle T\u00fcrk ahaliyle iyi \u00e7al\u0131\u015fmalar\u0131ndan dolay\u0131 Pen\u00e7o Kubadinski parti, devlet ve h\u00fck\u00fcmet karlar\u0131nda y\u00fckselirken \u201cSosyalist Emek Kahraman\u0131\u201d,\u00a0 4 kez \u201cGeorgi Dimitrov\u201d \u00f6d\u00fcl\u00fc ve \u201c1300 y\u0131l Bulgaristan\u201d madalyas\u0131yla \u00f6d\u00fcllendirildi.<\/p>\n<p>1966 y\u0131l\u0131nda Bulgaristan Kom\u00fcnist Partisi (BKP) Merkez Komitesi (MK) Politik B\u00fcro \u00fcyeli\u011fine se\u00e7ilen P. Kubadinski \u2013 Bulgaristan totaliter hiyerar\u015fisinin en b\u00fcksek makam\u0131 &#8211; 1990\u2019a kadar diktat\u00f6r T. Jivkov\u2019un en yak\u0131n adamlar\u0131ndan biriydi. 7 Ki\u015filik bu politik makamda al\u0131nan b\u00fct\u00fcn gizli kararlara imza att\u0131. \u00c7ingene, Pomak ve T\u00fcrklerinin isimlerinin de\u011fi\u015ftirilmesi ve k\u00fclt\u00fcrel kimliklerinin yok edilmesine ili\u015fkin t\u00fcm kararlar bu makam\u0131n gizli oturumlar\u0131nda al\u0131nm\u0131\u015ft\u0131r.<\/p>\n<p>Ayn\u0131 zamanda, o Bulgaristan Halk Cumhuriyeti (BHC) Devlet Konseyi Ba\u015fkan Yard\u0131mc\u0131s\u0131 ve BHC Bakanlar Kurulu Ba\u015fkan Yard\u0131mc\u0131s\u0131 g\u00f6revlerinde de bulundu.<\/p>\n<p>\u00dcst\u00fcne \u00fcstelik 1946-1959 y\u0131llar\u0131 aras\u0131nda Bulgaristan\u2019da g\u00f6n\u00fcll\u00fc gen\u00e7lik eme\u011fi ile sosyalist d\u00fczenin ekonomik temelleri at\u0131l\u0131rken, ad\u0131na \u201cBrigadir Hareketi\u201d denen etkinlikleri o y\u00f6netti. Dimitrovgrad \u015fehrinde \u201cVulkan\u201d suni g\u00fcbre fabrikas\u0131 in\u015faat\u0131n\u0131, G\u00fcney Bulgaristan\u2019\u0131 G\u00fcneyle ba\u011flayan \u201cCumhuriyet Ge\u00e7idi\u201d ad\u0131yla bilinen Kocabalkan Karayolu Ge\u00e7idi\u2019nin a\u00e7\u0131lmas\u0131n\u0131, Trakya\u2019da \u201cAleksand\u0131r Stanboliyski\u201d ve \u201cGeorgi Dimitrov\u201d adl\u0131 barajlar\u0131n kuruculu\u011funu ve ba\u015fka bir\u00e7ok tesisin yap\u0131m\u0131n\u0131n y\u00f6netiminde bulundu. Bu \u00e7al\u0131\u015fmalara 87 bin gen\u00e7 kat\u0131ld\u0131. Sosyal alanda 8\u00a0800 daire, yeni 100 okul, sa\u011fl\u0131k merkezi, hastane vb tesis edildi.<\/p><div id=\"bghab-1706016186\" class=\"bghab-icerik-icine-10-paragraf bghab-entity-placement\"><script async src=\"\/\/pagead2.googlesyndication.com\/pagead\/js\/adsbygoogle.js?client=ca-pub-6203283170189293\" crossorigin=\"anonymous\"><\/script><ins class=\"adsbygoogle\" style=\"display:block; text-align:center;\" data-ad-client=\"ca-pub-6203283170189293\" \ndata-ad-slot=\"7303146466\" \ndata-ad-layout=\"in-article\"\ndata-ad-format=\"fluid\" data-full-width-responsive=\"true\"><\/ins>\n<script> \n(adsbygoogle = window.adsbygoogle || []).push({}); \n<\/script>\n<\/div>\n<p>Dimitrovgat kenti, 1967\u2019de Pen\u00e7o Kubadinski\u2019yi \u015fehrin \u201conursal sakini\u201d ilan etti. 1996\u2019da vefat eden Kubadinski, 2004 y\u0131l\u0131n\u0131n Eyl\u00fcl ay\u0131nda Loznitsa Belediye meclisi taraf\u0131ndan \u201conursal sakin\u201d ilan edilse de, T\u00fcrk k\u00f6ylerinden\u00a0 Kubad\u0131nl\u0131, \u00c7ukur K\u0131\u015fla (Teke), \u00dct\u00fckler, Ta\u015f\u00e7\u0131, Karag\u00f6z, Erci, Hasan Terzi, G\u00f6k\u00e7e,\u00a0 So\u011fucak ve Kara \u0130p\u2019te \u00a0toplayan 800 imza Ba\u015fkan Ayhan Ha\u015fimov\u2019un y\u00f6netti\u011fi meclisin karar\u0131n\u0131 bozdu.<\/p>\n<p>Sofya Meclisi, 2 000 (iki bin) y\u0131l\u0131nda Bulgaristan tarihinin 1944-1989 d\u00f6nemini \u201ccinayetler d\u00f6nemi\u201d ilan etti. Meclisin k\u0131nad\u0131\u011f\u0131 iri kom\u00fcnistlerden biri Pen\u00e7o \u00a0Kubadinski\u2019ydi.<\/p>\n<p>Bilindi\u011fi \u00fczere, Bulgar totaliter kom\u00fcnizmi 1989\u2019da devrildi, fakat 29 y\u0131ldan beri dirilme ve yeniden a\u00e7\u0131k a\u00e7\u0131k egemen olma \u00e7abalar\u0131na ara vermeden devam ediyor. Hak ve \u00d6zg\u00fcrl\u00fck Hareketi y\u00f6netimiyle el ele vermi\u015fler, T\u00fcrklerin irade ve onurunu ezme yolunda ellerinden geleni \u00e7ekinmeden yap\u0131yorlar.<\/p>\n<p><strong>Loznitsa belediyesi \u00f6rne\u011fi iddialar\u0131m\u0131z\u0131 do\u011fruluyor:<\/strong><\/p>\n<p>1991\u2019de Todor Jivkov\u2019la birlikte Pen\u00e7o Kubadinski de uygulad\u0131klar\u0131 s\u00f6z\u00fcm ona\u00a0 \u201csoya d\u00f6n\u00fc\u015f s\u00fcreci\u201d devlet \u015fiddetinden dolay\u0131 tutukland\u0131. Mahkemeye \u00e7\u0131kar\u0131ld\u0131lar. Onun, 1972-73 Pomaklara yap\u0131lan bask\u0131 ve ter\u00f6r\u00fc, isim ve din de\u011fi\u015ftirme zulm\u00fcn\u00fc, s\u00fcrg\u00fcne g\u00f6nderme, yarg\u0131s\u0131z i\u00e7eri atma i\u015flerini onun y\u00f6netti\u011fi ortaya \u00e7\u0131kt\u0131. Bu silahl\u0131 sald\u0131r\u0131larda 37 T\u00fcrk kahraman \u015fehit d\u00fc\u015ft\u00fc. Loznitsa\u2019da Sabahattin Ahmet vuruldu. \u201cKur\u015fun yaras\u0131 k\u0131z\u0131l karanfil gibi a\u00e7t\u0131 aln\u0131nda.\u201d \u00c7ocuklar\u0131 \u00f6ks\u00fcz kald\u0131. 24 T\u00fcrk \u00f6l\u00fcm kamplar\u0131nda bask\u0131 g\u00f6rd\u00fc. \u00a01984 \u2013 1989 aras\u0131 6 y\u0131l boyunca T\u00fcrklere uygulanan eziyeti, tutuk evlerindeki i\u015fkenceler, z\u0131rhl\u0131 askeri birliklerle ger\u00e7ekle\u015ftirilen T\u00fcrk k\u00f6ylerine bask\u0131nlar\u0131n bizzat y\u00f6neten ve ve y\u00f6nlendirenin o oldu\u011fu g\u00fcn \u0131\u015f\u0131\u011f\u0131na \u00e7\u0131kt\u0131. Sald\u0131rganlar kontrols\u00fcz bir g\u00fc\u00e7 haline getirilmi\u015fti. \u015eiddet azm\u0131\u015ft\u0131. Her yerde pusu kurulmu\u015ftu. Bunlar nas\u0131l unutulabilir!?<\/p><div id=\"bghab-1375600149\" class=\"bghab-icerik-icine-15-paragraf bghab-entity-placement\"><script async src=\"\/\/pagead2.googlesyndication.com\/pagead\/js\/adsbygoogle.js?client=ca-pub-6203283170189293\" crossorigin=\"anonymous\"><\/script><ins class=\"adsbygoogle\" style=\"display:block; text-align:center;\" data-ad-client=\"ca-pub-6203283170189293\" \ndata-ad-slot=\"7303146466\" \ndata-ad-layout=\"in-article\"\ndata-ad-format=\"fluid\" data-full-width-responsive=\"true\"><\/ins>\n<script> \n(adsbygoogle = window.adsbygoogle || []).push({}); \n<\/script>\n<\/div>\n<p><strong>Mert ve asil insanlar yurdu Deliorman 1991\u2019de \u015fairlerimizden Ay\u015fe \u015ei\u015fmanova \u015f\u00f6yle anlatt\u0131:<\/strong><\/p>\n<p><strong>DEL\u0130ORMAN<\/strong><\/p>\n<p><em>Deliorman as\u0131rlar\u0131n g\u00fcr sesi<\/em><br \/>\n<em>\u0130nsan\u0131yla sarma\u015f dola\u015f ya\u015fayan\u2026<\/em><br \/>\n<em>A\u011f\u0131t yazar Demir Baba \u00e7e\u015fmesi<\/em><br \/>\n<em>A\u015f\u0131k gibi sevgiliye dert yakan\u2026<\/em><\/p>\n<p><em>Ormanda g\u00fcvermi\u015f me\u015feleri<\/em><br \/>\n<em>Topra\u011f\u0131na ter d\u00f6ker efeleri<\/em><br \/>\n<em>G\u00fcnd\u00fcz s\u0131cak, serindir geceleri<\/em><br \/>\n<em>Deliorman sevgiliye dert yakan.<\/em><\/p>\n<p>Tarif edilen Deliorman \u2013 sava\u015flardan, i\u015fgalden, yasakl\u0131 d\u00f6nemlerden, de\u011fi\u015fik i\u015fler i\u00e7in de\u011fi\u015fik bizimde horlanm\u0131\u015fl\u0131ktan, yasaklardan, ayaklanma ve g\u00f6\u00e7lerden ge\u00e7mi\u015fti. Toplum iyice par\u00e7alanm\u0131\u015ft\u0131. T\u00fcrkler ile Bulgarlar\u0131 birbirine d\u00fc\u015f\u00fcnen kakavanlardan biri P. Kubadinski idi.<\/p><div id=\"bghab-2391153614\" class=\"bghab-icerik-icine-20-paragraf bghab-entity-placement\"><script async src=\"\/\/pagead2.googlesyndication.com\/pagead\/js\/adsbygoogle.js?client=ca-pub-6203283170189293\" crossorigin=\"anonymous\"><\/script><ins class=\"adsbygoogle\" style=\"display:block; text-align:center;\" data-ad-client=\"ca-pub-6203283170189293\" \ndata-ad-slot=\"7303146466\" \ndata-ad-layout=\"in-article\"\ndata-ad-format=\"fluid\" data-full-width-responsive=\"true\"><\/ins>\n<script> \n(adsbygoogle = window.adsbygoogle || []).push({}); \n<\/script>\n<\/div>\n<p>Deliorman\u2019da huzur arama yolu uzundu. \u0130lk b\u00fcy\u00fck T\u00fcrkl\u00fck tufan\u0131 Naz\u0131m Hikmet\u2019le geldi. O, dev a\u011fa\u00e7lar denizini \u0131rgalad\u0131. \u201cKulaklar\u0131n\u0131z neden sa\u011f\u0131r?\u201d diye sordu. \u00a0Y\u0131llardan 1952 idi. O, g\u00f6nl\u00fc g\u00f6\u011fs\u00fcne s\u0131\u011fmayan, g\u00f6rd\u00fckleri ilk kasketli \u015fairdi.\u00a0 Onu sevenler, 48 y\u0131l sonra Kubad\u0131nl\u0131 meydan\u0131nda T\u00fcrk kimli\u011fine sadakat an\u0131t\u0131 i\u00e7tiler: Ben yanmazsam! Sen yanmazsan! O yanmazsa! Nas\u0131l \u00e7\u0131kar karanl\u0131klar ayd\u0131nl\u0131\u011fa? Bug\u00fcn totalitarizmi \u00f6zleyen BSP-GERB dalaverecileri s\u00fcr\u00fcs\u00fcne kat\u0131lan H\u00d6H y\u00f6netimini 1990\u2019da b\u00fcy\u00fck bir hevesle kurmu\u015flard\u0131. Aldat\u0131ld\u0131klar\u0131n\u0131, tuzaklara d\u00fc\u015f\u00fcr\u00fcleceklerini sezinleyemediler. 6 Eyl\u00fclde a\u00e7\u0131laca\u011f\u0131 s\u00f6ylenen an\u0131t meselesi k\u00f6y\u00fc kar\u0131\u015ft\u0131rd\u0131. Bu i\u015fin i\u00e7inde para oynad\u0131\u011f\u0131, susmalar\u0131 i\u00e7in para da\u011f\u0131t\u0131ld\u0131 konu\u015fuluyor. Cami ve mescitlerin, sinema salonu ve k\u00fclt\u00fcr evleri ile k\u00fct\u00fcphanelerin onar\u0131m\u0131 i\u00e7in g\u00f6nderilen 627\u00a0272 levan\u0131n kay\u0131plara kar\u0131\u015ft\u0131\u011f\u0131 ve bir k\u0131sm\u0131yla da bu b\u00fcst\u00fcn yapt\u0131r\u0131ld\u0131\u011f\u0131 anlat\u0131l\u0131yor. Say\u0131lar\u0131 12 olan H\u00d6H belediye meclis \u00fcyelerinin istifa etmesinde direniliyor.<\/p>\n<p><strong>Kubad\u0131nl\u0131 sava\u015f\u0131mc\u0131 gelenekleri derin ve g\u00fc\u00e7l\u00fc M\u00fcsl\u00fcman \u00e7o\u011funluklu bir belediyedir.<\/strong><\/p>\n<p>1974\u2019te T\u00fcrkiye Cumhuriyeti Ba\u015fbakan\u0131 B\u00fclent Ecevit geldi Loznitsa\u2019ya. K\u00fclt\u00fcr evi balkonundan yerli T\u00fcrklere hitaben yapt\u0131\u011f\u0131 konu\u015fmada, T. Jivkov ve P. Kubadinski\u2019nin g\u00f6z\u00fcne bakarak \u015f\u00f6yle dedi:<\/p>\n<p>\u201c\u015eu g\u00f6rd\u00fc\u011f\u00fcn\u00fcz M\u00fcsl\u00fcman T\u00fcrklerin anadillerinde konu\u015fma, e\u011fitim alama, dinlerinde ibadet etme, M\u00fcsl\u00fcman geleneklerine ve k\u00fclt\u00fcr\u00fcne g\u00f6re, adil bir d\u00fczende e\u015fit hakl\u0131 ve h\u00fcr vatanda\u015f olarak ya\u015fama hak ve \u00f6zg\u00fcrl\u00fc\u011f\u00fc tan\u0131nd\u0131\u011f\u0131nda, T\u00fcrkiye\u2019den g\u00fcvenilir ve b\u00fcy\u00fck kom\u015fu ve dost bulamazs\u0131n\u0131z!<\/p>\n<p>Ecevit\u2019in ve \u201cdedi\u011finiz olacakt\u0131r\u201d diyen T. Jivkov\u2019un s\u00f6zleri \u201cYani I\u015f\u0131k\u201d gazetesinde T\u00fcrk\u00e7e, \u201c\u0130\u015f\u00e7i Davas\u0131\u201d (Rabotni\u00e7eski Delo) gazetesinde Bulgarca bas\u0131lm\u0131\u015ft\u0131. 1985\u2019in dondurucu \u015eubat so\u011fu buz keserken milis, jandarma, itfaiye ve z\u0131rhl\u0131 birlikler k\u00f6y\u00fc ku\u015fatm\u0131\u015ft\u0131. M\u00fcsl\u00fcmanlar o 2 gazeteyi saklad\u0131klar\u0131 yerden \u00e7\u0131kard\u0131lar. Yapt\u0131klar\u0131 \u00e7er\u00e7evelerinin bir y\u00fcz\u00fcne T\u00fcrk\u00e7e metni, arkas\u0131na da Bulgarcas\u0131n\u0131 takarak, 6 Eyl\u00fcl\u2019de katil P. Kubadinski an\u0131t\u0131n\u0131n a\u00e7\u0131lacak oldu\u011fu yerde dolap beygiri gibi dola\u015fmaya ba\u015flad\u0131lar. Gazetede yazan\u0131n d\u0131\u015f\u0131nda hi\u00e7bir \u015fey istemiyorlard\u0131. Oysa d\u00fcnya tersine d\u00f6nm\u00fc\u015f, \u201ckele\u015f\u201d s\u0131rtlar\u0131na dayanm\u0131\u015f, isimleri, dinleri, T\u00fcrk kimlikleri de\u011fi\u015ftirilip tarihlerini ve anadillerini, adet ve geleneklerini unutmalar\u0131 isteniyordu. Direndiler! Dayand\u0131lar! Direndiler! Sustular! Direndiler!<\/p><div id=\"bghab-1487297993\" class=\"bghab-icerik-icine-25-paragraf bghab-entity-placement\"><script async src=\"\/\/pagead2.googlesyndication.com\/pagead\/js\/adsbygoogle.js?client=ca-pub-6203283170189293\" crossorigin=\"anonymous\"><\/script><ins class=\"adsbygoogle\" style=\"display:block; text-align:center;\" data-ad-client=\"ca-pub-6203283170189293\" \ndata-ad-slot=\"7303146466\" \ndata-ad-layout=\"in-article\"\ndata-ad-format=\"fluid\" data-full-width-responsive=\"true\"><\/ins>\n<script> \n(adsbygoogle = window.adsbygoogle || []).push({}); \n<\/script>\n<\/div>\n<p>1985 y\u0131l\u0131n\u0131n A\u011fustos ay\u0131nda Vatan Cephesi Milli \u015euras\u0131 Ba\u015fkan\u0131 s\u0131fat\u0131yla P. Kubadinski, Bulgaristan T\u00fcrk ayd\u0131nlar\u0131n\u0131 \u00f6zel bask\u0131 alt\u0131na ald\u0131. 39 T\u00fcrk ayd\u0131ndan s\u00f6z\u00fcm ona \u201csoya d\u00f6n\u00fc\u015f siyasetini\u201d destekledikleri ve BKP MK\u2019nin g\u00fcya\u00a0 \u201cT\u00fcrkle\u015ftirilmi\u015f ve \u0130slamla\u015ft\u0131r\u0131lm\u0131\u015f Bulgarlarla\u201d ilgili siyasetinin do\u011frulu\u011funa ili\u015fkin bir Bildiri imzalamalar\u0131 istendi. \u015eair Naci Ferhadov, pedagoji bilimleri doktoru Ahmet Nuriev ve gazeteci Hikmet Efendiev bildiriyi imzalamad\u0131lar.<br \/>\nBa\u015fm\u00fcft\u00fc ve b\u00f6lge m\u00fcft\u00fclerinden de ayn\u0131 imzalar topland\u0131.<br \/>\nBulgaristan&#8217;daki M\u00fcsl\u00fcman T\u00fcrkler a\u011f\u0131r bir sis i\u00e7inde bo\u011fulmak istendi.<\/p>\n<p>Pen\u00e7o Kubadinski taraf\u0131ndan T\u00fcrklere uygulanan bask\u0131lar asla unutulamaz, af edilemez. O, bizi eriterek asimile etme siyasetinin stratejisini haz\u0131rlayan ve uygulay\u0131c\u0131lar\u0131ndan biridir.\u00a0 G\u00fcnahlar\u0131 asla af edilemez. O iyilikten anlamaz, minnettarl\u0131k nedir bilmez biridir. Bir M\u00fcsl\u00fcman T\u00fcrk k\u00f6y\u00fcnde onun an\u0131t\u0131na yer yoktur ve olamaz\u2026<\/p>\n<p><strong>Olay\u0131 yorumlayan siyaset\u00e7iler BSP + GERB + DPS = BKP slogan\u0131n\u0131 y\u00fckselttiler.<\/strong><\/p>\n<p>Bulgar Prensli\u011fi taraf\u0131ndan G\u00fcney Rumeli\u2019nin ilhak edilmesinin 133. Y\u0131ld\u00f6n\u00fcm\u00fcne rastlayan 6 Eyl\u00fcl 2018 g\u00fcn\u00fc P.Kubadinski an\u0131t\u0131n\u0131n a\u00e7\u0131l\u0131\u015f t\u00f6reninin bir a\u015f\u0131r\u0131 milliyet\u00e7i g\u00f6vde g\u00f6sterisine d\u00f6n\u00fc\u015fmesi tehlikesine i\u015faret eden 39 Bulgar ayd\u0131n \u2013profes\u00f6r, doktor, gazeteci ve yazar \u2013 Cumhurba\u015fkan\u0131, ba\u015fbakan, Ba\u015f Savc\u0131,\u00a0 meclis ba\u015fkan\u0131 ve Razgrad Valisine\u00a0 g\u00f6nderdikleri a\u00e7\u0131k mektupta \u015f\u00f6yle dediler:<\/p>\n<p>\u201cP. Kubadinski kom\u00fcnist Bulgaristan\u2019da \u00f6n s\u0131rada gelen y\u00f6neticilerden biridir. Bu an\u0131t\u0131n a\u00e7\u0131lmas\u0131 yasa d\u0131\u015f\u0131 bir olayd\u0131r. Bulgaristan\u2019da kom\u00fcnizm 2\u00a0000 y\u0131l\u0131nda meclis karar\u0131yla k\u0131nanm\u0131\u015f ve lanetlenmi\u015ftir.<\/p><div id=\"bghab-2182442508\" class=\"bghab-icerik-icine-30-paragraf bghab-entity-placement\"><script async src=\"\/\/pagead2.googlesyndication.com\/pagead\/js\/adsbygoogle.js?client=ca-pub-6203283170189293\" crossorigin=\"anonymous\"><\/script><ins class=\"adsbygoogle\" style=\"display:block; text-align:center;\" data-ad-client=\"ca-pub-6203283170189293\" \ndata-ad-slot=\"7303146466\" \ndata-ad-layout=\"in-article\"\ndata-ad-format=\"fluid\" data-full-width-responsive=\"true\"><\/ins>\n<script> \n(adsbygoogle = window.adsbygoogle || []).push({}); \n<\/script>\n<\/div>\n<p>Bulgaristan Cumhuriyetinin sorumlu y\u00fcksek y\u00f6neticileri olarak sizden Loznitsa Belediye merkezinde Pen\u00e7o Kubadinski an\u0131t\u0131n\u0131n a\u00e7\u0131lmas\u0131n\u0131n durdurulmas\u0131n\u0131 istiyoruz. Kubadinski \u00fclkemizde <strong>\u201csoya d\u00f6n\u00fc\u015f\u201d<\/strong> katliam\u0131n\u0131 d\u00fczenleyenlerden ve y\u00f6netenlerden, XX. Y\u00fczy\u0131l\u0131n 70\u2019li ve 80\u2019li y\u0131llarda BKP taraf\u0131ndan izlenen siyasetin sorumlular\u0131ndan biridir.<\/p>\n<p>\u0130\u015faret etti\u011fimiz yasa, kom\u00fcnist rejimi Bulgaristan\u2019da cinai bir rejim olarak ilan etti. \u00a0P. Kubadinski de aralar\u0131nda olmak \u00fczere, BKP y\u00f6netiminin, Avrupa uygarl\u0131\u011f\u0131n\u0131n geleneksel de\u011ferlerini hedefli ve bilin\u00e7li olarak yok etti\u011fini; temel insan haklar\u0131 ve \u00f6zg\u00fcrl\u00fcklerini bilin\u00e7li olarak \u00e7i\u011fnedi\u011fini; Bulgar devletinin manevi ve ekonomik olarak \u00e7\u00f6k\u00fc\u015f\u00fcnden tamamen sorumlu olduklar\u0131n\u0131; halk\u0131n maddi kazan\u0131mlar\u0131n\u0131n yok olmas\u0131na, \u00e7\u00f6k\u00fc\u015fe neden olurken, dinsel \u00f6zg\u00fcrl\u00fckleri de ayakalt\u0131na alan zihniyeti y\u00f6netti\u011fini, etnik az\u0131nl\u0131klara ve baz\u0131 di\u011fer gruplara kar\u015f\u0131 sistemli bask\u0131 ve ter\u00f6r uygulayanlar\u0131n ba\u015f\u0131nda oldu\u011funu hat\u0131rlatmak isteriz.<\/p>\n<p><strong>\u00d6nce P. Kubadinski an\u0131t\u0131n\u0131n Loznitsa merkezine dikilmesinin yasal olup olmad\u0131\u011f\u0131n\u0131 denetlemenizi rica ederiz.<\/strong><\/p>\n<p><strong>Devlet kurumlar\u0131n\u0131 ve Deliorman sakinlerini bu an\u0131t\u0131n a\u00e7\u0131lmas\u0131n\u0131 engellemeye \u00e7a\u011f\u0131r\u0131yoruz.<\/strong><\/p>\n<p><strong>Bulgaristan vatanda\u015flar\u0131 Pen\u00e7o Kubadinski ki\u015fili\u011finden utan\u0131yorlar.<\/strong><\/p><div id=\"bghab-1090895395\" class=\"bghab-icerik-icine-35-paragraf bghab-entity-placement\"><script async src=\"\/\/pagead2.googlesyndication.com\/pagead\/js\/adsbygoogle.js?client=ca-pub-6203283170189293\" crossorigin=\"anonymous\"><\/script><ins class=\"adsbygoogle\" style=\"display:block; text-align:center;\" data-ad-client=\"ca-pub-6203283170189293\" \ndata-ad-slot=\"7303146466\" \ndata-ad-layout=\"in-article\"\ndata-ad-format=\"fluid\" data-full-width-responsive=\"true\"><\/ins>\n<script> \n(adsbygoogle = window.adsbygoogle || []).push({}); \n<\/script>\n<\/div>\n<p><b>Y\u00fcz karas\u0131<\/b><strong>\u00a0olayla ilgi GERB, BSP ve H\u00d6H d\u0131\u015f\u0131nda b\u00fct\u00fcn siyasi partiler k\u0131nama mesaj ve bildirileri yay\u0131nlad\u0131.<\/strong><\/p>\n<p>Razgrat ili Valisi H\u00fcsmen G\u00fcneyde yaz\u0131l\u0131 mesaj yay\u0131nlad\u0131 ve Pen\u00e7o Kubadinski\u2019nin M\u00fcsl\u00fcman T\u00fcrklerin ve Pomaklar\u0131n isimlerinin de\u011fi\u015ftirilmesinde ve zul\u00fcm y\u0131llar\u0131nda \u00e7ok aktif y\u00f6netici etkinliklerde bulundu\u011funa i\u015faret etti. M\u00fcsl\u00fcman halka zul\u00fcm, bask\u0131 ve ter\u00f6r y\u0131llar\u0131n\u0131 s\u00fcrekli hat\u0131rlamaya zorlayaca\u011f\u0131 ve Bulgaristan vatanda\u015flar\u0131n\u0131n aras\u0131ndaki hende\u011fin daha da derinle\u015fmesine neden olaca\u011f\u0131 i\u00e7in Kubadinski An\u0131t\u0131n\u0131n a\u00e7\u0131lmas\u0131na kar\u015f\u0131 oldu\u011funu duyurdu.<\/p>\n<p><strong>Deliormanl\u0131 \u015fairlerimizden Ali Boncukov anlatmaya \u00e7al\u0131\u015ft\u0131\u011f\u0131m\u0131z zulm\u00fc \u015f\u00f6yle dile getirmi\u015ftir:<\/strong><\/p>\n<p><strong>\u0130NSANLIK NEREDE?<\/strong><\/p>\n<p><em>Y\u0131llar\u0131n k\u0131y\u0131mc\u0131, bask\u0131 k\u0131rbac\u0131<\/em><br \/>\n<em>\u015eaklad\u0131 \u00e7\u0131lg\u0131nca, yand\u0131 \u00fcst\u00fcmde<\/em><br \/>\n<em>S\u0131zarken g\u00f6nl\u00fcme derin bir ac\u0131<\/em><br \/>\n<em>Sessizdim, \u00e7aresiz insanl\u0131k nerede?<\/em><\/p><div id=\"bghab-2197463792\" class=\"bghab-icerik-icine-40-paragraf bghab-entity-placement\"><script async src=\"\/\/pagead2.googlesyndication.com\/pagead\/js\/adsbygoogle.js?client=ca-pub-6203283170189293\" crossorigin=\"anonymous\"><\/script><ins class=\"adsbygoogle\" style=\"display:block; text-align:center;\" data-ad-client=\"ca-pub-6203283170189293\" \ndata-ad-slot=\"7303146466\" \ndata-ad-layout=\"in-article\"\ndata-ad-format=\"fluid\" data-full-width-responsive=\"true\"><\/ins>\n<script> \n(adsbygoogle = window.adsbygoogle || []).push({}); \n<\/script>\n<\/div>\n<p><em>\u0130nsaf merhamet yok, yok bu d\u00fczende<\/em><br \/>\n<em>Tekme yumruk k\u0131rba\u00e7 bedava i\u015fte<\/em><br \/>\n<em>Bu da az gelirse silahlar elde<\/em><br \/>\n<em>\u00c7i\u011fnendi onurum, insanl\u0131k nerede?<\/em><\/p>\n<p><em>\u00c7\u00f6k\u00fcnce karanl\u0131k k\u00f6y\u00fcn \u00fcst\u00fcne<\/em><br \/>\n<em>Milisler gelirdi konuk yerine<\/em><br \/>\n<em>Evim d\u00f6n\u00fc\u015f\u00fcrken bir cenk \u00e7\u00f6l\u00fcne<\/em><br \/>\n<em>Tanr\u0131\u2019ma s\u0131\u011f\u0131nd\u0131m, \u0130nsanl\u0131k nerede?<\/em><\/p>\n<p>Kubadinski, Pomaklara ve T\u00fcrklere kar\u015f\u0131 katliamlara ve k\u00fclt\u00fcrel soyk\u0131r\u0131ma aktif kat\u0131lm\u0131\u015f bir ki\u015fidir. Soyk\u0131r\u0131m aklanamaz bir su\u00e7tur!<\/p>\n<p>L\u00fctfen payla\u015f\u0131n\u0131z.<\/p>\n<div id=\"bghab-2368048632\" class=\"bghab-yazi-altinda bghab-entity-placement\"><div class=\"bghab-adlabel\">Reklamlar<\/div><script async src=\"https:\/\/pagead2.googlesyndication.com\/pagead\/js\/adsbygoogle.js\"><\/script>\r\n<!-- bghaber-yaz\u0131-sonu -->\r\n<ins class=\"adsbygoogle\"\r\n     style=\"display:block\"\r\n     data-ad-client=\"ca-pub-6203283170189293\"\r\n     data-ad-slot=\"4222328180\"\r\n     data-ad-format=\"auto\"\r\n     data-full-width-responsive=\"true\"><\/ins>\r\n<script>\r\n     (adsbygoogle = window.adsbygoogle || []).push({});\r\n<\/script><\/div><br style=\"clear: both; display: block; float: none;\"\/>","protected":false},"excerpt":{"rendered":"<p>Tarih: 31 A\u011fustos 2018 Yazan: Nedim AKIN Konu: Hainlerin ve katillerin an\u0131t\u0131 olmaz. \u00a0\u00a0\u00a0\u00a0\u00a0\u00a0\u00a0\u00a0 \u00a0 H\u00d6H isimlerimizi de\u011fi\u015ftirenlere an\u0131t dikti. \u00a0\u00a0\u00a0\u00a0\u00a0\u00a0\u00a0\u00a0 \u00a0 Katile an\u0131t dikilmesini<\/p>\n","protected":false},"author":13,"featured_media":31679,"comment_status":"closed","ping_status":"closed","sticky":false,"template":"","format":"standard","meta":{"advanced_seo_description":"","jetpack_seo_html_title":"","jetpack_seo_noindex":false,"_jetpack_memberships_contains_paid_content":false,"footnotes":""},"categories":[6],"tags":[],"class_list":["post-32178","post","type-post","status-publish","format-standard","has-post-thumbnail","hentry","category-yorum"],"jetpack_featured_media_url":"https:\/\/i0.wp.com\/www.bghaber.org\/bghaber\/wp-content\/uploads\/2018\/07\/nedim-akin.jpg?fit=210%2C300&ssl=1","jetpack_sharing_enabled":true,"jetpack_likes_enabled":true,"jetpack-related-posts":[],"jetpack_shortlink":"https:\/\/wp.me\/pc2PfJ-8n0","_links":{"self":[{"href":"https:\/\/www.bghaber.org\/bghaber\/wp-json\/wp\/v2\/posts\/32178","targetHints":{"allow":["GET"]}}],"collection":[{"href":"https:\/\/www.bghaber.org\/bghaber\/wp-json\/wp\/v2\/posts"}],"about":[{"href":"https:\/\/www.bghaber.org\/bghaber\/wp-json\/wp\/v2\/types\/post"}],"author":[{"embeddable":true,"href":"https:\/\/www.bghaber.org\/bghaber\/wp-json\/wp\/v2\/users\/13"}],"replies":[{"embeddable":true,"href":"https:\/\/www.bghaber.org\/bghaber\/wp-json\/wp\/v2\/comments?post=32178"}],"version-history":[{"count":0,"href":"https:\/\/www.bghaber.org\/bghaber\/wp-json\/wp\/v2\/posts\/32178\/revisions"}],"wp:featuredmedia":[{"embeddable":true,"href":"https:\/\/www.bghaber.org\/bghaber\/wp-json\/wp\/v2\/media\/31679"}],"wp:attachment":[{"href":"https:\/\/www.bghaber.org\/bghaber\/wp-json\/wp\/v2\/media?parent=32178"}],"wp:term":[{"taxonomy":"category","embeddable":true,"href":"https:\/\/www.bghaber.org\/bghaber\/wp-json\/wp\/v2\/categories?post=32178"},{"taxonomy":"post_tag","embeddable":true,"href":"https:\/\/www.bghaber.org\/bghaber\/wp-json\/wp\/v2\/tags?post=32178"}],"curies":[{"name":"wp","href":"https:\/\/api.w.org\/{rel}","templated":true}]}}