{"id":32172,"date":"2018-08-30T21:33:48","date_gmt":"2018-08-30T18:33:48","guid":{"rendered":"http:\/\/www.bghaber.org\/bghaber\/?p=32172"},"modified":"2022-08-28T20:40:08","modified_gmt":"2022-08-28T17:40:08","slug":"formatimiz-2","status":"publish","type":"post","link":"https:\/\/www.bghaber.org\/bghaber\/formatimiz-2\/","title":{"rendered":"Format\u0131m\u0131z &#8211; 2 &#8211;"},"content":{"rendered":"<p>Tarih: 30 A\u011fustos 2018<br \/>\nYazan: Rafet ULUT\u00dcRK<\/p>\n<p>Konu: 30 A\u011fustos Zafer Bayram\u0131 hepimizin bayram\u0131d\u0131r.<br \/>\nSay\u0131n okurlar\u0131m! Bug\u00fcn ZAFER BAYRAMIMIZ! Hepinize kutlu olsun!<br \/>\nT\u00fcrkl\u00fc\u011f\u00fcm\u00fcze yeni yeni ZAFERLER m\u00fcjdelesin!<br \/>\n<em><strong>\u201c\u2026 Atat\u00fcrk olmasayd\u0131, T\u00fcrk belki \u00d6zbekistan\u2019da olurdu, ama Trakya ve Anadolu da kalmazd\u0131. 100 y\u0131lda t\u00fcm civar co\u011frafyadan s\u00fcr\u00fclm\u00fc\u015f ve katledilmi\u015f T\u00fcrkler\u2019in Konya Ovas\u0131\u2019ndan s\u00fcr\u00fclmeleri ve at\u0131l\u0131mlar\u0131 ne kadar s\u00fcrerdi san\u0131yorsunuz?<\/strong><\/em><br \/>\n<em><strong>\u201c\u2026 Ne T\u00fcrk, ne de T\u00fcrkiye kal\u0131rd\u0131. Mustafa Kemal sadece \u00fclkeyi kurtarmad\u0131, T\u00fcrk neslini de kurtard\u0131\u2026\u201d<\/strong><\/em><br \/>\n<strong>Bu s\u00f6zler Amerikal\u0131 Prof. Justin MacCarty\u2019ye aittir.<\/strong><br \/>\n30 A\u011fustos Zafer Bayram\u0131m\u0131z\u0131n 96. Y\u0131l d\u00f6n\u00fcm\u00fcnde T\u00fcrk ve T\u00fcrkiye Cumhuriyeti ifadeleri \u00e7ok y\u00fcce anlam kazanm\u0131\u015ft\u0131r.<br \/>\n30 A\u011fustos 1922&#8217;de Dumlup\u0131nar&#8217;da Mustafa Kemal&#8217;in ba\u015fkumandanl\u0131\u011f\u0131nda zaferle sonu\u00e7lanan B\u00fcy\u00fck Taarruzu, Bulgaristan M\u00fcsl\u00fcmanlar\u0131 <strong>\u201cBa\u015fkomutanl\u0131k Meydan Muharebesi\u201d<\/strong> ad\u0131yla da bilir. Yunan ordular\u0131na \u0130zmir yolu g\u00f6sterilirken, Anadolu\u2019da Zafer me\u015falesi parlard\u0131. \u00dclke topraklar\u0131 i\u015fgalden kurtuldu.<br \/>\n<strong>Yeniden do\u011fan yenilmez T\u00fcrk ruhu kanatland\u0131.<\/strong><br \/>\nMazlum halklar\u0131n s\u00f6m\u00fcrgecilik zincirlerini k\u0131rd\u0131\u011f\u0131 ve kurtulu\u015f \u00e7a\u011f\u0131 a\u00e7\u0131ld\u0131. Asl\u0131nda 30 A\u011fustos T\u00fcrk \u0130slam D\u00fcnyas\u0131\u2019n\u0131n, t\u00fcm M\u00fcsl\u00fcmanlar\u0131n zafer ve bayram g\u00fcn\u00fcd\u00fcr.<br \/>\nBu bak\u0131ma, \u00e7a\u011fda\u015f anlam\u0131yla T\u00fcrk, g\u00fc\u00e7, kuvvet, kudret, olgunluk \u00e7a\u011f\u0131, at\u0131l\u0131mlar ger\u00e7ekle\u015ftiren, zaferler kazanan, geli\u015fim yollar\u0131n\u0131 kendisi a\u00e7an, niteliksel d\u00f6n\u00fc\u015f\u00fcmlerin ta\u015f\u0131y\u0131c\u0131s\u0131, g\u00fczel insand\u0131r. T\u00fcrk, \u00e7aresiz insanlar\u0131n s\u0131\u011f\u0131nd\u0131\u011f\u0131 g\u00f6n\u00fcld\u00fcr.<br \/>\n<strong>Bir\u00e7oklar\u0131 i\u00e7inse de\u011fi\u015fmeyen T\u00fcrk vas\u0131flar\u0131n\u0131n s\u0131ralamas\u0131 \u015f\u00f6yledir:<\/strong> G\u00fc\u00e7l\u00fc,kudretli, kuvvetli do\u011fan, t\u00fcreyen, \u00e7o\u011falan, artan ve y\u00fccelmeyi ba\u015farand\u0131r.<br \/>\n<strong>T\u00fcrk Devleti dendi\u011finde ise, hat\u0131rlanan \u015fudur:<\/strong><br \/>\nT\u00fcrkler d\u00fcnyada devletsiz ya\u015fayamayan bir millettir.<br \/>\nTarih boyunca kurdu\u011fu 31 devlet, 33 beylik, 21 atabeylik, 16 \u0130mparatorluk, 10 Cumhuriyet bunun g\u00f6stergesidir.<br \/>\n<strong>T\u00fcrk milleti, \u0131rk kavram\u0131n\u0131 kendi \u0131rk\u0131 i\u00e7in ortaya atmayan, ama b\u00fcy\u00fckl\u00fc\u011f\u00fc kendi tarihinden ve her T\u00fcrk\u2019\u00fcn kan\u0131ndan belli olacak, b\u00fcy\u00fck millettir. T\u00fcrkl\u00fck ise par\u00e7alanmas\u0131 asla m\u00fcmk\u00fcn olmayan bir \u00f6zelli\u011fimizdir.<\/strong><br \/>\n30 A\u011fustos\u2019ta s\u0131k\u00e7a kullan\u0131lan <strong>\u201cYedi d\u00fcvel\u201d<\/strong> dendi\u011finde de T\u00fcrk millet ve devletinin yak\u0131n ve uzak d\u00fc\u015fmanla d\u00fcnya emperyalizmini dize getirdi\u011fimiz hat\u0131rlan\u0131r. Bug\u00fcn Yak\u0131n Do\u011fu\u2019da d\u00f6nen dolaplar\u0131n en sonunda T\u00fcrkler lehinde sonu\u00e7lanaca\u011f\u0131 ve ezilen ve s\u00f6m\u00fcr\u00fclen kom\u015fular\u0131m\u0131z\u0131n yurtlar\u0131na sa\u011fl\u0131cakla d\u00f6nece\u011fi anlam\u0131n\u0131 ta\u015f\u0131r.<br \/>\n30 A\u011fustos, Balkan Sava\u015f\u0131nda, \u00c7anakkale\u2019de \u0130ngilizlere, Sakarya ve \u0130zmir\u2019de Yunan\u2019a, Antalya\u2019da \u0130talyan\u2019a, G\u00fcney Do\u011fu\u2019da Frans\u0131zlara, K\u0131br\u0131s\u2019ta enosise, PKK, DAE\u015e ve PYD\u2019ye, 15 Temmuz 2016\u2019da FETO-cu darbecilere, Artfin\u2019de ve Kandil\u2019de hain d\u00fc\u015fmana kar\u015f\u0131 galibiyetimizi, y\u00fcce <strong>ZAFERLER\u0130M\u0130Z\u0130<\/strong> topluca kutlad\u0131\u011f\u0131m\u0131z bayram\u0131m\u0131zd\u0131r.<br \/>\nT\u00fcrk milletinin yenilgi <strong>FORMATI<\/strong> yoktur.<br \/>\nBulgaristan T\u00fcrklerinin \u015ferefli yeri, \u015fanl\u0131 <strong>AY YILDIZLI ZAFER<\/strong> <strong>BAYRA\u011eIMIZIN<\/strong> dalgalanan g\u00f6lgesidir.<br \/>\nT\u00fcrkler, d\u00fc\u015fmanlar\u0131n\u0131 tarih sahnesinden silen <strong>ZAFERLERE<\/strong> imza atm\u0131\u015f b\u00fcy\u00fck bir millettir. 30 A\u011fustos Zaferinde ordular\u0131n merkezinde bir askeri deha olan Mustafa Kemal \u00e7\u0131kt\u0131. Hi\u00e7bir kimseden \u00f6\u00e7 almad\u0131k, T\u00fcrk vatan\u0131n\u0131 kurtard\u0131k, T\u00fcrkl\u00fc\u011f\u00fc ya\u015fatmak i\u00e7in sava\u015ft\u0131k.<br \/>\n<em>\u201cNe mutlu T\u00fcrk\u00fcm Diyene!\u201d hepimize gurur kayna\u011f\u0131 oldu.<\/em><br \/>\n<em>2 Y\u0131l \u00f6nce Bulgaristan\u2019da Do\u011fu Rodoplar\u2019\u0131n K\u0131rca Ali \u015fehrinde 20 binimiz bu sloganla ant i\u00e7tik. Bu s\u00f6zlerde, 20. ve 21. Y\u00fczy\u0131l format\u0131m\u0131z\u0131 belirleyen i\u00e7eri\u011fi <strong>T\u00fcrkiye Cumhuriyetinin kurucusu Atat\u00fcrk \u015f\u00f6yle a\u00e7m\u0131\u015ft\u0131:<\/strong><\/em><br \/>\n<em>\u201cEsas ve kal\u0131c\u0131 \u00e7\u00f6z\u00fcm, istisnas\u0131z T\u00fcrk birli\u011fidir.<\/em><br \/>\n<em>Bu memleket d\u00fcnyan\u0131n beklemedi\u011fi, asla umut etmedi\u011fi bir m\u00fcstesna mevcudiyetin y\u00fcksek tecellisine y\u00fcksek sahne oldu. Bu sahne 7 bin senelik bir T\u00fcrk be\u015fi\u011fidir. Be\u015fik tabiat\u0131n r\u00fczg\u00e2rlar\u0131yla salland\u0131. Be\u015fi\u011fin i\u00e7indeki \u00e7ocuk tabiat\u0131n ya\u011fmurlar\u0131yla y\u0131kand\u0131. O \u00e7ocuk tabiat\u0131n \u015fim\u015feklerinden, y\u0131ld\u0131r\u0131mlar\u0131ndan, kas\u0131rgalar\u0131ndan evvela korkar gibi oldu, sonra onlara al\u0131\u015ft\u0131. Bir g\u00fcn o tabiat \u00e7ocu\u011fun tabiat\u0131ndan, \u015fim\u015fek, y\u0131ld\u0131r\u0131m, g\u00fcne\u015f oldu. T\u00fcrk oldu. T\u00fcrk budur. Y\u0131ld\u0131r\u0131m, kas\u0131rgad\u0131r, d\u00fcnyay\u0131 ayd\u0131nlatan G\u00fcne\u015ftir. Bu memleket tarihte T\u00fcrk\u2019t\u00fc, halinde T\u00fcrk\u2019t\u00fcr ve ebediyen T\u00fcrk olarak ya\u015fayacakt\u0131r.\u201d<\/em><br \/>\nAtat\u00fcrk, Bulgaristan T\u00fcrkleri de bu kapsamda, T\u00fcrk varl\u0131\u011f\u0131n\u0131n gelece\u011fini ve g\u00fcvencesini \u201cYeni T\u00fcrk \u0130nsan\u0131n\u0131 Yaratma\u201d yani T\u00fcrk Kimli\u011fini olu\u015fturma sorunu olarak g\u00f6rd\u00fc.<br \/>\n<strong>Yeni T\u00fcrk \u0130nsan\u0131 olu\u015fturacak temeli ise T\u00fcrk k\u00fclt\u00fcr\u00fc\u2019n\u00fcn geli\u015ftirilmesinde buldu.<\/strong><br \/>\nBu nedenledir ki;Bulgaristan M\u00fcsl\u00fcman T\u00fcrklerinin 140 y\u0131ldan beri verdi\u011fi m\u00fccadele \u201ck\u00fclt\u00fcrel otonomi\u201d sava\u015f\u0131m\u0131d\u0131r. \u00dcmmetten ba\u015far\u0131yla ayr\u0131lan ve kimli\u011fini arayan Bulgaristan T\u00fcrklerinin Prenslik ve \u00c7arl\u0131k d\u00fczeni (monar\u015fi) y\u0131llar\u0131nda (1879 \u2013 1944) 2 700 T\u00fcrk okulu kapat\u0131lm\u0131\u015ft\u0131r.<br \/>\n<strong>Bu okullar bizim medeniyet ve k\u00fclt\u00fcr\u00fcm\u00fcz\u00fcn esas\u0131 ve temelleriydi.<\/strong><br \/>\nK\u0131z ve erkek \u00e7ocuklar\u0131n okula gitmesi de\u011fi\u015fik bi\u00e7imde engellenmi\u015ftir. \u00d6\u011fretmen sorunlar\u0131 \u00e7\u00f6z\u00fclmemi\u015f, Latin alfabesine ge\u00e7ilmesine, ders kitab\u0131 bas\u0131lmas\u0131na, okuma kitab\u0131 haz\u0131rlanmas\u0131na, k\u0131\u015f aylar\u0131nda okullara odun sa\u011flanmas\u0131na vs. engel olunmu\u015ftur. \u00d6nc\u00fc \u00f6\u011fretmenleri tutuklama ve s\u0131n\u0131r d\u0131\u015f\u0131 etme yollar\u0131 aranm\u0131\u015ft\u0131r. Okullar Bulgaristan T\u00fcrklerinin temel k\u00fclt\u00fcr ocaklar\u0131d\u0131r. Bu i\u015fte bize \u00f6rnek olan, T\u00fcrkiye Cumhuriyetinin yeni k\u00fclt\u00fcr\u00fc olmu\u015ftur. T\u00fcrkiye\u2019deki Harf Devrimini Bulgaristan&#8217;daki T\u00fcrkler de kabul etti ve uygulad\u0131. Osmanl\u0131 Alfabesinin yerine Latin Alfabesine ge\u00e7ildi.<br \/>\n65 y\u0131l s\u00fcren bu ilk d\u00f6neme en verimli ve en \u00e7ok ac\u0131yla dolu b\u00f6l\u00fcm desek de, Bulgaristan\u2019daki T\u00fcrklerin yaln\u0131zca 5 \u015fiir kitab\u0131 \u00e7\u0131karabilmi\u015f olmas\u0131 kayda de\u011ferdir.<br \/>\nMonar\u015fi d\u00f6neminde \u0130slam ve T\u00fcrkl\u00fckten olu\u015fmaya \u00e7al\u0131\u015fan M\u00fcsl\u00fcman T\u00fcrk Kimli\u011fimizin T\u00fcrkl\u00fck kanad\u0131 aras\u0131z sald\u0131r\u0131larla k\u0131r\u0131lmaya \u00e7al\u0131\u015f\u0131rken, din kanad\u0131 da yara \u00fcst\u00fcne yara alm\u0131\u015f,<strong> \u201cMedeniyet\u201d<\/strong> gibi Osmanl\u0131 harfleriyle \u00e7\u0131kan gazeteler, M\u00fcsl\u00fcmanl\u0131\u011f\u0131m\u0131z\u0131 zehirlemeye \u00e7al\u0131\u015fm\u0131\u015ft\u0131r. T\u00fcrk kanad\u0131yla u\u00e7maya haz\u0131rlanan gen\u00e7lerimiz \u201cTuran\u201d &#8211; sportif ve sanat derneklerinde ye\u015ferirken, ayd\u0131nlar\u0131m\u0131z 1929\u2019da \u0130lk T\u00fcrk Kongresi\u2019ni toplayabilmi\u015flerdi. Bir parti kurup siyasi sahneye s\u0131\u00e7ramaya haz\u0131rlan\u0131rken, kovu\u015fturuldular, tutukland\u0131lar, \u015fehit d\u00fc\u015ft\u00fcler, ailelerini memlekette b\u0131rak\u0131p T\u00fcrkiye\u2019ye s\u0131\u011f\u0131nma yolunu se\u00e7tiler.<br \/>\nK\u00fclt\u00fcrel geli\u015fmemizin 2. D\u00f6nemi olan 1944 \u2013 1989 y\u0131llar\u0131 aras\u0131na yay\u0131l\u0131r. Edebiyat\u0131m\u0131zda birinci etab\u0131na \u201cLale Devri\u201d dendi.<br \/>\nSofya devleti M\u00fcsl\u00fcmanlar\u0131m\u0131z\u0131n T\u00fcrkiye sevgisini s\u00f6nd\u00fcrmeye \u00e7al\u0131\u015ft\u0131 ve bu 1964-1974 y\u0131llar\u0131 aras\u0131nda \u00e7ok yo\u011funla\u015ft\u0131.<br \/>\nMonar\u015fi d\u00f6neminden farkl\u0131 olarak, yeni olan bu d\u00f6nemde tam tersi uyguland\u0131. Din ve hukuk \u00f6nc\u00fcleri e\u011fiten <strong>\u015eumnu\u2019daki N\u00dcVVAB<\/strong> enstit\u00fcs\u00fc kapat\u0131l\u0131nca yeni kadro yeti\u015ftirilmedi.<br \/>\n1924-1944 y\u0131llar\u0131 aras\u0131nda yeti\u015fen kadrolardan \u00e7o\u011fu 1950 ve ard\u0131ndan 1968 -1978 g\u00f6\u00e7\u00fcyle T\u00fcrkiye\u2019ye tek tek kovuldu. \u00dclkede ayd\u0131n dini kadro yetersizli\u011fi belirdi. M\u00fcft\u00fcl\u00fckler cenaze m\u00fcessesi durumuna getirilirken, Ba\u015f m\u00fcft\u00fcl\u00fck Devlete &#8211; Di\u015f \u0130\u015fleri Bakanl\u0131\u011f\u0131na ba\u011fland\u0131 ve i\u015flevleri birer iki\u015fer s\u00f6nd\u00fcr\u00fcld\u00fc.<br \/>\nT\u00fcrk k\u00fclt\u00fcr\u00fc sorunlar\u0131n\u0131 ele alan sosyalist devlet, \u00f6nce T\u00fcrk\u00e7e e\u011fitim ve \u00f6\u011fretime imk\u00e2n sa\u011flay\u0131p \u00f6nem verirken, ateist (dinsiz) e\u011fitime a\u011f\u0131rl\u0131k verdi. Cami ve medreseler e\u011fitim ve ibadet kap\u0131lar\u0131n\u0131 kapad\u0131. Hocalar <strong>\u201cs\u00f6z\u00fcne inan\u0131lmaz\u201d<\/strong> adamlar oldu. Nik\u00e2h k\u0131ymalar\u0131 yasakland\u0131. Mevlit dinlemek \u201cg\u00fcnah\u201d ilan\u201d edildi. \u015eehirlerde bir\u00e7ok cami y\u0131k\u0131ld\u0131. \u00d6tekilere belediyeler el att\u0131. Y\u00fcksek Mimari Eser ilan edilenlerin kap\u0131lar\u0131na da kilitler as\u0131ld\u0131. Minarelerden ezan sesi i\u015fitilmez oldu. B\u00f6ylece Bulgaristan&#8217;daki T\u00fcrkler\u2019in ruhu bu defa Kuran\u2019\u0131 Kerimden, camiden, adetlerimizden, geleneklerimizden, ahlak\u0131m\u0131zdan s\u00f6k\u00fcl\u00fcnce, yine tek kanatl\u0131 kald\u0131k.<br \/>\n<strong>T\u00fcrk ku\u015faklar\u0131n\u0131n her birine sald\u0131r\u0131lar yeni bir \u015fiddetle geldi.<\/strong><br \/>\n1974-1984 d\u00f6neminde Bulgaristan totaliter devleti \u0131rk\u00e7\u0131 r\u00fczg\u00e2rlar estirdi. Irk\u00e7\u0131l\u0131k Gaguz, Ulah, Makedon ve \u00c7ingene az\u0131nl\u0131\u011fa kar\u015f\u0131 farkl\u0131 \u015fiddetle, M\u00fcsl\u00fcman Pomak ve T\u00fcrklere kar\u015f\u0131 farkl\u0131 \u015fiddetle esti.<br \/>\nHalk sanat\u0131m\u0131z kaynamaz oldu. T\u00fcrk ruhlu \u015fairlerimizin kalemi k\u0131r\u0131ld\u0131. Sanat\u00e7\u0131lar\u0131m\u0131z sahneye \u00e7\u0131kamad\u0131. K\u00fclt\u00fcr evlerimiz ve Tiyatrolar\u0131m\u0131z, Gazete dergi ve bas\u0131n yay\u0131n olanaklar\u0131m\u0131z budand\u0131. B\u00f6ylece Bulgaristan T\u00fcrk kimli\u011finin M\u00fcsl\u00fcman ve T\u00fcrk kanatlar\u0131n\u0131n ikisi de kesildi ve 1984 Aral\u0131\u011f\u0131ndan ba\u015flayarak Bulgar resmi rakam 1 253 563 M\u00fcsl\u00fcman T\u00fcrk\u2019\u00fcn ad\u0131 H\u0131ristiyan- \u0130slav adlar\u0131yla zor kullan\u0131larak de\u011fi\u015ftirildi.<br \/>\n<strong>\u201cK\u00fclt\u00fcrel otonomi\u201d<\/strong> hayal edenlerimizin hepsi s\u00fcr\u00fcld\u00fc, <strong>\u201cBelene\u201d<\/strong> \u00f6l\u00fcm kamp\u0131na kapand\u0131, hapsedildiler. Ola\u011fan\u00fcst\u00fc a\u011f\u0131r ko\u015fullarda toplam 53, aktif 28 parti, hareket, birlik, dernek ve kul\u00fcp kuruldu, ne var ki t\u00fcm M\u00fcsl\u00fcman T\u00fcrkleri kucaklayan bir ulusal tepe \u00f6rg\u00fct\u00fc olu\u015fturma ve lider \u00e7\u0131karma \u00e7abalar\u0131m\u0131z yar\u0131m kald\u0131. Bu gizli, yar\u0131 legal ve a\u00e7\u0131k \u00e7al\u0131\u015fmalar\u0131n \u00f6nc\u00fcleri <strong>\u201ck\u00fclt\u00fcrel otonomi\u201d<\/strong> sevdal\u0131s\u0131 ayd\u0131nlar\u0131m\u0131zd\u0131. Onlar Kimli\u011fimizin \u0130slam ve D\u00fcnyevi kanatlar\u0131m\u0131z\u0131n ikisinin de e\u015fit olanaklarda geli\u015fmesi heveslisi kald\u0131lar ve bu olanaklar\u0131 ancak 1989 B\u00fcy\u00fck G\u00f6\u00e7\u00fcnden sonra T\u00fcrkiye Cumhuriyetimizde bulabildiler.<br \/>\nG\u00fcn\u00fcm\u00fczde Bulgaristan\u2019da 44 dernek aktif \u00e7al\u0131\u015fma y\u00fcr\u00fct\u00fcyor. 1992\u2019de Razgrat\u2019ta <strong>\u201cDeliorman\u201d<\/strong> adl\u0131 Kuzey Bulgaristan T\u00fcrk Yazarlar derne\u011fi, ayn\u0131 y\u0131l K\u0131rca Ali\u2019de <strong>\u201cArda\u201d<\/strong> adl\u0131 G\u00fcney Bulgaristan Yazarlar Derne\u011fi kuruldu. Sofya\u2019da K\u00fclt\u00fcrel Etkile\u015fim Derne\u011fi aktif \u00e7al\u0131\u015f\u0131yor. K\u0131rca Ali, E\u011fri Dere (Ardino), Mastanl\u0131 (Mom\u00e7ilgrat, \u015eumnu (\u015eumen), Filibe (Plovdiv), Kemallar (\u0130sperih), Akkad\u0131nlar (Dulovo), Silistra ve daha bir\u00e7ok yerle\u015fim merkezinde halk yarat\u0131c\u0131l\u0131\u011f\u0131m\u0131z, sanat\u0131m\u0131z, dilimiz, dinimiz, kuran kurslar\u0131m\u0131z, anadil kurslar\u0131m\u0131z, yeniden canland\u0131, aile t\u00f6renlerimizi, bayramlar\u0131m\u0131z\u0131, kadim geleneklerimize uygun canland\u0131rmaya ve ya\u015fatmaya \u00e7al\u0131\u015f\u0131yoruz.<br \/>\nFakat korku sisinin kalkt\u0131\u011f\u0131n\u0131 s\u00f6yleyemem. Halk\u0131n iman ve inan\u00e7 a\u015f\u0131s\u0131n\u0131n tazelenmesi akt\u00fcelle\u015fti.<br \/>\nBu \u00e7al\u0131\u015fmalarda \u0130stanbul\u2019da yay\u0131n yapan BGSAM <a href=\"http:\/\/www.bghaber.org\">www.bghaber.org<\/a> ve <a href=\"https:\/\/issuu.com\/bulturk\">https:\/\/issuu.com\/bulturk<\/a> <strong>\u201cBulgaristan T\u00fcrklerinin Sesi\u201d<\/strong> yay\u0131nlar\u0131n\u0131n ve Bursa\u2019da yay\u0131n yapan M\u0130SYON gazetesinin <a href=\"http:\/\/www.misyongazetesi.com\">http:\/\/www.misyongazetesi.com<\/a>\/otorite ve etkileri de art\u0131yor. \u015eairlerimiz, yazarlar\u0131m\u0131z, dernek\u00e7ilerimiz, k\u00fclt\u00fcr eylemcilerimiz bu yeni uyan\u0131\u015fa \u00f6nc\u00fcl\u00fck ediyorlar.<br \/>\nB\u00f6ylece git gide ve ortak \u00e7abalarla Bulgaristan\u2019daki T\u00fcrklerimizin yeni <strong>FORMARI<\/strong> bi\u00e7imleniyor ve i\u00e7erikle zenginle\u015fiyor. Bu at\u0131l\u0131m soyda\u015flar\u0131m\u0131zla el ele verilmi\u015f ger\u00e7ekle\u015fiyor. Bu at\u0131l\u0131mda bu defa B\u00fcy\u00fck T\u00fcrkiye&#8217;nin manevi ve ruhsal b\u00fcnyesinde yer al\u0131yoruz ve T\u00fcrk-M\u00fcsl\u00fcman olmak \u00fczere, art\u0131k iki kanatl\u0131 u\u00e7ma haz\u0131rl\u0131klar\u0131m\u0131z\u0131 tamaml\u0131yoruz. Bundan b\u00f6yle bu iki kanat kullan\u0131lacakt\u0131r.<br \/>\nBu \u00e7al\u0131\u015fmalar\u0131m\u0131z\u0131n hedefinde Bulgaristan\u2019daki T\u00fcrkler\u2019i modern uygarl\u0131\u011fa ta\u015f\u0131ma hedefimiz ba\u015fta geliyor. Bu a\u00e7\u0131l\u0131m, okuldan, e\u011fitimden, k\u00fclt\u00fcrel yetkinlikten ge\u00e7ecektir. Biz Bulgar Devleti egemenli\u011finde kalan 5-6. Ku\u015fak M\u00fcsl\u00fcman T\u00fcrkleriz. Ruhumuzu koruduk. \u00c7a\u011fda\u015f T\u00fcrk ulusunun par\u00e7as\u0131y\u0131z. Her t\u00fcr i\u015fkence zorbal\u0131k vsy. dayand\u0131k asimile olmad\u0131k. S\u00f6ylemeden ge\u00e7emem, bu gidi\u015fin bir de son perdesindeyiz.<br \/>\nDerin bir bunal\u0131m ya\u015fayan Bulgar Devleti\u2019nin, az\u0131nl\u0131k birey ve toplulu\u011fumuzu \u00f6tekile\u015ftirdik\u00e7e bizi \u0130slam medeniyetinden ve T\u00fcrk k\u00fclt\u00fcr\u00fcnden koparabilece\u011fini d\u00fc\u015f\u00fcnm\u00fcyoruz. Ne var ki, itildi\u011fimiz y\u00f6n budur. Bulgar Devleti bizi kucaklayan k\u00fclt\u00fcr \u00fcretemiyor. Bizim \u00fcretti\u011fimiz k\u00fclt\u00fcr\u00fc de kabul etmiyor ve ona ne ya\u015fam hakk\u0131 tan\u0131yor ne de sahne veriyor. Fikir hayat\u0131 ve g\u00fczel sanatlar\u0131yla az\u0131nl\u0131klar\u0131 asla kucaklam\u0131yor. Ekonomik ya\u015famda, ticaret ve fabrika ve tar\u0131m i\u015flerinde belirleyici rol oynamam\u0131z\u0131 \u00f6zendirmiyor. K\u00fclt\u00fcrel hayat\u0131m\u0131z\u0131n yerel ortamda canlan\u0131p serpilip a\u00e7mas\u0131na yol a\u00e7m\u0131yor. Biz akla, bilime, sanata, edebiyata, yarat\u0131c\u0131l\u0131\u011fa dayal\u0131 bir at\u0131l\u0131m i\u00e7inde olmak istiyoruz. \u00c7a\u011fda\u015f d\u00fcnyaya a\u00e7\u0131lma yollar\u0131 ar\u0131yoruz. E\u011fitim alan\u0131nda T\u00fcrkiye Cumhuriyeti bu yolu bize a\u00e7maya \u00e7al\u0131\u015f\u0131yor.<br \/>\nArad\u0131\u011f\u0131m\u0131z format\u0131 bi\u00e7imlendiren uygarl\u0131\u011f\u0131n ve k\u00fclt\u00fcr\u00fcn temel ilkeleri, y\u00f6neldi\u011fi hedefler, \u00fclk\u00fcler, \u015fimdilik tarihi ger\u00e7ek\u00e7ilik olarak, ak\u0131lc\u0131l\u0131\u011f\u0131 ve bilime ba\u011fl\u0131l\u0131\u011f\u0131 bak\u0131m\u0131nda \u00fclkemizdeki M\u00fcsl\u00fcman az\u0131nl\u0131\u011f\u0131n t\u00fcm\u00fcn\u00fc kaps\u0131yor. De\u011fi\u015fimden ve yenilik\u00e7ilikten, k\u00f6kl\u00fc d\u00f6n\u00fc\u015f\u00fcmlerden yana oldu\u011fumuz i\u00e7in Avrupa Birli\u011fi ve Bat\u0131c\u0131l\u0131k ruhuyla uyum halindeyiz.<br \/>\nBizi bug\u00fcnlere ta\u015f\u0131yan 30 A\u011fustos zaferlerimizdir. 15 Temmuz son perdesiydi.<br \/>\nFormat\u0131m\u0131z\u0131n \u00f6z\u00fcn\u00fc olu\u015fturan <strong>\u201c\u00c7e\u015fitlilikte birlik ve birlikte \u00e7e\u015fitlilik\u201d<\/strong> ilkesidir.<br \/>\nKonumuz ideolojiktir ve okurlar\u0131m\u0131z\u0131n anlayabilece\u011fi bir \u015fekilde a\u00e7mak \u00f6devimizdir.<br \/>\nOkudu\u011funuz i\u00e7in te\u015fekk\u00fcr ederim.<br \/>\nDevam edecek.<br \/>\nPayla\u015f\u0131n\u0131z l\u00fctfen.<\/p>\n<div id=\"bghab-3677197578\" class=\"bghab-yazi-altinda bghab-entity-placement\"><div class=\"bghab-adlabel\">Reklamlar<\/div><script async src=\"https:\/\/pagead2.googlesyndication.com\/pagead\/js\/adsbygoogle.js\"><\/script>\r\n<!-- bghaber-yaz\u0131-sonu -->\r\n<ins class=\"adsbygoogle\"\r\n     style=\"display:block\"\r\n     data-ad-client=\"ca-pub-6203283170189293\"\r\n     data-ad-slot=\"4222328180\"\r\n     data-ad-format=\"auto\"\r\n     data-full-width-responsive=\"true\"><\/ins>\r\n<script>\r\n     (adsbygoogle = window.adsbygoogle || []).push({});\r\n<\/script><\/div><br style=\"clear: both; display: block; float: none;\"\/>","protected":false},"excerpt":{"rendered":"<p>Tarih: 30 A\u011fustos 2018 Yazan: Rafet ULUT\u00dcRK Konu: 30 A\u011fustos Zafer Bayram\u0131 hepimizin bayram\u0131d\u0131r. Say\u0131n okurlar\u0131m! Bug\u00fcn ZAFER BAYRAMIMIZ! Hepinize kutlu olsun! T\u00fcrkl\u00fc\u011f\u00fcm\u00fcze yeni yeni<\/p>\n","protected":false},"author":13,"featured_media":0,"comment_status":"closed","ping_status":"closed","sticky":false,"template":"","format":"standard","meta":{"advanced_seo_description":"","jetpack_seo_html_title":"","jetpack_seo_noindex":false,"_jetpack_memberships_contains_paid_content":false,"footnotes":""},"categories":[6],"tags":[],"class_list":["post-32172","post","type-post","status-publish","format-standard","hentry","category-yorum"],"jetpack_featured_media_url":"","jetpack_sharing_enabled":true,"jetpack_likes_enabled":true,"jetpack-related-posts":[],"jetpack_shortlink":"https:\/\/wp.me\/pc2PfJ-8mU","_links":{"self":[{"href":"https:\/\/www.bghaber.org\/bghaber\/wp-json\/wp\/v2\/posts\/32172","targetHints":{"allow":["GET"]}}],"collection":[{"href":"https:\/\/www.bghaber.org\/bghaber\/wp-json\/wp\/v2\/posts"}],"about":[{"href":"https:\/\/www.bghaber.org\/bghaber\/wp-json\/wp\/v2\/types\/post"}],"author":[{"embeddable":true,"href":"https:\/\/www.bghaber.org\/bghaber\/wp-json\/wp\/v2\/users\/13"}],"replies":[{"embeddable":true,"href":"https:\/\/www.bghaber.org\/bghaber\/wp-json\/wp\/v2\/comments?post=32172"}],"version-history":[{"count":0,"href":"https:\/\/www.bghaber.org\/bghaber\/wp-json\/wp\/v2\/posts\/32172\/revisions"}],"wp:attachment":[{"href":"https:\/\/www.bghaber.org\/bghaber\/wp-json\/wp\/v2\/media?parent=32172"}],"wp:term":[{"taxonomy":"category","embeddable":true,"href":"https:\/\/www.bghaber.org\/bghaber\/wp-json\/wp\/v2\/categories?post=32172"},{"taxonomy":"post_tag","embeddable":true,"href":"https:\/\/www.bghaber.org\/bghaber\/wp-json\/wp\/v2\/tags?post=32172"}],"curies":[{"name":"wp","href":"https:\/\/api.w.org\/{rel}","templated":true}]}}