{"id":32169,"date":"2018-08-29T22:12:41","date_gmt":"2018-08-29T19:12:41","guid":{"rendered":"http:\/\/www.bghaber.org\/bghaber\/?p=32169"},"modified":"2018-08-29T22:12:41","modified_gmt":"2018-08-29T19:12:41","slug":"gok-kubbemiz-2","status":"publish","type":"post","link":"https:\/\/www.bghaber.org\/bghaber\/gok-kubbemiz-2\/","title":{"rendered":"G\u00f6k Kubbemiz -2"},"content":{"rendered":"<p>Tarih:\u00a0 29 A\u011fustos 2018<\/p>\n<p>Yazan: Rafet ULUT\u00dcRK<\/p>\n<p>&nbsp;<\/p>\n<p>Konu:\u00a0\u00a0 <strong>H\u00fcr, Zeki ve d\u00fcr\u00fcst bir lider bekliyoruz.<\/strong><\/p>\n<p>Biz Bulgaristanl\u0131 T\u00fcrkler kendi <strong>G\u00d6K KUBBEM\u0130Z <\/strong>oldu\u011funa inan\u0131r\u0131z. Yerli \u015fairlerimizden olup, Hac\u0131o\u011flu Pazarc\u0131k (Dobri\u00e7) Pirli k\u00f6y\u00fcnde, ayd\u0131n bir \u00f6\u011fretmen ailesinde yeti\u015fen, pedagoji okuyan ve ilkokul ve lisede T\u00fcrk\u00e7e \u00f6\u011fretmenli\u011fi yapan \u015fair Ahmet Hasan Cebeci de inan\u0131yordu.<\/p><div id=\"bghab-1609292817\" class=\"bghab-icerik-icine bghab-entity-placement\"><script async src=\"\/\/pagead2.googlesyndication.com\/pagead\/js\/adsbygoogle.js?client=ca-pub-6203283170189293\" crossorigin=\"anonymous\"><\/script><ins class=\"adsbygoogle\" style=\"display:block; text-align:center;\" data-ad-client=\"ca-pub-6203283170189293\" \ndata-ad-slot=\"7303146466\" \ndata-ad-layout=\"in-article\"\ndata-ad-format=\"fluid\" data-full-width-responsive=\"true\"><\/ins>\n<script> \n(adsbygoogle = window.adsbygoogle || []).push({}); \n<\/script>\n<\/div>\n<p><strong>G\u00d6K KUBBEM\u0130Z\u0130N geni\u015flemesinin, renklenerek b\u00fcy\u00fcmesinin ancak \u00f6rg\u00fctl\u00fc m\u00fccadele i\u00e7inde m\u00fcmk\u00fcn olaca\u011f\u0131na da inanm\u0131\u015ft\u0131.<\/strong><\/p>\n<p>Dava ocaklar\u0131n\u0131 birer birer yakt\u0131\u011f\u0131 i\u00e7in benim do\u011fdu\u011fum 1966\u2019da Vatan\u0131ndan kovuldu. <strong>BALKAN M\u00dcCAH\u0130TLER\u0130 MAR\u015eINDA<\/strong> o bu ufku \u015f\u00f6yle \u00e7izmi\u015fti.<\/p>\n<p><strong>BALKAN M\u00dcCAH\u0130TLER\u0130 MAR\u015eI <\/strong><\/p>\n<p><strong><em>T\u00fcrkl\u00fck bizim \u015ferefimiz, can\u0131m\u0131z<br \/>\nDin u\u011fruna akar temiz kan\u0131m\u0131z<br \/>\nVatan i\u00e7in feda olsun can\u0131m\u0131z. <\/em><\/strong><\/p>\n<p>\u015eair Ahmet Cebeci bir T\u00fcrk\u00fcn, onun soyunun, toplulu\u011funu ve milletinin <strong>G\u00d6K KUBBES\u0130<\/strong> olmas\u0131 i\u00e7in \u00f6nce \u015funlara sahip olmas\u0131 gerekti\u011fine i\u015faret ediyor. Bilgili ve Bilin\u00e7li olmak yan\u0131 kim oldu\u011funu, nereden geldi\u011fini, tarihini, atalar\u0131n\u0131 bilen, dili ve dini olan, halk sanat\u0131, gelenek ve g\u00f6renekleri, edebiyat ve k\u00fclt\u00fcr\u00fc olan, bir medeniyete ait ve dolay\u0131s\u0131yla ya\u015fad\u0131\u011f\u0131, evi, k\u00f6y\u00fcn\u00fc, \u015fehrini kurdu\u011fu, i\u015fledi\u011fi, \u00f6l\u00fclerini g\u00f6md\u00fc\u011f\u00fc bir toprak sahibi olmas\u0131 zorunlu\u011funu \u00f6n plana \u00e7ekiyor.<\/p><div id=\"bghab-3854706318\" class=\"bghab-icerik-icine-10-paragraf bghab-entity-placement\"><script async src=\"\/\/pagead2.googlesyndication.com\/pagead\/js\/adsbygoogle.js?client=ca-pub-6203283170189293\" crossorigin=\"anonymous\"><\/script><ins class=\"adsbygoogle\" style=\"display:block; text-align:center;\" data-ad-client=\"ca-pub-6203283170189293\" \ndata-ad-slot=\"7303146466\" \ndata-ad-layout=\"in-article\"\ndata-ad-format=\"fluid\" data-full-width-responsive=\"true\"><\/ins>\n<script> \n(adsbygoogle = window.adsbygoogle || []).push({}); \n<\/script>\n<\/div>\n<p>Ayr\u0131ca bunlara sahip oldu\u011fumuz i\u00e7in \u015ferefli ve \u015fanl\u0131 oldu\u011fumuzu vurguluyor.<\/p>\n<p><strong>\u015e\u00f6yle devam ediyor:<\/strong><\/p>\n<p><strong>T\u00fcrk \u0130slam\u2019\u0131z, Ay y\u0131ld\u0131z\u0131z, s\u00f6nmeyiz<br \/>\nD\u00fcnya yansa and\u0131m\u0131zdan d\u00f6nmeyiz.<\/strong><\/p>\n<p>Bu sat\u0131rlarda \u015fair, \u0130slam\u2019a ibadet etmeye devam ettik\u00e7e ve dalgalanan Ay Y\u0131ld\u0131zl\u0131 bayra\u011f\u0131m\u0131z\u0131n alt\u0131nda kald\u0131k\u00e7a T\u00fcrkl\u00fc\u011f\u00fcm\u00fcz\u00fcn ebedili\u011fine dikkat \u00e7ekiyor ve bu davada ant i\u00e7mi\u015f oldu\u011fumuzu ve bu yoldan asla geri d\u00f6n\u00fc\u015f olmad\u0131\u011f\u0131n\u0131 beliyor. Yeminimiz Bulgaristan T\u00fcrklerinin ne pahas\u0131na olursa olsun var olma, s\u00f6k\u00fclmeme, cenneti do\u011fdu\u011fumuz toprakta ya\u015fama yemidir.<\/p>\n<p><strong><em>Derin bir inan\u00e7la hayk\u0131ran \u015fair Cebeci G\u00d6K KUBBEM\u0130Z\u0130N \u00f6z ufuk s\u0131n\u0131rlar\u0131m\u0131z\u0131 \u015f\u00f6yle \u00e7iziyor:<\/em><\/strong><\/p><div id=\"bghab-529248791\" class=\"bghab-icerik-icine-15-paragraf bghab-entity-placement\"><script async src=\"\/\/pagead2.googlesyndication.com\/pagead\/js\/adsbygoogle.js?client=ca-pub-6203283170189293\" crossorigin=\"anonymous\"><\/script><ins class=\"adsbygoogle\" style=\"display:block; text-align:center;\" data-ad-client=\"ca-pub-6203283170189293\" \ndata-ad-slot=\"7303146466\" \ndata-ad-layout=\"in-article\"\ndata-ad-format=\"fluid\" data-full-width-responsive=\"true\"><\/ins>\n<script> \n(adsbygoogle = window.adsbygoogle || []).push({}); \n<\/script>\n<\/div>\n<p><strong><em>Dobruca, Deliorman bizimdir<br \/>\nGerlovoyla, Kocabalkan bizimdir<br \/>\nRodop denen T\u00fcrkl\u00fc volkan bizimdir.<\/em><\/strong><\/p>\n<p>Bu \u015fiir, 2 A\u011fustos 1963\u2019te kaleme al\u0131nm\u0131\u015ft\u0131r.<\/p>\n<p>O, 1878 Berlin Konferans\u0131\u2019nda Bulgar Prensli\u011fi s\u0131n\u0131rlar\u0131n\u0131n \u00e7izilmesiyle, 1885\u2019te Bulgar Prensli\u011finin Do\u011fu Rumeli\u2019yi ilhak etmesiyle ve yeni tarihinde b\u00fct\u00fcn sava\u015flar\u0131 kaybeden Bulgaristan\u2019\u0131n topraklar\u0131n\u0131 3 misli b\u00fcy\u00fctt\u00fc\u011f\u00fcn\u00fc dikkatte alarak <strong>AKTARIYORUM F\u0130KR\u0130M\u0130<\/strong>.<\/p>\n<p>Bu s\u0131n\u0131rlar i\u00e7indeki Bulgaristan M\u00fcsl\u00fcman T\u00fcrklerinin kendilerine ait olan <strong>G\u00d6K KUBBES\u0130<\/strong> ufkunu Dobruca, Deliorman, Gerlova, Koca Balkan Doruklar\u0131 ve Rodop Da\u011flar\u0131n\u0131n b\u00fct\u00fcn\u00fc olarak \u00e7i\u00e7ek \u00e7elengi i\u00e7inde ve bir g\u00f6k ebesi boyunda \u00e7izmi\u015ftir. <strong><em>Bu topraklar T\u00fcrk kan\u0131 dola\u015fan, T\u00fcrk ocaklar\u0131 yanan, T\u00fcrk\u00e7e sevi\u015fen ve kavga eden insanlar\u0131n, g\u00f6zya\u015f\u0131, kan ve terle sulad\u0131\u011f\u0131, g\u00f6n\u00fcl birli\u011fimizin kayna\u015ft\u0131\u011f\u0131 Vatan\u0131d\u0131r.<\/em><\/strong><\/p>\n<p>Ve i\u015fte bu <strong>G\u00d6K KUBBES\u0130<\/strong> alt\u0131nda \u015fair T\u00fcrkl\u00fck yeminini yineler:<\/p><div id=\"bghab-608955030\" class=\"bghab-icerik-icine-20-paragraf bghab-entity-placement\"><script async src=\"\/\/pagead2.googlesyndication.com\/pagead\/js\/adsbygoogle.js?client=ca-pub-6203283170189293\" crossorigin=\"anonymous\"><\/script><ins class=\"adsbygoogle\" style=\"display:block; text-align:center;\" data-ad-client=\"ca-pub-6203283170189293\" \ndata-ad-slot=\"7303146466\" \ndata-ad-layout=\"in-article\"\ndata-ad-format=\"fluid\" data-full-width-responsive=\"true\"><\/ins>\n<script> \n(adsbygoogle = window.adsbygoogle || []).push({}); \n<\/script>\n<\/div>\n<p><strong>T\u00fcrk \u0130slam\u2019\u0131z, Ay y\u0131ld\u0131z\u0131z, s\u00f6nmeyiz<br \/>\nD\u00fcnya yansa and\u0131m\u0131zdan d\u00f6nmeyiz.<\/strong><\/p>\n<p><strong>G\u00d6K KUBBEM\u0130Z<\/strong>, biz Bulgaristanl\u0131 T\u00fcrklerin i\u00e7imize ayd\u0131nl\u0131k, ferahl\u0131k getiren bir kavramd\u0131r. En b\u00fcy\u00fck nimetimiz kendi <strong>G\u00d6K KUBBEM\u0130\u0130N<\/strong> olmas\u0131 ve onun alt\u0131nda ya\u015fayan kendi insan\u0131m\u0131z\u0131n olmas\u0131d\u0131r. En y\u00fcce varl\u0131\u011f\u0131m\u0131z insanlar\u0131m\u0131zd\u0131r. 140 y\u0131ldan beri kendimizi, kimli\u011fimizi ve benli\u011fimizi kendi <strong>G\u00d6K KUBBEM\u0130ZE<\/strong> g\u00f6re tarif eden biziz. Ve \u015fu iyi bilinmeli, bu biz, sadece bug\u00fcn T\u00fcrkiye Cumhuriyetinde ya da Bulgaristan\u2019da kalan ve orada ya\u015fayan T\u00fcrkler de\u011filiz. <strong><em>Bu biz, \u00f6ncelikle bu topraklar\u0131 ele ge\u00e7iren, burada devlet kuran, huzur sa\u011flayan, bu topraklar\u0131 Vatan yapan ecdad\u0131m\u0131zd\u0131r.<\/em><\/strong> <strong>Kendisine ruh verilmeyen toprak Vatan olmaz.<\/strong> Bug\u00fcn soyda\u015f durumunda olan karde\u015flerimin, g\u00f6n\u00fcl ba\u011flar\u0131m\u0131z\u0131n kald\u0131\u011f\u0131, zaman zaman kar\u015f\u0131m\u0131za bir bo\u015fluk olarak \u00e7\u0131kan, hasret duygular\u0131na yenik d\u00fc\u015ft\u00fc\u011f\u00fcm\u00fcz <strong><em>Vatan\u0131m\u0131z\u0131n G\u00d6K KUBBES\u0130 alt\u0131nda olmam\u0131z bo\u015flu\u011fu doldurulmaz<\/em><\/strong> bir arzu olarak f\u0131\u015fk\u0131rd\u0131k\u00e7a hepimizi mesh ediyor.<\/p>\n<p><strong><em>Ecdat, bizim b\u00fcy\u00fck dedelerimizin hepsi G\u00d6G KUBBEM\u0130Z\u0130N alt\u0131nda ya\u015f\u0131yorlard\u0131. 1683\u2019te Viyana\u2019dan kopu\u015fla ne kadar alaylar d\u00f6nd\u00fc Anavatan\u2019a, 93 Harbi facias\u0131 en b\u00fcy\u00fck ac\u0131larla Vatan topra\u011f\u0131m\u0131zda ya\u015fand\u0131 ama g\u00f6\u00e7 ku\u015flar gibi birden parlay\u0131p beraberce kalk\u0131p gitmedik. Kendi G\u00d6K KUBBEM\u0130Z alt\u0131nda huzur bulaca\u011f\u0131m\u0131za inand\u0131k.<\/em><\/strong><\/p>\n<p>Pek talihli ve nas ipli olamasak da Vatan\u2019a sar\u0131lm\u0131\u015f, buraday\u0131z, oraday\u0131z.<\/p>\n<p>***<\/p><div id=\"bghab-4132243918\" class=\"bghab-icerik-icine-25-paragraf bghab-entity-placement\"><script async src=\"\/\/pagead2.googlesyndication.com\/pagead\/js\/adsbygoogle.js?client=ca-pub-6203283170189293\" crossorigin=\"anonymous\"><\/script><ins class=\"adsbygoogle\" style=\"display:block; text-align:center;\" data-ad-client=\"ca-pub-6203283170189293\" \ndata-ad-slot=\"7303146466\" \ndata-ad-layout=\"in-article\"\ndata-ad-format=\"fluid\" data-full-width-responsive=\"true\"><\/ins>\n<script> \n(adsbygoogle = window.adsbygoogle || []).push({}); \n<\/script>\n<\/div>\n<p><strong>Son d\u00f6nemde m\u00fccadelemiz \u015fu perdeleri a\u015fmaya \u00e7al\u0131\u015ft\u0131: <\/strong>Bulgaristan\u2019da Kom\u00fcnist Partisi (BKP) ve gizli istihbarat \u00f6rg\u00fct\u00fc (DS) M\u00fcsl\u00fcman T\u00fcrkler ve di\u011fer az\u0131nl\u0131kla sinsi \u00e7al\u0131\u015fmalar\u0131nda y\u0131llarca \u00e7ok azimli \u00e7aba g\u00f6stermi\u015f olsa da, daha 1989\u2019da do\u011fal sosyal ortamda oyunu kaybetmi\u015fti.<\/p>\n<p><strong>\u015eu nokta net anla\u015f\u0131lmal\u0131d\u0131r. <\/strong><\/p>\n<p>Totaliter kom\u00fcnizm d\u00f6neminde (1973-1989) Bulgaristan\u2019da BKP ile DS \u2013 t\u00fcm birimleriyle polis ve ordu &#8211; birbirine yap\u0131\u015fm\u0131\u015f iki siyam ikizleri gibiydi. \u00d6yle olsa bile, totaliter ideolojiyi geli\u015ftiren, totaliter siyaseti olu\u015fturan, emirleri veren ve y\u00f6neten siyam ikizlerinden birisi olan BKP oldu.<\/p>\n<p>Geli\u015ftirilen planlar\u0131 icra eden, yalanlar\u0131 uyduran, tuzaklar\u0131 kuran, \u00f6ld\u00fcren, imtiyaz eden, as\u0131ls\u0131z su\u00e7lamalarla tutuklayan, d\u00f6ven, s\u00fcrg\u00fcne g\u00f6nderen, hapse atan vs kirli i\u015fleri y\u00fcr\u00fcten ise DS (gizli polis) idi.<\/p>\n<p><strong>Bulgaristan ko\u015fullar\u0131nda, DS \u00e7ok geni\u015f bir kavramd\u0131r. <\/strong><\/p><div id=\"bghab-2453901006\" class=\"bghab-icerik-icine-30-paragraf bghab-entity-placement\"><script async src=\"\/\/pagead2.googlesyndication.com\/pagead\/js\/adsbygoogle.js?client=ca-pub-6203283170189293\" crossorigin=\"anonymous\"><\/script><ins class=\"adsbygoogle\" style=\"display:block; text-align:center;\" data-ad-client=\"ca-pub-6203283170189293\" \ndata-ad-slot=\"7303146466\" \ndata-ad-layout=\"in-article\"\ndata-ad-format=\"fluid\" data-full-width-responsive=\"true\"><\/ins>\n<script> \n(adsbygoogle = window.adsbygoogle || []).push({}); \n<\/script>\n<\/div>\n<p>T\u00fcm kolluk kuvvetlerini kapsar. 1984-89 d\u00f6neminde bu g\u00fc\u00e7lerin hi\u00e7 eksiksiz hepsi birden g\u00fcya \u201c<strong>soya d\u00f6n\u00fc\u015f<\/strong>\u201d sald\u0131r\u0131s\u0131na ara\u00e7 edilmi\u015fti. Asl\u0131nda bu i\u011fren\u00e7 uygulama, Bulgaristan M\u00fcsl\u00fcmanlar\u0131na kar\u015f\u0131 1878\u2019den sonra ger\u00e7ekle\u015ftirilen en b\u00fcy\u00fck sald\u0131r\u0131 oldu. En fazla kurban ald\u0131. <strong><em>B\u00fcy\u00fck say\u0131da T\u00fcrk ata oca\u011f\u0131n\u0131 terk etmeye zorland\u0131. G\u00f6k Kubbemiz b\u00fcz\u00fcld\u00fc ve darald\u0131.<\/em><\/strong><\/p>\n<p>Fikrimi daha anla\u015f\u0131l\u0131r bi\u00e7imde a\u00e7abilmem i\u00e7in \u015funa i\u015faret etmek istiyorum. <strong>Dinlerin<\/strong> insan topluluklar\u0131 \u00fczerindeki etkisi s\u0131n\u0131rs\u0131zd\u0131r. \u00d6rne\u011fin \u0130slam\u2019\u0131n 16 as\u0131r \u00f6nce do\u011fmas\u0131yla ba\u015flayan kitlesel etkileme g\u00fcc\u00fc bug\u00fcn de yay\u0131ld\u0131k\u00e7a yay\u0131lmaya devam ediyor. Yaln\u0131z Avrupa\u2019da art\u0131k 20 milyon M\u00fcsl\u00fcman ya\u015fad\u0131\u011f\u0131n\u0131 4 binden fazla cami ve mescit oldu\u011funu an\u0131msatmam yeterli say\u0131l\u0131r.<\/p>\n<p><strong>Devrimlerin<\/strong> devrimi olan 1789-1799 B\u00fcy\u00fck Frans\u0131z Devriminin etkisi g\u00fcn\u00fcm\u00fczde de devam ediyor. D\u00fcnyam\u0131z\u0131n her bir yan\u0131nda, \u00f6zellikle memleketimiz Bulgaristan\u2019da \u201c<strong>H\u00fcrriyet, E\u015fitlik ve Karde\u015flik<\/strong>\u201d ilkeleri hen\u00fcz tutunamad\u0131. Bulgar ulusu tek dilli, tek milletli devlet ve rejim kurma hayalinden vaz ge\u00e7ip her alanda \u00e7o\u011fulculuk ilkesini kabul edip uygulamadan tutunma \u015fans\u0131 s\u0131f\u0131rd\u0131r.<\/p>\n<p>Bu arada, <strong>Ayaklanmalar\u0131n<\/strong> toplum tarihi \u00fczerindeki etkisi de asgari 50 ile y\u00fcz y\u0131l aras\u0131nda s\u00fcrer. \u00d6rne\u011fin Bulgaristan\u2019da 1918 \u201cVladaya\u201d Asker Ayaklanmas\u0131 monar\u015fiye (\u00c7ar Ferdinand\u2019a) kar\u015f\u0131, Cumhuriyet iste\u011fiyle parlam\u0131\u015ft\u0131. Bulgaristan Halk Cumhuriyeti 15 Eyl\u00fcl 1946\u2019da ilan edildi.<\/p>\n<p>28 y\u0131l sonra\u2026 Bulgaristan tarihinin en b\u00fcy\u00fck ayaklanmas\u0131 olan\u201372 bin ki\u015fi kat\u0131lm\u0131\u015ft\u0131-1989 May\u0131s M\u00fcsl\u00fcman \u0130syan\u0131m\u0131z ilk sonu\u00e7lar\u0131 s\u00fcrg\u00fcnlerin ve siyasi su\u00e7lular\u0131n bir k\u0131sm\u0131n\u0131n hemen sal\u0131verilmesiyle ve 7 ay sonra \u201328 Aral\u0131k 1989 g\u00fcn\u00fc isimlerimizin ve din haklar\u0131m\u0131z\u0131n iade edilmesi karar\u0131 \u00e7\u0131kt\u0131\u011f\u0131nda k\u0131smen elde edebildik. Ne var ki davam\u0131z s\u00f6nmedi. T\u00fcrk kimli\u011fimizi koruyup geli\u015ftirerek ya\u015fatmak i\u00e7in ayaklanm\u0131\u015ft\u0131k, i\u015fimiz yar\u0131m kald\u0131.<\/p><div id=\"bghab-1082866440\" class=\"bghab-icerik-icine-35-paragraf bghab-entity-placement\"><script async src=\"\/\/pagead2.googlesyndication.com\/pagead\/js\/adsbygoogle.js?client=ca-pub-6203283170189293\" crossorigin=\"anonymous\"><\/script><ins class=\"adsbygoogle\" style=\"display:block; text-align:center;\" data-ad-client=\"ca-pub-6203283170189293\" \ndata-ad-slot=\"7303146466\" \ndata-ad-layout=\"in-article\"\ndata-ad-format=\"fluid\" data-full-width-responsive=\"true\"><\/ins>\n<script> \n(adsbygoogle = window.adsbygoogle || []).push({}); \n<\/script>\n<\/div>\n<p><strong>H\u00fcrriyetimize kavu\u015famad\u0131k. K\u00fclt\u00fcrel otonomi yolumuz kesildi. Toplumsal e\u015fitli\u011fimizi elde edemedik. Ortak haklar\u0131m\u0131z tan\u0131nmad\u0131. T\u00fcrk ocaklar\u0131nda ye\u015fermemiz engelleniyor. Okullar\u0131m\u0131z kapal\u0131. Haberle\u015fme ve sportif, k\u00fclt\u00fcrel ve siyasi \u00f6rg\u00fctlenme haklar\u0131m\u0131z devlet kontrol\u00fc al\u0131nda Ahmet Do\u011fan ve L\u00fctfi Mestan gibi belirli ki\u015filer taraf\u0131ndan ipotek alt\u0131na al\u0131nm\u0131\u015ft\u0131r. Bulgar toplumundan, devletinden ve kurumlar\u0131ndan tamamen kopar\u0131lm\u0131\u015f ve \u00f6tekile\u015ftirilmi\u015f durumday\u0131z. Kitlemizin doku ba\u011flar\u0131 s\u00fcrekli kesilip kopar\u0131l\u0131p y\u0131prat\u0131lmaya \u00e7al\u0131\u015f\u0131l\u0131yor.<\/strong><\/p>\n<p>Karde\u015flikten ise asla s\u00f6z edilemez. Memleketimizde toplumsal karde\u015flik iyi kom\u015fuluk ve ho\u015fg\u00f6r\u00fcm\u00fczle tesis edilen huzur ve s\u00fck\u00fbn ortam\u0131 \u00f6nce k\u0131ym\u0131k k\u0131ym\u0131k sonra da pald\u0131r-k\u00fcld\u00fcr yok edildi\u011finden dolay\u0131, ger\u00e7ek demokrasi ve adalet ortam\u0131 kurulmadan onar\u0131m\u0131 imk\u00e2ns\u0131z yaralar ald\u0131.<\/p>\n<p>Sivil toplum \u00f6rg\u00fctlerine dayanan bir vatanda\u015flar toplumu kurulmadan, ger\u00e7ek demokrasiye g\u00f6t\u00fcrecek bir siyaset sistemine ge\u00e7ilmeden bu yaralar\u0131n pansuman edilmesi bile olanakl\u0131 de\u011fildir. 1878\u2019de Bulgaristan n\u00fcfusunun % 52\u2019iydik, bu g\u00fcn halen % 8\u2019de kald\u0131k, gelecek say\u0131mda bizim hi\u00e7 olmad\u0131\u011f\u0131m\u0131z ortaya \u00e7\u0131kabilir. Bu da bizim <strong>G\u00f6k Kubbemizi yok etme sald\u0131r\u0131lar\u0131ndan biridir<\/strong>. Bulgaristan\u2019da halen 1300 cami olsa da, M\u00fcsl\u00fcman T\u00fcrkler bitti\u011finde <strong>G\u00f6k Kubbemiz<\/strong> de yok olmu\u015f demektir.<\/p>\n<p><strong>\u0130\u015flerin derinli\u011fi:<\/strong><\/p>\n<p>Diktat\u00f6r T. Jivkov\u2019un M\u00fcsl\u00fcmanlar taraf\u0131ndan devrilmesinden ve BKP\u2019nin 1989\u2019da kendini h\u00fck\u00fcms\u00fcz k\u0131l\u0131p \u201c<strong>ben lav oldum<\/strong>\u201d yani \u201c<strong>kendi kendimi feshettim<\/strong>\u201d kertenkele gibi<strong> \u201ckuyru\u011fumu kopard\u0131m, zehrimi att\u0131m\u201d <\/strong>ya da<strong> \u201crengim de\u011fi\u015fti\u201d \u00a0<\/strong>demesiyle kom\u00fcnizm ufkunun karard\u0131\u011f\u0131n\u0131 hemen d\u00fc\u015f\u00fcnenlerin hakl\u0131 oldu\u011fu izlenimi uyanm\u0131\u015ft\u0131.<\/p><div id=\"bghab-295360698\" class=\"bghab-icerik-icine-40-paragraf bghab-entity-placement\"><script async src=\"\/\/pagead2.googlesyndication.com\/pagead\/js\/adsbygoogle.js?client=ca-pub-6203283170189293\" crossorigin=\"anonymous\"><\/script><ins class=\"adsbygoogle\" style=\"display:block; text-align:center;\" data-ad-client=\"ca-pub-6203283170189293\" \ndata-ad-slot=\"7303146466\" \ndata-ad-layout=\"in-article\"\ndata-ad-format=\"fluid\" data-full-width-responsive=\"true\"><\/ins>\n<script> \n(adsbygoogle = window.adsbygoogle || []).push({}); \n<\/script>\n<\/div>\n<p><strong>Ne var ki toplum \u00fczerindeki a\u011f\u0131r sis kalkmad\u0131. \u00a0<\/strong><\/p>\n<p>Niyetlerin hedef ve ayr\u0131nt\u0131lar\u0131 g\u00f6r\u00fclememi\u015fti. Totaliter-kom\u00fcnist batakl\u0131k suyunun bir hamlede duruldu\u011funu d\u00fc\u015f\u00fcnenler yan\u0131ld\u0131. T\u00fcrklerin ger\u00e7ekleri g\u00f6rebilmesini engellemek amac\u0131yla \u00f6nlemler al\u0131nd\u0131. Asl\u0131nda 1990\u2019da 90 ya\u015f\u0131nda olan ve 4 ku\u015fak zihinleri silinmez bi\u00e7imde kaz\u0131nan, ruhlara i\u015fleyen Bulgar kom\u00fcnizmi ikiye par\u00e7aland\u0131. Ba\u015fka isimler alt\u0131nda, yeni ye\u015ferme ve g\u00fc\u00e7lenme yollar\u0131 ararken, \u00f6z\u00fc koruyabildiler, toplumsal umudu ise \u201c<strong>zamans\u0131zl\u0131\u011fa ittiler. \u201d <\/strong><\/p>\n<p><strong>Sonu\u00e7:<\/strong> Bulgaristan T\u00fcrklerinin B\u00fcy\u00fck G\u00f6\u00e7te (1989) derin bir yara almas\u0131n\u0131, <strong><em>1989\u2019da BULGAR\u0130STAN M\u00dcSL\u00dcMANLARI YEN\u0130 UFKU belirlenmek i\u00e7in Ayaklanm\u0131\u015f olsak da, kendi G\u00d6K KUBBEM\u0130Z sanki b\u00fcz\u00fcld\u00fc, . <\/em><\/strong><\/p>\n<p><strong>Ortaya \u015f\u00f6yle bir soru \u00e7\u0131kt\u0131:<\/strong><\/p>\n<p><strong>G\u00d6K KUBBEM\u0130Z lidersiz geni\u015fleyebilir mi? <\/strong><\/p><div id=\"bghab-2707062923\" class=\"bghab-icerik-icine-45-paragraf bghab-entity-placement\"><script async src=\"\/\/pagead2.googlesyndication.com\/pagead\/js\/adsbygoogle.js?client=ca-pub-6203283170189293\" crossorigin=\"anonymous\"><\/script><ins class=\"adsbygoogle\" style=\"display:block; text-align:center;\" data-ad-client=\"ca-pub-6203283170189293\" \ndata-ad-slot=\"7303146466\" \ndata-ad-layout=\"in-article\"\ndata-ad-format=\"fluid\" data-full-width-responsive=\"true\"><\/ins>\n<script> \n(adsbygoogle = window.adsbygoogle || []).push({}); \n<\/script>\n<\/div>\n<p>\u00d6nce modern liderlerin vazge\u00e7ilmez niteliklerini g\u00f6relim.<\/p>\n<p>Peygamber efendimiz \u015f\u00f6yle buyurmu\u015ftur:<\/p>\n<p>\u201c<strong>\u00dcmmeti i\u00e7inde Peygamber ne ise, kabileleri aras\u0131nda da ya\u015fl\u0131lar \u00f6yledir. Nas\u0131l ki halk aras\u0131nda Peygamberler, t\u00fcm zamanlar\u0131n problemlerini \u00e7\u00f6zer ve \u015f\u00fcpheleri giderirse, ayn\u0131 \u015fekilde ya\u015fl\u0131lar da kabilelerin \u015f\u00fcphelerini \u00e7\u00f6zerler. Ya\u015fl\u0131lardan nefret etme ve b\u00f6ylelerini g\u00f6rd\u00fc\u011f\u00fcnde h\u00fcrmetk\u00e2r ol<\/strong>.\u201d Bu bir hadis-i \u015feriftir.<\/p>\n<p>Ne var ki bir bu\u00e7uk as\u0131rdan beri ger\u00e7ek \u00f6nderini arayan halk\u0131m\u0131z\u0131n \u015fu iki m\u0131sra\u0131 ezberine alm\u0131\u015f olmas\u0131 ilgin\u00e7tir:<\/p>\n<p><strong>Ah, Hoca! Uzak dur, uzak dur benden!<br \/>\nGevezelik etme yeter art\u0131k!<\/strong><\/p><div id=\"bghab-4152028545\" class=\"bghab-icerik-icine-50-paragraf bghab-entity-placement\"><script async src=\"\/\/pagead2.googlesyndication.com\/pagead\/js\/adsbygoogle.js?client=ca-pub-6203283170189293\" crossorigin=\"anonymous\"><\/script><ins class=\"adsbygoogle\" style=\"display:block; text-align:center;\" data-ad-client=\"ca-pub-6203283170189293\" \ndata-ad-slot=\"7303146466\" \ndata-ad-layout=\"in-article\"\ndata-ad-format=\"fluid\" data-full-width-responsive=\"true\"><\/ins>\n<script> \n(adsbygoogle = window.adsbygoogle || []).push({}); \n<\/script>\n<\/div>\n<p><strong>Bu bak\u0131ma Bulgaristan M\u00fcsl\u00fcmanlar\u0131 cemaati kurumu\u015f bir toprakt\u0131r.<\/strong> Hakiki lidere gelince yery\u00fcz\u00fc canlan\u0131r, ye\u015fillenir ve taze kokularla dolar, yeni hedefler belirir ve toplum y\u00fcreklenir inanc\u0131 egemen oland\u0131r.<\/p>\n<p><strong><em>Lider nefesiyle g\u00f6n\u00fcller dirilir, \u00e7\u00fcnk\u00fc o bir rahmet gibi beklenendir. Ellerinden d\u00fc\u015f\u00fcrmedikleri Kuran\u2019da Peygamber, (lider), (ya\u011fmur) ebedi rahmetin sembol\u00fcd\u00fcr.<\/em><\/strong><\/p>\n<p>Burada Liderlik olay\u0131na ak\u0131l ve zek\u00e2 a\u00e7\u0131s\u0131ndan bakt\u0131\u011f\u0131m\u0131zda \u015fu ortaya \u00e7\u0131kar.<\/p>\n<p><strong>Ak\u0131l bir pervanedir ancak<br \/>\nK\u00f6r bir pervane<br \/>\nSense bir mum,<br \/>\nEtraf\u0131nda binlerce pervane<\/strong>!<\/p>\n<p>B\u00fcy\u00fck Timur\u2019a \u201c<strong>ak\u0131l ne i\u015fe yarar<\/strong>?\u201d diye sorduklar\u0131nda \u015fu cevab\u0131 vermi\u015f: \u201c<strong>Zek\u00e2n\u0131n askeridir<\/strong>!\u201d<\/p><div id=\"bghab-2227224385\" class=\"bghab-icerik-icine-55-paragraf bghab-entity-placement\"><script async src=\"\/\/pagead2.googlesyndication.com\/pagead\/js\/adsbygoogle.js?client=ca-pub-6203283170189293\" crossorigin=\"anonymous\"><\/script><ins class=\"adsbygoogle\" style=\"display:block; text-align:center;\" data-ad-client=\"ca-pub-6203283170189293\" \ndata-ad-slot=\"7303146466\" \ndata-ad-layout=\"in-article\"\ndata-ad-format=\"fluid\" data-full-width-responsive=\"true\"><\/ins>\n<script> \n(adsbygoogle = window.adsbygoogle || []).push({}); \n<\/script>\n<\/div>\n<ol>\n<li>Napolyon\u2019a \u201c<strong>Askeri kitaplar\u0131n hepsini okudu\u011funuzda, ne \u00f6\u011frendi\u011finiz<\/strong>? Diye sorduklar\u0131nda hemen yeti\u015ftirmi\u015f: \u201c<strong>Akl\u0131m\u0131 geli\u015ftirdim.<\/strong>\u201d<\/li>\n<\/ol>\n<p>Lider kendine kar\u015f\u0131 tutumlu olurken, karar alabilmeli, ekiple \u00e7al\u0131\u015fmal\u0131, do\u011fru kararlar\u0131 alabilme birikimine sahip olmal\u0131, h\u00fcr olmal\u0131, at\u0131lgan ve cesur olmal\u0131d\u0131r.<\/p>\n<p>Lider M\u00fccadelenin i\u00e7inden ge\u00e7mi\u015f olmal\u0131d\u0131r. Yenilgi ve yengi g\u00f6rm\u00fc\u015f olmal\u0131d\u0131r. Topluma kar\u015f\u0131 c\u00f6mert olmas\u0131 ise \u015fartt\u0131r. Bu c\u00f6mertlik insanlara g\u00f6rev verirken de ortaya \u00e7\u0131kar. K\u00fc\u00e7\u00fck i\u015fleri beceremeyen b\u00fcy\u00fck i\u015fte t\u00f6kezler. Liderin \u00f6nemli \u00f6devlerinden biri b\u00fcy\u00fck hedefi belirlemek ve i\u015flerin gidi\u015fini kontrol etmektir.<\/p>\n<p>Bu dernek \u00e7al\u0131\u015fmalar\u0131ndan bakanl\u0131k ve kurum y\u00f6netimine kadar b\u00f6yledir. <strong>Liderin sab\u0131rl\u0131, d\u00fcr\u00fcst ve ahlakl\u0131 olmas\u0131 \u015fartt\u0131r. <\/strong><\/p>\n<p>Kooperatif\u00e7ili\u011fin ilk d\u00f6nemlerinde Bulgaristan T\u00fcrkleri tar\u0131m i\u015flerinde ekip halinde \u00e7al\u0131\u015fmay\u0131 ve ekip liderli\u011fini benimsemi\u015f ve aksatmadan uygulam\u0131\u015ft\u0131. Totaliter d\u00f6nemde, kom\u00fcnist partisi her i\u015fe el at\u0131p, her i\u015fe m\u00fcdahale etmeye ba\u015flay\u0131nca, ekip liderleri kukla oldu oynat\u0131ld\u0131 ve ortak \u00e7al\u0131\u015fma d\u00fczeni bozuldu.<\/p>\n<p><strong>Bulgaristan T\u00fcrk k\u00fclt\u00fcr\u00fcnde liderlere do\u011fal olarak h\u00fcrmet edilir.<\/strong> Liderlerin vatanda\u015flarla samimiyetine \u00f6nem verilir. \u00d6rnek al\u0131nan namus ve d\u00fcr\u00fcstl\u00fckt\u00fcr. T\u00fcrkler i\u00e7in; g\u00f6ky\u00fcz\u00fcnde Allah, Yery\u00fcz\u00fcnde Lider vard\u0131r.<\/p><div id=\"bghab-3907309451\" class=\"bghab-icerik-icine-60-paragraf bghab-entity-placement\"><script async src=\"\/\/pagead2.googlesyndication.com\/pagead\/js\/adsbygoogle.js?client=ca-pub-6203283170189293\" crossorigin=\"anonymous\"><\/script><ins class=\"adsbygoogle\" style=\"display:block; text-align:center;\" data-ad-client=\"ca-pub-6203283170189293\" \ndata-ad-slot=\"7303146466\" \ndata-ad-layout=\"in-article\"\ndata-ad-format=\"fluid\" data-full-width-responsive=\"true\"><\/ins>\n<script> \n(adsbygoogle = window.adsbygoogle || []).push({}); \n<\/script>\n<\/div>\n<p>(Peygamber) derdi ki; Allah diyor ki, \u201cbenim bir ordum vard\u0131r; onlar\u0131 T\u00fcrk diye adland\u0131rd\u0131m ve Do\u011fuya yerle\u015ftirdim. Bir kavme k\u0131zd\u0131\u011f\u0131m zaman onlar\u0131 (T\u00fcrkleri) ba\u015f\u0131na musallat ederim\u201d Bu di\u011fer b\u00fct\u00fcn insanlara kar\u015f\u0131, onlar i\u00e7in bir \u00fcst\u00fcnl\u00fckt\u00fcr. \u00c7\u00fcnk\u00fc onlar\u0131n ad\u0131n\u0131 bizat O vermi\u015f; Onlar\u0131 en y\u00fcce ve yery\u00fcz\u00fcnde havas\u0131 eg g\u00fczel yere yerle\u015ftirmi\u015f; onlar\u0131 kendi ordusu olarak adland\u0131rm\u0131\u015ft\u0131r.<\/p>\n<p>&nbsp;<\/p>\n<p>Bulgaristan\u2019da 1973 y\u0131l\u0131ndan sonra, s\u00f6zde se\u00e7me, asl\u0131nda atanan liderler devri ba\u015flad\u0131. Alicenap, yard\u0131msever olan Bulgaristan T\u00fcrklerinin do\u011fal al\u0131\u015fkanl\u0131klar\u0131nda, emir verilmese bile i\u015flerin, \u00f6devlerin, etkinliklerin geleneklerimize uygun zaman\u0131nda yap\u0131lmas\u0131, her i\u015fte me\u00e7i, imece, para pul aramadan yard\u0131mla\u015fma al\u0131\u015fkanl\u0131\u011f\u0131 vard\u0131r. <strong>Liderlik ortak iyi niyet ve karde\u015flik ruhunu olu\u015fturand\u0131.<\/strong> \u00a0Her \u015feyin ince hesab\u0131 sorulmaz kar\u015f\u0131l\u0131kl\u0131 yard\u0131mla\u015fma anlay\u0131\u015f\u0131m\u0131z\u0131n temelinde oland\u0131.<\/p>\n<p><strong>Bu geleneklerimiz totaliter d\u00f6nemde bozuldu. <\/strong><\/p>\n<p>Parti, devlet ve Vatan Cephesi, Komsomol gibi toplumsal kurulu\u015f ve \u00f6rg\u00fctlerin aras\u0131z bask\u0131s\u0131 huzur ve s\u00fck\u00fbn diye bir \u015fey b\u0131rakmad\u0131, \u00e7al\u0131p kapma, r\u00fc\u015fvet, doland\u0131r\u0131c\u0131l\u0131k, m\u00fczevirlik, muhbirlik, ihbar etme ve tuzak kurma gibi pis i\u015fler araya girdi\u011finde, al\u0131\u015f\u0131lagelen d\u00fczenimiz bozuldu. Hain A.Do\u011fan tuza\u011f\u0131 ise g\u00f6n\u00fcl k\u0131rd\u0131, vicdan\u0131m\u0131z\u0131 yaralad\u0131. Onun DS gibi bir gizli polis kurumu taraf\u0131ndan idare edilir olmas\u0131 ise hepimizi yaralad\u0131.<\/p><div id=\"bghab-1000008449\" class=\"bghab-icerik-icine-65-paragraf bghab-entity-placement\"><script async src=\"\/\/pagead2.googlesyndication.com\/pagead\/js\/adsbygoogle.js?client=ca-pub-6203283170189293\" crossorigin=\"anonymous\"><\/script><ins class=\"adsbygoogle\" style=\"display:block; text-align:center;\" data-ad-client=\"ca-pub-6203283170189293\" \ndata-ad-slot=\"7303146466\" \ndata-ad-layout=\"in-article\"\ndata-ad-format=\"fluid\" data-full-width-responsive=\"true\"><\/ins>\n<script> \n(adsbygoogle = window.adsbygoogle || []).push({}); \n<\/script>\n<\/div>\n<p>\u0130\u015fte b\u00f6yle bir ortamda, 1990 y\u0131l\u0131n\u0131n sert k\u0131\u015f g\u00fcnlerinden birinde Bulgaristan M\u00fcsl\u00fcmanlar\u0131n\u0131n \u00f6n\u00fcne s\u00f6zde yaln\u0131z gelece\u011fi ayd\u0131nlatan B\u00fcy\u00fck bir \u0131\u015f\u0131k yak\u0131ld\u0131. Bu lambay\u0131 tutan ki\u015fi Ahmet Do\u011fan\u2019d\u0131. Y\u0131llarca Bulgaristan M\u00fcsl\u00fcmanlar\u0131na tuzak kurma oyunlar\u0131nda zek\u00e2s\u0131 k\u00f6relmi\u015f, akl\u0131 kirlenip mantarlam\u0131\u015f bu gen\u00e7,\u00a0 gizemli bir tav\u0131rla, \u0131\u015f\u0131\u011f\u0131 h\u0131zland\u0131rarak, yalan dolan vaatlerle halk\u0131n g\u00f6z\u00fcn\u00fc k\u00f6r edip hepimizi dipsiz bir kuyunun karanl\u0131\u011f\u0131na itmeye \u00e7al\u0131\u015ft\u0131.<\/p>\n<p>M\u00fcsl\u00fcman toplulu\u011fumuzun kendi yeti\u015ftirdi\u011fi \u00f6nc\u00fcleri ac\u0131mas\u0131zca ihmal ede ede hak ve \u00f6zg\u00fcrl\u00fck davam\u0131zdan uzakla\u015ft\u0131r\u0131rken, tamamen sahte, kendisine ba\u011f\u0131l\u0131, g\u00f6n\u00fcll\u00fc k\u00f6le, dalkavukluk edenleri etraf\u0131na toplad\u0131, besledi, besliyor.<\/p>\n<p>Erdem ve c\u00f6mert olan insanlar\u0131m\u0131z\u0131n davam\u0131zdan uzakla\u015ft\u0131r\u0131lmas\u0131 halk\u0131m\u0131za uyan\u0131\u015f penceresi a\u00e7t\u0131.<\/p>\n<p>2014\u2019ten ba\u015flayarak insanlar\u0131m\u0131z sahte hak ve \u00f6zg\u00fcrl\u00fck kovan\u0131na kapand\u0131klar\u0131n\u0131 fark ettiler. Yolunu bulup sand\u0131ktan \u00e7\u0131kmaya, ka\u00e7maya ba\u015flad\u0131lar. Yollar\u0131n\u0131 kes, hepsini topla ve geri getir \u00f6deviyle H\u00d6H Genel Sekreterli\u011finden at\u0131lan \u015fimdiki DOST Genel Ba\u015fkan\u0131 L\u00fctfi Mestan ise, o zaman yalanc\u0131- sa\u011f liberal s\u00fcrg\u00fc salland\u0131rd\u0131.<\/p>\n<p>M\u00fcsl\u00fcman T\u00fcrk toplulu\u011fumuz t\u00fcm bunlar\u0131n G\u00d6K KUBBEM\u0130Z\u0130 ufaltmak, umutlar\u0131m\u0131z\u0131 k\u0131rmak, bizi dilsiz, dinsiz ve vatans\u0131z b\u0131rakmak i\u00e7in yap\u0131ld\u0131\u011f\u0131n\u0131n art\u0131k bilincine vard\u0131.<\/p>\n<p>Yeni liderimizi taht\u0131nda bekleyen halk\u0131m\u0131zd\u0131r.<\/p>\n<p>Okuyun ve okutun.<\/p>\n<p>Dostlarla Payla\u015fmay\u0131 unutmay\u0131n\u0131z.<\/p>\n<div id=\"bghab-1307100649\" class=\"bghab-yazi-altinda bghab-entity-placement\"><div class=\"bghab-adlabel\">Reklamlar<\/div><script async src=\"https:\/\/pagead2.googlesyndication.com\/pagead\/js\/adsbygoogle.js\"><\/script>\r\n<!-- bghaber-yaz\u0131-sonu -->\r\n<ins class=\"adsbygoogle\"\r\n     style=\"display:block\"\r\n     data-ad-client=\"ca-pub-6203283170189293\"\r\n     data-ad-slot=\"4222328180\"\r\n     data-ad-format=\"auto\"\r\n     data-full-width-responsive=\"true\"><\/ins>\r\n<script>\r\n     (adsbygoogle = window.adsbygoogle || []).push({});\r\n<\/script><\/div><br style=\"clear: both; display: block; float: none;\"\/>","protected":false},"excerpt":{"rendered":"<p>Tarih:\u00a0 29 A\u011fustos 2018 Yazan: Rafet ULUT\u00dcRK &nbsp; Konu:\u00a0\u00a0 H\u00fcr, Zeki ve d\u00fcr\u00fcst bir lider bekliyoruz. Biz Bulgaristanl\u0131 T\u00fcrkler kendi G\u00d6K KUBBEM\u0130Z oldu\u011funa inan\u0131r\u0131z. Yerli<\/p>\n","protected":false},"author":13,"featured_media":32170,"comment_status":"closed","ping_status":"closed","sticky":false,"template":"","format":"standard","meta":{"advanced_seo_description":"","jetpack_seo_html_title":"","jetpack_seo_noindex":false,"_jetpack_memberships_contains_paid_content":false,"footnotes":""},"categories":[6],"tags":[],"class_list":["post-32169","post","type-post","status-publish","format-standard","has-post-thumbnail","hentry","category-yorum"],"jetpack_featured_media_url":"https:\/\/i0.wp.com\/www.bghaber.org\/bghaber\/wp-content\/uploads\/2018\/08\/rafet-kyzrl.jpg?fit=173%2C211&ssl=1","jetpack_sharing_enabled":true,"jetpack_likes_enabled":true,"jetpack-related-posts":[],"jetpack_shortlink":"https:\/\/wp.me\/pc2PfJ-8mR","_links":{"self":[{"href":"https:\/\/www.bghaber.org\/bghaber\/wp-json\/wp\/v2\/posts\/32169","targetHints":{"allow":["GET"]}}],"collection":[{"href":"https:\/\/www.bghaber.org\/bghaber\/wp-json\/wp\/v2\/posts"}],"about":[{"href":"https:\/\/www.bghaber.org\/bghaber\/wp-json\/wp\/v2\/types\/post"}],"author":[{"embeddable":true,"href":"https:\/\/www.bghaber.org\/bghaber\/wp-json\/wp\/v2\/users\/13"}],"replies":[{"embeddable":true,"href":"https:\/\/www.bghaber.org\/bghaber\/wp-json\/wp\/v2\/comments?post=32169"}],"version-history":[{"count":0,"href":"https:\/\/www.bghaber.org\/bghaber\/wp-json\/wp\/v2\/posts\/32169\/revisions"}],"wp:featuredmedia":[{"embeddable":true,"href":"https:\/\/www.bghaber.org\/bghaber\/wp-json\/wp\/v2\/media\/32170"}],"wp:attachment":[{"href":"https:\/\/www.bghaber.org\/bghaber\/wp-json\/wp\/v2\/media?parent=32169"}],"wp:term":[{"taxonomy":"category","embeddable":true,"href":"https:\/\/www.bghaber.org\/bghaber\/wp-json\/wp\/v2\/categories?post=32169"},{"taxonomy":"post_tag","embeddable":true,"href":"https:\/\/www.bghaber.org\/bghaber\/wp-json\/wp\/v2\/tags?post=32169"}],"curies":[{"name":"wp","href":"https:\/\/api.w.org\/{rel}","templated":true}]}}