{"id":32165,"date":"2018-08-28T19:22:20","date_gmt":"2018-08-28T16:22:20","guid":{"rendered":"http:\/\/www.bghaber.org\/bghaber\/?p=32165"},"modified":"2018-08-28T19:22:20","modified_gmt":"2018-08-28T16:22:20","slug":"ahir-yemligi","status":"publish","type":"post","link":"https:\/\/www.bghaber.org\/bghaber\/ahir-yemligi\/","title":{"rendered":"Ah\u0131r Yemli\u011fi"},"content":{"rendered":"<p>Tarih: 28 A\u011fustos 2018<\/p>\n<p>Yazan:\u00a0 Dr. Nedim Birinci<\/p>\n<p>Konu: <strong>Baz\u0131 i\u015fler b\u00fct\u00fcn s\u0131n\u0131rlar\u0131 a\u015ft\u0131 ve vicdan meselesi oldu.<\/strong><strong>\u00a0 \u00a0 \u00a0 \u00a0 \u00a0 \u00a0 \u00a0 \u00a0 \u00a0<\/strong><\/p>\n<p>25 A\u011fustos 2018 tarihinde Sofya iline ba\u011fl\u0131 Svoge Belediyesi yolunda feci bir kaza oldu. Otob\u00fcs dereye devrildi. 17 vatanda\u015f hayat\u0131ndan oldu. B\u00fcy\u00fck say\u0131da yaral\u0131 Sofya hastanelerinde tedavi g\u00f6r\u00fcyor.<\/p>\n<p>Trajik olay Bulgaristan\u2019\u0131 sarst\u0131. 23 milyon levaya yap\u0131lan onar\u0131mdan sonra 53 km h\u0131zla giden otob\u00fcs yoldan kaym\u0131\u015ft\u0131. Onar\u0131m \u00e7al\u0131\u015fmalar\u0131n\u0131 \u201c<strong>Treys Grup Hold AD<\/strong>\u201d adl\u0131 bir \u015firket yapm\u0131\u015ft\u0131. \u0130\u015flerin kalitesi de, Bulgaristan\u2019da lise bitiren soyda\u015flar\u0131m\u0131z ve oradaki karde\u015flerimizin ak\u0131llar\u0131na ad\u0131 \u201c<strong>Ayr\u0131l\u0131k Zaman\u0131<\/strong>\u201d roman\u0131yla zorla kaz\u0131nan akademisyen, yazar, 85 ya\u015f\u0131ndaki Anton Don\u00e7ev denetlemi\u015fti.<\/p><div id=\"bghab-1664140011\" class=\"bghab-icerik-icine bghab-entity-placement\"><script async src=\"\/\/pagead2.googlesyndication.com\/pagead\/js\/adsbygoogle.js?client=ca-pub-6203283170189293\" crossorigin=\"anonymous\"><\/script><ins class=\"adsbygoogle\" style=\"display:block; text-align:center;\" data-ad-client=\"ca-pub-6203283170189293\" \ndata-ad-slot=\"7303146466\" \ndata-ad-layout=\"in-article\"\ndata-ad-format=\"fluid\" data-full-width-responsive=\"true\"><\/ins>\n<script> \n(adsbygoogle = window.adsbygoogle || []).push({}); \n<\/script>\n<\/div>\n<p>Don\u00e7ev, totalitarizm zaman\u0131 \u00fcn\u00fcyle esip savrulan bir yazar. \u00a0Bulgaristan\u2019\u0131n b\u00fcy\u00fck yol in\u015faat\u0131 \u015firketlerinden olan \u201c<strong>Treys HOL AD<\/strong>\u201d de \u00e7ok y\u00fcksek maa\u015fla\u00a0 &#8211; \u2018\u00e7al\u0131\u015fan\u2019 \u2013 y\u00f6neticilerden biri olarak g\u00f6z\u00fck\u00fcyor. Onu \u015fimdiye kadar yol yap\u0131m alan\u0131nda, asfalt, kum, \u00e7ak\u0131l ve beton \u015fantiyesinde g\u00f6ren yok.<\/p>\n<p>An. Don\u00e7ev, Bulgaristan Kom\u00fcnist Partisi (BKP) Bulgaristan\u2019daki M\u00fcsl\u00fcman Pomak ve T\u00fcrklerin isimlerinin ve T\u00fcrk kimliklerinin de\u011fi\u015ftirilmesi haz\u0131rl\u0131klar\u0131 i\u00e7inde \u00e7ok \u00f6nemli bir halka olu\u015fturdu. Yazar, 1964 y\u0131l\u0131nda \u00e7\u0131kan \u201c<strong>Ayr\u0131l\u0131k Zaman\u0131<\/strong>\u201d tarihsel roman\u0131nda, s\u00f6zde\u00a0 \u201c<strong>XVII. y\u00fczy\u0131lda Rodoplarda ya\u015fayan H\u0131ristiyan Bulgar n\u00fcfusun 41 g\u00fcn i\u00e7inde \u0130slam dinini kanl\u0131 bir k\u0131y\u0131mla kabul etmeye zorland\u0131\u011f\u0131n\u0131<\/strong>\u201d \u00a0anlatt\u0131. Daha sonra bir\u00e7ok Bulgar tarih\u00e7i ve belgesel romanc\u0131n\u0131n da yazd\u0131\u011f\u0131na g\u00f6re, ba\u015ftan sona uydurma olan Don\u00e7ev\u2019in eseri, daha 1964\u2019te Bat\u0131 Rodoplar\u0131n Avramovo merkez k\u00f6y\u00fcne yap\u0131lan asker ve milis sald\u0131r\u0131s\u0131na ve silah g\u00fcc\u00fcyle isim ve din de\u011fi\u015ftirip Hristiyanla\u015ft\u0131rma ve Bulgarla\u015ft\u0131rma kampanyas\u0131nda ideolojik temel olarak kullan\u0131ld\u0131. 1972-1973 y\u0131llar\u0131nda Nevrekop Belediyesi\u2019nin (Gotse Del\u00e7ev) Kornitsa k\u00f6y\u00fc merkezli isim ve din de\u011fi\u015ftirme \u201c<strong>haz\u0131rl\u0131klar\u0131nda<\/strong>\u201d halka yap\u0131lan bask\u0131larda da yo\u011fun kullan\u0131ld\u0131. 1984-1989 d\u00f6neminde s\u00f6z\u00fcm ona \u201c<strong>soya d\u00f6n\u00fc\u015f<\/strong>\u201d trajik-\u00e7\u0131lg\u0131nl\u0131\u011f\u0131nda da alabildi\u011fine g\u00fcndem oldu. Roman \u00f6\u011frencilere bedava da\u011f\u0131t\u0131ld\u0131. Toplu okuma ve m\u00fczakereler d\u00fczenlendi. Yazar karma b\u00f6lgelerdeki t\u00fcm okullar\u0131 ziyaret etti. Her s\u0131n\u0131fa girdi. Edebiyat ve tarih s\u0131navlar\u0131nda hep \u201c<strong>Ayr\u0131l\u0131k Zaman\u0131<\/strong>\u201d \u00e7\u0131kt\u0131.\u00a0 \u00a0Bu eser tefrika halinde radyolarda okundu, her k\u00fclt\u00fcrel etkinlikte piyes oldu. Yaram\u0131z\u0131n en fazla azd\u0131\u011f\u0131 1987\u2019de, bu uyduruk yap\u0131t filmle\u015ftirildi. \u201c<strong>Tehlike<\/strong>\u201d ve \u201c<strong>\u015eiddet<\/strong>\u201d filmleri M\u00fcsl\u00fcmanlar\u0131n yatt\u0131\u011f\u0131 b\u00fct\u00fcn hapishane ve toplama kamplar\u0131nda defalarca g\u00f6sterildi. T\u00fcrk b\u00f6lgelerinde zavall\u0131 insanlar \u201c<strong>K\u00fclt\u00fcr Evlerine<\/strong>\u201d ve sinema salonlar\u0131na zorla toplanarak, yaralar\u0131na tuz d\u00f6k\u00fcle d\u00f6k\u00fcle bu uydurma diziyi seyretmeye zorland\u0131. T\u00fcrklerin olmam\u0131\u015f \u201c<strong>k\u00f6t\u00fcl\u00fckleri<\/strong>\u201d ayyuka \u00e7\u0131kar\u0131ld\u0131. Tarihimizden utan\u0131r duruma geldik. Bulgarlarla y\u00fcz y\u00fcze bakamaz olduk\u2026 Onlar bize tarih \u00f6n\u00fcnde su\u00e7lu olarak bakmaya ba\u015flad\u0131lar ve devlet bu e\u011flimi An. Don\u00e7ev gibi sahtekarlar\u0131n yalanlar\u0131yla k\u0131\u015fk\u0131rtarak destekledi.<\/p>\n<p>Totaliter rejimin bu sahte oyunu o zaman ABD \u201c<strong>Gelin Irving Stone<\/strong>\u201d vakf\u0131ca destelenmi\u015fti. Don\u00e7ev\u2019in uydurmalar\u0131 bir\u00e7ok dile \u00e7evrildi ve b\u00fcy\u00fck say\u0131da bas\u0131ld\u0131. \u00a0Bulgar tarihinin en i\u011fren\u00e7, y\u00fczkaras\u0131 ve utan\u00e7 veren y\u0131llar\u0131nda kundaklanan trajedi y\u00fczlerce M\u00fcsl\u00fcman karde\u015fimizin can\u0131n\u0131 ald\u0131. Binlerce evlad\u0131m\u0131z \u00f6ks\u00fcz kald\u0131, aileler par\u00e7aland\u0131, vatan\u0131m\u0131zdan kovulduk ve hen\u00fcz hi\u00e7bir su\u00e7lu, An. Don\u00e7ev de bu listede tutuklan\u0131p sorgulanmad\u0131, b\u00fcy\u00fck say\u0131da yurtta\u015f\u0131n \u00f6l\u00fcm\u00fcnden, s\u00fcrg\u00fcn \u00e7ilesinden, yarg\u0131s\u0131z infaz\u0131ndan, Bulgaristan halk\u0131n\u0131 par\u00e7alama ve birbirine d\u00fc\u015f\u00fcrme su\u00e7undan yarg\u0131lan\u0131p i\u00e7eri at\u0131lmad\u0131. Oysa 30 y\u0131d\u0131r adalet diyoruz\u2026<\/p>\n<p>Bulgar ayd\u0131nlar\u0131n \u00f6nemli bir k\u0131sm\u0131, bu sahte yap\u0131t\u0131n, BKP taraf\u0131ndan sipari\u015f edildi\u011fini, 1960\u2019larda M\u00fcsl\u00fcman az\u0131nl\u0131\u011f\u0131 hedef alan bask\u0131 ve ter\u00f6rle T\u00fcrk-M\u00fcsl\u00fcman kimli\u011fini de\u011fi\u015ftirme trajedisinde ara\u00e7 olarak kullan\u0131ld\u0131\u011f\u0131n\u0131 fark ettiler. G\u00fcndemden d\u00fc\u015f\u00fcr\u00fclmeyen bu tart\u0131\u015fmada, yazar Don\u00e7ev ger\u00e7ekleri reddederken, ele\u015ftirmenler tarihsel ger\u00e7e\u011fin \u00e7arp\u0131t\u0131ld\u0131\u011f\u0131n\u0131 yazmaya devam ettiler. Bu arada Don\u00e7ev, totaliter diktat\u00f6r T. Jivkov d\u00f6neminde 3 defa Nobel \u00d6d\u00fcl\u00fc i\u00e7in \u00f6nerildi, fakat Stockholm Komitesi kabul etmedi. Roman\u0131n sahte oldu\u011fu a\u011f\u0131r bast\u0131\u011f\u0131 i\u00e7in Don\u00e7ev, Bulgaristan\u2019da da \u00f6d\u00fcl alamad\u0131.<\/p>\n<p>Ne ki, zaman de\u011fi\u015fti. 1913\u2019te Bat\u0131 Rodoplar\u2019da 250 bin Pomak M\u00fcsl\u00fcman\u0131n ad\u0131n\u0131 ve dinini zorla de\u011fi\u015ftiren, minarelerini y\u0131k\u0131p camilerini kilise yapan \u00c7ar Ferdinand\u2019\u0131n torunu, 1934 askeri darbecileriyle el ele verip \u201c<strong>Rodina<\/strong>\u201d fa\u015fist kimlik de\u011fi\u015ftirme \u00f6rg\u00fct\u00fcn\u00fc kurdurup Pomak Kimli\u011fini de\u011fi\u015ftirmeye devam eden ve hatta 1942\u2019de \u00f6zel bir yasa \u00e7\u0131kartarak bu vah\u015feti yasalla\u015ft\u0131ran \u00c7ar III. Boris\u2019in o\u011flu II. Semeyon Saks Koburg Gotski 50 y\u0131ldan sonra Bulgaristan\u2019a d\u00f6nd\u00fc.<\/p><div id=\"bghab-4074493884\" class=\"bghab-icerik-icine-10-paragraf bghab-entity-placement\"><script async src=\"\/\/pagead2.googlesyndication.com\/pagead\/js\/adsbygoogle.js?client=ca-pub-6203283170189293\" crossorigin=\"anonymous\"><\/script><ins class=\"adsbygoogle\" style=\"display:block; text-align:center;\" data-ad-client=\"ca-pub-6203283170189293\" \ndata-ad-slot=\"7303146466\" \ndata-ad-layout=\"in-article\"\ndata-ad-format=\"fluid\" data-full-width-responsive=\"true\"><\/ins>\n<script> \n(adsbygoogle = window.adsbygoogle || []).push({}); \n<\/script>\n<\/div>\n<p>2001\u2019de o\u00a0 Bulgaristan Ba\u015fbakan\u0131 olunca de\u011ferler de de\u011fi\u015fti. Anton Don\u00e7ev\u2019e Sofya \u00dcniversitesi\u2019nin en y\u00fcksek \u00f6d\u00fcl\u00fc verildi. Hi\u00e7bir su\u00e7u olmayan insanlar\u0131n ba\u015f\u0131n\u0131 belaya veren bu sahtek\u00e2r Bulgar Bilimler Akademisine \u00fcye \u00a0oldu. Akademisyen ilan edildi. \u00a03 bin leva emekli maa\u015f\u0131na ba\u011fland\u0131. Bu da yetmezmi\u015f gibi \u201c<strong>Treys<\/strong>\u201d yol yap\u0131m \u015firketinde ba\u015f denetleyici olarak ek y\u00fcksek maa\u015fa ba\u011fland\u0131. Yani totaliter kom\u00fcnizme hizmetlerinin \u00f6d\u00fcl\u00fc olarak H\u00dcK\u00dcMET\u0130N AHIR YEML\u0130\u011e\u0130NE \u00e7ekildi. Ya\u015f\u0131n\u0131n ilerlemesi buna engel olmad\u0131.<\/p>\n<ol>\n<li>Simeyon h\u00fck\u00fcmetinde Hak ve \u00d6zg\u00fcrl\u00fckler Partisi (DPS) olmasayd\u0131 bu ger\u00e7ek biz M\u00fcsl\u00fcmanlara bu kadar ac\u0131 vermeye bilirdi. Kabinedeki bakanlar\u0131m\u0131z sustu. Ahmet Do\u011fan viski kadehini bir daha doldurdu. L\u00fctfi Mestan ne olup bitti\u011fini zaten fark edecek durumda de\u011fildi. Ard\u0131ndan kurulan \u00fc\u00e7l\u00fc koalisyonda (2005) Emel Etem, k\u00fclt\u00fcr i\u015flerinden de sorumlu Ba\u015fbakan Yard\u0131mc\u0131s\u0131 oldu. Sustu. Daha sonraki h\u00fck\u00fcmetlerde Vejdi Ra\u015fidov 2 defa K\u00fclt\u00fcr Bakan\u0131 oldu, surat\u0131n\u0131n rengini sakal\u0131n\u0131n ard\u0131na gizlemeye devam etti. Tarihimizi ate\u015fe veren, y\u00fcz\u00fcm\u00fcze t\u00fck\u00fcren, binlercemizin anlatmaya dil varmaz \u00e7ekisine neden olan, y\u00fczbinlerimizin ata oca\u011f\u0131n\u0131 zorla s\u00f6kt\u00fcren, mezarl\u0131klar\u0131m\u0131z\u0131 tarla yapt\u0131ran bu AHIR YEML\u0130\u011e\u0130 HAZIRONCUSUNA 2 \u00e7ift s\u00f6z s\u00f6ylemediler. Beklenen s\u00f6zleri DOST lideri ge\u00e7inen L\u00fctf\u00fc Mestan\u2019a da s\u00f6ylemedi. T\u00fcrk partisi iktidar orta\u011f\u0131 olunca T\u00fcrk d\u00fc\u015fmanlar\u0131n\u0131n y\u00fcz\u00fc g\u00fcld\u00fc. An. Don\u00e7ev onlardan yaln\u0131zca biri\u2026<\/li>\n<\/ol>\n<p>\u015eimdi, Svoge yolu kazas\u0131nda 17 kurban &#8211; TOTAL\u0130TAR\u0130ZM TEST\u0130LER\u0130NDEN B\u0130R\u0130N\u0130 DAHA KIRDI. Ortaya \u00e7\u0131kan bir ger\u00e7ek daha t\u00fcylerimizi diken diken etti. Akademisyen Anton Don\u00e7ev 6 Kas\u0131m 2016\u2019da yap\u0131lan Cumhurba\u015fkanl\u0131\u011f\u0131 se\u00e7iminde bug\u00fcnk\u00fc Cumhurba\u015fkan\u0131 Rumen Radev\u2019i aday g\u00f6steren komitenin \u00fcyelerinden biriymi\u015f. T\u00f6vbe t\u00f6vbe\u2026 H\u00d6H partisi \u00fcyeleri onunla birlikte k\u00f6k\u00fcm\u00fcze kibrit suyu d\u00f6ken bu adayla birlikte ve onun g\u00f6sterdi\u011fi adaya oy verdiler. Uyan\u0131n! Yeter aldat\u0131ld\u0131\u011f\u0131m\u0131z! Eski karanl\u0131k y\u0131k\u0131ls\u0131n demek istiyorum! Asl\u0131nda onu bunu se\u00e7memiz \u00f6nemli de\u011fil. Se\u00e7ilenlere totalitarizm kazan\u0131n\u0131 kaynatmak i\u00e7in kazan alt\u0131na at\u0131lan odunlar olarak bak\u0131yorum\u2026 En b\u00fcy\u00fck d\u00fc\u015fmanlar\u0131m\u0131z taraf\u0131ndan aldat\u0131lmaya devam edilmi\u015fiz, fark\u0131na bile varamam\u0131\u015f\u0131z. Ne g\u00fcnler!. Bu sorunlar art\u0131k parti, ideoloji, hesap kitap sorunu de\u011fil, V\u0130CDAN sorunu oldu. Acaba An. Don\u00e7ev rahat uyuyabiliyor mu? Mezar ta\u015f\u0131n\u0131n arkas\u0131na katil Anton Don\u00e7ev yaz\u0131lacak m\u0131!<\/p>\n<p><strong>Sonu\u00e7<\/strong>: Bizde totaliter kom\u00fcnist rejim i\u015fte b\u00f6yle ya\u015f\u0131yor\u2026<\/p>\n<p><strong>Ek<\/strong>: Son yaz\u0131mda, XX. Y\u00fczy\u0131l Bulgar tarihinde en b\u00fcy\u00fck cinayet, katliam ve di\u011fer kanl\u0131 su\u00e7lar\u0131n, bug\u00fcnk\u00fc Sofya h\u00fck\u00fcmetinde Ba\u015fbakan Yard\u0131mc\u0131s\u0131 koltu\u011funda oturan Krasimir Karaka\u00e7anov ve yama\u011f\u0131, AB parlamentosu milletvekili Angel Cambazki taraf\u0131ndan y\u00f6netilen \u0130\u00e7 Makedon Devrim Hareketi VMRO taraf\u0131ndan i\u015flendi\u011fini kan\u0131tlarla anlatm\u0131\u015ft\u0131m.<\/p>\n<p>1923 y\u0131l\u0131nda Ba\u015fbakan Aleksand\u0131r Stanboliyski h\u00fck\u00fcmetinde \u0130\u00e7 \u0130\u015fleri bakan\u0131 olan Ray\u00e7o Daskolov hakk\u0131nda \u00f6l\u00fcm cezas\u0131 veren VMRO ter\u00f6r \u00f6rg\u00fct\u00fc y\u00f6netimi, Ba\u015fbakan Stanboliyski\u2019nin katledilmesinden 3 ay sonra, Prag\u2019ta Bulgaristan B\u00fcy\u00fckel\u00e7isi, diplomat R. Daskolov\u2019u da 2 kur\u015funla \u00f6ld\u00fcrd\u00fc. Katil, VMRO aktif \u00fcyesi infazc\u0131 Yordan Tsitsonkov VMRO karar\u0131n\u0131 yerine getirdi\u011fini, Prag mahkemesinde itiraf etti. \u201cVMRO infazc\u0131s\u0131y\u0131m\u201d dedi.<\/p><div id=\"bghab-3121134440\" class=\"bghab-icerik-icine-15-paragraf bghab-entity-placement\"><script async src=\"\/\/pagead2.googlesyndication.com\/pagead\/js\/adsbygoogle.js?client=ca-pub-6203283170189293\" crossorigin=\"anonymous\"><\/script><ins class=\"adsbygoogle\" style=\"display:block; text-align:center;\" data-ad-client=\"ca-pub-6203283170189293\" \ndata-ad-slot=\"7303146466\" \ndata-ad-layout=\"in-article\"\ndata-ad-format=\"fluid\" data-full-width-responsive=\"true\"><\/ins>\n<script> \n(adsbygoogle = window.adsbygoogle || []).push({}); \n<\/script>\n<\/div>\n<p>Bu katliamlar\u0131n say\u0131s\u0131 \u00e7ok b\u00fcy\u00fck! Katillerin devamc\u0131lar\u0131 bug\u00fcn Sofya h\u00fck\u00fcmetindedir. Avrupa Konseyi \u00f6zel bir kararla kendilerine \u201c<strong>fa\u015fist<\/strong>\u201d dedi, ama o kadar. Cumhurba\u015fkan\u0131 Jel\u00fc Jelev de \u201c<strong>Fa\u015fizm<\/strong>\u201d kitab\u0131n\u0131 yazd\u0131 ve bu ger\u00e7eklere i\u015faret etti, ama yine o kadar. Fa\u015fistlerin, totalitercilerin ve VMRO-cular\u0131n ve hatta H\u00d6H y\u00f6netiminin en b\u00fcy\u00fck ba\u015far\u0131s\u0131 ise bizim Kimli\u011fimize, dilimize, okullar\u0131m\u0131za, k\u00fclt\u00fcr\u00fcm\u00fcze \u00f6l\u00fcmc\u00fcl sald\u0131r\u0131 oldu. D\u00fc\u015fman atlar\u0131 hep ayn\u0131 yemlikte besleniyor. Fa\u015fistler, ajanlar, katiller hakk\u0131nda al\u0131nan kararlar yerine getirilmiyor. Savc\u0131l\u0131k susuyor. Devlet sa\u011f\u0131r. Ahmet Do\u011fan ise \u00f6zel dolab\u0131nda onlar\u0131n \u201c<strong>Alt\u0131n Y\u0131ld\u0131z\u0131n\u0131<\/strong>\u201d koruyor.\u00a0 Fa\u015fistleri Ah\u0131r Yemli\u011finde beslemeye devam ediyoruz. Uyanal\u0131m karde\u015fler\u2026<\/p>\n<p>Yeni yaz\u0131mda g\u00f6r\u00fc\u015fmek \u00fczere!<\/p>\n<p>L\u00fctfen payla\u015f\u0131n\u0131z.<\/p>\n<div id=\"bghab-4022493825\" class=\"bghab-yazi-altinda bghab-entity-placement\"><div class=\"bghab-adlabel\">Reklamlar<\/div><script async src=\"https:\/\/pagead2.googlesyndication.com\/pagead\/js\/adsbygoogle.js\"><\/script>\r\n<!-- bghaber-yaz\u0131-sonu -->\r\n<ins class=\"adsbygoogle\"\r\n     style=\"display:block\"\r\n     data-ad-client=\"ca-pub-6203283170189293\"\r\n     data-ad-slot=\"4222328180\"\r\n     data-ad-format=\"auto\"\r\n     data-full-width-responsive=\"true\"><\/ins>\r\n<script>\r\n     (adsbygoogle = window.adsbygoogle || []).push({});\r\n<\/script><\/div><br style=\"clear: both; display: block; float: none;\"\/>","protected":false},"excerpt":{"rendered":"<p>Tarih: 28 A\u011fustos 2018 Yazan:\u00a0 Dr. Nedim Birinci Konu: Baz\u0131 i\u015fler b\u00fct\u00fcn s\u0131n\u0131rlar\u0131 a\u015ft\u0131 ve vicdan meselesi oldu.\u00a0 \u00a0 \u00a0 \u00a0 \u00a0 \u00a0 \u00a0 \u00a0<\/p>\n","protected":false},"author":13,"featured_media":8403,"comment_status":"closed","ping_status":"closed","sticky":false,"template":"","format":"standard","meta":{"advanced_seo_description":"","jetpack_seo_html_title":"","jetpack_seo_noindex":false,"_jetpack_memberships_contains_paid_content":false,"footnotes":""},"categories":[6],"tags":[],"class_list":["post-32165","post","type-post","status-publish","format-standard","has-post-thumbnail","hentry","category-yorum"],"jetpack_featured_media_url":"https:\/\/i0.wp.com\/www.bghaber.org\/bghaber\/wp-content\/uploads\/2013\/11\/nedim-birinci.jpg?fit=432%2C552&ssl=1","jetpack_sharing_enabled":true,"jetpack_likes_enabled":true,"jetpack-related-posts":[],"jetpack_shortlink":"https:\/\/wp.me\/pc2PfJ-8mN","_links":{"self":[{"href":"https:\/\/www.bghaber.org\/bghaber\/wp-json\/wp\/v2\/posts\/32165","targetHints":{"allow":["GET"]}}],"collection":[{"href":"https:\/\/www.bghaber.org\/bghaber\/wp-json\/wp\/v2\/posts"}],"about":[{"href":"https:\/\/www.bghaber.org\/bghaber\/wp-json\/wp\/v2\/types\/post"}],"author":[{"embeddable":true,"href":"https:\/\/www.bghaber.org\/bghaber\/wp-json\/wp\/v2\/users\/13"}],"replies":[{"embeddable":true,"href":"https:\/\/www.bghaber.org\/bghaber\/wp-json\/wp\/v2\/comments?post=32165"}],"version-history":[{"count":0,"href":"https:\/\/www.bghaber.org\/bghaber\/wp-json\/wp\/v2\/posts\/32165\/revisions"}],"wp:featuredmedia":[{"embeddable":true,"href":"https:\/\/www.bghaber.org\/bghaber\/wp-json\/wp\/v2\/media\/8403"}],"wp:attachment":[{"href":"https:\/\/www.bghaber.org\/bghaber\/wp-json\/wp\/v2\/media?parent=32165"}],"wp:term":[{"taxonomy":"category","embeddable":true,"href":"https:\/\/www.bghaber.org\/bghaber\/wp-json\/wp\/v2\/categories?post=32165"},{"taxonomy":"post_tag","embeddable":true,"href":"https:\/\/www.bghaber.org\/bghaber\/wp-json\/wp\/v2\/tags?post=32165"}],"curies":[{"name":"wp","href":"https:\/\/api.w.org\/{rel}","templated":true}]}}