{"id":32160,"date":"2018-08-27T22:02:56","date_gmt":"2018-08-27T19:02:56","guid":{"rendered":"http:\/\/www.bghaber.org\/bghaber\/?p=32160"},"modified":"2018-08-27T22:02:56","modified_gmt":"2018-08-27T19:02:56","slug":"rusyanin-balkanlarda-etkisi","status":"publish","type":"post","link":"https:\/\/www.bghaber.org\/bghaber\/rusyanin-balkanlarda-etkisi\/","title":{"rendered":"Rusya\u2019n\u0131n Balkanlar\u2019da etkisi"},"content":{"rendered":"<p><img data-recalc-dims=\"1\" decoding=\"async\" src=\"https:\/\/i0.wp.com\/static.bnr.bg\/gallery\/c3\/c3a00d80cf4d2d8523d5392280cbd916.jpg?w=640\" \/><\/p>\n<p>Balkanlar Rusya\u2019n\u0131n etkisinde bulunuyor mu? Bat\u0131 Balkan \u00fclkelerinin arzulad\u0131\u011f\u0131 Avro- Atlantik \u00fcyeli\u011fi ba\u011flam\u0131nda bu ne anlama geliyor? Yunanistan ile Rusya aras\u0131nda beklenmedik anda \u00e7\u0131kan diplomatik skandal bu sorular\u0131 da beraberinde getirdi. Atina\u2019da h\u00fck\u00fcmet iki Rus diplomat\u0131 s\u0131n\u0131r d\u0131\u015f\u0131 ederken, di\u011fer iki Rusun \u00fclkeye giri\u015fini yasaklad\u0131. S\u00f6z konusu diplomatlar\u0131n Makedonya ile isim sorununda Rusya\u2019n\u0131n Yunanistan\u2019da etkisini artt\u0131rmak i\u00e7in bir\u00e7ok koordineli denemede bulundu\u011fu iddia edildi. Ard\u0131ndan Yunan h\u00fck\u00fcmeti bu karar\u0131 ald\u0131. Zira Makedonya\u2019n\u0131n AB ve NATO yolunu a\u00e7man\u0131n ana \u015fartlar\u0131ndan biri isim sorununu \u00e7\u00f6zen anla\u015fmaya var\u0131lmas\u0131yd\u0131.<\/p>\n<p>Rusya, diplomatik skandal\u0131 sadece Yunanistan\u2019\u0131n icras\u0131 olmayacak kadar \u201ckaba provokasyon\u201d olarak nitelendirdi. Rusya\u2019n\u0131n AB Daimi Temsilcisi Vladimir \u00c7ijov \u201cElbette d\u0131\u015far\u0131dan m\u00fcdahale s\u00f6z konusudur\u201d derken, Rusya D\u0131\u015fi\u015fleri Bakanl\u0131\u011f\u0131 S\u00f6zc\u00fcs\u00fc Mariya Zaharova Yunan su\u00e7lamalar\u0131 i\u00e7in \u201cbo\u015f laf iddialar\u201d ifadesini kulland\u0131. Uzmanlar bu gerilimin ABD\u2019nin b\u00f6lgedeki menfaatlerinden de tetiklendi\u011fi yorumlar\u0131nda bulundu. NATO\u2019nun Balkanlar y\u00f6n\u00fcnde geni\u015flemesi hedeflerine Rusya s\u0131cak g\u00f6zle bakm\u0131yor. Balkanlar\u2019da ve Rusya\u2019daki s\u00fcre\u00e7leri yak\u0131ndan takip eden Washington Atlantik Konseyi dan\u0131\u015fman\u0131 Dimit\u0131r Be\u00e7ev, Rusya\u2019n\u0131n Balkan \u00fclkelerini NATO\u2019ya kabul edilmesine kar\u015f\u0131 direni\u015fini \u201ckonjonkt\u00fcrel\u201d olarak nitelendirdi.<\/p>\n<p><i><img data-recalc-dims=\"1\" decoding=\"async\" src=\"https:\/\/i0.wp.com\/static.bnr.bg\/gallery\/0d\/0db044ba83ecce8701f66485016feb75.jpg?w=640\" alt=\"\u0421\u043d\u0438\u043c\u043a\u0430\" \/>\u201cRusya\u2019n\u0131n bir tak\u0131m stratejik menfaatleri zedelenmedi. Bunlar Rus Federasyonu\u2019nun kom\u015fular\u0131 de\u011fil, Rusya\u2019n\u0131n g\u00fcvenli\u011fi hi\u00e7bir \u015fekilde tehdit edilmiyor. Balkanlar, Ukrayna krizi sayesinde 2013-2014 y\u0131llar\u0131ndan beri Bat\u0131 ile cephele\u015fme arenas\u0131na d\u00f6n\u00fc\u015ft\u00fc. Rusya, NATO ve AB\u2019nin politikas\u0131n\u0131 durdurmak, zorla\u015ft\u0131rmak i\u00e7in elinden gelen her f\u0131rsat\u0131 koval\u0131yor. Bizim b\u00f6lgede ne yaz\u0131k ki, bunun i\u00e7in elveri\u015fli \u015fartlar mevcut. Rusya\u2019n\u0131n bu politikas\u0131n\u0131 s\u0131zd\u0131rmas\u0131 i\u00e7in bir\u00e7ok a\u00e7\u0131k, bir\u00e7ok imkanlar bulunuyor\u201d.<\/i><\/p>\n<p>Dimit\u0131r Be\u00e7ev\u2019e g\u00f6re, Balkanlar i\u00e7in m\u00fccadele jeopolitik de\u011fil, i\u00e7 siyasetle ilgili bir s\u00fcre\u00e7tir.<\/p>\n<p><i>\u201cBu s\u00fcre\u00e7, Bulgaristan\u2019da da mevcut problemlerle ba\u011flant\u0131l\u0131. Demokrasinin ne kadar k\u00f6k sald\u0131\u011f\u0131, yasalar\u0131n \u00fcst\u00fcnl\u00fc\u011f\u00fc ne kadar tesis edildi\u011fi, medyan\u0131n ne kadar serbest ve \u00f6zg\u00fcr oldu\u011fu, sivil toplumum politik \u00e7evreler kar\u015f\u0131s\u0131nda sesini ne kadar y\u00fckseltti\u011fi gibi konular ortadad\u0131r\u201d. \u00a0<\/i><\/p><div id=\"bghab-1322031856\" class=\"bghab-icerik-icine bghab-entity-placement\"><script async src=\"\/\/pagead2.googlesyndication.com\/pagead\/js\/adsbygoogle.js?client=ca-pub-6203283170189293\" crossorigin=\"anonymous\"><\/script><ins class=\"adsbygoogle\" style=\"display:block; text-align:center;\" data-ad-client=\"ca-pub-6203283170189293\" \ndata-ad-slot=\"7303146466\" \ndata-ad-layout=\"in-article\"\ndata-ad-format=\"fluid\" data-full-width-responsive=\"true\"><\/ins>\n<script> \n(adsbygoogle = window.adsbygoogle || []).push({}); \n<\/script>\n<\/div>\n<p>Balkanlar\u2019\u0131 iyi tan\u0131yan ve Rusya\u2019daki s\u00fcre\u00e7leri izleyen diplomat Valentin Radomirski g\u00fcncel durumu farkl\u0131 de\u011ferlendiriyor:<\/p>\n<p><i><img data-recalc-dims=\"1\" loading=\"lazy\" decoding=\"async\" class=\"\" src=\"https:\/\/i0.wp.com\/static.bnr.bg\/gallery\/92\/92b16b1359a9b81964b100f381bb13da.jpg?resize=201%2C153\" alt=\"\u0421\u043d\u0438\u043c\u043a\u0430\" width=\"201\" height=\"153\" \/>\u201cRusya\u2019n\u0131n Balkanlar\u2019a olan menfaatleri eski tarihe dayan\u0131yor. Her zaman olmu\u015ftur ve olacakt\u0131r bu \u00e7\u0131karlar. Ancak bana g\u00f6re Rusya \u015fimdi bu ihtiraslar\u0131n\u0131, di\u011ferlerinin iddia etti\u011fi gibi yo\u011fun olarak uygulayam\u0131yor. Rusya y\u00f6n\u00fcnden tehdit a\u00e7\u0131klamalar\u0131n\u0131n as\u0131ls\u0131z oldu\u011funu d\u00fc\u015f\u00fcn\u00fcyorum\u201d.<\/i><\/p>\n<p>Radomirski s\u00f6zlerine devamla \u015fu g\u00f6r\u00fc\u015f\u00fc payla\u015ft\u0131:<\/p>\n<p><i>\u201cBana g\u00f6re Rusya jeopolitik d\u00fcnya g\u00fcc\u00fcd\u00fcr. Moskova, yeni, \u00e7ok cepheli d\u00fcnya d\u00fczenin \u00fc\u00e7 merkezlerinden biri olacakt\u0131r. Fakat o ekonomik, mali bir c\u00fccedir. Tam bu durum onu i\u00e7e d\u00f6n\u00fck konumda olmaya itiyor\u201d.<\/i><\/p>\n<p>\u00c7eviri: Sevda D\u00fckkanc\u0131<\/p><div id=\"bghab-1825135517\" class=\"bghab-icerik-icine-10-paragraf bghab-entity-placement\"><script async src=\"\/\/pagead2.googlesyndication.com\/pagead\/js\/adsbygoogle.js?client=ca-pub-6203283170189293\" crossorigin=\"anonymous\"><\/script><ins class=\"adsbygoogle\" style=\"display:block; text-align:center;\" data-ad-client=\"ca-pub-6203283170189293\" \ndata-ad-slot=\"7303146466\" \ndata-ad-layout=\"in-article\"\ndata-ad-format=\"fluid\" data-full-width-responsive=\"true\"><\/ins>\n<script> \n(adsbygoogle = window.adsbygoogle || []).push({}); \n<\/script>\n<\/div>\n<div id=\"bghab-1119908943\" class=\"bghab-yazi-altinda bghab-entity-placement\"><div class=\"bghab-adlabel\">Reklamlar<\/div><script async src=\"https:\/\/pagead2.googlesyndication.com\/pagead\/js\/adsbygoogle.js\"><\/script>\r\n<!-- bghaber-yaz\u0131-sonu -->\r\n<ins class=\"adsbygoogle\"\r\n     style=\"display:block\"\r\n     data-ad-client=\"ca-pub-6203283170189293\"\r\n     data-ad-slot=\"4222328180\"\r\n     data-ad-format=\"auto\"\r\n     data-full-width-responsive=\"true\"><\/ins>\r\n<script>\r\n     (adsbygoogle = window.adsbygoogle || []).push({});\r\n<\/script><\/div><br style=\"clear: both; display: block; float: none;\"\/>","protected":false},"excerpt":{"rendered":"<p>Balkanlar Rusya\u2019n\u0131n etkisinde bulunuyor mu? Bat\u0131 Balkan \u00fclkelerinin arzulad\u0131\u011f\u0131 Avro- Atlantik \u00fcyeli\u011fi ba\u011flam\u0131nda bu ne anlama geliyor? Yunanistan ile Rusya aras\u0131nda beklenmedik anda \u00e7\u0131kan diplomatik<\/p>\n","protected":false},"author":13,"featured_media":29625,"comment_status":"closed","ping_status":"closed","sticky":false,"template":"","format":"standard","meta":{"advanced_seo_description":"","jetpack_seo_html_title":"","jetpack_seo_noindex":false,"_jetpack_memberships_contains_paid_content":false,"footnotes":""},"categories":[4],"tags":[],"class_list":["post-32160","post","type-post","status-publish","format-standard","has-post-thumbnail","hentry","category-siyaset"],"jetpack_featured_media_url":"https:\/\/i0.wp.com\/www.bghaber.org\/bghaber\/wp-content\/uploads\/2018\/04\/balkan-haritasi.jpg?fit=800%2C602&ssl=1","jetpack_sharing_enabled":true,"jetpack_likes_enabled":true,"jetpack-related-posts":[],"jetpack_shortlink":"https:\/\/wp.me\/pc2PfJ-8mI","_links":{"self":[{"href":"https:\/\/www.bghaber.org\/bghaber\/wp-json\/wp\/v2\/posts\/32160","targetHints":{"allow":["GET"]}}],"collection":[{"href":"https:\/\/www.bghaber.org\/bghaber\/wp-json\/wp\/v2\/posts"}],"about":[{"href":"https:\/\/www.bghaber.org\/bghaber\/wp-json\/wp\/v2\/types\/post"}],"author":[{"embeddable":true,"href":"https:\/\/www.bghaber.org\/bghaber\/wp-json\/wp\/v2\/users\/13"}],"replies":[{"embeddable":true,"href":"https:\/\/www.bghaber.org\/bghaber\/wp-json\/wp\/v2\/comments?post=32160"}],"version-history":[{"count":0,"href":"https:\/\/www.bghaber.org\/bghaber\/wp-json\/wp\/v2\/posts\/32160\/revisions"}],"wp:featuredmedia":[{"embeddable":true,"href":"https:\/\/www.bghaber.org\/bghaber\/wp-json\/wp\/v2\/media\/29625"}],"wp:attachment":[{"href":"https:\/\/www.bghaber.org\/bghaber\/wp-json\/wp\/v2\/media?parent=32160"}],"wp:term":[{"taxonomy":"category","embeddable":true,"href":"https:\/\/www.bghaber.org\/bghaber\/wp-json\/wp\/v2\/categories?post=32160"},{"taxonomy":"post_tag","embeddable":true,"href":"https:\/\/www.bghaber.org\/bghaber\/wp-json\/wp\/v2\/tags?post=32160"}],"curies":[{"name":"wp","href":"https:\/\/api.w.org\/{rel}","templated":true}]}}