{"id":32153,"date":"2018-08-27T21:56:49","date_gmt":"2018-08-27T18:56:49","guid":{"rendered":"http:\/\/www.bghaber.org\/bghaber\/?p=32153"},"modified":"2018-08-27T21:56:49","modified_gmt":"2018-08-27T18:56:49","slug":"balkanlarda-kesfedilen-en-buyuk-hoyuk-ziyarete-acilacak","status":"publish","type":"post","link":"https:\/\/www.bghaber.org\/bghaber\/balkanlarda-kesfedilen-en-buyuk-hoyuk-ziyarete-acilacak\/","title":{"rendered":"Balkanlar\u2019da ke\u015ffedilen en b\u00fcy\u00fck h\u00f6y\u00fck ziyarete a\u00e7\u0131lacak"},"content":{"rendered":"<p>Plovdiv\u2019in 20 kilometre uzakl\u0131\u011f\u0131nda \u201cMaltepe\u201d kompleksinde arkeologlar \u00fc\u00e7 y\u0131l boyunca Avrupa ve Balkanlar\u2019da e\u015fine rastlanmayan b\u00fcy\u00fck bir h\u00f6y\u00fck ara\u015ft\u0131r\u0131yor.<\/p>\n<p>Ke\u015fif gelecek y\u0131l\u0131n\u0131n Eyl\u00fcl ay\u0131nda Plovdiv\u2019in Avrupa K\u00fclt\u00fcr Ba\u015fkenti etkinlikleri kapsam\u0131nda ziyarete a\u00e7\u0131lacak. Arkeologlar \u015fimdilik g\u00fcney duvar\u0131nda kaz\u0131 yaparak 8 metre derinli\u011fe girip dibe kadar daha 13 metre kald\u0131\u011f\u0131n\u0131 izah ettiler.Ge\u00e7en y\u0131l ayn\u0131 bu yerde 15 k\u00fclt \u00e7ukur bulundu, i\u00e7lerinde maden para, kilden yap\u0131lm\u0131\u015f \u00e7anak \u00e7\u00f6mlek ve bir bronz elbise i\u011fnesi bulundu.<\/p>\n<p>S\u00f6z konu e\u015fyalar\u0131n M.S.III.asra ait oldu\u011fu tahmin ediliyor. Bu y\u0131l 12 mezardan , III.as\u0131rdan bronz para i\u00e7eren bir mezarl\u0131k bulundu. Arkeologlara g\u00f6re M.S III.as\u0131rdan \u201casker imparatorlar\u201d diye adland\u0131r\u0131lan bir Roma imparatoruna aittir. Daha erken d\u00f6nemde in\u015faa edildi\u011fi tespit edilirse burada T\u0131rak h\u00fck\u00fcmdarlar\u0131ndan birinin g\u00f6m\u00fcld\u00fc\u011f\u00fc\u00a0 tahmin edilebilir.<\/p>\n<p><img data-recalc-dims=\"1\" decoding=\"async\" src=\"https:\/\/i0.wp.com\/www.bghaber.org\/bghaber\/wp-content\/uploads\/2018\/08\/Balkanlar-bg.jpg?w=640\" \/><\/p>\n<div id=\"bghab-2240427743\" class=\"bghab-yazi-altinda bghab-entity-placement\"><div class=\"bghab-adlabel\">Reklamlar<\/div><script async src=\"https:\/\/pagead2.googlesyndication.com\/pagead\/js\/adsbygoogle.js\"><\/script>\r\n<!-- bghaber-yaz\u0131-sonu -->\r\n<ins class=\"adsbygoogle\"\r\n     style=\"display:block\"\r\n     data-ad-client=\"ca-pub-6203283170189293\"\r\n     data-ad-slot=\"4222328180\"\r\n     data-ad-format=\"auto\"\r\n     data-full-width-responsive=\"true\"><\/ins>\r\n<script>\r\n     (adsbygoogle = window.adsbygoogle || []).push({});\r\n<\/script><\/div><br style=\"clear: both; display: block; float: none;\"\/>","protected":false},"excerpt":{"rendered":"<p>Plovdiv\u2019in 20 kilometre uzakl\u0131\u011f\u0131nda \u201cMaltepe\u201d kompleksinde arkeologlar \u00fc\u00e7 y\u0131l boyunca Avrupa ve Balkanlar\u2019da e\u015fine rastlanmayan b\u00fcy\u00fck bir h\u00f6y\u00fck ara\u015ft\u0131r\u0131yor. Ke\u015fif gelecek y\u0131l\u0131n\u0131n Eyl\u00fcl ay\u0131nda Plovdiv\u2019in<\/p>\n","protected":false},"author":13,"featured_media":32154,"comment_status":"closed","ping_status":"closed","sticky":false,"template":"","format":"standard","meta":{"advanced_seo_description":"","jetpack_seo_html_title":"","jetpack_seo_noindex":false,"_jetpack_memberships_contains_paid_content":false,"footnotes":""},"categories":[10],"tags":[],"class_list":["post-32153","post","type-post","status-publish","format-standard","has-post-thumbnail","hentry","category-kultur-sanat"],"jetpack_featured_media_url":"https:\/\/i0.wp.com\/www.bghaber.org\/bghaber\/wp-content\/uploads\/2018\/08\/Balkanlar-bg.jpg?fit=850%2C478&ssl=1","jetpack_sharing_enabled":true,"jetpack_likes_enabled":true,"jetpack-related-posts":[],"jetpack_shortlink":"https:\/\/wp.me\/pc2PfJ-8mB","_links":{"self":[{"href":"https:\/\/www.bghaber.org\/bghaber\/wp-json\/wp\/v2\/posts\/32153","targetHints":{"allow":["GET"]}}],"collection":[{"href":"https:\/\/www.bghaber.org\/bghaber\/wp-json\/wp\/v2\/posts"}],"about":[{"href":"https:\/\/www.bghaber.org\/bghaber\/wp-json\/wp\/v2\/types\/post"}],"author":[{"embeddable":true,"href":"https:\/\/www.bghaber.org\/bghaber\/wp-json\/wp\/v2\/users\/13"}],"replies":[{"embeddable":true,"href":"https:\/\/www.bghaber.org\/bghaber\/wp-json\/wp\/v2\/comments?post=32153"}],"version-history":[{"count":0,"href":"https:\/\/www.bghaber.org\/bghaber\/wp-json\/wp\/v2\/posts\/32153\/revisions"}],"wp:featuredmedia":[{"embeddable":true,"href":"https:\/\/www.bghaber.org\/bghaber\/wp-json\/wp\/v2\/media\/32154"}],"wp:attachment":[{"href":"https:\/\/www.bghaber.org\/bghaber\/wp-json\/wp\/v2\/media?parent=32153"}],"wp:term":[{"taxonomy":"category","embeddable":true,"href":"https:\/\/www.bghaber.org\/bghaber\/wp-json\/wp\/v2\/categories?post=32153"},{"taxonomy":"post_tag","embeddable":true,"href":"https:\/\/www.bghaber.org\/bghaber\/wp-json\/wp\/v2\/tags?post=32153"}],"curies":[{"name":"wp","href":"https:\/\/api.w.org\/{rel}","templated":true}]}}