{"id":32131,"date":"2018-08-24T17:14:55","date_gmt":"2018-08-24T14:14:55","guid":{"rendered":"http:\/\/www.bghaber.org\/bghaber\/?p=32131"},"modified":"2018-08-24T17:39:56","modified_gmt":"2018-08-24T14:39:56","slug":"sabir-aniti","status":"publish","type":"post","link":"https:\/\/www.bghaber.org\/bghaber\/sabir-aniti\/","title":{"rendered":"Sab\u0131r An\u0131t\u0131"},"content":{"rendered":"<p>Tarih:23 A\u011fustos 2018<\/p>\n<p>Yazan: Dr. Nedim B\u0130R\u0130NC\u0130<\/p>\n<p>Konu: <strong>Tarih B\u00f6yle Barbarl\u0131k G\u00f6rmedi.<\/strong><\/p>\n<p>Bulgar dilinde<strong> \u201cKaynatsan da, k\u0131zartsan da hep ayn\u0131<\/strong>!\u201d diye bir s\u00f6z var<strong>. <\/strong>Memleket kamuoyunda \u015fimdi de \u201c<strong>Makedon dili diye bir dil var m\u0131, yok mu<\/strong>!?\u201d tart\u0131\u015fmas\u0131 ba\u015flad\u0131. Yok diyenlerin inad\u0131 ke\u00e7i inad\u0131! Ama inat ke\u00e7ilerin \u201c<strong>Makedon dili yoktur<\/strong>!\u201d hayk\u0131r\u0131\u015flar\u0131n\u0131n ard\u0131ndan gelen timsah g\u00f6zya\u015flar\u0131n\u0131 TV ekranlar\u0131ndan g\u00f6sterenler de, fikrimize g\u00f6re ayn\u0131 sahnenin akt\u00f6rleri.<\/p>\n<p>T\u00fcrk dilinin olmad\u0131\u011f\u0131n\u0131 100 y\u0131l iddia edenlerin, olsa bile T\u00fcrk\u00e7e konu\u015fmay\u0131 yasaklayanlar\u0131, yasaklara uymayanlara ceza kesmeleri, \u00c7ingeneceyi yok sayanlar, Ulah dilini unutturanlar vs \u015fimdi de Makedon diline tak\u0131ld\u0131lar. 2007\u2019den beri Bulgar K\u0131rm\u0131z\u0131 Pasaportu isteyen Makedonlar\u0131 Sofya\u2019da<strong> \u201cBulgarca s\u0131nav\u0131na sokan\u201d <\/strong>ve sonunda Anadili Bulgarcad\u0131r sertifikas\u0131 ve Bulgar kimli\u011fi verenler, <strong>Makedonlar Bulgar, dilleri de Bulgarcad\u0131<\/strong>r!\u201d kampanyas\u0131na devam ederken, art\u0131k ay\u0131p ediyorlar. Bu i\u015fler ba\u015fbakan B. Borisov d\u00f6neminde oldu ve devam ediyor. Oysa d\u00fcnyada hi\u00e7bir dilin ba\u015fka bir devlet taraf\u0131ndan onay almas\u0131na gerek yok, devletler hukukunda b\u00f6yle bir madde yok, Birle\u015fmi\u015f Milletlerin veya Avrupa Birli\u011fi\u2019nin benzer karar\u0131 yok. Bulgar devleti neredeyse <strong>D\u0130L NOTERL\u0130\u011e\u0130<\/strong> yap\u0131yor\u2026<\/p><div id=\"bghab-2308128135\" class=\"bghab-icerik-icine bghab-entity-placement\"><script async src=\"\/\/pagead2.googlesyndication.com\/pagead\/js\/adsbygoogle.js?client=ca-pub-6203283170189293\" crossorigin=\"anonymous\"><\/script><ins class=\"adsbygoogle\" style=\"display:block; text-align:center;\" data-ad-client=\"ca-pub-6203283170189293\" \ndata-ad-slot=\"7303146466\" \ndata-ad-layout=\"in-article\"\ndata-ad-format=\"fluid\" data-full-width-responsive=\"true\"><\/ins>\n<script> \n(adsbygoogle = window.adsbygoogle || []).push({}); \n<\/script>\n<\/div>\n<p>Tutu\u015fan yeni gerginlik ate\u015fine benzin d\u00f6kenler, Bulgaristan\u2019da rahatlar\u0131na diyecek olamayan \u0130\u00e7 Makedon Devrim \u00d6rg\u00fct\u00fc \u2013VMRO- voyvodalar\u0131d\u0131r. Enseleri iyice semiren bu haydut s\u00fclalesinin yolu kesilmezse, i\u015fler kar\u0131\u015fabilir\u2026 Eyl\u00fcl ay\u0131n\u0131n sonunda, Makedonya\u2019da \u00fclkenin ad\u0131n\u0131n Yunanlar\u0131n iste\u011fi \u00fczere de\u011fi\u015ftirilerek \u201c<strong>Kuzey Makedonya<\/strong>\u201d m\u0131 yoksa Anayasa\u2019da oldu\u011fu gibi \u201c<strong>Makedonya Cumhuriyeti<\/strong>\u201d mi kalmas\u0131n\u0131 halk oylamas\u0131 \u2013 referandum \u2013 \u00a0belirleyecek. Oylama ya da reddetme g\u00fcn\u00fc yakla\u015ft\u0131k\u00e7a ortam iyice k\u0131z\u0131\u015ft\u0131. Oy kullananlardan % 50\u2019den fazlas\u0131 \u201c<strong>Kuzey Makedonya<\/strong>\u201d ad\u0131n\u0131 kabul ederse, \u00dcsk\u00fcp \u00f6nce NATO ard\u0131ndan da Avrupa Birli\u011fi (AB) \u00fcyeli\u011fi kap\u0131s\u0131n\u0131 aralam\u0131\u015f olacak. Bunun ard\u0131ndan bir de Makedonlar\u0131n anadili Bulgarca m\u0131d\u0131r Makedonca m\u0131d\u0131r referandumu yap\u0131l\u0131r m\u0131 dersiniz!? Olay \u00f6yle kar\u0131\u015f\u0131k ki anlatmas\u0131 \u00e7ok zor!<\/p>\n<p>Br\u00fcksel\u2019de \u00fcye devletlerin hepsinin \u00f6z dili var. AB \u00fcyeli\u011fiyle birlikte Makedonca da bir AB dili olarak kaydedilecek. Makedon temsilciler ve milletvekilleri AB k\u00fcrs\u00fcs\u00fcnden Makedonca konu\u015fabilecekler. Bulgarlar da konu\u015fmalar\u0131n Makedoncadan terc\u00fcmesini dinleyecekler. Makedon dili Bulgar dilinin bir a\u011f\u0131z\u0131d\u0131r iddialar\u0131 kendili\u011finden d\u00fc\u015fm\u00fc\u015f olacak b\u00f6ylelikle. Resmile\u015fecek. AB taraf\u0131ndan kabul edilmi\u015f olacak\u2026\u00a0 \u015eu da var. Makedonya\u2019da 2. Resmi dil var. 2. Dil Arnavut\u00e7a oldu\u011funa g\u00f6re, Arnavut dilinin de AB resmi dili olarak kayda ge\u00e7mesi gerekecek. Tabii Bulgar sahte \u201c<strong>yurtseverleri<\/strong>\u201d \u2013VMRO \u2013 haydutlar\u0131 partisinin Ba\u015fkan\u0131 Krasimir Karaka\u00e7anov ile Ba\u015fkan Yard\u0131mc\u0131s\u0131 ve AB milletvekili Angel Cambazki buna tepki g\u00f6sterip isyan ediyorlar.<\/p>\n<p>Biz soyda\u015flar ve Bulgaristan T\u00fcrkleri olarak T\u00fcrkiye Cumhuriyeti\u2019nin Avrupa Birli\u011fine \u00fcyelik s\u00fcrecinin ba\u015far\u0131l\u0131 tamamlanmas\u0131n\u0131 b\u00fcy\u00fck bir heyecanla bekledik. AB resmi dilleri aras\u0131nda T\u00fcrk\u00e7emiz \u2013anadilimiz &#8211; Avrupa dilleri listesine al\u0131n\u0131rken, Balkan \u00fclkelerindeki T\u00fcrk etnik ve k\u00fclt\u00fcrel az\u0131nl\u0131klar da \u2013 Bulgaristan T\u00fcrkleri de bu kapsamda &#8211;\u00a0 konu\u015fma ve yaz\u0131 dili olarak T\u00fcrk\u00e7e kullan\u0131r kayd\u0131 yap\u0131lmas\u0131n\u0131 bekledik. Bekliyoruz\u2026<\/p>\n<p>***<\/p>\n<p>Dil deyip de ge\u00e7meyelim. Asl\u0131nda olay \u00e7ok g\u00f6rkemli!\u00a0 Makedonya\u2019y\u0131 NATO ve AB\u2019ye davet etmek isteyenlerin arka planlar\u0131 nedir bilmiyoruz.\u00a0 \u015e\u00f6yle d\u00fc\u015f\u00fcnelim, \u201c<strong>Makedon dili yok<\/strong>!\u201d tezi tutarsa ve Makedonya\u2019da Bulgarca konu\u015fma zulm\u00fc ba\u015flarsa o zaman Arnavutlara ve orada ya\u015fayan yerli T\u00fcrklere \u201c<strong>Neden Bulgarca konu\u015fmuyorsun<\/strong>?\u201d cezalar\u0131 art arda kesilip ya\u011fmaya ba\u015flamayaca\u011f\u0131na kim garanti verecek? \u00a0Bu geli\u015fmeler \u00e7ok ac\u0131 olaylar hat\u0131rlat\u0131yor. Birinci D\u00fcnya Sava\u015f\u0131nda ve \u0130kinci D\u00fcnya Sava\u015f\u0131\u2019nda (1942-1944) \u00a0\u00dcsk\u00fcp ve Ege Makedonya\u2019s\u0131 topraklar\u0131n\u0131n idaresi Nazi Almanlar\u0131 (Hitler) taraf\u0131ndan \u00c7ar III. Boris\u2019in emrindeki Bulgar makamlara verilmi\u015fti. K\u0131sa bir s\u00fcrede Makedonlar\u0131n eline Bulgaristan kimli\u011fi verildi. Resmi dairelerde i\u015flem dili olarak Bulgarca uyguland\u0131. Yahudilerle \u00c7ingeneler bilek ve topuklar\u0131ndan kelep\u00e7elenip Polonya\u2019daki Nazi \u201c<strong>Treplika<\/strong>\u201d \u00d6l\u00fcm kamp\u0131nda gaz kamaralar\u0131nda yak\u0131lmaya g\u00f6nderildi. Geri d\u00f6nen olmad\u0131. Bunlar asla unutulmamal\u0131d\u0131r.<\/p><div id=\"bghab-851680526\" class=\"bghab-icerik-icine-10-paragraf bghab-entity-placement\"><script async src=\"\/\/pagead2.googlesyndication.com\/pagead\/js\/adsbygoogle.js?client=ca-pub-6203283170189293\" crossorigin=\"anonymous\"><\/script><ins class=\"adsbygoogle\" style=\"display:block; text-align:center;\" data-ad-client=\"ca-pub-6203283170189293\" \ndata-ad-slot=\"7303146466\" \ndata-ad-layout=\"in-article\"\ndata-ad-format=\"fluid\" data-full-width-responsive=\"true\"><\/ins>\n<script> \n(adsbygoogle = window.adsbygoogle || []).push({}); \n<\/script>\n<\/div>\n<p>***<\/p>\n<p>23 A\u011fustos 2018\u2019de Sofya\u2019da <strong>Kom\u00fcnist Rejim Kurbanlar\u0131 An\u0131t\u0131na<\/strong> \u00e7i\u00e7ek ve \u00e7elenkler kondu. Nasyonal sosyalist \u2013 fa\u015fist ve kom\u00fcnist ve di\u011fer totaliter rejimlerin i\u015fledi\u011fi cinayetleri lanetlendi. Bu konuda Avrupa Parlamentosu 2008 y\u0131l\u0131nda, sosyalistlerin (PES) ve Avrupa Halk Partisi (AHP) oylar\u0131yla \u2013 BG\u2019de iktidardaki GERB partisi AHP\u2019ne \u00fcyedir &#8211; \u00a0bir Bildiri kabul ederek bu olay\u0131 onaylad\u0131. O zaman Bulgaristan\u2019da Sosyalist Parti (BSP) ile Hak ve \u00d6zg\u00fcrl\u00fckler Hareketi (DPS) iktidardayd\u0131. Bu karar Sofya Meclisinde de onayland\u0131. DPS\u2019nin \u00fcyesi oldu\u011fu Liberal Enternasyonal milletvekilleri Br\u00fcksel meclisinde bu oylamaya oy vermemi\u015ftir. \u0130kisinin de yak\u0131n ve uzak \u00a0ge\u00e7mi\u015fi totaliter kom\u00fcnist \u00f6zden s\u00fcz\u00fclm\u00fc\u015f olsa da bizde &#8211; \u00a0BSP ile GERB partileri \u2013yeni maske ard\u0131na gizlenerek hem fa\u015fizmi hem de kom\u00fcnizmi birlikte lanetliyorlar. Oysa ikisi de Bulgaristan Kom\u00fcnist Partisi\u2019nin maskeli yavrular\u0131d\u0131r\u2026 Ahmet Do\u011fan\u2019\u0131 bir yana b\u0131rakal\u0131m, adam\u0131n \u201c<strong>i\u015fi<\/strong>\u201d var. L\u00fctfi Mestan\u2019\u0131 da hesaba katm\u0131yorum, \u00e7\u00fcnk\u00fc bir Fars\u00e7a s\u00f6z olan \u201c<strong>lanetlemenin<\/strong>\u201d T\u00fcrk\u00e7e anlam\u0131n\u0131 hen\u00fcz idrak edememi\u015ftir\u2026 Ne fa\u015fizm ne de totaliter kom\u00fcnizm kurbanlar\u0131n\u0131n An\u0131t Levhalar\u0131nda hi\u00e7bir T\u00fcrk ismi yok\u2026 Biz d\u00fc\u015fman kabirlerinde Fatiha Okumaya devam ediyoruz. Ne g\u00fcnler ge\u00e7irdik be! Halk\u0131n cahilli\u011fi derinle\u015ftik\u00e7e daha neler neler ya\u015fayaca\u011f\u0131z\u2026<\/p>\n<p>\u0130kinci D\u00fcnya Sava\u015f\u0131ndan \u00f6nce \u2013 1934 askeri darbesinin ard\u0131ndan \u00a0\u2013 Bulgaristan\u2019daki i\u00e7 sava\u015fta 4\u00a0500 kom\u00fcnist (anti-fa\u015fist) ve 9\u00a0000\u2019den fazla fa\u015fist birbirini k\u0131yd\u0131. Bu k\u0131y\u0131m\u0131, Sofya giri\u015finde b\u00f6l\u00fcnm\u00fc\u015f yolun sa\u011f\u0131nda 100 d\u00f6n\u00fcm arazi \u00fczerine yay\u0131lm\u0131\u015f olan \u201c<strong>Varanya<\/strong>\u201d k\u00f6\u015fk\u00fcnden y\u00f6neten \u00c7ar III. Boris\u2019in miras\u0131n\u0131 Bulgar devleti o\u011flu II Semyon\u2019a vermedi. 74 y\u0131l sonra \u00e7\u0131kan bir mahkeme karar\u0131yla devlet k\u00f6\u015fk\u00fc geri ald\u0131. Yani tencere tekerlendi ve kapa\u011f\u0131n\u0131 bulmaya ba\u015flad\u0131\u2026<\/p>\n<p>1974 y\u0131l\u0131nda bir zehirli sa\u00e7mayla Londra\u2019da \u00f6ld\u00fcr\u00fclen Bulgar yazar Georgi Markov\u2019un g\u00fcn ortas\u0131nda ger\u00e7ekle\u015ftirilen infaz\u0131n\u0131n Devlet Karar\u0131yla ve devlet eliyle icra edildi\u011fi ortaya \u00e7\u0131kt\u0131. Kendisinde cesaret bulup bunu yazanlardan biri ise, eskiden gizli polis \u201c<strong>DS<\/strong>\u201d g\u00f6revlisi olan, bizdeki emsalsiz \u201c<strong>demokrasi<\/strong>\u201d ko\u015fullar\u0131nda birden bire Profes\u00f6r oluveren ve benzetmeli d\u00fc\u015f\u00fcnmeye devam ederek, gen\u00e7 ku\u015fa\u011f\u0131n nazik beynine s\u00fcz\u00fclm\u00fc\u015f zehir ak\u0131tanlardan biri olan Prof. Dr. Petrov \u2018tur. Demek oluyor ki, devlet karar\u0131 ve eliyle yapt\u0131r\u0131lan bu infazdan TAZM\u0130NAT HAKKI DO\u011eMAZ MI?<\/p>\n<p>Soru 1: III. Boris idaresinde hayattan olan \u015fu 4 binden fazla anti-fa\u015fist ve 9 binden fazla fa\u015fist de son hesapta devletin \u00fclkeyi idare edemedi\u011finden dolay\u0131 k\u0131y\u0131mdan ge\u00e7ti\u011fine g\u00f6re, bu i\u015ften da TAZM\u0130NAT HAKKI DO\u011eAB\u0130L\u0130R M\u0130?<\/p><div id=\"bghab-466188329\" class=\"bghab-icerik-icine-15-paragraf bghab-entity-placement\"><script async src=\"\/\/pagead2.googlesyndication.com\/pagead\/js\/adsbygoogle.js?client=ca-pub-6203283170189293\" crossorigin=\"anonymous\"><\/script><ins class=\"adsbygoogle\" style=\"display:block; text-align:center;\" data-ad-client=\"ca-pub-6203283170189293\" \ndata-ad-slot=\"7303146466\" \ndata-ad-layout=\"in-article\"\ndata-ad-format=\"fluid\" data-full-width-responsive=\"true\"><\/ins>\n<script> \n(adsbygoogle = window.adsbygoogle || []).push({}); \n<\/script>\n<\/div>\n<p>Soru 2: 1944 -1946 y\u0131llar\u0131 aras\u0131nda Ba\u015fbakan olan KGB ajan\u0131 Kimon Georgiev iktidar\u0131nca, \u00c7ar II.Simeyon\u2019un naiplerinin onay\u0131yla \u00a0idam edilen 249 ki\u015finin \u00f6ld\u00fcr\u00fclmesinden de TAZM\u0130NAT HAKKI do\u011fmaz m\u0131? Ku\u015fkusuz bu sorulara T\u00fcrkleri, Pomaklar\u0131 katledenlerin hele s\u00f6z\u00fcm ona \u201csoya d\u00f6n\u00fc\u015f\u201d y\u0131llar\u0131nda ne zaman tutuklan\u0131p yarg\u0131 \u00f6n\u00fcne \u00e7\u0131kar\u0131laca\u011f\u0131 sorusu hemen cevap bekliyor!<\/p>\n<p>\u0130kinci D\u00fcnya Sava\u015f\u0131ndan sonra \u2013 1944-1948 \u2013 y\u0131llar\u0131 aras\u0131nda Halk Mahkemesi 249 ki\u015fiye idam cezas\u0131 verirken, toplama kamplar\u0131nda binlerce ki\u015fi kald\u0131, sakatland\u0131, \u00f6z\u00fcrl\u00fc kald\u0131, hastaland\u0131, hayat\u0131ndan oldu. \u0130sim de\u011fi\u015ftirme y\u0131llar\u0131nda s\u00fcrg\u00fcnde, toplama kamplar\u0131nda, hapislerde\u00a0 kalanlar\u0131n haklar\u0131 da aranmal\u0131d\u0131r.<\/p>\n<p>Bu geli\u015fmeleri ve tart\u0131\u015f\u0131lan yeni konular\u0131 b\u00fcy\u00fcte\u00e7 alt\u0131na ald\u0131\u011f\u0131m\u0131zda BSP-GERB ve VMRO\u2019nun hemen yasaklanmas\u0131 ve bir daha benzet siyasi parti kurulmas\u0131 tamamen yasaklanmal\u0131d\u0131r.Katliamlardan en ac\u0131 verici olarak nitelenen, Ba\u015fbakan Aleksand\u0131r Stanboliyski\u2019nin, III.Boris ve etraf\u0131ndakilerin gizli karar\u0131yla vah\u015fi \u00f6ld\u00fcr\u00fclmesi olay\u0131n\u0131, o zaman \u00c7ar Kalem Odas\u0131 \u015eefi olan Gruev\u2019in karde\u015fi Stefan, \u201dD\u0130KENL\u0130 TA\u00c7\u201d kitab\u0131nda \u015f\u00f6yle anlat\u0131yor:<\/p>\n<p>\u201cBa\u015fbakan\u2019a yap\u0131lan i\u015fkenceleri, Sofya\u2019dan g\u00f6nderilen Harlakov y\u00f6netimindeki \u201c<strong>i\u015fkenceci grubu<\/strong>\u201d vah\u015fetini anlatanlar\u0131n hep dili d\u00f6nmedi ve olay k\u0131smen \u00f6\u011frenilebildi. Bu vah\u015fi i\u015fkenceleri yapanlardan biri \u201c<strong>Voyvoda Veli\u00e7kov<\/strong>\u201d isminde VMRO-komitac\u0131s\u0131yd\u0131. Ba\u015fbakan Stanboliyski 60 defa han\u00e7erlenerek \u00f6ld\u00fcr\u00fcld\u00fc, parmaklar\u0131 birer birer kesildikten sonra sa\u011f kolu da kesildi. Stanboliyski\u2019nin kafas\u0131 kesildikten sonra, \u201c<strong>biz i\u015fi bitirdik<\/strong>\u201d anlam\u0131nda Sofya\u2019ya getirildi ve \u00c7ar III. Boris\u2019e g\u00f6sterildi. Bulgar vah\u015fetinin, VMRO\u2019nun Bulgaristan\u2019daki canili\u011finin efsanesi hen\u00fcz yaz\u0131lmam\u0131\u015ft\u0131r\u2026\u201d (Sayfa 146-47)<\/p>\n<p>Biz yerli T\u00fcrklere g\u00f6re, e\u011fer bu memlekette ya\u015fanacaksa, cinayetler \u00e7uval\u0131 kald\u0131r\u0131ls\u0131n, a\u011f\u0131z\u0131 a\u00e7\u0131ls\u0131n ve halk\u0131n AYAK D\u0130VANI meydan\u0131na bo\u015falt\u0131ls\u0131n. Bu memlekette en sab\u0131rl\u0131 kesim T\u00fcrkler, Pomaklar ve \u00c7ingenelerle Bulgaristan Halk \u00c7ift\u00e7i Partisi taban kadrolar\u0131d\u0131r. Biriken \u00f6fke ve kinden \u00f6\u00e7 alma ate\u015fi yakmad\u0131lar. Onlara \u00e7oooook b\u00fc\u00fc\u00fcy\u00fck ve \u00e7ooook y\u00fc\u00fc\u00fcksek bir SABIR ANITI dikmek ve \u00e7elekleri oraya ta\u015f\u0131mak gerekir\u2026<\/p><div id=\"bghab-2994275029\" class=\"bghab-icerik-icine-20-paragraf bghab-entity-placement\"><script async src=\"\/\/pagead2.googlesyndication.com\/pagead\/js\/adsbygoogle.js?client=ca-pub-6203283170189293\" crossorigin=\"anonymous\"><\/script><ins class=\"adsbygoogle\" style=\"display:block; text-align:center;\" data-ad-client=\"ca-pub-6203283170189293\" \ndata-ad-slot=\"7303146466\" \ndata-ad-layout=\"in-article\"\ndata-ad-format=\"fluid\" data-full-width-responsive=\"true\"><\/ins>\n<script> \n(adsbygoogle = window.adsbygoogle || []).push({}); \n<\/script>\n<\/div>\n<p>***<\/p>\n<p>Dikkati \u00e7eken nokra 1972-73\u2019te ve 1984-1989\u2019da\u00a0 isim de\u011fi\u015ftirme, din yasaklama, okul kapatma, s\u00fcnet yasaklama, hatta k\u0131na yakmay\u0131 yasaklama, s\u00fcrg\u00fcn ve yarg\u0131s\u0131z infaz y\u0131llar\u0131nda \u015fehit d\u00fc\u015fen y\u00fczlerce T\u00fcrk ve Pomak karde\u015fimizin ismi an\u0131lm\u0131yor. Hi\u00e7bir an\u0131r levhas\u0131nda T\u00fcrk isimlerine rastlanm\u0131yor. Todor Jivkov\u2019un totaliter diktat\u00f6rl\u00fc\u011f\u00fcn\u00fc deviren 1989 May\u0131s Ayaklanmam\u0131zdan s\u00f6z bile edilmedi\u011fi gibi, 500 bin T\u00fcrk\u2019\u00fcn s\u0131n\u0131r d\u0131\u015f\u0131 edilmesi bir cinayet olarak kabul edilmiyor. Bu tek tarafl\u0131 siyasette biz art\u0131k BSP-GERB kayna\u015fmas\u0131na tan\u0131k olmaya ba\u015flad\u0131k. K\u00f6kleri birbirine \u00f6r\u00fclm\u00fc\u015f olan bu 2 partinin dallar\u0131 ve yapraklar\u0131 da art\u0131k birbirine sar\u0131lm\u0131\u015f ve dola\u015fm\u0131\u015f, \u00e7i\u00e7ekleri birbiriyle tozla\u015f\u0131yor. \u00a0Gidi\u015f bu gidi\u015f, Bulgaristan AB i\u00e7indeki s\u00f6z\u00fcm ona \u201c<strong>problemsiz<\/strong>\u201d \u00fclkelerden biri olarak otorite yap\u0131yor, Balkanlarda ve \u00f6zellikle de Bat\u0131 Balkanlarda g\u00f6vde g\u00f6sterilerine devam ediyor.<\/p>\n<p>***<\/p>\n<p><strong>Unutulmamas\u0131 gereken baz\u0131 \u00e7ok \u00f6nemli ger\u00e7ekler var.<\/strong><\/p>\n<p>\u00c7arl\u0131k d\u00f6neminde (1909 &#8211; 1944) Bulgaristan\u2019da \u00e7ok b\u00fcy\u00fck cinayetler i\u015fleyen VMRO \u2013 partisinin (iki askeri darbeye -1923 ve 1934 \u2013 bizzat katliamlar\u0131 ve infazlar\u0131 ger\u00e7ekle\u015ftiren bir silahl\u0131 tim olarak kat\u0131ld\u0131\u011f\u0131 bilinirken, bu i\u011fren\u00e7 surat pudralan\u0131p gizlenip saklan\u0131yor. Bu \u00fclkede sorun yaratan\u0131n T\u00fcrkler, Pomaklar ve \u00c7ingeneler olmay\u0131p, fa\u015fistlerin, VMRO-cular\u0131n oldu\u011funu anlatmakta g\u00fc\u00e7l\u00fck \u00e7ekiyoruz. VMRO \u00f6rg\u00fct\u00fcn\u00fcn seri cinayetleri, katliamlar, insan ka\u00e7\u0131rmalar, \u015fehir basmalar, i\u015fgal etmeler, dayaklar, zorbal\u0131k ve zul\u00fcm, halka kan kusturanlar\u0131n i\u011fren\u00e7 \u00e7ehresi halka asla g\u00f6sterilmiyor.<\/p><div id=\"bghab-840639298\" class=\"bghab-icerik-icine-25-paragraf bghab-entity-placement\"><script async src=\"\/\/pagead2.googlesyndication.com\/pagead\/js\/adsbygoogle.js?client=ca-pub-6203283170189293\" crossorigin=\"anonymous\"><\/script><ins class=\"adsbygoogle\" style=\"display:block; text-align:center;\" data-ad-client=\"ca-pub-6203283170189293\" \ndata-ad-slot=\"7303146466\" \ndata-ad-layout=\"in-article\"\ndata-ad-format=\"fluid\" data-full-width-responsive=\"true\"><\/ins>\n<script> \n(adsbygoogle = window.adsbygoogle || []).push({}); \n<\/script>\n<\/div>\n<p>Bu hafta Bulgar bas\u0131n\u0131nda \u015fu sorular dikkat \u00e7ekti:<\/p>\n<p>\u201c9 Haziran 1923 asker darbesine kat\u0131lanlar kimlerdi? VMRO de\u011fil mi?Ba\u015fbakan Aleksand\u0131r Stanboliyski\u2019yi kim \u00f6ld\u00fcrd\u00fc? VMRO de\u011fil mi?Bulgaristan Halk \u00c7ift\u00e7i Partisi \u00f6nderi Ray\u00e7o Daskolov\u2019u kim \u00f6ld\u00fcrd\u00fc? VMRO de\u011fil mi?Ba\u015fbakan Petko D. Daskolov\u2019u kim \u00f6ld\u00fcrd\u00fc? VMRO de\u011fil mi?<\/p>\n<p>Dimo Hac\u0131dimov\u2019u kim \u00f6ld\u00fcrd\u00fc? VMRO de\u011fil mi?<\/p>\n<p>Todor Panitsa\u2019y\u0131 kim \u00f6ld\u00fcrd\u00fc? VMRO de\u011fil mi?Ve \u015fimdi de, BSP Makedon milleti, Makedon dili vs icat ediyor diye, sosyalistlerin hepsini birden katletmek isteyen \u015fahsen VMRO Ba\u015fkan Yard\u0131mc\u0131s\u0131 ve AB Milletvekili Angel Cambazki ve onu destekleyen Ba\u015fbakan Yard\u0131mc\u0131s\u0131 Krasimir Karaka\u00e7anov de\u011fil mi?<\/p>\n<p>Bulgaristan\u2019\u0131n XX. Y\u00fczy\u0131l tarihinde VMRO militan ve eylemcileri taraf\u0131ndan katledilenlerin listesi \u00e7ok uzundur, nedense yay\u0131nlanm\u0131yor. Halkta korku var ve kanl\u0131 konulara basmak istemiyor\u2026<\/p><div id=\"bghab-3182263970\" class=\"bghab-icerik-icine-30-paragraf bghab-entity-placement\"><script async src=\"\/\/pagead2.googlesyndication.com\/pagead\/js\/adsbygoogle.js?client=ca-pub-6203283170189293\" crossorigin=\"anonymous\"><\/script><ins class=\"adsbygoogle\" style=\"display:block; text-align:center;\" data-ad-client=\"ca-pub-6203283170189293\" \ndata-ad-slot=\"7303146466\" \ndata-ad-layout=\"in-article\"\ndata-ad-format=\"fluid\" data-full-width-responsive=\"true\"><\/ins>\n<script> \n(adsbygoogle = window.adsbygoogle || []).push({}); \n<\/script>\n<\/div>\n<p>VMRO \u2013 katiller \u00f6rg\u00fct\u00fcd\u00fcr ve Bulgaristan tarihinde i\u015flenen b\u00fcy\u00fck k\u0131y\u0131m\u0131 ger\u00e7ekle\u015ftirenlerin illegal ve legal \u00f6rg\u00fctd\u00fcr. \u015eu unutulmamal\u0131d\u0131r 1972-73 Bat\u0131 Rodoplarda ve 1984-1989 b\u00fct\u00fcn Bulgaristan\u2019da zorla isim ve kimlik de\u011fi\u015ftirme, dil ve din yasaklama, etnik az\u0131nl\u0131klar\u0131 geleneksiz, k\u00fclt\u00fcrs\u00fcz ve geleceksiz b\u0131rakma sald\u0131r\u0131lar\u0131na en amans\u0131zca kat\u0131lan VMRO \u2013 k\u00f6pekleridir. Hapishanelerde ve toplama kamplar\u0131nda sobac\u0131l\u0131ktan ge\u00e7inen onlard\u0131r. \u00a01913\u2019te M\u00fcsl\u00fcman Pomaklar\u0131 Bat\u0131 Rodoplardan kovan ve onlar\u0131 soyan VMRO \u00e7etecileridir. G\u00fcn\u00fcm\u00fcz\u00fcn fa\u015fistleridir.<\/p>\n<p>Konuya devam edece\u011fiz. Bulgaristan de\u011fi\u015fmek ve fa\u015fist ve totaliter kom\u00fcnist zihniyeti, insan d\u00fc\u015fmanl\u0131\u011f\u0131n\u0131 g\u00f6mmek zorundad\u0131r. Zinde g\u00fc\u00e7lerle bu matem t\u00f6reninde yan yana olmak ve birlikte sava\u015fmak istiyoruz.<\/p>\n<p>Oku ve okut. Payla\u015fmay\u0131 unutmay\u0131n\u0131z!<\/p>\n<div id=\"bghab-3221031077\" class=\"bghab-yazi-altinda bghab-entity-placement\"><div class=\"bghab-adlabel\">Reklamlar<\/div><script async src=\"https:\/\/pagead2.googlesyndication.com\/pagead\/js\/adsbygoogle.js\"><\/script>\r\n<!-- bghaber-yaz\u0131-sonu -->\r\n<ins class=\"adsbygoogle\"\r\n     style=\"display:block\"\r\n     data-ad-client=\"ca-pub-6203283170189293\"\r\n     data-ad-slot=\"4222328180\"\r\n     data-ad-format=\"auto\"\r\n     data-full-width-responsive=\"true\"><\/ins>\r\n<script>\r\n     (adsbygoogle = window.adsbygoogle || []).push({});\r\n<\/script><\/div><br style=\"clear: both; display: block; float: none;\"\/>","protected":false},"excerpt":{"rendered":"<p>Tarih:23 A\u011fustos 2018 Yazan: Dr. Nedim B\u0130R\u0130NC\u0130 Konu: Tarih B\u00f6yle Barbarl\u0131k G\u00f6rmedi. Bulgar dilinde \u201cKaynatsan da, k\u0131zartsan da hep ayn\u0131!\u201d diye bir s\u00f6z var. Memleket<\/p>\n","protected":false},"author":13,"featured_media":22479,"comment_status":"closed","ping_status":"closed","sticky":false,"template":"","format":"standard","meta":{"advanced_seo_description":"","jetpack_seo_html_title":"","jetpack_seo_noindex":false,"_jetpack_memberships_contains_paid_content":false,"footnotes":""},"categories":[6],"tags":[],"class_list":["post-32131","post","type-post","status-publish","format-standard","has-post-thumbnail","hentry","category-yorum"],"jetpack_featured_media_url":"https:\/\/i0.wp.com\/www.bghaber.org\/bghaber\/wp-content\/uploads\/2017\/03\/Nedim-Birinci0.jpg?fit=1280%2C1280&ssl=1","jetpack_sharing_enabled":true,"jetpack_likes_enabled":true,"jetpack-related-posts":[],"jetpack_shortlink":"https:\/\/wp.me\/pc2PfJ-8mf","_links":{"self":[{"href":"https:\/\/www.bghaber.org\/bghaber\/wp-json\/wp\/v2\/posts\/32131","targetHints":{"allow":["GET"]}}],"collection":[{"href":"https:\/\/www.bghaber.org\/bghaber\/wp-json\/wp\/v2\/posts"}],"about":[{"href":"https:\/\/www.bghaber.org\/bghaber\/wp-json\/wp\/v2\/types\/post"}],"author":[{"embeddable":true,"href":"https:\/\/www.bghaber.org\/bghaber\/wp-json\/wp\/v2\/users\/13"}],"replies":[{"embeddable":true,"href":"https:\/\/www.bghaber.org\/bghaber\/wp-json\/wp\/v2\/comments?post=32131"}],"version-history":[{"count":0,"href":"https:\/\/www.bghaber.org\/bghaber\/wp-json\/wp\/v2\/posts\/32131\/revisions"}],"wp:featuredmedia":[{"embeddable":true,"href":"https:\/\/www.bghaber.org\/bghaber\/wp-json\/wp\/v2\/media\/22479"}],"wp:attachment":[{"href":"https:\/\/www.bghaber.org\/bghaber\/wp-json\/wp\/v2\/media?parent=32131"}],"wp:term":[{"taxonomy":"category","embeddable":true,"href":"https:\/\/www.bghaber.org\/bghaber\/wp-json\/wp\/v2\/categories?post=32131"},{"taxonomy":"post_tag","embeddable":true,"href":"https:\/\/www.bghaber.org\/bghaber\/wp-json\/wp\/v2\/tags?post=32131"}],"curies":[{"name":"wp","href":"https:\/\/api.w.org\/{rel}","templated":true}]}}