{"id":32125,"date":"2018-08-23T23:06:22","date_gmt":"2018-08-23T20:06:22","guid":{"rendered":"http:\/\/www.bghaber.org\/bghaber\/?p=32125"},"modified":"2018-08-23T23:38:57","modified_gmt":"2018-08-23T20:38:57","slug":"maskeli-liderlik-nereye-kadar","status":"publish","type":"post","link":"https:\/\/www.bghaber.org\/bghaber\/maskeli-liderlik-nereye-kadar\/","title":{"rendered":"Maskeli Liderlik Nereye Kadar"},"content":{"rendered":"<p>Liderlik -1-<\/p>\n<p>Tarih: 22 A\u011fustos 2018<\/p>\n<p>Yazan: Rafet ULUT\u00dcRK<\/p>\n<p>Konu: <strong>Aslan\u0131n ensesi \u00f6zg\u00fcr oldu\u011fu i\u00e7in kal\u0131nd\u0131r.<\/strong><\/p>\n<p>Bin Bir Gece Masallar\u0131nda, Birinci Dervi\u015fin \u00d6yk\u00fcs\u00fcnde, Allah\u2019\u0131n emri buymu\u015f, ne denir ki!.. Konumuza ili\u015fkin en g\u00fczelini \u015fair s\u00f6ylemi\u015f:<\/p><div id=\"bghab-1817415650\" class=\"bghab-icerik-icine bghab-entity-placement\"><script async src=\"\/\/pagead2.googlesyndication.com\/pagead\/js\/adsbygoogle.js?client=ca-pub-6203283170189293\" crossorigin=\"anonymous\"><\/script><ins class=\"adsbygoogle\" style=\"display:block; text-align:center;\" data-ad-client=\"ca-pub-6203283170189293\" \ndata-ad-slot=\"7303146466\" \ndata-ad-layout=\"in-article\"\ndata-ad-format=\"fluid\" data-full-width-responsive=\"true\"><\/ins>\n<script> \n(adsbygoogle = window.adsbygoogle || []).push({}); \n<\/script>\n<\/div>\n<p><strong><em>B\u0131rak al\u0131nyaz\u0131s\u0131 tamamlas\u0131n kendini<br \/>\nVe yaln\u0131z \u015fu yery\u00fcz\u00fcndeki yarg\u0131\u00e7lar\u0131n hatlar\u0131na \u00e7are d\u00fc\u015f\u00fcn!<br \/>\nHi\u00e7 bir \u015fey kar\u015f\u0131s\u0131nda sevince kap\u0131lma<br \/>\nVe keder de duyma hi\u00e7bir \u015fey kar\u015f\u0131s\u0131nda\u2026<\/em><\/strong><\/p>\n<p><strong><em>\u0130\u00e7in daima rahat olsun:<\/em><\/strong><\/p>\n<p><strong><em>\u015eunu iyice bil ki<br \/>\nBu d\u00fcnyada hi\u00e7bir \u015fey kal\u0131c\u0131 de\u011fildir!<br \/>\nTalih\u2019in her birimiz i\u00e7in \u00e7izmi\u015f oldu\u011fu<br \/>\nYoldan y\u00fcr\u00fcmekteyiz biz yava\u015f yava\u015f\u2026<\/em><\/strong><\/p>\n<p><strong><em>Ve bu yoldan sapmak s\u00f6z konusu olamaz,<br \/>\n\u00c7\u00fcnk\u00fc Talih o yolu b\u00fct\u00fcn her \u015feye egemen olan Ulu Tanr\u0131\u2019n\u0131n emriyle \u00e7izmi\u015ftir.<\/em><\/strong><\/p>\n<p>\u0130ngilizce bir s\u00f6z olan ve \u00d6NDER anlam\u0131na gelen L\u0130DER, yukar\u0131da yaz\u0131landan farkl\u0131 olarak, b\u00fcy\u00fckbabas\u0131 T\u00fcrk olan Johann Wolfgang von Goethe\u2019nin (1749-1832) \u201c<strong>Garpl\u0131 M\u00fcellifin \u015eark Divan\u0131<\/strong>\u2019n\u0131n \u2013 Do\u011fu Bat\u0131 Divan\u0131 \u2013 \u201c<strong>S\u0131k\u0131nt\u0131 Kitab\u0131\u201d<\/strong>nda \u015f\u00f6yle ifade etti\u011fine g\u00f6re,<\/p><div id=\"bghab-994562417\" class=\"bghab-icerik-icine-10-paragraf bghab-entity-placement\"><script async src=\"\/\/pagead2.googlesyndication.com\/pagead\/js\/adsbygoogle.js?client=ca-pub-6203283170189293\" crossorigin=\"anonymous\"><\/script><ins class=\"adsbygoogle\" style=\"display:block; text-align:center;\" data-ad-client=\"ca-pub-6203283170189293\" \ndata-ad-slot=\"7303146466\" \ndata-ad-layout=\"in-article\"\ndata-ad-format=\"fluid\" data-full-width-responsive=\"true\"><\/ins>\n<script> \n(adsbygoogle = window.adsbygoogle || []).push({}); \n<\/script>\n<\/div>\n<p>\u201c<strong>Yaln\u0131z ba\u015f\u0131na ak\u0131ld\u0131r muktedir<\/strong>.\u201d<\/p>\n<p>Goethe bu fikri, Haf\u0131z\u0131 okuyup Alman diline terc\u00fcme ettikten, Kuran\u2019\u0131 Kerim\u2019in Baron Joseph Hammer-Purgstall (1774-1850) taraf\u0131ndan Fars\u00e7a ve Arap\u00e7adan yapt\u0131\u011f\u0131 Frans\u0131zca terc\u00fcmesini Almancaya \u00e7evirdikten sonra yazm\u0131\u015f ve Divana alm\u0131\u015ft\u0131r.<\/p>\n<p><strong>\u00a0Bu konuda Kuran iktibas ederken:<\/strong><\/p>\n<p><strong>\u00a0\u201c<em>Onlar eskiyi konu\u015fur, yeniyi ilave ederler;<br \/>\n\u015ea\u015fk\u0131nl\u0131k g\u00fcnden g\u00fcne b\u00fcy\u00fcr b\u00f6ylece<br \/>\nEy kutsal Kuran! Ey ebedi huzur<\/em>!\u201d<br \/>\nVe konuya kar\u0131\u015fan \u201cTimur der ki!\u201d<\/strong><\/p>\n<p><strong>\u201c<em>Allah beni solucan yaratmak dileseydi,<br \/>\nElbette solucan olarak yarat\u0131rd\u0131 be<\/em>ni.\u201d<\/strong><\/p><div id=\"bghab-263163498\" class=\"bghab-icerik-icine-15-paragraf bghab-entity-placement\"><script async src=\"\/\/pagead2.googlesyndication.com\/pagead\/js\/adsbygoogle.js?client=ca-pub-6203283170189293\" crossorigin=\"anonymous\"><\/script><ins class=\"adsbygoogle\" style=\"display:block; text-align:center;\" data-ad-client=\"ca-pub-6203283170189293\" \ndata-ad-slot=\"7303146466\" \ndata-ad-layout=\"in-article\"\ndata-ad-format=\"fluid\" data-full-width-responsive=\"true\"><\/ins>\n<script> \n(adsbygoogle = window.adsbygoogle || []).push({}); \n<\/script>\n<\/div>\n<p>T\u00fcrkler ve liderlik, M\u00fcsl\u00fcmanlar ve Liderlik gibi, tarihsel ve akt\u00fcel ola\u011fan\u00fcst\u00fc \u00f6nemli bir konuya devam edebilmem i\u00e7in, ek bir a\u00e7\u0131klamada bulunarak, biz T\u00fcrkler neye \u00f6nc\u00fcl\u00fck ve \u00f6nderlik yapt\u0131k, tarih katlar\u0131nda hangi katlar\u0131n yerini de\u011fi\u015ftirdik vs gibi birka\u00e7 soruya yan\u0131t aramam gerekiyor.<\/p>\n<p>Do\u011fa\u2019daki bilgiler hikmetlerini, daha iyi anla\u015f\u0131ls\u0131n diye efsane, masal, hik\u00e2ye, vecize ve atas\u00f6zleriyle s\u00fcslerler. Yaz\u0131ma \u201c<strong>Bin Bir Gece Masallar\u0131<\/strong>\u201dndan bir al\u0131nt\u0131yla ba\u015flamam\u0131n nedeni burada gizlidir.<\/p>\n<p>Onlar hikmetli s\u00f6zleri kafiyeli s\u00f6ylemeye \u00f6nem verirler. \u00d6yle ki, bilim insanlar\u0131, do\u011fal bilimleri \u00f6\u011fretirken bile hikmetli ve kafiyeli s\u00f6zlerle iddialar\u0131n\u0131 savunmaya ve temellendirmeye gayret etmi\u015flerdir.<br \/>\nBu y\u00fczden Araplar, Allah\u2019\u0131n kendilerine b\u00f6yle bir \u00fcst\u00fcn kabiliyet bah\u015fetti\u011fine inanm\u0131\u015flard\u0131r. Bunun haricinde d\u00f6rt hususta Allah\u2019\u0131n kendilerini di\u011fer halklara \u00fcst\u00fcn k\u0131ld\u0131\u011f\u0131n\u0131 savunurlar.<\/p>\n<p>Birincisi <strong>t\u00fcrban<\/strong> ki, krallar\u0131n ta\u00e7lar\u0131ndan daha \u00e7ok kendilerine yak\u0131\u015ft\u0131\u011f\u0131na ve s\u00fcsledi\u011fine inan\u0131rlar. \u0130kincisi olarak <strong>\u00e7ad\u0131r kurma<\/strong> kabiliyeti. Araplar, kendi \u00e7ad\u0131rlar\u0131n\u0131n fevkalade mimari eserlerden ve binalardan daha g\u00fczel g\u00f6r\u00fcnd\u00fc\u011f\u00fcne inan\u0131rlar.<\/p>\n<p>Araplar, <strong>k\u0131l\u0131\u00e7 yapmay\u0131<\/strong> da \u00e7ok \u00f6nemserler. Birer sanat eseri olan k\u0131l\u0131\u00e7lar\u0131n\u0131n kendilerini, muhkem kalelerden ve hisarlardan daha iyi koruduklar\u0131n\u0131 iddia ederler. Ve son olarak <strong>\u015fiir<\/strong> konusunda a\u015f\u0131lamaz olduklar\u0131n\u0131, kendi \u015fiirlerinin ba\u015fka halklar\u0131n t\u00fcm yaz\u0131lar\u0131ndan ve kitaplar\u0131ndan \u00fcst\u00fcn oldu\u011funu iddia ederler.<\/p><div id=\"bghab-658752477\" class=\"bghab-icerik-icine-20-paragraf bghab-entity-placement\"><script async src=\"\/\/pagead2.googlesyndication.com\/pagead\/js\/adsbygoogle.js?client=ca-pub-6203283170189293\" crossorigin=\"anonymous\"><\/script><ins class=\"adsbygoogle\" style=\"display:block; text-align:center;\" data-ad-client=\"ca-pub-6203283170189293\" \ndata-ad-slot=\"7303146466\" \ndata-ad-layout=\"in-article\"\ndata-ad-format=\"fluid\" data-full-width-responsive=\"true\"><\/ins>\n<script> \n(adsbygoogle = window.adsbygoogle || []).push({}); \n<\/script>\n<\/div>\n<p>D\u00fcnya g\u00f6r\u00fc\u015f\u00fcn\u00fc belle\u011fine \u00e7izip Arap\u2019lar\u0131n kutsal say\u0131p \u00f6v\u00fcnd\u00fckleri de\u011ferleri Anadolu\u2019ya, Rumeli\u2019ye ve Bat\u0131\u2019ya ta\u015f\u0131yanlara \u00f6nderlik eden, t\u00fcrban\u0131 bin bir renkli ba\u015f \u00f6rg\u00fcs\u00fcyle de\u011fi\u015ftiren; \u00e7ad\u0131rlar\u0131n yerine saraylar, k\u00f6\u015fkler, cami, medrese, hamamlar ve k\u00f6pr\u00fcler yapan; k\u0131l\u0131\u00e7\u0131 -ate\u015fli silah, topu- t\u00fcfekle de\u011fi\u015ftiren; \u00a0Arap \u015fiirini, Divan \u015fiiriyle, tasavvufla, Arap m\u00fczi\u011fini y\u00fczlerce yeni makam ve ritimle zenginle\u015ftiren ve Bat\u0131\u2019ya yeni bir uygarl\u0131k olarak ta\u015f\u0131yan kim? Biz T\u00fcrklerizdir.<\/p>\n<p>Bu bir toplumsal \u00f6nderliktir. Pek tabi ki bu evrim ve devrimler, sosyal gerekler Alpaslan, Sultan Mehmet, Atat\u00fcrk ve Say\u0131n Recep Tayyip Erdo\u011fan gibi ulusal ve uluslararas\u0131 liderlerin \u00f6nc\u00fcl\u00fc\u011f\u00fcnde ger\u00e7ekle\u015fmi\u015ftir.<\/p>\n<p>Bu bak\u0131ma T\u00fcrk milletinin liderlik gelenekleri ba\u015fka hi\u00e7bir halkta rastlanmayacak kadar zengin ve erdemlidir. Bu anlamda \u00f6ze sad\u0131k kalarak \u015fekilsel de\u011fi\u015fikliklerle kendilerinin yeti\u015ftirdikleri liderlerin \u00f6nderli\u011finde tarihi bug\u00fcnlere ta\u015f\u0131yan bin y\u0131ll\u0131k ser\u00fcveni ger\u00e7ekle\u015ftiren de T\u00fcrklerin ta kendisidir. Bu istidad\u0131n i\u00e7inde belirleyici olan T\u00fcrklerin devlet kurma becerisi ba\u015fta gelir. Bu bak\u0131ma 2018 y\u0131l\u0131 \u00e7ok anlaml\u0131d\u0131r. Say\u0131n Recep TAYY\u0130P ERDO\u011eAN liderli\u011finde T\u00fcrkiye Cumhuriyeti devlet sistemi \u00e7ok partili parlamenter d\u00fczen i\u00e7inde BA\u015eKANLIK S\u0130STEM\u0130NE y\u00fckseltilmi\u015ftir.<\/p>\n<p>***<\/p>\n<p>\u0130nsan topumdan \u00f6nce, ama toplum yaratmak i\u00e7in d\u00fcnyaya gelmi\u015f olabilir. Toplumsal olaylar\u0131n y\u00f6nlendirilebilir olmas\u0131 da toplumun kendi i\u00e7inden liderler sivrilmesini zorunlu k\u0131lm\u0131\u015ft\u0131r.<\/p><div id=\"bghab-949521538\" class=\"bghab-icerik-icine-25-paragraf bghab-entity-placement\"><script async src=\"\/\/pagead2.googlesyndication.com\/pagead\/js\/adsbygoogle.js?client=ca-pub-6203283170189293\" crossorigin=\"anonymous\"><\/script><ins class=\"adsbygoogle\" style=\"display:block; text-align:center;\" data-ad-client=\"ca-pub-6203283170189293\" \ndata-ad-slot=\"7303146466\" \ndata-ad-layout=\"in-article\"\ndata-ad-format=\"fluid\" data-full-width-responsive=\"true\"><\/ins>\n<script> \n(adsbygoogle = window.adsbygoogle || []).push({}); \n<\/script>\n<\/div>\n<p><strong>Lider, zeki olu\u015fu ve cesaretiyle \u00f6nc\u00fcd\u00fcr.<\/strong><\/p>\n<p>\u0130yilikseverli\u011fi, sab\u0131rl\u0131 olu\u015fu ve at\u0131lganl\u0131\u011f\u0131 ikinci s\u0131rada gelir. Ne var ki her duruma, olay\u0131n g\u00f6rkemine ve zaman kesimine g\u00f6re bunlar de\u011fi\u015fir. \u201c<strong>Su testisi su yolunda k\u0131r\u0131l\u0131r<\/strong>\u201d atas\u00f6z\u00fcm\u00fcz bu durumlar i\u00e7in s\u00f6ylenmi\u015ftir. Suya giden, ta\u015flar aras\u0131nda suyun s\u0131\u011fl\u0131\u011f\u0131n\u0131 dikkate almadan, testiyi sallay\u0131p suya bat\u0131r\u0131rsa k\u0131rar. Dereyi g\u00f6rmeden pa\u00e7ay\u0131 s\u0131vama. Ak\u0131ll\u0131 olan dereyi g\u00f6rdu\u011funde derin de\u011filse daha ufak uygun bir kap ile su al\u0131p testiyi doldurur\u2026<\/p>\n<p>\u0130slam k\u00fclt\u00fcr ve uygarl\u0131\u011f\u0131n\u0131n Orta\u00e7a\u011fda Bat\u0131 k\u00fclt\u00fcr ve uygarl\u0131\u011f\u0131ndan \u00e7ok daha ileri ve \u00fcst\u00fcn olmas\u0131 ve 1071\u2019de Malazgirt\u2019ten ba\u015flayarak bu iki uygarl\u0131\u011f\u0131n giderek yer de\u011fi\u015ftirmesi gere\u011fi, bir\u00e7ok dev dev \u0130slam liderleri do\u011furmu\u015ftur.<\/p>\n<p>Yeni ruh ufuklar\u0131na i\u015faret etme ustal\u0131\u011f\u0131yla \u00fcnl\u00fc ulusal \u015fairimiz Yahya Kemal 1029-1072 y\u0131llar\u0131 aras\u0131nda ya\u015fayan ve sava\u015fan B\u00fcy\u00fck Sel\u00e7uklu Devleti Sultan\u0131 Alpaslan\u2019\u0131 \u201c<strong>Alpaslan\u2019\u0131n Ruhuna Gazel<\/strong>\u201dinde bir lider olarak anlatt\u0131.<\/p>\n<p>Bu liderlik T\u00fcrklere a\u015famal\u0131 ak\u0131nlarla ana-vatan\u0131 fethetme stratejisini getirdi. Bu strateji g\u00f6kten g\u00f6nderilmedi, insan zek\u00e2s\u0131 bilgeli\u011fi olarak uyguland\u0131. \u00a0Horasan Devleti\u2019nden gelen Alpaslan devlet kararlar\u0131n\u0131 kademe kademe uygularken git gide \u00a0bir \u00f6nder haline gelmi\u015fti. Sel\u00e7uklular\u0131n ba\u015far\u0131s\u0131 b\u00f6yle uzun vadeli bir stratejinin de\u011fi\u015fen taktiklerle uygulanmas\u0131n\u0131n neticesidir. Bu liderli\u011fin \u00e7ok \u00f6nemli \u00e7izgilerinden biri dinde ve halk aras\u0131nda birli\u011fi sa\u011flamas\u0131d\u0131r. T\u00fcrk zaferlerinin temelinde yer alan bu erdem, bir deneyimdir ve asla unutulmamal\u0131d\u0131r. T\u00fcrk birli\u011fini par\u00e7alamak d\u00fc\u015fman i\u00e7in \u00e7al\u0131\u015fmak anlam\u0131na gelir.<\/p><div id=\"bghab-1009521816\" class=\"bghab-icerik-icine-30-paragraf bghab-entity-placement\"><script async src=\"\/\/pagead2.googlesyndication.com\/pagead\/js\/adsbygoogle.js?client=ca-pub-6203283170189293\" crossorigin=\"anonymous\"><\/script><ins class=\"adsbygoogle\" style=\"display:block; text-align:center;\" data-ad-client=\"ca-pub-6203283170189293\" \ndata-ad-slot=\"7303146466\" \ndata-ad-layout=\"in-article\"\ndata-ad-format=\"fluid\" data-full-width-responsive=\"true\"><\/ins>\n<script> \n(adsbygoogle = window.adsbygoogle || []).push({}); \n<\/script>\n<\/div>\n<p>\u015eu da var: Fetihler bir z\u00fcmrenin refah\u0131 i\u00e7in yap\u0131lmam\u0131\u015f, b\u00fct\u00fcn T\u00fcrk ve M\u00fcsl\u00fcmanlar\u0131n hepsine ana-vatan a\u00e7\u0131lmas\u0131, bu vatan\u0131n asla geri al\u0131nmaz, k\u00fc\u00e7\u00fclt\u00fclemez, k\u0131rp\u0131lamaz, hediye edilemez, T\u00fcrkl\u00fck kalesi olmas\u0131 i\u00e7in ger\u00e7ekle\u015ftirilmi\u015ftir. Bu asla unutulmamal\u0131d\u0131r.<\/p>\n<p>Anavatan topra\u011f\u0131m\u0131z\u0131n Tu\u011frul Beyin, Alpaslan\u2019\u0131n ve di\u011fer Sultanlar\u0131n y\u00f6netimi alt\u0131nda elde edildi\u011fi i\u00e7in, onlar bizim B\u00fcy\u00fck Liderlerimizden biridir.<\/p>\n<p>19.ve 20. y.Y\u0131llarda Osmanl\u0131\u2019n\u0131n Balkan bozgunlar\u0131ndan sonra s\u0131k\u0131\u015ft\u0131r\u0131l\u0131p g\u00f6\u00e7e zorlanan M\u00fcsl\u00fcmanlar, hi\u00e7 birinin etnik kimli\u011fine bak\u0131lmaks\u0131z\u0131n T\u00fcrkl\u00fck Kalesi Anadolu\u2019ya \u2013 T\u00fcrkiye Cumhuriyeti\u2019ne \u2013 s\u0131\u011f\u0131nmak zorunda kalm\u0131\u015flard\u0131r.<\/p>\n<p>20. Y\u00fczy\u0131l\u0131n sonunda ve 21 y\u00fczy\u0131l\u0131n ba\u015f\u0131nda \u201c<strong>Arap Bahar\u0131<\/strong>\u201d ate\u015fine d\u00fc\u015fen Akdeniz k\u0131y\u0131 devletlerinde ya\u015fayan M\u00fcsl\u00fcman karde\u015flerimiz, Suriyeli ter\u00f6r ve sava\u015f ma\u011fdurlar\u0131na, daha \u00f6nce Kerk\u00fck ve Musul\u2019dan gelenlere vs vs a\u00e7\u0131lan kap\u0131lar ana-vatan kap\u0131s\u0131d\u0131r. Ana-vatan T\u00fcrklerin, M\u00fcsl\u00fcman karde\u015flerimizin ortak yurdudur. G\u00fcn\u00fcm\u00fczde de Suriye\u2019den misafir etti\u011fimiz 4 milyon karde\u015fimizle bu ortak nimetimizi payla\u015f\u0131yoruz.<\/p>\n<p>Biz bug\u00fcn Devlet Ba\u015fkan\u0131m\u0131z Say\u0131n Recep Tayyip ERDO\u011eAN\u2019A B\u00fcy\u00fck Yeni T\u00fcrkiye lideri diyorsak, T\u00fcrkiye\u2019yi, Balkan ve Orta Do\u011fu T\u00fcrkl\u00fc\u011f\u00fcn\u00fc, \u0130slam D\u00fcnyas\u0131\u2019n\u0131 B\u00fcy\u00fck Sel\u00e7uk Devleti\u2019nin kurucusu Sultan Tu\u011frul Bey, Bizans\u2019\u0131 Malazgirt\u2019te (1071) dize getiren ve ilk kez olmak \u00fczere T\u00fcrk Sel\u00e7uklu Devletine ba\u011flayan Sultan Alpaslan\u2019\u0131n belirledi\u011fi yolca ilerledi\u011fi, bu yoldan sapmadan, Atat\u00fcrk\u2019\u00fcn ba\u011f\u0131ms\u0131zl\u0131k, egemenlik ve istiklal ilkelerine ba\u011fl\u0131 kald\u0131\u011f\u0131 ve y\u00fccelmemizi sa\u011flad\u0131\u011f\u0131 i\u00e7indir. Liderlerin k\u00fc\u00e7\u00fck hedefleri olmaz olamaz.<\/p><div id=\"bghab-40949844\" class=\"bghab-icerik-icine-35-paragraf bghab-entity-placement\"><script async src=\"\/\/pagead2.googlesyndication.com\/pagead\/js\/adsbygoogle.js?client=ca-pub-6203283170189293\" crossorigin=\"anonymous\"><\/script><ins class=\"adsbygoogle\" style=\"display:block; text-align:center;\" data-ad-client=\"ca-pub-6203283170189293\" \ndata-ad-slot=\"7303146466\" \ndata-ad-layout=\"in-article\"\ndata-ad-format=\"fluid\" data-full-width-responsive=\"true\"><\/ins>\n<script> \n(adsbygoogle = window.adsbygoogle || []).push({}); \n<\/script>\n<\/div>\n<p><strong>\u00c7\u00fcnk\u00fc d\u00fc\u015fman ayn\u0131 d\u00fc\u015fmand\u0131r.<\/strong><\/p>\n<p>G\u00fcn\u00fcm\u00fczde, PKK, DEA\u015e, PYD sald\u0131r\u0131lar\u0131nda, i\u00e7te ve d\u0131\u015fta tuzaklara, 16 Temmuz 2016 FETO al\u00e7ak darbe denemesine, pe\u015fince gelen hain tuzak ve pusulalara, g\u00fcncel papaz senaryolar\u0131na, ambargolara, dalgal\u0131 d\u00f6viz kurlar\u0131na, kredilendirme notlar\u0131na, g\u00fcven ibresine vs vs son hesapta bizi k\u00f6le etmek isteyen d\u00fc\u015fman nefes almaya devam ediyor. G\u00fcney Do\u011fu\u2019da kar\u015f\u0131m\u0131za 4 bin TIR ve 1000 u\u00e7ak dolusu silah depolayan d\u00fc\u015fman 900 y\u0131l sonra ikinci bir Malazgirt y\u00fczle\u015fmesi heves ve kurgusuyla ya\u015f\u0131yor.<\/p>\n<p>T\u00fcrk \u0130slam sentezini o zaman dize getiremeyi\u015fleri yenir yutulur bir yenilgi de\u011fildir. Hele \u015fu an 1960\u2019l\u0131 y\u0131llardan beri haz\u0131rl\u0131k i\u00e7inde olduklar\u0131 FETO komplosu karaya oturunca, t\u00fcm umutlar\u0131n\u0131n alabora olmas\u0131 dinecek bir s\u0131z\u0131 de\u011fildir.<\/p>\n<p>Bu c\u00fcmleden olmak \u00fczere, tek mihveri (kutbu) Amerika olan d\u00fcnyan\u0131n \u00e7at\u0131rdamas\u0131 ve 2 ya da 3 mihverli yeni bir k\u00fcresel dengenin T\u00fcrkiye Cumhuriyeti ve Say\u0131n Devlet Ba\u015fkan\u0131m\u0131z Recep Tayyip ERDO\u011eAN olmadan ger\u00e7ekle\u015ftirilememesi hazmedilebilir bir durum de\u011fildir.<\/p>\n<p>Bir nitelikten daha y\u00fcksek yeni bir niteli\u011fe ge\u00e7i\u015f \u2013 T\u00fcrkiye\u2019de tek partiliden \u00e7ok partiliye ve ard\u0131ndan da demokratik Devlet Ba\u015fkanl\u0131\u011f\u0131 Sistemine ba\u015far\u0131l\u0131 ve sars\u0131nt\u0131s\u0131z ge\u00e7i\u015fi \u2013 yenir yutulur ve hazmedilebilir bir olay de\u011fildir. Yeni d\u00fcnyan\u0131n iki mihverinden birinin bayrak g\u00f6nderleri T\u00fcrkiye Cumhuriyeti olmas\u0131, ulusall\u0131ktan b\u00f6lgeselcili\u011fe b\u00fcy\u00fcyen devletimizin, yeni toprak fetihleri yoluyla de\u011fil, 21. Y\u00fczy\u0131lda insanlar\u0131n g\u00f6nl\u00fcn\u00fc kazanarak, ad\u0131 \u00e7ekim g\u00fcc\u00fc olan halklar\u0131 etraf\u0131nda birle\u015ftirme, i\u00e7ine alma ve kendine d\u00e2hil etme yoluyla yeni bir y\u00fcceli\u015fe yepyeni bir devinime ve evrime tan\u0131k oluyoruz. T\u00fcrkiye&#8217;nin yaln\u0131z g\u00f6lgesi de\u011fil, yapt\u0131r\u0131m g\u00fcc\u00fc de b\u00fcy\u00fcyor.<\/p><div id=\"bghab-600826312\" class=\"bghab-icerik-icine-40-paragraf bghab-entity-placement\"><script async src=\"\/\/pagead2.googlesyndication.com\/pagead\/js\/adsbygoogle.js?client=ca-pub-6203283170189293\" crossorigin=\"anonymous\"><\/script><ins class=\"adsbygoogle\" style=\"display:block; text-align:center;\" data-ad-client=\"ca-pub-6203283170189293\" \ndata-ad-slot=\"7303146466\" \ndata-ad-layout=\"in-article\"\ndata-ad-format=\"fluid\" data-full-width-responsive=\"true\"><\/ins>\n<script> \n(adsbygoogle = window.adsbygoogle || []).push({}); \n<\/script>\n<\/div>\n<p>Olaya bu kadar derinden girme nedenlerinden biri, g\u00fcn\u00fcm\u00fczde hakiki lidersiz kalan Bulgaristan T\u00fcrk ve M\u00fcsl\u00fcmanlar\u0131n\u0131n hala maskeli liderler taraf\u0131ndan y\u00f6netilmeye, temsil edilmeye devam edilmesidir. Ve bu maskeli kuklalar\u0131n ulusal ve uluslararas\u0131 sahnede foto\u011fraf \u00e7ektirmeye, kadeh kald\u0131rmaya ve gasp ettikleri temsil hakk\u0131n\u0131 kullanarak, imza atmaya, para almaya, anlams\u0131z konu\u015fmaya devam etmesidir.<\/p>\n<p><strong>Bu temsilcilerin birisi olan Ahmet Do\u011fan, Bin Bir Gece Masallar\u0131n\u0131 ve Goethe\u2019yi okumadan girdi sosyal ya\u015fama\u2026<\/strong><\/p>\n<p>Zaman de\u011fi\u015fti, yaratan\u0131n sayfas\u0131 kapand\u0131, \u201cDS\u201d telsizinden gelen vahilere g\u00f6re idare y\u00f6ntemleri uyguluyor. T\u00fcrkiye\u2019deki soyda\u015flar\u0131m\u0131zdan ve Bulgaristan\u2019da ya\u015fayan M\u00fcsl\u00fcmanlardan \u201c<strong>gak<\/strong>\u201d dedik\u00e7e bir par\u00e7a et yani <strong>OY<\/strong> istiyor. Oy paralar\u0131n\u0131 da kendisi at\u0131p \u201c<strong>saray<\/strong>\u201d kotras\u0131nda ya\u015f\u0131yor ve k\u00f6t\u00fc ya\u015fayanlardan uzakla\u015ft\u0131k\u00e7a onlar\u0131n dayan\u0131lmaz dertlerini unuttu\u011funa, iniltilerini i\u015fitmez oldu\u011funa ve herkes cahil oldu\u011fundan kimseden mektup da almad\u0131\u011f\u0131na sanki seviniyor.<\/p>\n<p>Bir g\u00fcn sakall\u0131 ve bir g\u00fcn de sakals\u0131z resim merakl\u0131s\u0131 bir ba\u015fka \u201c<strong>lider<\/strong>\u201d heveslisi daha var. Onu H\u00d6H batakl\u0131\u011f\u0131ndan \u00e7\u0131kar\u0131p lider asfalt\u0131na \u00e7\u0131karmaya \u00e7al\u0131\u015fan DS \u00e7ok zahmet \u00e7ekti. Hevesliler ba\u015f\u0131 ma\u011fdur havalar\u0131na girmi\u015f. Ankara\u2019ya gidiyor kar\u015f\u0131layan yok.<\/p>\n<p>Kendisine \u201c<strong>lider<\/strong>\u201d havas\u0131 ve s\u00fcs\u00fc veren, bilinmeyen ki\u015filer taraf\u0131ndan siyasetin katran kazan\u0131na itilmi\u015f oldu\u011funu art\u0131k unutan ve kaynayan katran kazandan \u00e7\u0131kmak isteyen karde\u015flerimizin her birini 2016\u2019dan beri dibe \u00e7eken bu \u201c<strong>k\u0131y\u0131m\u0131n yeni lideri<\/strong>\u201d gen\u00e7 kadrolara g\u00f6z dikmi\u015f. Etraf\u0131nda gen\u00e7 ve do\u011fru d\u00fcr\u00fcst T\u00fcrk\u00e7e konu\u015fan kimseyi istemez olmu\u015f.<\/p><div id=\"bghab-2335277208\" class=\"bghab-icerik-icine-45-paragraf bghab-entity-placement\"><script async src=\"\/\/pagead2.googlesyndication.com\/pagead\/js\/adsbygoogle.js?client=ca-pub-6203283170189293\" crossorigin=\"anonymous\"><\/script><ins class=\"adsbygoogle\" style=\"display:block; text-align:center;\" data-ad-client=\"ca-pub-6203283170189293\" \ndata-ad-slot=\"7303146466\" \ndata-ad-layout=\"in-article\"\ndata-ad-format=\"fluid\" data-full-width-responsive=\"true\"><\/ins>\n<script> \n(adsbygoogle = window.adsbygoogle || []).push({}); \n<\/script>\n<\/div>\n<p><strong>Y\u0131llardan beri gayretlerimiz hep bo\u015funa gitti. <\/strong><\/p>\n<p>Ger\u00e7ek liderleri yaratan sosyal, ekonomik ve siyasal olaylar\u0131n kendisidir, halk kitleleridir diye anlatmaya \u00e7al\u0131\u015ft\u0131k. Anlatt\u0131k da anlayan olmad\u0131. Bizdeki \u201cLiderlik Kitaplar\u0131\u201d eski kavramlarla yaz\u0131lm\u0131\u015f. \u00d6rne\u011fin kopye edilen lider, tepeden inen lider, yedirip i\u00e7irdi\u011fi i\u00e7in y\u00fckseltilen lider ve bir de gizli ipleri \u00e7ekilerek y\u00fckseltilen lider gibi kavramlar var.<\/p>\n<p>L\u00fctfi Mestan H\u00d6H partisinden tekme tokat at\u0131lan lider kapsam\u0131na giriyor. \u00c7atlak karpuzu kimse almaz ama ona sahip \u00e7\u0131kanlar oldu i\u015fte\u2026<\/p>\n<p>L\u00fctfi Mestan toplumun y\u00fck\u00fcn\u00fc ta\u015f\u0131mad\u0131 bunu herkes g\u00f6rd\u00fc. Y\u00f6netti\u011fi partinin \u00f6nc\u00fc ekibinden olan ve onunla birlikte Ankara\u2019ya davet edilen \u00f6teki g\u00f6zde konuklardan ayr\u0131 durdu, salonda ayr\u0131 s\u0131rada oturdu, ayr\u0131 masalarda yemek yediler, \u00e7ay sohbetlerini farkl\u0131 ki\u015filerle yapt\u0131lar.<\/p>\n<p><strong>Ankara\u2019n\u0131n L. Mestan\u2019dan beklentileri ne olabilir?<\/strong><\/p><div id=\"bghab-4013031254\" class=\"bghab-icerik-icine-50-paragraf bghab-entity-placement\"><script async src=\"\/\/pagead2.googlesyndication.com\/pagead\/js\/adsbygoogle.js?client=ca-pub-6203283170189293\" crossorigin=\"anonymous\"><\/script><ins class=\"adsbygoogle\" style=\"display:block; text-align:center;\" data-ad-client=\"ca-pub-6203283170189293\" \ndata-ad-slot=\"7303146466\" \ndata-ad-layout=\"in-article\"\ndata-ad-format=\"fluid\" data-full-width-responsive=\"true\"><\/ins>\n<script> \n(adsbygoogle = window.adsbygoogle || []).push({}); \n<\/script>\n<\/div>\n<p>Bu konuyu e\u015felemek istemiyorum. \u00c7\u00fcnk\u00fc \u00f6mr\u00fcnde birka\u00e7 ay \u00f6\u011fretmenlikten ba\u015fka hi\u00e7bir i\u015f tutmam\u0131\u015f bir ki\u015fiden emeklilik \u00f6ncesi \u00fcmitlenmek yanl\u0131\u015f olur.<\/p>\n<p>Bu olaylar bize L. Mestan\u2019\u0131n 18 y\u0131l Hak ve \u00d6zg\u00fcrl\u00fck Partisinden milletvekili oldu\u011fu y\u0131llarda bir ceviz kabu\u011fu dolduracak i\u015f yapmad\u0131\u011f\u0131n\u0131 da hat\u0131rlatt\u0131.<\/p>\n<p><strong>Biz yaz\u0131lar\u0131m\u0131zda y\u0131llardan beri lider vas\u0131flar\u0131na de\u011ferlendirdik.<\/strong><\/p>\n<p>Bulgaristan M\u00fcsl\u00fcmanlar\u0131n\u0131n hak ve \u00f6zg\u00fcrl\u00fck, demokrasi ve adalet, vatanda\u015f toplumu kurma ve etniklerin de devlette temsil edilmesi, anadilimizle, din ve geleneklerimizden su alan k\u00fclt\u00fcr\u00fcm\u00fcz\u00fcn ya\u015fatmay\u0131 hedefleyen davam\u0131za sad\u0131k kadrolar\u0131 a\u011f\u0131r ta\u015flar\u0131 aras\u0131nda \u00f6\u011f\u00fct\u00fcp ruhlar\u0131n\u0131 r\u00fczg\u00e2rl\u0131 bir havada savuran bir yel de\u011firmeni olarak ve daha de\u011fi\u015fik bi\u00e7imlerde yazd\u0131k ve anlatt\u0131k. Her liderin k\u0131blesi olur. A. Do\u011fan\u2019\u0131n k\u0131blesi Moskova hainli\u011fi oldu\u011funu defalarca kan\u0131tlad\u0131k. L\u00fctfi hangi Tanr\u0131ya dua etti\u011fini gizli tutuyor. Yak\u0131nd\u0131r ortaya \u00e7\u0131kar.<\/p>\n<p>\u0130zlemeye soyundu\u011fu siyasetlerin \u201c<strong>liberalizmin sa\u011f ve solundan<\/strong>\u201d, NATO\u2019culuktan, AB askeri \u00fcslerinin Bulgaristan\u2019a konu\u015flanmas\u0131na ve doland\u0131r\u0131c\u0131l\u0131k \u00e7ark\u0131yla d\u00f6nen Avrupa Birli\u011fi sofralar\u0131n\u0131n Bulgaristan\u2019da kalmas\u0131 taraftarl\u0131\u011f\u0131ndan \u015fa\u015fmayan L\u00fctfi Mestan, d\u00fcne kadar \u201c<strong>T\u00fcrkiye g\u00f6lgesi \u00e7ok serin<\/strong>\u201d derken, \u015fimdi bu g\u00f6lgeye boydan boya uzanm\u0131\u015f, tek ba\u015f\u0131na \u015fekerleme yapmaya hevesli g\u00f6r\u00fcn\u00fcyor.<\/p><div id=\"bghab-379649784\" class=\"bghab-icerik-icine-55-paragraf bghab-entity-placement\"><script async src=\"\/\/pagead2.googlesyndication.com\/pagead\/js\/adsbygoogle.js?client=ca-pub-6203283170189293\" crossorigin=\"anonymous\"><\/script><ins class=\"adsbygoogle\" style=\"display:block; text-align:center;\" data-ad-client=\"ca-pub-6203283170189293\" \ndata-ad-slot=\"7303146466\" \ndata-ad-layout=\"in-article\"\ndata-ad-format=\"fluid\" data-full-width-responsive=\"true\"><\/ins>\n<script> \n(adsbygoogle = window.adsbygoogle || []).push({}); \n<\/script>\n<\/div>\n<p>Son g\u00f6r\u00fc\u015fmelerden birinde \u201c<strong>yap\u0131lacak i\u015f g\u00f6remiyorum<\/strong>\u201d demi\u015f. Her karalamas\u0131nda \u201c<strong>Aslan\u0131n ensesi \u00f6zg\u00fcr oldu\u011fu i\u00e7in kal\u0131nd\u0131r<\/strong>\u201d tezini savunan \u015fairlerimizden Habil KURT bu defa \u015funlara i\u015faret etmi\u015f.<\/p>\n<p><strong>ZORUNLU G\u00d6\u00c7\u00dcN AB\u0130DES\u0130<\/strong><\/p>\n<p>Kabristan\u0131n tam eski taraf\u0131<br \/>\nDikili duruyor y\u0131llar y\u0131l\u0131<br \/>\nK\u00fc\u00e7\u00fck molozdan bir mezar ta\u015f\u0131&#8230;<br \/>\nHi\u00e7 bir yerinde de yok yaz\u0131s\u0131<\/p>\n<p>Sadece belli ac\u0131 yazg\u0131s\u0131;<br \/>\nBuralarda yaln\u0131zca kal\u0131\u015f\u0131.<br \/>\nSoru sual ettim: kimin nesi?<br \/>\n\u00c7ok tuhaft\u0131 verilen cevab\u0131&#8230;<\/p>\n<p>Zorlu g\u00f6\u00e7\u00fcn,en net abidesi!<br \/>\nZaten her haliyle de belliydi;<br \/>\nYosun b\u00fcr\u00fcm\u00fc\u015ft\u00fc her yerini&#8230;<br \/>\nBurada kalmam\u0131\u015ft\u0131 kimsesi!<\/p><div id=\"bghab-34502581\" class=\"bghab-icerik-icine-60-paragraf bghab-entity-placement\"><script async src=\"\/\/pagead2.googlesyndication.com\/pagead\/js\/adsbygoogle.js?client=ca-pub-6203283170189293\" crossorigin=\"anonymous\"><\/script><ins class=\"adsbygoogle\" style=\"display:block; text-align:center;\" data-ad-client=\"ca-pub-6203283170189293\" \ndata-ad-slot=\"7303146466\" \ndata-ad-layout=\"in-article\"\ndata-ad-format=\"fluid\" data-full-width-responsive=\"true\"><\/ins>\n<script> \n(adsbygoogle = window.adsbygoogle || []).push({}); \n<\/script>\n<\/div>\n<p><strong>Mestan\u2019\u0131n bu konu \u00fczerinde \u00e7al\u0131\u015fmas\u0131na ne dersiniz.\u00a0 Oy istemeden \u00f6nce duran hayat\u0131 canland\u0131rmak. Oy istemeden \u00f6nce \u015fehitlerimizin ruhunu ya\u015fatmak! Ve buna benzer konular. Belli oldu o anadil, okul, kitap gibi sorunlar\u0131 zaten \u00e7\u00f6zemeyecek\u2026<\/strong><\/p>\n<p><strong>Ne yaz\u0131k ki kurallar konurken, ayar\u0131 denk yap\u0131lmam\u0131\u015f!\u2026<\/strong><\/p>\n<p>\u00d6rne\u011fin Ahmet Do\u011fan\u2019\u0131n 1987 Pazarc\u0131k Hapishanesinden, Pa\u015fmakl\u0131 (Smolyan) \u00a0\u00e7aml\u0131\u011f\u0131ndaki Rus B\u00fcy\u00fckel\u00e7ili\u011fi da\u011f evinde ve s\u00f6zde \u201cdemokrasi\u201d d\u00f6neminde Devin \u201cSaray\u0131nda\u201d ve daha nice nice yerlerdeki g\u00f6r\u00fc\u015fmelerini hep alaca karanl\u0131kta ya da gece yar\u0131s\u0131ndan sonra, teke tek yapt\u0131. \u015eimdi de Kara Deniz\u2019deki k\u00f6\u015fk\u00fcnde iktidardaki fa\u015fistlerin g\u00f6z\u00fc k\u00f6r olas\u0131 \u015fefleriyle randevular\u0131n\u0131 zaman olarak gizli tutuyor. Bu, bir lider vasf\u0131 m\u0131d\u0131r bilinmez! \u00c7\u00fcnk\u00fc insanlar toplum i\u00e7inde ya\u015famak i\u00e7in do\u011fmu\u015ftur. Ya\u015fad\u0131k\u00e7a ayakta \u00f6len yaln\u0131z a\u011fa\u00e7lard\u0131r.<\/p>\n<p>Mestan doluya tutulmu\u015f tavuk gibi. 2 defad\u0131r Ankara\u2019da da t\u00fcneyecek bir yer bulam\u0131yor. Foto\u011fraflara dizdi\u011fi aziz ve k\u0131demli kadrolar\u0131n hepsi son imzas\u0131n\u0131 at\u0131p emekli olmu\u015f sayg\u0131n ki\u015filer. Kahve i\u00e7meyen, \u00e7ay\u0131n a\u00e7\u0131\u011f\u0131na kanat eden ki\u015filer\u2026<\/p>\n<p>\u0130\u015fte bu geli\u015fmeler Mestan\u2019\u0131n Bulgaristanl\u0131 T\u00fckler aras\u0131nda bir hareketlenmeyi temsil etmedi\u011fine kesin kan\u0131tt\u0131r.<\/p><div id=\"bghab-380389099\" class=\"bghab-icerik-icine-65-paragraf bghab-entity-placement\"><script async src=\"\/\/pagead2.googlesyndication.com\/pagead\/js\/adsbygoogle.js?client=ca-pub-6203283170189293\" crossorigin=\"anonymous\"><\/script><ins class=\"adsbygoogle\" style=\"display:block; text-align:center;\" data-ad-client=\"ca-pub-6203283170189293\" \ndata-ad-slot=\"7303146466\" \ndata-ad-layout=\"in-article\"\ndata-ad-format=\"fluid\" data-full-width-responsive=\"true\"><\/ins>\n<script> \n(adsbygoogle = window.adsbygoogle || []).push({}); \n<\/script>\n<\/div>\n<p>Karde\u015flerimiz aras\u0131nda H\u00d6H\u2019ten kopma e\u011fimi devam ediyor. Ayr\u0131lanlar DOST\u2019a kat\u0131lm\u0131yor. Halen sivil toplum \u00f6rg\u00fctlerinde bekliyorlar. Bulgaristan T\u00fcrkleri\u2019nin 2. Milli Kurultay\u0131 tart\u0131\u015f\u0131l\u0131yor. Bu bekleyi\u015f i\u00e7inde siyasi partilerin kurultayda yer almas\u0131 istenmiyor. Kimse k\u0131s\u0131r tohum ekmek istemiyor\u2026<\/p>\n<p>Birinci b\u00f6l\u00fcm\u00fcn sonu.<\/p>\n<p>Devam edecek.<\/p>\n<p>Bir zahmet payla\u015f\u0131n\u0131z.<\/p>\n<div id=\"bghab-334950110\" class=\"bghab-yazi-altinda bghab-entity-placement\"><div class=\"bghab-adlabel\">Reklamlar<\/div><script async src=\"https:\/\/pagead2.googlesyndication.com\/pagead\/js\/adsbygoogle.js\"><\/script>\r\n<!-- bghaber-yaz\u0131-sonu -->\r\n<ins class=\"adsbygoogle\"\r\n     style=\"display:block\"\r\n     data-ad-client=\"ca-pub-6203283170189293\"\r\n     data-ad-slot=\"4222328180\"\r\n     data-ad-format=\"auto\"\r\n     data-full-width-responsive=\"true\"><\/ins>\r\n<script>\r\n     (adsbygoogle = window.adsbygoogle || []).push({});\r\n<\/script><\/div><br style=\"clear: both; display: block; float: none;\"\/>","protected":false},"excerpt":{"rendered":"<p>Liderlik -1- Tarih: 22 A\u011fustos 2018 Yazan: Rafet ULUT\u00dcRK Konu: Aslan\u0131n ensesi \u00f6zg\u00fcr oldu\u011fu i\u00e7in kal\u0131nd\u0131r. Bin Bir Gece Masallar\u0131nda, Birinci Dervi\u015fin \u00d6yk\u00fcs\u00fcnde, Allah\u2019\u0131n emri<\/p>\n","protected":false},"author":13,"featured_media":18214,"comment_status":"closed","ping_status":"closed","sticky":false,"template":"","format":"standard","meta":{"advanced_seo_description":"","jetpack_seo_html_title":"","jetpack_seo_noindex":false,"_jetpack_memberships_contains_paid_content":false,"footnotes":""},"categories":[6],"tags":[],"class_list":["post-32125","post","type-post","status-publish","format-standard","has-post-thumbnail","hentry","category-yorum"],"jetpack_featured_media_url":"https:\/\/i0.wp.com\/www.bghaber.org\/bghaber\/wp-content\/uploads\/2016\/02\/rafet-r.jpg?fit=651%2C651&ssl=1","jetpack_sharing_enabled":true,"jetpack_likes_enabled":true,"jetpack-related-posts":[],"jetpack_shortlink":"https:\/\/wp.me\/pc2PfJ-8m9","_links":{"self":[{"href":"https:\/\/www.bghaber.org\/bghaber\/wp-json\/wp\/v2\/posts\/32125","targetHints":{"allow":["GET"]}}],"collection":[{"href":"https:\/\/www.bghaber.org\/bghaber\/wp-json\/wp\/v2\/posts"}],"about":[{"href":"https:\/\/www.bghaber.org\/bghaber\/wp-json\/wp\/v2\/types\/post"}],"author":[{"embeddable":true,"href":"https:\/\/www.bghaber.org\/bghaber\/wp-json\/wp\/v2\/users\/13"}],"replies":[{"embeddable":true,"href":"https:\/\/www.bghaber.org\/bghaber\/wp-json\/wp\/v2\/comments?post=32125"}],"version-history":[{"count":0,"href":"https:\/\/www.bghaber.org\/bghaber\/wp-json\/wp\/v2\/posts\/32125\/revisions"}],"wp:featuredmedia":[{"embeddable":true,"href":"https:\/\/www.bghaber.org\/bghaber\/wp-json\/wp\/v2\/media\/18214"}],"wp:attachment":[{"href":"https:\/\/www.bghaber.org\/bghaber\/wp-json\/wp\/v2\/media?parent=32125"}],"wp:term":[{"taxonomy":"category","embeddable":true,"href":"https:\/\/www.bghaber.org\/bghaber\/wp-json\/wp\/v2\/categories?post=32125"},{"taxonomy":"post_tag","embeddable":true,"href":"https:\/\/www.bghaber.org\/bghaber\/wp-json\/wp\/v2\/tags?post=32125"}],"curies":[{"name":"wp","href":"https:\/\/api.w.org\/{rel}","templated":true}]}}