{"id":32115,"date":"2018-08-23T20:33:45","date_gmt":"2018-08-23T17:33:45","guid":{"rendered":"http:\/\/www.bghaber.org\/bghaber\/?p=32115"},"modified":"2018-08-23T20:33:45","modified_gmt":"2018-08-23T17:33:45","slug":"gazi-kirci-alinin-kabri-turbe-oluyor","status":"publish","type":"post","link":"https:\/\/www.bghaber.org\/bghaber\/gazi-kirci-alinin-kabri-turbe-oluyor\/","title":{"rendered":"Gazi K\u0131rc\u0131 Ali\u2019nin kabri t\u00fcrbe oluyor"},"content":{"rendered":"<p><b>Bulgaristan&#8217;da T\u00fcrklerin en yo\u011fun ya\u015fad\u0131\u011f\u0131 yer olan K\u0131rcaali \u015fehrine ad\u0131n\u0131 veren Gazi K\u0131rc\u0131 Ali\u2019nin mezar\u0131 \u00fczerine t\u00fcrbe yap\u0131l\u0131yor.\u00a0<\/b><\/p>\n<p>K\u0131rcaali\u2019deki Merkez Camii avlusunda bulunan K\u0131rca Ali\u2019nin kabri, t\u00fcrbe haline getirilecek.<\/p>\n<p>K\u0131rcaali Belediyesi\u2019nin kay\u0131tlar\u0131nda Gazi K\u0131rc\u0131 Ali hakk\u0131nda \u015fu bilgiler yer al\u0131yor: \u201eK\u0131rca Ali hakk\u0131nda bir\u00e7ok efsane ve rivayet vard\u0131r. K\u0131rcaali \u015fehri ad\u0131n\u0131 ondan alm\u0131\u015ft\u0131r. Ya\u015fl\u0131lar K\u0131rca Ali&#8217;nin do\u011fum yerinin Buhara veya Konya vilayetinde bulunan sahil kasabas\u0131 Alanya oldu\u011funu iddia etmektedirler. Hicri takvime g\u00f6re 1310 (1892) y\u0131l\u0131na ait Edirne vilayeti Salnamesinden yap\u0131lan bir terc\u00fcmeye g\u00f6re Sultan Murad zaman\u0131nda (1360-1389) T\u00fcrkler Rodoplara K\u0131rca Ali komutas\u0131nda ak\u0131n etmi\u015ftir. K\u0131rc\u0131 Ali, bir \u00e7at\u0131\u015fmada \u015fehit d\u00fc\u015fm\u00fc\u015f ve \u015fehit d\u00fc\u015ft\u00fc\u011f\u00fc b\u00f6lgede olu\u015fan yerle\u015fim yerine deonun ad\u0131n\u0131 verilmi\u015f.\u201c<\/p>\n<p>K\u0131rcaali B\u00f6lge M\u00fcft\u00fcs\u00fc Beyhan Mehmed, Gazi K\u0131rc\u0131 Ali&#8217;ye yak\u0131\u015f\u0131r Osmanl\u0131 mimarisinde bir t\u00fcrbenin in\u015faa edilece\u011fini s\u00f6yledi.<\/p>\n<p>Ajans Bulgaristan<\/p><div id=\"bghab-2097070808\" class=\"bghab-icerik-icine bghab-entity-placement\"><script async src=\"\/\/pagead2.googlesyndication.com\/pagead\/js\/adsbygoogle.js?client=ca-pub-6203283170189293\" crossorigin=\"anonymous\"><\/script><ins class=\"adsbygoogle\" style=\"display:block; text-align:center;\" data-ad-client=\"ca-pub-6203283170189293\" \ndata-ad-slot=\"7303146466\" \ndata-ad-layout=\"in-article\"\ndata-ad-format=\"fluid\" data-full-width-responsive=\"true\"><\/ins>\n<script> \n(adsbygoogle = window.adsbygoogle || []).push({}); \n<\/script>\n<\/div>\n<p><img data-recalc-dims=\"1\" loading=\"lazy\" decoding=\"async\" class=\"\" src=\"https:\/\/i0.wp.com\/www.bghaber.org\/bghaber\/wp-content\/uploads\/2018\/08\/kj-turbe.jpg?resize=640%2C349\" width=\"640\" height=\"349\" \/><\/p>\n<div id=\"bghab-939497422\" class=\"bghab-yazi-altinda bghab-entity-placement\"><div class=\"bghab-adlabel\">Reklamlar<\/div><script async src=\"https:\/\/pagead2.googlesyndication.com\/pagead\/js\/adsbygoogle.js\"><\/script>\r\n<!-- bghaber-yaz\u0131-sonu -->\r\n<ins class=\"adsbygoogle\"\r\n     style=\"display:block\"\r\n     data-ad-client=\"ca-pub-6203283170189293\"\r\n     data-ad-slot=\"4222328180\"\r\n     data-ad-format=\"auto\"\r\n     data-full-width-responsive=\"true\"><\/ins>\r\n<script>\r\n     (adsbygoogle = window.adsbygoogle || []).push({});\r\n<\/script><\/div><br style=\"clear: both; display: block; float: none;\"\/>","protected":false},"excerpt":{"rendered":"<p>Bulgaristan&#8217;da T\u00fcrklerin en yo\u011fun ya\u015fad\u0131\u011f\u0131 yer olan K\u0131rcaali \u015fehrine ad\u0131n\u0131 veren Gazi K\u0131rc\u0131 Ali\u2019nin mezar\u0131 \u00fczerine t\u00fcrbe yap\u0131l\u0131yor.\u00a0 K\u0131rcaali\u2019deki Merkez Camii avlusunda bulunan K\u0131rca Ali\u2019nin<\/p>\n","protected":false},"author":13,"featured_media":32116,"comment_status":"closed","ping_status":"closed","sticky":false,"template":"","format":"standard","meta":{"advanced_seo_description":"","jetpack_seo_html_title":"","jetpack_seo_noindex":false,"_jetpack_memberships_contains_paid_content":false,"footnotes":""},"categories":[10],"tags":[],"class_list":["post-32115","post","type-post","status-publish","format-standard","has-post-thumbnail","hentry","category-kultur-sanat"],"jetpack_featured_media_url":"https:\/\/i0.wp.com\/www.bghaber.org\/bghaber\/wp-content\/uploads\/2018\/08\/kj-turbe.jpg?fit=580%2C316&ssl=1","jetpack_sharing_enabled":true,"jetpack_likes_enabled":true,"jetpack-related-posts":[],"jetpack_shortlink":"https:\/\/wp.me\/pc2PfJ-8lZ","_links":{"self":[{"href":"https:\/\/www.bghaber.org\/bghaber\/wp-json\/wp\/v2\/posts\/32115","targetHints":{"allow":["GET"]}}],"collection":[{"href":"https:\/\/www.bghaber.org\/bghaber\/wp-json\/wp\/v2\/posts"}],"about":[{"href":"https:\/\/www.bghaber.org\/bghaber\/wp-json\/wp\/v2\/types\/post"}],"author":[{"embeddable":true,"href":"https:\/\/www.bghaber.org\/bghaber\/wp-json\/wp\/v2\/users\/13"}],"replies":[{"embeddable":true,"href":"https:\/\/www.bghaber.org\/bghaber\/wp-json\/wp\/v2\/comments?post=32115"}],"version-history":[{"count":0,"href":"https:\/\/www.bghaber.org\/bghaber\/wp-json\/wp\/v2\/posts\/32115\/revisions"}],"wp:featuredmedia":[{"embeddable":true,"href":"https:\/\/www.bghaber.org\/bghaber\/wp-json\/wp\/v2\/media\/32116"}],"wp:attachment":[{"href":"https:\/\/www.bghaber.org\/bghaber\/wp-json\/wp\/v2\/media?parent=32115"}],"wp:term":[{"taxonomy":"category","embeddable":true,"href":"https:\/\/www.bghaber.org\/bghaber\/wp-json\/wp\/v2\/categories?post=32115"},{"taxonomy":"post_tag","embeddable":true,"href":"https:\/\/www.bghaber.org\/bghaber\/wp-json\/wp\/v2\/tags?post=32115"}],"curies":[{"name":"wp","href":"https:\/\/api.w.org\/{rel}","templated":true}]}}