{"id":32111,"date":"2018-08-21T22:59:42","date_gmt":"2018-08-21T19:59:42","guid":{"rendered":"http:\/\/www.bghaber.org\/bghaber\/?p=32111"},"modified":"2018-08-21T22:59:42","modified_gmt":"2018-08-21T19:59:42","slug":"dokuz-yuz-yil-900","status":"publish","type":"post","link":"https:\/\/www.bghaber.org\/bghaber\/dokuz-yuz-yil-900\/","title":{"rendered":"Dokuz Y\u00fcz Y\u0131l (900)"},"content":{"rendered":"<p>Tarih: 21 A\u011fustos 2018<\/p>\n<p>Yazan: \u0130brahim SOYT\u00dcRK<\/p>\n<p>Konu: <strong>Kayna\u011f\u0131ndan G\u00fc\u00e7 Alan Berrak Ser\u00fcven!<\/strong><strong>\u00a0\u00a0\u00a0\u00a0\u00a0\u00a0\u00a0\u00a0\u00a0\u00a0\u00a0\u00a0\u00a0\u00a0\u00a0\u00a0\u00a0\u00a0\u00a0\u00a0\u00a0\u00a0\u00a0\u00a0\u00a0\u00a0<\/strong><\/p>\n<p>Ge\u00e7 orta zamanda ve yeni zamanlardaki tarihsel maceram\u0131z Balkanlar\u2019da \u2013 Trakya ve Ege\u2019de ge\u00e7ti. \u00c7avdar ve nohut kahvesi ile ba\u015flad\u0131. Kahveli medeniyet do\u011fdu ve ya\u015famaya devam ediyor. \u00a0Bat\u0131 uygarl\u0131\u011f\u0131 k\u00f6p\u00fckl\u00fc kahveyi ve telvede fal bakmay\u0131 \u00f6\u011frenemedi. Be\u011fendi\u011fi her \u015feyin ad\u0131n\u0131 de\u011fi\u015ftirip \u00f6z\u00fcmsedi. Rengini, kokusunu ve tad\u0131n\u0131 bilmedi\u011fi \u201c<strong>Yemen kahvesine<\/strong>\u201d, \u201c<strong>Viyana Kahvesi<\/strong>\u201d dedi. Kanaya koydu \u201c<strong>Mocca<\/strong>\u201d, makinada s\u00fczd\u00fc \u201c<strong>Filtreli<\/strong>\u201d ekledi. \u015eekerli \u015fekersiz sonradan geldi. Bir par\u00e7a \u015feker \u00f6z\u00fcn\u00fc iki di\u015f aras\u0131na alma k\u00fclt\u00fcr\u00fcn\u00fc \u00f6\u011frenemedi gitti.<\/p>\n<p>T\u00fcrk \u0130slam k\u00fclt\u00fcr ve medeniyeti Rumeli\u2019ye e\u015feks\u0131rt\u0131nda gelmedi, s\u0131rtta ta\u015f\u0131yanlarca temsil edildi. Unutulmamal\u0131d\u0131r! Biz bu co\u011frafyada \u0130stanbul\u2019un fethinden \u00f6nce de vard\u0131k. Bu fetihle do\u011fan Yeni \u00c7a\u011f\u0131n yaratt\u0131\u011f\u0131 binlerce manevi eserde biz de vard\u0131z. \u0130slam\u2019\u0131n Balkanlar\u0131 fethetmesinde yer ald\u0131k. 100 makam ve 300 ritimle geldik. Olay\u0131n yank\u0131lanmas\u0131 devam ediyor. Ak\u0131nc\u0131 ve Moha\u00e7 t\u00fcrk\u00fcleri ya\u015f\u0131yor.<\/p><div id=\"bghab-2171133728\" class=\"bghab-icerik-icine bghab-entity-placement\"><script async src=\"\/\/pagead2.googlesyndication.com\/pagead\/js\/adsbygoogle.js?client=ca-pub-6203283170189293\" crossorigin=\"anonymous\"><\/script><ins class=\"adsbygoogle\" style=\"display:block; text-align:center;\" data-ad-client=\"ca-pub-6203283170189293\" \ndata-ad-slot=\"7303146466\" \ndata-ad-layout=\"in-article\"\ndata-ad-format=\"fluid\" data-full-width-responsive=\"true\"><\/ins>\n<script> \n(adsbygoogle = window.adsbygoogle || []).push({}); \n<\/script>\n<\/div>\n<p>As\u0131rlar \u00f6nce Avrupa\u2019ya akan ve Viyana Kalesi\u2019ne \u00e7arpan dalga geri d\u00f6nmek \u00fczeredir.\u00a0 Yukar\u0131 Tuna boyunda her g\u00fcn \u201c<strong>Kaffe Zeit<\/strong>\u201d \u2013 Kahve Vakti \u2013 geldi\u011finde fincan\u0131na bak\u0131p kabarc\u0131k sayanlar o dalgan\u0131n d\u00f6n\u00fc\u015f\u00fc hayaline \u00fcrperiyor.<\/p>\n<p>Uygarla\u015ft\u0131rma ser\u00fcvenimizin Bat\u0131 maceras\u0131nda 300 y\u0131ll\u0131k kahve huzuru bireyden ki\u015fi yaratan anlay\u0131\u015f\u0131n bi\u00e7imlendi\u011fi d\u00f6neme rastlan\u0131r. T\u00fcrk milleti olarak biz, \u0130slam medeniyetini yo\u011fururken i\u00e7ine kendi tuz, renk ve zevklerimizi de katabildi\u011fimiz inanc\u0131yla ya\u015f\u0131yoruz. \u00dcstelik Balkan \u0130nsan\u0131 Kimli\u011fi ve Bat\u0131 medeniyetini mayalay\u0131p bi\u00e7imlenmede \u00e7ok \u00f6nemli katk\u0131lar\u0131m\u0131z oldu\u011funa inan\u0131yoruz. Ve yine alt\u0131n\u0131 \u00e7izmeden ge\u00e7emeyece\u011fimiz, \u0130slam\u2019\u0131n ta\u015f\u0131y\u0131c\u0131s\u0131 olan T\u00fcrkl\u00fck Balkanlara derin k\u00f6kler salarak Bat\u0131ya do\u011fru uzan\u0131\u015f\u0131 ger\u00e7ekle\u015ftirmeseydi, bug\u00fcn yerel, ulusal, b\u00f6lgesel, k\u0131tasal ve k\u00fcresel tarihte g\u00fcndem olamazd\u0131k.<\/p>\n<p><strong>900 y\u0131ldan beri i\u00e7ti\u011fimiz suyun berrak kayna\u011f\u0131, B\u00fcy\u00fck Sel\u00e7uklu Devleti\u2019nin kurulmas\u0131 ve Hilafeti s\u00f6z\u00fc ge\u00e7er duruma getirmesiyle akmaya ba\u015flad\u0131.<\/strong> Yoluna bent \u00e7ekmek isteyen ge\u00e7mi\u015fi zengin, s\u0131n\u0131rlar\u0131 Balkanlar\u2019da Tuna\u2019ya, g\u00fcneyde Suriye\u2019ye dayanan Bizans 1071\u2019de Malazgirt\u2019te ezildi. 26 A\u011fustos 2018\u2019de y\u0131ld\u00f6n\u00fcm\u00fc kutlamalar\u0131 var. Olay\u0131n \u00f6nemi \u00fcst\u00fcne T\u00fcrkiye Cumhuriyeti Ba\u015fkan\u0131 Say\u0131n Recep Tayyip ERDO\u011eAN konu\u015facak.<\/p>\n<p>Ezilen (1071) \u2013 Bizans &#8211; \u00e7ok b\u00fcy\u00fck, tecr\u00fcbeli, azametli, lakin yorgun ve belki de \u015fevksiz ve heyecans\u0131zd\u0131. \u2013 Bu tespit, o zamanlar nargile fal\u0131na bakanlar\u0131n fokurday\u0131\u015f sesinden okuduklar\u0131yd\u0131.<\/p>\n<p>Malazgirt fetihten iki \u00f6nemli \u015fey do\u011fmu\u015ftur:<\/p><div id=\"bghab-2216938091\" class=\"bghab-icerik-icine-10-paragraf bghab-entity-placement\"><script async src=\"\/\/pagead2.googlesyndication.com\/pagead\/js\/adsbygoogle.js?client=ca-pub-6203283170189293\" crossorigin=\"anonymous\"><\/script><ins class=\"adsbygoogle\" style=\"display:block; text-align:center;\" data-ad-client=\"ca-pub-6203283170189293\" \ndata-ad-slot=\"7303146466\" \ndata-ad-layout=\"in-article\"\ndata-ad-format=\"fluid\" data-full-width-responsive=\"true\"><\/ins>\n<script> \n(adsbygoogle = window.adsbygoogle || []).push({}); \n<\/script>\n<\/div>\n<p>1) \u0130SLAM CO\u011eRAFYASINDA S\u0130YAS\u0130 B\u0130RL\u0130K<\/p>\n<p>2) BATI FETH\u0130 AKINI BA\u015eLAMI\u015eTIR.<\/p>\n<p>Fetih hareketinin as\u0131l hedefi, kitleler halinde Bat\u0131ya akan T\u00fcrkmen boylar\u0131n\u0131n yerle\u015fik d\u00fczene ge\u00e7ece\u011fi yerlere y\u00f6nelmesi oldu. Tarihin kon g\u00f6\u00e7 sayfas\u0131 kapand\u0131.\u00a0 Yeni co\u011frafyan\u0131n bir k\u0131sm\u0131 yol boyunca Anadolu ve yolun ucuna yay\u0131lm\u0131\u015f, bozk\u0131r\u0131n \u015fartlar\u0131yla mukayese edilemeyecek kadar zengin ve ya\u015famaya cazip imk\u00e2nlar bar\u0131nd\u0131ran Rumeli enginiydir. Ak\u0131nl\u0131 hareketlilik ve y\u0131\u011f\u0131lan birikim Bizans \u00fczerinde son derece b\u00fcy\u00fck bir bask\u0131 uyand\u0131rd\u0131. Zaman\u0131n\u0131 dolduran dev Bizans\u2019\u0131 y\u0131prad\u0131. O zaman Konstantinapol\u2019de T\u00fcrk Kahvesi kayma\u011f\u0131n\u0131n \u00f6zelli\u011fini hen\u00fcz bilmeseler de, tarihin \u00e7\u00f6k\u00fc\u015f\u00fc anlam\u0131nda kulland\u0131\u011f\u0131m\u0131z kaymak d\u00f6n\u00fc\u015f\u00fc, cezvenin \u00fczerinde art\u0131k bi\u00e7imlenmeye ba\u015flam\u0131\u015ft\u0131r.<\/p>\n<p>G\u00fcne\u015fin batt\u0131\u011f\u0131 yere y\u00f6nelen ak\u0131nc\u0131lar her zaman akarsu vadilerince ilerlediler. Sarp da\u011f ge\u00e7itlerinden ge\u00e7erek de \u00fcstlerine geri d\u00f6nd\u00fcler. \u00a0Esas ama\u00e7, fethe haz\u0131r hale getirilmek istenen b\u00f6lgelerdeki direni\u015f unsurlar\u0131n\u0131 yumu\u015fatmak ve oray\u0131 muntazam ordunun fethinden sonra anavatan edinerek yerle\u015febilecek ve ebediyen kal\u0131nacak bir yer haline getirmekti. Ak\u0131nlar ba\u015far\u0131l\u0131, her an olabilir nitelikteydi. D\u00fc\u015fman yava\u015f yava\u015f ama s\u00fcrekli bir \u015fekilde a\u015f\u0131nd\u0131r\u0131l\u0131yor, psikolojik g\u00fcc\u00fc ise T\u00fcrk ak\u0131nlar\u0131na kar\u015f\u0131 \u00fcmitsiz ve \u00e7aresiz bir noktaya do\u011fru itiliyordu. Sel\u00e7uklular\u0131n dev g\u00fcc\u00fc Do\u011fu\u2019da Bizans s\u0131n\u0131rlar\u0131n\u0131 her g\u00fcn biraz daha a\u015f\u0131nd\u0131r\u0131p a\u015f\u0131yordu.<\/p>\n<p>Zaman Sel\u00e7uklu ve Bizans aras\u0131ndaki nihai hesapla\u015fmaya do\u011fru s\u00fcratle ak\u0131yordu. Tarih 1071\u2019di. Bizans Ordusu Romanos Diogenes komutas\u0131nda Malazgirt Ovas\u0131nda Sel\u00e7uklu ordusunun kar\u015f\u0131s\u0131nda harp d\u00fczeni ald\u0131. Sel\u00e7uk ak\u0131nc\u0131lar\u0131n\u0131n Bizans k\u0131talar\u0131na ani bir sald\u0131r\u0131 yaparak T\u00fcrk as\u0131ll\u0131 askerleri sava\u015fta imparatorun yan\u0131nda olmaktan al\u0131koymas\u0131 ve Sel\u00e7uklu ordusuna kat\u0131lmaya ikna etmesi, cenk meydan\u0131nda durumu de\u011fi\u015ftirdi. 40 bin Kuman \u2013 Pe\u00e7enek T\u00fcrk Sel\u00e7uklu oldu. \u00a0Bu geli\u015fmeler Sel\u00e7uklu ordusunda b\u00fcy\u00fck bir sevin\u00e7 ve g\u00fcven, Bizans askerlerinde ise karamsarl\u0131k ve d\u00fc\u015f k\u0131r\u0131kl\u0131\u011f\u0131 yaratt\u0131. Bu sava\u015fta Diogenes esir oldu. Ancak 400 y\u0131l tarihi olan \u0130slam, Bizans \u0130mparatorunu kendine ba\u011flamay\u0131 ba\u015farm\u0131\u015ft\u0131. Yap\u0131lan Sel\u00e7uk-Bizans Antla\u015fmalara g\u00f6re Bizans devleti Sel\u00e7uk devletine tabi bir devlet haline geldi.<\/p><div id=\"bghab-2488271888\" class=\"bghab-icerik-icine-15-paragraf bghab-entity-placement\"><script async src=\"\/\/pagead2.googlesyndication.com\/pagead\/js\/adsbygoogle.js?client=ca-pub-6203283170189293\" crossorigin=\"anonymous\"><\/script><ins class=\"adsbygoogle\" style=\"display:block; text-align:center;\" data-ad-client=\"ca-pub-6203283170189293\" \ndata-ad-slot=\"7303146466\" \ndata-ad-layout=\"in-article\"\ndata-ad-format=\"fluid\" data-full-width-responsive=\"true\"><\/ins>\n<script> \n(adsbygoogle = window.adsbygoogle || []).push({}); \n<\/script>\n<\/div>\n<p>Bu tarihi sava\u015ftan sonra Sel\u00e7uklu \u0130slam k\u00fclt\u00fcr ve medeniyeti \u00f6nce Anadolu\u2019ya, ard\u0131ndan da ard\u0131ndan da Osmanl\u0131 d\u00f6neminde Rumeli\u2019ye b\u00fct\u00fcn kudretiyle yerle\u015fti. Malazgirt zaferine git gide d\u00f6n\u00fc\u015ferek b\u00fct\u00fcn Anadolu\u2019nun M\u00fcsl\u00fcmanla\u015fmas\u0131 da eklenmi\u015ftir. Olaylardan en \u00e7ok rahats\u0131z olan Roma Papas\u0131 oldu. M\u00fcsl\u00fcmanlar\u0131 Asya\u2019ya geri p\u00fcsk\u00fcrtmek i\u00e7in Avrupa Katoliklerini aya\u011fa kald\u0131rd\u0131. Daha sonra bu geli\u015fme \u0130slam d\u00fcnyas\u0131n\u0131n b\u00fct\u00fcn yeralt\u0131 ve yer \u00fcst\u00fc zenginliklerini ele ge\u00e7irmek \u015feklinde as\u0131rlarca devam etti ve ediyor.<\/p>\n<p>1096 ile 1120 y\u0131llar\u0131 aras\u0131nda Anadolu, Suriye ve Filistin \u00fczerine 8 Ha\u00e7l\u0131 Seferi d\u00fczenlendi. Bunlar\u0131n ilk d\u00f6rd\u00fc Anadolu \u00fczerinden karadan, di\u011ferleri ise Akdeniz \u00fczerinden ger\u00e7ekle\u015ftirilmi\u015ftir. \u0130lk seferler sonunda Antakya, Urfa ve Kud\u00fcs\u2019te 3 H\u0131ristiyan krall\u0131\u011f\u0131 kuruldu. Do\u011fu Akdeniz k\u0131y\u0131lar\u0131nda ve adalarda bir k\u0131s\u0131m arazi ha\u00e7l\u0131lara ge\u00e7ti. Anadolu\u2019dan ge\u00e7en Ha\u00e7l\u0131lar Sel\u00e7uklular\u0131n \u00e7ok \u00e7etin mukavemeti ile kar\u015f\u0131la\u015ft\u0131lar. B\u00fcy\u00fck kay\u0131plar verseler de Ha\u00e7l\u0131lar Filistin ve Suriye\u2019ye ula\u015fabildiler. Sert direni\u015fle kar\u015f\u0131la\u015fan Ha\u00e7l\u0131lar sonu\u00e7ta Orta Do\u011fuya yerle\u015femediler. Neticede \u0130slam D\u00fcnyas\u0131 bu sald\u0131r\u0131lar\u0131n hepsini ba\u015far\u0131yla p\u00fcsk\u00fcrtt\u00fc. Kurduklar\u0131 3 krall\u0131k uzun \u00f6m\u00fcrl\u00fc olmad\u0131.<\/p>\n<p>Ne var ki, Bizans ile Sel\u00e7uklular aras\u0131ndaki sava\u015flar bir as\u0131r daha devam etti. 1176\u2019da \u0130kinci K\u0131l\u0131\u00e7aslan Konstantinapol \u00fczerindeki Anadolu galibiyetini bir daha kesin zaferle sonu\u00e7land\u0131rd\u0131. B\u00f6ylece ve Ha\u00e7l\u0131lar\u0131n ve Bizans\u2019\u0131n T\u00fcrkleri yeniden Do\u011fu\u2019ya s\u00fcrme emelleri tamamen s\u00f6nerken, Bizans \u0130stanbul ve Marmara B\u00f6lgesine s\u0131k\u0131\u015fm\u0131\u015ft\u0131r. Bu zaferlerle T\u00fcrk hakanlar tarih de\u011fi\u015ftiren \u00e7ok \u00f6nemli d\u00f6n\u00fc\u015f\u00fcmlere imza att\u0131.<\/p>\n<p>Bu geli\u015fmeler sonucu yak\u0131n ve uzak halklar d\u00fcnyan\u0131n gelece\u011finin S\u00fcnni \u0130slam\u2019\u0131n zaferlerine ba\u011fl\u0131 oldu\u011funa inand\u0131 ve Sel\u00e7uklulardan sonra gelen Osmanl\u0131y\u0131 egemen olarak kabul etti ve tan\u0131d\u0131.\u00a0 Osman o\u011fullar\u0131 tarihsel geli\u015fmelerin ak\u0131\u015f\u0131n\u0131 \u015fu s\u00f6zlerle belirledi: \u201c<strong>Biz bu \u00fclkeleri silah kuvveti ile ald\u0131k. Bid\u2019at bilmeyen temiz M\u00fcsl\u00fcmanlar\u0131z. Bu sebeple Allah bizi aziz k\u0131ld\u0131.<\/strong>\u201d<\/p>\n<p>\u00d6zetlendi\u011finde biz T\u00fcrkler i\u00e7in Malazgirt\u2019ten sonra anavatan co\u011frafyam\u0131z Alpaslan taraf\u0131ndan a\u00e7\u0131lan topraklardad\u0131r. Nitekim bu topraklar\u0131n bize anavatan olabilmesi, Alpaslan ile ba\u015flar fakat onunla bitmez, uzun as\u0131rlara yay\u0131l\u0131, sab\u0131rl\u0131, kararl\u0131 ve birbiri ile uyumlu gayret ve \u00e7abalar\u0131n neticesidir. 1878\u2019den sonra biz Bulgaristan T\u00fcrklerinin Vatan m\u00fccadelesi yeni bir anlam kazand\u0131. Ata topra\u011f\u0131m\u0131za d\u00f6rt elle yeniden sar\u0131ld\u0131k. Her ta\u015f\u0131 ve her \u00e7\u00f6p\u00fc i\u00e7in yeniden kurbanlar verdik.<\/p><div id=\"bghab-3807094524\" class=\"bghab-icerik-icine-20-paragraf bghab-entity-placement\"><script async src=\"\/\/pagead2.googlesyndication.com\/pagead\/js\/adsbygoogle.js?client=ca-pub-6203283170189293\" crossorigin=\"anonymous\"><\/script><ins class=\"adsbygoogle\" style=\"display:block; text-align:center;\" data-ad-client=\"ca-pub-6203283170189293\" \ndata-ad-slot=\"7303146466\" \ndata-ad-layout=\"in-article\"\ndata-ad-format=\"fluid\" data-full-width-responsive=\"true\"><\/ins>\n<script> \n(adsbygoogle = window.adsbygoogle || []).push({}); \n<\/script>\n<\/div>\n<p><strong>Anadolu\u2019nun anavatan olmas\u0131!<\/strong><\/p>\n<p>Malazgirt\u2019ten sonra ele ge\u00e7irilen co\u011frafya daha ilk g\u00fcnden ba\u015ftanba\u015fa bir vatan olarak hissedilmi\u015ftir. Anavatan olarak kabul edilmi\u015ftir. Bizim temel duygumuz ve de\u011fi\u015fmeyen b\u00fcy\u00fck ger\u00e7ekli\u011fimiz de b\u00f6yle do\u011fmu\u015ftur. B\u00fcy\u00fck Sel\u00e7uklu ile ba\u015flayan, Anadolu Sel\u00e7uklular\u0131, Beylikler ve Osmano\u011fullar\u0131 ile devam eden s\u00fcrekli ve birbirinin devam\u0131 olan, biri di\u011ferini bozmayan kapsaml\u0131 faaliyetler silsilesinin eseridir Vatan! \u015e\u00fcphesiz ad\u0131 ge\u00e7en bu tarihsel d\u00f6nemlerde zafiyet ve istikrars\u0131zl\u0131klar ortaya \u00e7\u0131km\u0131\u015ft\u0131r, ama bunlar\u0131n her yerde ve her zaman g\u00f6r\u00fclen toplumun do\u011fal olaylar\u0131 oldu\u011fu unutulmamal\u0131d\u0131r. Ayn\u0131 d\u00f6nemde Anadolu\u2019da y\u00fcksek at\u0131l\u0131ml\u0131 bir geli\u015fim s\u00fcreci izlenmi\u015ftir. Bu at\u0131l\u0131mlar\u0131n birincisi Anadolu\u2019nun Ortodoks Bizans\u2019tan S\u00fcnni \u0130slam T\u00fcrk\u2019e d\u00f6n\u00fc\u015f\u00fcm\u00fc ger\u00e7ekle\u015fmi\u015ftir. \u0130nsanlar\u0131n d\u00fcnya g\u00f6r\u00fc\u015f\u00fc ve k\u00fclt\u00fcr\u00fc s\u00fcrekli zenginle\u015ferek de\u011fi\u015fmi\u015ftir. \u00c7ok k\u00fclt\u00fcrl\u00fcl\u00fck, kar\u015f\u0131l\u0131kl\u0131 ho\u015fg\u00f6r\u00fc yerle\u015fmi\u015ftir. O zaman Vatan duyumsamas\u0131 yerle\u015fmemi\u015f olsayd\u0131 bu at\u0131l\u0131mlar kimliksiz ve ki\u015filiksiz kalmaya mahk\u00fbmdu. Bu topraklarda art arda ya\u015fanan b\u00fcy\u00fck felaketlerden biri Ha\u00e7l\u0131 seferleri ise, ikinci deh\u015fet de Mo\u011fol istilas\u0131d\u0131r. Alpaslan g\u00fc\u00e7leri dev Ha\u00e7l\u0131 Ordular\u0131yla Anadolu boyunca sava\u015fm\u0131\u015f ve onlar\u0131 zay\u0131f d\u00fc\u015f\u00fcrm\u00fc\u015ft\u00fcr. \u015eu husus hi\u00e7 g\u00f6zden uzak tutulmamal\u0131d\u0131r ki gerek ha\u00e7l\u0131 seferler gerekse Mo\u011fol istilas\u0131 \u0130slam medeniyetine kar\u015f\u0131 giri\u015filen y\u0131k\u0131m ve imha te\u015febb\u00fcsleri zincirinden halkalard\u0131r. 600 y\u0131l sonra bu ser\u00fcvenin devam etti\u011fine bug\u00fcn de tan\u0131k oluyoruz. T\u00fcrkiye\u2019nin ulusal g\u00fc\u00e7 s\u0131n\u0131rlar\u0131ndan ta\u015farak b\u00f6lgesel g\u00fc\u00e7 olmas\u0131, k\u00fcresel 20 dev aras\u0131na girmesi, T\u00fcrkiye\u2019nin kat\u0131l\u0131m\u0131 olmadan \u00e7\u00f6z\u00fclemeyecek olaylara bak\u0131\u015f\u0131 de\u011fi\u015ftirmi\u015ftir. Neticede milli T\u00fcrk devleti olan T\u00fcrkiye Cumhuriyeti\u2019nin, \u0130slam medeniyetinin devam ederek geli\u015fmesinde Anadolu\u2019nun sonu\u00e7 belirleyen katk\u0131s\u0131, al\u0131nmaz bir kale haline gelmesi d\u00fcnyaca tan\u0131nm\u0131\u015f ve takdir buluyor.<\/p>\n<p>Bir defa \u0130slam medeniyeti d\u00fczenle birlikte huzur ve ahlak getirerek, \u00a0Anadolu ile Bat\u0131ya a\u00e7\u0131lm\u0131\u015ft\u0131r. Malazgirt zaferinin Anadolu\u2019ya tesiri 2-3 as\u0131r devam etmi\u015ftir. Yeni medeniyetinin Bat\u0131ya a\u00e7\u0131lma s\u00fcreci s\u0131rf Anadolu\u2019nun fethi ile kalmam\u0131\u015f, bu arz tarihi ve iktisadi y\u00f6nden belli bir olgunlu\u011fa eri\u015fince Bat\u0131 yolculu\u011fu bu kez Osmanl\u0131lar ile Rumeli \u00fczerinden Orta Avrupa\u2019ya kadar devam edecektir. Bu d\u00f6nemde bug\u00fcnk\u00fc Bulgaristan topraklar\u0131 bar\u0131\u015f ve huzur i\u00e7inde T\u00fcrkle\u015fmi\u015ftir.\u00a0 Osmanl\u0131lar\u0131n ger\u00e7ekle\u015ftirdi\u011fi 6 as\u0131r s\u00fcren bu yolculuk, \u0130slam ve T\u00fcrk medeniyetini her an d\u00fcnya siyasetinin g\u00fcndeminde tutmu\u015f, bu medeniyet son as\u0131rlarda d\u00fcnya siyasetini y\u00f6netmeye ve y\u00f6nlendirmeye te\u015febb\u00fcs eden Bat\u0131 kamuoyunun en \u00f6nemli meselesi olmu\u015ftur. \u0130slam medeniyetinin Alpaslan\u2019la ba\u015flayan Bat\u0131 Maceras\u0131 Anadolu\u2019da ba\u015flanm\u0131\u015ft\u0131r. Osman o\u011fullar\u0131yla semeresini vererek Bat\u0131 medeniyetinin evirildi\u011fi co\u011frafyalarda h\u00fckm\u00fcn\u00fc ve tesirini icra etmi\u015f ve b\u00f6ylece kazand\u0131\u011f\u0131 derin ve engin tecr\u00fcbeleriyle g\u00fcn\u00fcm\u00fcze kadar gelmi\u015ftir.<\/p>\n<p>Malazgirt t\u00f6renlerinin anlam\u0131 budur.<\/p>\n<p>Malazgirt berrak bir tarih kayna\u011f\u0131d\u0131r. Yeniden y\u00fckselen bir ak\u0131n dalgas\u0131n\u0131n ba\u015flang\u0131\u00e7 noktas\u0131d\u0131r.<\/p><div id=\"bghab-927196385\" class=\"bghab-icerik-icine-25-paragraf bghab-entity-placement\"><script async src=\"\/\/pagead2.googlesyndication.com\/pagead\/js\/adsbygoogle.js?client=ca-pub-6203283170189293\" crossorigin=\"anonymous\"><\/script><ins class=\"adsbygoogle\" style=\"display:block; text-align:center;\" data-ad-client=\"ca-pub-6203283170189293\" \ndata-ad-slot=\"7303146466\" \ndata-ad-layout=\"in-article\"\ndata-ad-format=\"fluid\" data-full-width-responsive=\"true\"><\/ins>\n<script> \n(adsbygoogle = window.adsbygoogle || []).push({}); \n<\/script>\n<\/div>\n<p>Yaz\u0131m\u0131z\u0131n 2. B\u00f6l\u00fcm\u00fcnde Kosova Sava\u015f\u0131n\u0131 ve Osmanl\u0131n\u0131n Balkanlara yerle\u015fmesini ve Balkan \u0130nsan\u0131 Kimli\u011finin olu\u015fum ve bi\u00e7imlenmesini anlataca\u011f\u0131z.<\/p>\n<p>Okudu\u011funuz i\u00e7in te\u015fekk\u00fcr ederim.<\/p>\n<p>Payla\u015fmay\u0131 unutmay\u0131n\u0131z.<\/p>\n<div id=\"bghab-2154681904\" class=\"bghab-yazi-altinda bghab-entity-placement\"><div class=\"bghab-adlabel\">Reklamlar<\/div><script async src=\"https:\/\/pagead2.googlesyndication.com\/pagead\/js\/adsbygoogle.js\"><\/script>\r\n<!-- bghaber-yaz\u0131-sonu -->\r\n<ins class=\"adsbygoogle\"\r\n     style=\"display:block\"\r\n     data-ad-client=\"ca-pub-6203283170189293\"\r\n     data-ad-slot=\"4222328180\"\r\n     data-ad-format=\"auto\"\r\n     data-full-width-responsive=\"true\"><\/ins>\r\n<script>\r\n     (adsbygoogle = window.adsbygoogle || []).push({});\r\n<\/script><\/div><br style=\"clear: both; display: block; float: none;\"\/>","protected":false},"excerpt":{"rendered":"<p>Tarih: 21 A\u011fustos 2018 Yazan: \u0130brahim SOYT\u00dcRK Konu: Kayna\u011f\u0131ndan G\u00fc\u00e7 Alan Berrak Ser\u00fcven!\u00a0\u00a0\u00a0\u00a0\u00a0\u00a0\u00a0\u00a0\u00a0\u00a0\u00a0\u00a0\u00a0\u00a0\u00a0\u00a0\u00a0\u00a0\u00a0\u00a0\u00a0\u00a0\u00a0\u00a0\u00a0\u00a0 Ge\u00e7 orta zamanda ve yeni zamanlardaki tarihsel maceram\u0131z Balkanlar\u2019da \u2013 Trakya ve<\/p>\n","protected":false},"author":13,"featured_media":15883,"comment_status":"closed","ping_status":"closed","sticky":false,"template":"","format":"standard","meta":{"advanced_seo_description":"","jetpack_seo_html_title":"","jetpack_seo_noindex":false,"_jetpack_memberships_contains_paid_content":false,"footnotes":""},"categories":[6],"tags":[],"class_list":["post-32111","post","type-post","status-publish","format-standard","has-post-thumbnail","hentry","category-yorum"],"jetpack_featured_media_url":"https:\/\/i0.wp.com\/www.bghaber.org\/bghaber\/wp-content\/uploads\/2015\/08\/ibo-soyt.jpg?fit=426%2C492&ssl=1","jetpack_sharing_enabled":true,"jetpack_likes_enabled":true,"jetpack-related-posts":[],"jetpack_shortlink":"https:\/\/wp.me\/pc2PfJ-8lV","_links":{"self":[{"href":"https:\/\/www.bghaber.org\/bghaber\/wp-json\/wp\/v2\/posts\/32111","targetHints":{"allow":["GET"]}}],"collection":[{"href":"https:\/\/www.bghaber.org\/bghaber\/wp-json\/wp\/v2\/posts"}],"about":[{"href":"https:\/\/www.bghaber.org\/bghaber\/wp-json\/wp\/v2\/types\/post"}],"author":[{"embeddable":true,"href":"https:\/\/www.bghaber.org\/bghaber\/wp-json\/wp\/v2\/users\/13"}],"replies":[{"embeddable":true,"href":"https:\/\/www.bghaber.org\/bghaber\/wp-json\/wp\/v2\/comments?post=32111"}],"version-history":[{"count":0,"href":"https:\/\/www.bghaber.org\/bghaber\/wp-json\/wp\/v2\/posts\/32111\/revisions"}],"wp:featuredmedia":[{"embeddable":true,"href":"https:\/\/www.bghaber.org\/bghaber\/wp-json\/wp\/v2\/media\/15883"}],"wp:attachment":[{"href":"https:\/\/www.bghaber.org\/bghaber\/wp-json\/wp\/v2\/media?parent=32111"}],"wp:term":[{"taxonomy":"category","embeddable":true,"href":"https:\/\/www.bghaber.org\/bghaber\/wp-json\/wp\/v2\/categories?post=32111"},{"taxonomy":"post_tag","embeddable":true,"href":"https:\/\/www.bghaber.org\/bghaber\/wp-json\/wp\/v2\/tags?post=32111"}],"curies":[{"name":"wp","href":"https:\/\/api.w.org\/{rel}","templated":true}]}}