{"id":32103,"date":"2018-08-21T22:17:16","date_gmt":"2018-08-21T19:17:16","guid":{"rendered":"http:\/\/www.bghaber.org\/bghaber\/?p=32103"},"modified":"2018-11-07T00:17:54","modified_gmt":"2018-11-06T21:17:54","slug":"multeciler-artik-bulgar-turk-sinirini-tercih-etmiyor","status":"publish","type":"post","link":"https:\/\/www.bghaber.org\/bghaber\/multeciler-artik-bulgar-turk-sinirini-tercih-etmiyor\/","title":{"rendered":"M\u00fclteciler art\u0131k Bulgar- T\u00fcrk s\u0131n\u0131r\u0131n\u0131 tercih etmiyor"},"content":{"rendered":"<p>BTA Ajans\u0131 y\u0131l\u0131n ba\u015f\u0131ndan beri T\u00fcrk s\u0131n\u0131r polisinin Edirne yak\u0131n\u0131nda Bulgaristan\u2019a girmek isteyen 5 bin civar\u0131nda yasad\u0131\u015f\u0131 m\u00fclteci yakalad\u0131\u011f\u0131n\u0131 duyurdu. Y\u0131l\u0131n ilk sekiz ay\u0131nda 13 900 ki\u015fi T\u00fcrkiye\u2019den Bulgaristan veya Yunanistan\u2019a yasad\u0131\u015f\u0131 yollardan girmek isterken tutukland\u0131. G\u00f6zlemciler, Bulgaristan\u2019\u0131n T\u00fcrkiye ile s\u0131n\u0131ra \u00e7ekmi\u015f oldu\u011fu tel \u00f6rg\u00fcn\u00fcn m\u00fclteciler a\u00e7\u0131s\u0131ndan zor a\u015f\u0131l\u0131r kabul edildi\u011fi i\u00e7in, yasad\u0131\u015f\u0131 g\u00f6\u00e7menlerin daha fazla Yunan s\u0131n\u0131r\u0131na y\u00f6neldi\u011fini \u00f6ne s\u00fcrd\u00fcler. M\u00fcltecilerin ana ak\u0131m\u0131 Suriye ve Irak\u2019tan gelirken, Afganistan, Pakistan, Filistin, Suudi Arabistan, \u0130ran ve Afrika \u00fclkelerinden de yasad\u0131\u015f\u0131 girenler oluyor.\u00a0Bu arada, bug\u00fcn \u00f6\u011fleden sonra Tsarevo&#8217;da Bulgar s\u0131n\u0131r polisi 15 m\u00fclteciyi g\u00f6zalt\u0131na ald\u0131. Kimlik belgeleri olmayan m\u00fcltecilerin, hangi \u00fclkeden geldiklerini s\u00f6ylemedikleri belirtildi.<\/p>\n<div id=\"bghab-628936389\" class=\"bghab-yazi-altinda bghab-entity-placement\"><div class=\"bghab-adlabel\">Reklamlar<\/div><script async src=\"https:\/\/pagead2.googlesyndication.com\/pagead\/js\/adsbygoogle.js\"><\/script>\r\n<!-- bghaber-yaz\u0131-sonu -->\r\n<ins class=\"adsbygoogle\"\r\n     style=\"display:block\"\r\n     data-ad-client=\"ca-pub-6203283170189293\"\r\n     data-ad-slot=\"4222328180\"\r\n     data-ad-format=\"auto\"\r\n     data-full-width-responsive=\"true\"><\/ins>\r\n<script>\r\n     (adsbygoogle = window.adsbygoogle || []).push({});\r\n<\/script><\/div><br style=\"clear: both; display: block; float: none;\"\/>","protected":false},"excerpt":{"rendered":"<p>BTA Ajans\u0131 y\u0131l\u0131n ba\u015f\u0131ndan beri T\u00fcrk s\u0131n\u0131r polisinin Edirne yak\u0131n\u0131nda Bulgaristan\u2019a girmek isteyen 5 bin civar\u0131nda yasad\u0131\u015f\u0131 m\u00fclteci yakalad\u0131\u011f\u0131n\u0131 duyurdu. Y\u0131l\u0131n ilk sekiz ay\u0131nda 13<\/p>\n","protected":false},"author":13,"featured_media":31833,"comment_status":"closed","ping_status":"closed","sticky":false,"template":"","format":"standard","meta":{"advanced_seo_description":"","jetpack_seo_html_title":"","jetpack_seo_noindex":false,"_jetpack_memberships_contains_paid_content":false,"footnotes":""},"categories":[5],"tags":[],"class_list":["post-32103","post","type-post","status-publish","format-standard","has-post-thumbnail","hentry","category-yasam"],"jetpack_featured_media_url":"https:\/\/i0.wp.com\/www.bghaber.org\/bghaber\/wp-content\/uploads\/2018\/07\/bulgaristan-da-goc-politikasina-iliskin-yeni-11070438_o.jpg?fit=640%2C375&ssl=1","jetpack_sharing_enabled":true,"jetpack_likes_enabled":true,"jetpack-related-posts":[],"jetpack_shortlink":"https:\/\/wp.me\/pc2PfJ-8lN","_links":{"self":[{"href":"https:\/\/www.bghaber.org\/bghaber\/wp-json\/wp\/v2\/posts\/32103","targetHints":{"allow":["GET"]}}],"collection":[{"href":"https:\/\/www.bghaber.org\/bghaber\/wp-json\/wp\/v2\/posts"}],"about":[{"href":"https:\/\/www.bghaber.org\/bghaber\/wp-json\/wp\/v2\/types\/post"}],"author":[{"embeddable":true,"href":"https:\/\/www.bghaber.org\/bghaber\/wp-json\/wp\/v2\/users\/13"}],"replies":[{"embeddable":true,"href":"https:\/\/www.bghaber.org\/bghaber\/wp-json\/wp\/v2\/comments?post=32103"}],"version-history":[{"count":0,"href":"https:\/\/www.bghaber.org\/bghaber\/wp-json\/wp\/v2\/posts\/32103\/revisions"}],"wp:featuredmedia":[{"embeddable":true,"href":"https:\/\/www.bghaber.org\/bghaber\/wp-json\/wp\/v2\/media\/31833"}],"wp:attachment":[{"href":"https:\/\/www.bghaber.org\/bghaber\/wp-json\/wp\/v2\/media?parent=32103"}],"wp:term":[{"taxonomy":"category","embeddable":true,"href":"https:\/\/www.bghaber.org\/bghaber\/wp-json\/wp\/v2\/categories?post=32103"},{"taxonomy":"post_tag","embeddable":true,"href":"https:\/\/www.bghaber.org\/bghaber\/wp-json\/wp\/v2\/tags?post=32103"}],"curies":[{"name":"wp","href":"https:\/\/api.w.org\/{rel}","templated":true}]}}