{"id":32096,"date":"2018-08-21T22:14:05","date_gmt":"2018-08-21T19:14:05","guid":{"rendered":"http:\/\/www.bghaber.org\/bghaber\/?p=32096"},"modified":"2018-11-07T00:18:08","modified_gmt":"2018-11-06T21:18:08","slug":"financial-times-bulgaristanda-yeni-bir-yatirim-baslatti","status":"publish","type":"post","link":"https:\/\/www.bghaber.org\/bghaber\/financial-times-bulgaristanda-yeni-bir-yatirim-baslatti\/","title":{"rendered":"Financial Times Bulgaristan\u2019da yeni bir yat\u0131r\u0131m ba\u015flatt\u0131"},"content":{"rendered":"<p>Financial Times, Bulgaristan&#8217;a yeni bir yat\u0131r\u0131m yapacak. Bu Ekonomi Bakan yard\u0131mc\u0131s\u0131 Aleksand\u0131r Manolev\u2019in\u00a0 Medya\u2019n\u0131n Mali \u0130\u015fler M\u00fcd\u00fcr\u00fc John Kundert ile yapt\u0131\u011f\u0131 g\u00f6r\u00fc\u015fmeden sonra a\u00e7\u0131kland\u0131. \u015eirketin planlar\u0131 \u00fclkemizde bili\u015fim teknolojileri alan\u0131nda bir geli\u015fim merkezi a\u00e7makt\u0131r.Bakan Yard\u0131mc\u0131s\u0131 Manolev, giri\u015fimin Bulgar ekonomisi i\u00e7in s\u0131radaki olumlu bir sinyal olarak yorumlarken Bulgaristan&#8217;\u0131n G\u00fcneydo\u011fu Avrupa&#8217;da en h\u0131zl\u0131 b\u00fcy\u00fcyen bili\u015fim ve haberle\u015fme sekt\u00f6rlerine sahip oldu\u011funun alt\u0131n\u0131 \u00e7iziyor.<\/p>\n<div id=\"bghab-1984239927\" class=\"bghab-yazi-altinda bghab-entity-placement\"><div class=\"bghab-adlabel\">Reklamlar<\/div><script async src=\"https:\/\/pagead2.googlesyndication.com\/pagead\/js\/adsbygoogle.js\"><\/script>\r\n<!-- bghaber-yaz\u0131-sonu -->\r\n<ins class=\"adsbygoogle\"\r\n     style=\"display:block\"\r\n     data-ad-client=\"ca-pub-6203283170189293\"\r\n     data-ad-slot=\"4222328180\"\r\n     data-ad-format=\"auto\"\r\n     data-full-width-responsive=\"true\"><\/ins>\r\n<script>\r\n     (adsbygoogle = window.adsbygoogle || []).push({});\r\n<\/script><\/div><br style=\"clear: both; display: block; float: none;\"\/>","protected":false},"excerpt":{"rendered":"<p>Financial Times, Bulgaristan&#8217;a yeni bir yat\u0131r\u0131m yapacak. Bu Ekonomi Bakan yard\u0131mc\u0131s\u0131 Aleksand\u0131r Manolev\u2019in\u00a0 Medya\u2019n\u0131n Mali \u0130\u015fler M\u00fcd\u00fcr\u00fc John Kundert ile yapt\u0131\u011f\u0131 g\u00f6r\u00fc\u015fmeden sonra a\u00e7\u0131kland\u0131. \u015eirketin<\/p>\n","protected":false},"author":13,"featured_media":32098,"comment_status":"closed","ping_status":"closed","sticky":false,"template":"","format":"standard","meta":{"advanced_seo_description":"","jetpack_seo_html_title":"","jetpack_seo_noindex":false,"_jetpack_memberships_contains_paid_content":false,"footnotes":""},"categories":[9],"tags":[],"class_list":["post-32096","post","type-post","status-publish","format-standard","has-post-thumbnail","hentry","category-ekonomi"],"jetpack_featured_media_url":"https:\/\/i0.wp.com\/www.bghaber.org\/bghaber\/wp-content\/uploads\/2018\/08\/finans-times-bg.jpg?fit=610%2C343&ssl=1","jetpack_sharing_enabled":true,"jetpack_likes_enabled":true,"jetpack-related-posts":[],"jetpack_shortlink":"https:\/\/wp.me\/pc2PfJ-8lG","_links":{"self":[{"href":"https:\/\/www.bghaber.org\/bghaber\/wp-json\/wp\/v2\/posts\/32096","targetHints":{"allow":["GET"]}}],"collection":[{"href":"https:\/\/www.bghaber.org\/bghaber\/wp-json\/wp\/v2\/posts"}],"about":[{"href":"https:\/\/www.bghaber.org\/bghaber\/wp-json\/wp\/v2\/types\/post"}],"author":[{"embeddable":true,"href":"https:\/\/www.bghaber.org\/bghaber\/wp-json\/wp\/v2\/users\/13"}],"replies":[{"embeddable":true,"href":"https:\/\/www.bghaber.org\/bghaber\/wp-json\/wp\/v2\/comments?post=32096"}],"version-history":[{"count":0,"href":"https:\/\/www.bghaber.org\/bghaber\/wp-json\/wp\/v2\/posts\/32096\/revisions"}],"wp:featuredmedia":[{"embeddable":true,"href":"https:\/\/www.bghaber.org\/bghaber\/wp-json\/wp\/v2\/media\/32098"}],"wp:attachment":[{"href":"https:\/\/www.bghaber.org\/bghaber\/wp-json\/wp\/v2\/media?parent=32096"}],"wp:term":[{"taxonomy":"category","embeddable":true,"href":"https:\/\/www.bghaber.org\/bghaber\/wp-json\/wp\/v2\/categories?post=32096"},{"taxonomy":"post_tag","embeddable":true,"href":"https:\/\/www.bghaber.org\/bghaber\/wp-json\/wp\/v2\/tags?post=32096"}],"curies":[{"name":"wp","href":"https:\/\/api.w.org\/{rel}","templated":true}]}}