{"id":32093,"date":"2018-08-21T22:12:51","date_gmt":"2018-08-21T19:12:51","guid":{"rendered":"http:\/\/www.bghaber.org\/bghaber\/?p=32093"},"modified":"2018-11-07T00:18:19","modified_gmt":"2018-11-06T21:18:19","slug":"kotu-durumda-olan-otoyol-kopruleri-2020-yilina-kadar-onarilacak","status":"publish","type":"post","link":"https:\/\/www.bghaber.org\/bghaber\/kotu-durumda-olan-otoyol-kopruleri-2020-yilina-kadar-onarilacak\/","title":{"rendered":"K\u00f6t\u00fc durumda olan otoyol k\u00f6pr\u00fcleri 2020 y\u0131l\u0131na kadar onar\u0131lacak"},"content":{"rendered":"<p>B\u00f6lgesel Kalk\u0131nma Bakan\u0131 Nikolay Nankov, k\u00f6t\u00fc durumda olan b\u00fct\u00fcn otoban k\u00f6pr\u00fclerinin, iki y\u0131l i\u00e7inde onar\u0131laca\u011f\u0131n\u0131 a\u00e7\u0131klad\u0131. Yol tesislerinin bundan 45 y\u0131ldan uzun zaman \u00f6nce kuruldu\u011funu hat\u0131rlatan bakan, i\u015fletme s\u00fcreleri dolmak \u00fczere olan 17 k\u00f6pr\u00fcden be\u015finde onar\u0131m \u00e7al\u0131\u015fmalar\u0131n\u0131n s\u00fcrd\u00fc\u011f\u00fc, \u00f6n\u00fcm\u00fczdeki g\u00fcnlerde ise di\u011fer \u00fc\u00e7 k\u00f6pr\u00fcde onar\u0131ma ba\u015flanaca\u011f\u0131n\u0131 belirtti. Geri kalan k\u00f6pr\u00fcler, b\u00fct\u00e7enin sa\u011flad\u0131\u011f\u0131 imkanlar dahilinde 2020 y\u0131l\u0131na kadar a\u015famal\u0131 olarak onar\u0131lacak. Cenova\u2019da k\u00f6pr\u00fc \u00e7\u00f6kmesi facias\u0131ndan sonra Ba\u015fbakan Borisov, riskli olan b\u00fct\u00fcn kara ve demiryolu k\u00f6pr\u00fclerinin ayn\u0131 zamanda onar\u0131lmas\u0131 plan\u0131n\u0131n haz\u0131rlanmas\u0131 y\u00f6n\u00fcnde h\u00fck\u00fcmete talimat verdi.<\/p>\n<div id=\"bghab-457485286\" class=\"bghab-yazi-altinda bghab-entity-placement\"><div class=\"bghab-adlabel\">Reklamlar<\/div><script async src=\"https:\/\/pagead2.googlesyndication.com\/pagead\/js\/adsbygoogle.js\"><\/script>\r\n<!-- bghaber-yaz\u0131-sonu -->\r\n<ins class=\"adsbygoogle\"\r\n     style=\"display:block\"\r\n     data-ad-client=\"ca-pub-6203283170189293\"\r\n     data-ad-slot=\"4222328180\"\r\n     data-ad-format=\"auto\"\r\n     data-full-width-responsive=\"true\"><\/ins>\r\n<script>\r\n     (adsbygoogle = window.adsbygoogle || []).push({});\r\n<\/script><\/div><br style=\"clear: both; display: block; float: none;\"\/>","protected":false},"excerpt":{"rendered":"<p>B\u00f6lgesel Kalk\u0131nma Bakan\u0131 Nikolay Nankov, k\u00f6t\u00fc durumda olan b\u00fct\u00fcn otoban k\u00f6pr\u00fclerinin, iki y\u0131l i\u00e7inde onar\u0131laca\u011f\u0131n\u0131 a\u00e7\u0131klad\u0131. Yol tesislerinin bundan 45 y\u0131ldan uzun zaman \u00f6nce kuruldu\u011funu<\/p>\n","protected":false},"author":13,"featured_media":32095,"comment_status":"closed","ping_status":"closed","sticky":false,"template":"","format":"standard","meta":{"advanced_seo_description":"","jetpack_seo_html_title":"","jetpack_seo_noindex":false,"_jetpack_memberships_contains_paid_content":false,"footnotes":""},"categories":[5],"tags":[],"class_list":["post-32093","post","type-post","status-publish","format-standard","has-post-thumbnail","hentry","category-yasam"],"jetpack_featured_media_url":"https:\/\/i0.wp.com\/www.bghaber.org\/bghaber\/wp-content\/uploads\/2018\/08\/kopruler-bg.jpg?fit=610%2C343&ssl=1","jetpack_sharing_enabled":true,"jetpack_likes_enabled":true,"jetpack-related-posts":[],"jetpack_shortlink":"https:\/\/wp.me\/pc2PfJ-8lD","_links":{"self":[{"href":"https:\/\/www.bghaber.org\/bghaber\/wp-json\/wp\/v2\/posts\/32093","targetHints":{"allow":["GET"]}}],"collection":[{"href":"https:\/\/www.bghaber.org\/bghaber\/wp-json\/wp\/v2\/posts"}],"about":[{"href":"https:\/\/www.bghaber.org\/bghaber\/wp-json\/wp\/v2\/types\/post"}],"author":[{"embeddable":true,"href":"https:\/\/www.bghaber.org\/bghaber\/wp-json\/wp\/v2\/users\/13"}],"replies":[{"embeddable":true,"href":"https:\/\/www.bghaber.org\/bghaber\/wp-json\/wp\/v2\/comments?post=32093"}],"version-history":[{"count":0,"href":"https:\/\/www.bghaber.org\/bghaber\/wp-json\/wp\/v2\/posts\/32093\/revisions"}],"wp:featuredmedia":[{"embeddable":true,"href":"https:\/\/www.bghaber.org\/bghaber\/wp-json\/wp\/v2\/media\/32095"}],"wp:attachment":[{"href":"https:\/\/www.bghaber.org\/bghaber\/wp-json\/wp\/v2\/media?parent=32093"}],"wp:term":[{"taxonomy":"category","embeddable":true,"href":"https:\/\/www.bghaber.org\/bghaber\/wp-json\/wp\/v2\/categories?post=32093"},{"taxonomy":"post_tag","embeddable":true,"href":"https:\/\/www.bghaber.org\/bghaber\/wp-json\/wp\/v2\/tags?post=32093"}],"curies":[{"name":"wp","href":"https:\/\/api.w.org\/{rel}","templated":true}]}}