{"id":32084,"date":"2018-08-20T15:17:23","date_gmt":"2018-08-20T12:17:23","guid":{"rendered":"http:\/\/www.bghaber.org\/bghaber\/?p=32084"},"modified":"2018-08-20T15:22:42","modified_gmt":"2018-08-20T12:22:42","slug":"kurban-bayramimiz-kutlu-olsun","status":"publish","type":"post","link":"https:\/\/www.bghaber.org\/bghaber\/kurban-bayramimiz-kutlu-olsun\/","title":{"rendered":"Kurban Bayram\u0131m\u0131z kutlu olsun!"},"content":{"rendered":"<p>Tarih: 20 A\u011fustos 2018<\/p>\n<p>Yazan: Neriman E.Kalyoncuo\u011flu<\/p>\n<p>Konu: <strong>Kurban Bayram\u0131m\u0131z kutlu olsun!<\/strong><\/p>\n<p><strong>Bayram Zirvesinden<\/strong><\/p>\n<p><strong>K\u00e2inat \u0131n yarat\u0131c\u0131s\u0131 y\u00fcce Mevla\u2019m merhamet sunsun<\/strong><\/p><div id=\"bghab-579287471\" class=\"bghab-icerik-icine bghab-entity-placement\"><script async src=\"\/\/pagead2.googlesyndication.com\/pagead\/js\/adsbygoogle.js?client=ca-pub-6203283170189293\" crossorigin=\"anonymous\"><\/script><ins class=\"adsbygoogle\" style=\"display:block; text-align:center;\" data-ad-client=\"ca-pub-6203283170189293\" \ndata-ad-slot=\"7303146466\" \ndata-ad-layout=\"in-article\"\ndata-ad-format=\"fluid\" data-full-width-responsive=\"true\"><\/ins>\n<script> \n(adsbygoogle = window.adsbygoogle || []).push({}); \n<\/script>\n<\/div>\n<p><strong>Birlik beraberlik i\u00e7inde kurban bayram\u0131n\u0131z kutlu olsun.<\/strong><\/p>\n<p>Biz Bulgaristanl\u0131 ve Bulgaristan\u2019daki T\u00fcrkler, M\u00fcsl\u00fcmanlar alicenap insanlar\u0131z. Bu duygusall\u0131\u011f\u0131m\u0131z, hele Kurban bayram\u0131 gibi ulusal geleneksel manevi yak\u0131nla\u015fma g\u00fcnlerimizde iyilik, g\u00fczellik, sayg\u0131l\u0131 olma ve do\u011fru davranma \u015feklinde ifade buluyor.<\/p>\n<p>K\u00f6ylerimizde ve kasabalar\u0131m\u0131zda Bayram g\u00fcn\u00fcnde yard\u0131mseverlik, herkesin yaratanla ayn\u0131 yak\u0131nl\u0131kta olmaya gayret etmesi, bayram g\u00fcn\u00fcyle uyanan \u00f6dev bilinci, bayram g\u00fcn\u00fcndeki ki\u015fisel sorumluluk ve insan sevgi ve sayg\u0131s\u0131 kendini g\u00f6sterdi.<\/p>\n<p>Do\u011fru ahlaksal eylemleri sezinleyen insanlar\u0131m\u0131z bu defa da ben daha b\u00fcy\u00fck kurban kestim yar\u0131\u015f\u0131na girmedi. Erkekler bayram selam\u0131n\u0131 Allah Evlerimizden ald\u0131 ve ailelere ta\u015f\u0131d\u0131lar. S\u0131cak kucaklay\u0131\u015flar dualarla kar\u0131\u015ft\u0131, \u00e7ocuklar, gen\u00e7ler el \u00f6pt\u00fc, bayraml\u0131k hak etti ve yaratan huzurunda birlikte ve beraberce, en temiz y\u00fcrekle olma hummal\u0131 \u00e7al\u0131\u015fmalar\u0131 ba\u015flad\u0131.<\/p>\n<p><strong>Kurban bayram\u0131n\u0131z m\u00fcbarek olsun<\/strong><\/p><div id=\"bghab-133141456\" class=\"bghab-icerik-icine-10-paragraf bghab-entity-placement\"><script async src=\"\/\/pagead2.googlesyndication.com\/pagead\/js\/adsbygoogle.js?client=ca-pub-6203283170189293\" crossorigin=\"anonymous\"><\/script><ins class=\"adsbygoogle\" style=\"display:block; text-align:center;\" data-ad-client=\"ca-pub-6203283170189293\" \ndata-ad-slot=\"7303146466\" \ndata-ad-layout=\"in-article\"\ndata-ad-format=\"fluid\" data-full-width-responsive=\"true\"><\/ins>\n<script> \n(adsbygoogle = window.adsbygoogle || []).push({}); \n<\/script>\n<\/div>\n<p><strong>Halil \u0130brahim\u2019den bize emanet olan<\/strong><\/p>\n<p><strong>Kesti\u011fimiz kurbanlar m\u00fcbarek olsun<\/strong><\/p>\n<p><strong>\u00a0<\/strong><\/p>\n<p>Bu bayram da iyi niyetimiz, ilhas ve samimiyetimizle dualar\u0131m\u0131zla kurbanlar\u0131m\u0131z kabul oldu. Kurban kesmekle Allah\u2019a olan ba\u011fl\u0131l\u0131\u011f\u0131m\u0131z ifade edildi. Kurban ibadetinin her an\u0131nda Allah\u2019\u0131n ad\u0131 an\u0131ld\u0131. Okunan hutbelerde bar\u0131\u015f, huzur, iyi kom\u015fuluk ve ho\u015fg\u00f6r\u00fc dileklerimiz ifade buldu.<\/p>\n<p>Bizim bayram alg\u0131m\u0131zda, kurban Bayram\u0131 b\u00fct\u00fcn insan alemine bir hediyedir, ayn\u0131 zamanda t\u00fcm k\u0131rg\u0131nl\u0131k alametine bir feyzi-rahmet ba\u011f\u0131d\u0131r, kesilen her kurban insanlar\u0131 birbirine yak\u0131nla\u015ft\u0131r\u0131r, m\u00fcminlerin y\u00fcreklerine \u00e7\u00f6z\u00fclmez birlik kelep\u00e7eleri takar, M\u00fcsl\u00fcmanlar mutlu hayr\u0131-seyir yolunda birle\u015fir ve her birimizin y\u00fcre\u011finde sevgi ve sayg\u0131 kurban olur.<\/p>\n<p>Kurban Bayram\u0131 dostluk ve karde\u015flik ba\u011flar\u0131n\u0131n tazelendi\u011fi g\u00fcn\u00fcd\u00fcr. D\u00f6rt bayram g\u00fcn\u00fc boyunda sohbetlerde herkesin g\u00f6nl\u00fcnde sevgi, bar\u0131\u015f ve huzur \u00e7i\u00e7ekleri a\u00e7ar \u00e7evresini g\u00fczelle\u015ftirdi.<\/p><div id=\"bghab-785719483\" class=\"bghab-icerik-icine-15-paragraf bghab-entity-placement\"><script async src=\"\/\/pagead2.googlesyndication.com\/pagead\/js\/adsbygoogle.js?client=ca-pub-6203283170189293\" crossorigin=\"anonymous\"><\/script><ins class=\"adsbygoogle\" style=\"display:block; text-align:center;\" data-ad-client=\"ca-pub-6203283170189293\" \ndata-ad-slot=\"7303146466\" \ndata-ad-layout=\"in-article\"\ndata-ad-format=\"fluid\" data-full-width-responsive=\"true\"><\/ins>\n<script> \n(adsbygoogle = window.adsbygoogle || []).push({}); \n<\/script>\n<\/div>\n<p><strong>Bulgaristan\u2019da y\u0131llarca Bayramlar\u0131m\u0131z\u0131 yasaklayanlar, kurban b\u0131\u00e7aklar\u0131m\u0131z\u0131 \u00e7alan, kurban kazanlar\u0131m\u0131z\u0131 delenler bu y\u0131l da fakir,<\/strong> yoksul ve yetimlerin haklar\u0131n\u0131n da\u011f\u0131t\u0131lmas\u0131n\u0131 engellemeye \u00e7al\u0131\u015ft\u0131lar. Bayram g\u00fcn\u00fc kasaplarda helal kesimlerin durdurulmas\u0131n\u0131 istediler.<br \/>\nSofya\u2019da Bulgaristan T\u00fcrkleri Diyaneti ve Ba\u015f M\u00fcft\u00fcl\u00fck \u00f6n\u00fcne toplanarak kurban kesilmesine yasak getirilmesini isteyerek, akla karay\u0131 yeniden birbirine kar\u0131\u015ft\u0131rd\u0131lar. K\u00fcsl\u00fcklerin bitmesini engelleyip, k\u0131rg\u0131n kalplerin bar\u0131\u015fmas\u0131na engel olmaya \u00e7al\u0131\u015f\u0131rken, ayd\u0131 zamanda bu memleket bir Hristiyan alemidir,\u00a0 ve biz ne buyurursak o olacak demeye \u00e7al\u0131\u015ft\u0131lar.<br \/>\nBulgar makamlar\u0131n\u0131n benzer olaylara seyirci kalmas\u0131 \u00fclkede demokrasinin oturmad\u0131\u011f\u0131na, \u00e7ok k\u00fclt\u00fcrl\u00fc ve \u00e7ok dinli, farkl\u0131 ya\u015fam kurallar\u0131 olan bir toplumsal d\u00fczenin oturmad\u0131\u011f\u0131na yeni kan\u0131tlar getirdi.<\/p>\n<p>G\u00fcn\u00fcm\u00fczde \u00e7evreci veya hayvan severler gibi isimlerle meydanda dola\u015fan ve t\u00f6ren arifemizde kol gecen bu tipler, ayn\u0131 ortamda ya\u015fayan insanlar\u0131n dil, din ve k\u00fclt\u00fcrel \u00f6zelliklerindeki farklara sayg\u0131n\u0131n, toplumda b\u00fct\u00fcnle\u015ftirici rol\u00fcn\u00fc, vatanda\u015flar\u0131n birbirinin gelenek ve adetlerine, bayramlar\u0131na sayg\u0131 g\u00f6sterdik\u00e7e, toplumun huzur bulaca\u011f\u0131n\u0131 anlamak istememeleri her g\u00fcn biraz daha d\u00fc\u015f\u00fcnd\u00fcr\u00fcc\u00fc olmaya ba\u015fl\u0131yor.<\/p>\n<p>Kurban bizim ibadetlerimizden biridir. Yaratan\u0131n ad\u0131 an\u0131larak yap\u0131l\u0131r. Bununla birlikte uygulanan kurban bayram\u0131 d\u00fczenimiz, kural ve ilkelerimiz vard\u0131r k bayram g\u00fcn\u00fc hay\u0131r elimizle g\u00f6nl\u00fcm\u00fcz a\u00e7\u0131l\u0131r ve din ve etnik ayr\u0131m g\u00f6zetmeksizin herkes pay\u0131n\u0131 al\u0131r, kurban kazanlar\u0131ndan y\u00fckselen koku b\u00fct\u00fcn g\u00f6n\u00fcllere dolar. Bu bereket, dostluk, karde\u015flik ve anla\u015farak ya\u015fama, beraber olma \u00f6zlemi ifadesidir. Kurban kesmek, bayramla\u015fmak, kurban sofras\u0131nda birlikte olmak, infak etmenin ve seh\u00e2vetin tad\u0131n\u0131 ya\u015famakt\u0131r. Kurban, k\u00fcslerin bar\u0131\u015fma g\u00fcn\u00fcd\u00fcr. Kurban, yoksullar\u0131, garipleri ve muhta\u00e7lar\u0131 sevindiren, akraba ve kom\u015fular aras\u0131ndaki irtibat\u0131 ve s\u0131la-\u0131 rahmi temin eden kutsal ibadetlerimizden biridir.<\/p>\n<p><strong>T\u00fcrk &#8211; \u0130slam Aleminin bayram\u0131 kutlu olsun!<\/strong><\/p>\n<p>Sevgili okurlar\u0131m, Sizleri, Kurban Bayram\u0131 ile ilgili ahlaki ve felsefi d\u00fc\u015f\u00fcncelerini payla\u015fan, eli \u00f6p\u00fclesi, \u00fcstat \u015fairimiz Naim Bako\u011flu ba\u015f ba\u015fa b\u0131rak\u0131yorum:<\/p><div id=\"bghab-4069622254\" class=\"bghab-icerik-icine-20-paragraf bghab-entity-placement\"><script async src=\"\/\/pagead2.googlesyndication.com\/pagead\/js\/adsbygoogle.js?client=ca-pub-6203283170189293\" crossorigin=\"anonymous\"><\/script><ins class=\"adsbygoogle\" style=\"display:block; text-align:center;\" data-ad-client=\"ca-pub-6203283170189293\" \ndata-ad-slot=\"7303146466\" \ndata-ad-layout=\"in-article\"\ndata-ad-format=\"fluid\" data-full-width-responsive=\"true\"><\/ins>\n<script> \n(adsbygoogle = window.adsbygoogle || []).push({}); \n<\/script>\n<\/div>\n<p>&nbsp;<\/p>\n<p><strong>BAYRAMLAR<\/strong><\/p>\n<p>Bayramlar \u0130slam Dinimizin Yol Haritas\u0131d\u0131r<br \/>\nAdaletin ve ho\u015fg\u00f6r\u00fcn\u00fcn aynas\u0131d\u0131r Bayramlar<br \/>\nBayramlar kimsesizlerin sitemli g\u00f6z ya\u015f\u0131d\u0131r<br \/>\n\u0130nsan olmalar\u0131n ayd\u0131n sayfas\u0131d\u0131r Bayramlar!<\/p>\n<p>Bayramlar hep beni benden al\u0131p h\u0131zla g\u00f6t\u00fcr\u00fcr<br \/>\nVe b\u0131rak\u0131r \u00e7\u00f6llerde \u0131ss\u0131z, kervans\u0131z bir yere!<br \/>\nOrada kar\u015f\u0131ma dikilir ya\u015fad\u0131\u011f\u0131m \u00f6m\u00fcr<br \/>\n-Sorgusunu yapar\u0131m y\u00fczlerce, binlerce kere!<\/p>\n<p>-Ne verdin, ne bekledin ve ne ald\u0131n sen ya\u015famdan<br \/>\nOldun mu yan\u0131nda hi\u00e7 garibin muhtac an\u0131nda?<br \/>\nYani rahatsan e\u011fer uykudan \u00f6nce ak\u015famdan<br \/>\nBayramlar hakk\u0131nd\u0131r, \u015fifalar akar mert kan\u0131nda!<\/p><div id=\"bghab-1499242221\" class=\"bghab-icerik-icine-25-paragraf bghab-entity-placement\"><script async src=\"\/\/pagead2.googlesyndication.com\/pagead\/js\/adsbygoogle.js?client=ca-pub-6203283170189293\" crossorigin=\"anonymous\"><\/script><ins class=\"adsbygoogle\" style=\"display:block; text-align:center;\" data-ad-client=\"ca-pub-6203283170189293\" \ndata-ad-slot=\"7303146466\" \ndata-ad-layout=\"in-article\"\ndata-ad-format=\"fluid\" data-full-width-responsive=\"true\"><\/ins>\n<script> \n(adsbygoogle = window.adsbygoogle || []).push({}); \n<\/script>\n<\/div>\n<p>Kervans\u0131z \u00e7\u00f6llerde sen yapayaln\u0131z kalsan bile<br \/>\nAllah&#8217;\u0131n yan\u0131nda olacakt\u0131r, kurt, ku\u015f &#8211; hayranlar,<br \/>\nK\u00e2inat\u0131n ortas\u0131nda geleceklerdir hep dile,<br \/>\nYaln\u0131zl\u0131\u011f\u0131n\u0131 hissettirmeyecektir Bayramlar!<\/p>\n<p>\u00c7\u00f6ller ortas\u0131nda duyduklar\u0131mdan rahatlar\u0131m<br \/>\nVe g\u00f6z\u00f6n\u00fcme gelir verdiklerimin meyvesi!<br \/>\nOmuzlar\u0131mda yeniden g\u00fc\u00e7 bulur kanatlar\u0131m<br \/>\n-Bayramlar dost kahvesinin en has onur telvesi!<\/p>\n<p>\u0130yi Bayramlar.<\/p>\n<div id=\"bghab-781952325\" class=\"bghab-yazi-altinda bghab-entity-placement\"><div class=\"bghab-adlabel\">Reklamlar<\/div><script async src=\"https:\/\/pagead2.googlesyndication.com\/pagead\/js\/adsbygoogle.js\"><\/script>\r\n<!-- bghaber-yaz\u0131-sonu -->\r\n<ins class=\"adsbygoogle\"\r\n     style=\"display:block\"\r\n     data-ad-client=\"ca-pub-6203283170189293\"\r\n     data-ad-slot=\"4222328180\"\r\n     data-ad-format=\"auto\"\r\n     data-full-width-responsive=\"true\"><\/ins>\r\n<script>\r\n     (adsbygoogle = window.adsbygoogle || []).push({});\r\n<\/script><\/div><br style=\"clear: both; display: block; float: none;\"\/>","protected":false},"excerpt":{"rendered":"<p>Tarih: 20 A\u011fustos 2018 Yazan: Neriman E.Kalyoncuo\u011flu Konu: Kurban Bayram\u0131m\u0131z kutlu olsun! Bayram Zirvesinden K\u00e2inat \u0131n yarat\u0131c\u0131s\u0131 y\u00fcce Mevla\u2019m merhamet sunsun Birlik beraberlik i\u00e7inde kurban<\/p>\n","protected":false},"author":13,"featured_media":0,"comment_status":"closed","ping_status":"closed","sticky":false,"template":"","format":"standard","meta":{"advanced_seo_description":"","jetpack_seo_html_title":"","jetpack_seo_noindex":false,"_jetpack_memberships_contains_paid_content":false,"footnotes":""},"categories":[6],"tags":[],"class_list":["post-32084","post","type-post","status-publish","format-standard","hentry","category-yorum"],"jetpack_featured_media_url":"","jetpack_sharing_enabled":true,"jetpack_likes_enabled":true,"jetpack-related-posts":[],"jetpack_shortlink":"https:\/\/wp.me\/pc2PfJ-8lu","_links":{"self":[{"href":"https:\/\/www.bghaber.org\/bghaber\/wp-json\/wp\/v2\/posts\/32084","targetHints":{"allow":["GET"]}}],"collection":[{"href":"https:\/\/www.bghaber.org\/bghaber\/wp-json\/wp\/v2\/posts"}],"about":[{"href":"https:\/\/www.bghaber.org\/bghaber\/wp-json\/wp\/v2\/types\/post"}],"author":[{"embeddable":true,"href":"https:\/\/www.bghaber.org\/bghaber\/wp-json\/wp\/v2\/users\/13"}],"replies":[{"embeddable":true,"href":"https:\/\/www.bghaber.org\/bghaber\/wp-json\/wp\/v2\/comments?post=32084"}],"version-history":[{"count":0,"href":"https:\/\/www.bghaber.org\/bghaber\/wp-json\/wp\/v2\/posts\/32084\/revisions"}],"wp:attachment":[{"href":"https:\/\/www.bghaber.org\/bghaber\/wp-json\/wp\/v2\/media?parent=32084"}],"wp:term":[{"taxonomy":"category","embeddable":true,"href":"https:\/\/www.bghaber.org\/bghaber\/wp-json\/wp\/v2\/categories?post=32084"},{"taxonomy":"post_tag","embeddable":true,"href":"https:\/\/www.bghaber.org\/bghaber\/wp-json\/wp\/v2\/tags?post=32084"}],"curies":[{"name":"wp","href":"https:\/\/api.w.org\/{rel}","templated":true}]}}