{"id":32080,"date":"2018-08-20T09:41:14","date_gmt":"2018-08-20T06:41:14","guid":{"rendered":"http:\/\/www.bghaber.org\/bghaber\/?p=32080"},"modified":"2018-08-20T09:41:14","modified_gmt":"2018-08-20T06:41:14","slug":"aclik-grevleri-basliyor","status":"publish","type":"post","link":"https:\/\/www.bghaber.org\/bghaber\/aclik-grevleri-basliyor\/","title":{"rendered":"A\u00e7l\u0131k Grevleri Ba\u015fl\u0131yor"},"content":{"rendered":"<p>BGSAM<\/p>\n<p>Tarih: 19 A\u011fustos 2018<\/p>\n<p>Konu: <strong>\u0130nsan haklar\u0131 m\u00fccadelesinde ulusal dayan\u0131\u015fma.<\/strong><\/p>\n<p><strong>\u201c\u00d6l\u00fcme Hay\u0131r!\u201d<\/strong><\/p>\n<p><strong>\u201cDoland\u0131r\u0131c\u0131l\u0131\u011fa Hay\u0131r!\u201d<\/strong><\/p><div id=\"bghab-3042623661\" class=\"bghab-icerik-icine bghab-entity-placement\"><script async src=\"\/\/pagead2.googlesyndication.com\/pagead\/js\/adsbygoogle.js?client=ca-pub-6203283170189293\" crossorigin=\"anonymous\"><\/script><ins class=\"adsbygoogle\" style=\"display:block; text-align:center;\" data-ad-client=\"ca-pub-6203283170189293\" \ndata-ad-slot=\"7303146466\" \ndata-ad-layout=\"in-article\"\ndata-ad-format=\"fluid\" data-full-width-responsive=\"true\"><\/ins>\n<script> \n(adsbygoogle = window.adsbygoogle || []).push({}); \n<\/script>\n<\/div>\n<p>Bu iki sloganla, uzun y\u0131llar Bulgar hapishanelerinde \u00e7\u00fcr\u00fct\u00fclen, bat\u0131 Rodoplardan bilinen insan haklar\u0131 sava\u015f\u00e7\u0131s\u0131 <strong>\u0130brahim Kurucu (Runtov)<\/strong> giri\u015fiminde ve \u00f6nc\u00fcl\u00fc\u011f\u00fcnde \u00fclkede n\u00f6betle\u015fe a\u00e7l\u0131k grevleri ba\u015flad\u0131. Yeni kurulan 17 ki\u015filik M\u00fcsl\u00fcman A\u00e7l\u0131k Grevi Komitesi, r\u00fc\u015fvet vermeden art\u0131k herhangi bir i\u015f yap\u0131labilmesinin m\u00fcmk\u00fcn olmad\u0131\u011f\u0131 Bulgaristan\u2019da \u00fcnl\u00fc insan haklar\u0131 sava\u015f\u00e7\u0131s\u0131 <strong>Nikolay Kolev<\/strong> taraf\u0131ndan 3 ay \u00f6nce, \u201c<strong>Doland\u0131r\u0131c\u0131l\u0131\u011f\u0131n Durdurulmas\u0131<\/strong>!\u201d iste\u011fi ile ba\u015flat\u0131lan ve uzun bir m\u00fcddet Sofya\u2019da meclis meydan\u0131nda devam eden direni\u015fe tam destek ifade etti.<\/p>\n<p>Bulgaristan M\u00fcsl\u00fcmanlar\u0131 temsilcileri <strong>N. Kolev<\/strong> ile dayan\u0131\u015fmak amac\u0131yla kesintisiz a\u00e7l\u0131k grevi ba\u015flatt\u0131klar\u0131n\u0131 Avrupa Birli\u011fi \u00fclkelerinin Sofya B\u00fcy\u00fckel\u00e7ilerine \u00f6zel bir \u00e7a\u011fr\u0131yla duyurdular.<\/p>\n<p>\u201c<strong>\u00d6l\u00fcme ve doland\u0131r\u0131c\u0131l\u0131\u011fa son verilmesi!<\/strong>\u201d \u00e7a\u011fr\u0131s\u0131n\u0131 Eski Ba\u015fbakanlar\u0131ndan <strong>Bayan Renera \u0130ncova<\/strong>, totaliter kom\u00fcnist rejimde hapis yatan, hala Fransa\u2019da ya\u015fayan insan haklar\u0131 sava\u015f\u00e7\u0131s\u0131 <strong>Pet\u0131r Boyaciev<\/strong>, eski polis komiseri <strong>Stoy\u00e7o Stoy\u00e7evski<\/strong>, Albay <strong>Kun\u00e7o Kunev<\/strong>, Bulgaristan\u2019\u0131n Suriye eski B\u00fcy\u00fckel\u00e7isi <strong>Radion Popov<\/strong> ile bir\u00e7ok Romen ve Pomak derne\u011fi destek verdi ve \u00c7a\u011fr\u0131y\u0131 imzalad\u0131lar.<\/p>\n<p><img data-recalc-dims=\"1\" loading=\"lazy\" decoding=\"async\" class=\"\" src=\"https:\/\/i0.wp.com\/www.bghaber.org\/bghaber\/wp-content\/uploads\/2018\/08\/bg-nikola.jpg?resize=617%2C808\" width=\"617\" height=\"808\" \/><\/p>\n<p>&nbsp;<\/p>\n<p>\u00c7a\u011fr\u0131da aynen \u015f\u00f6yle deniyor: \u201cBiz, Dayan\u0131\u015fma Komitesi olarak<\/p><div id=\"bghab-1354274479\" class=\"bghab-icerik-icine-10-paragraf bghab-entity-placement\"><script async src=\"\/\/pagead2.googlesyndication.com\/pagead\/js\/adsbygoogle.js?client=ca-pub-6203283170189293\" crossorigin=\"anonymous\"><\/script><ins class=\"adsbygoogle\" style=\"display:block; text-align:center;\" data-ad-client=\"ca-pub-6203283170189293\" \ndata-ad-slot=\"7303146466\" \ndata-ad-layout=\"in-article\"\ndata-ad-format=\"fluid\" data-full-width-responsive=\"true\"><\/ins>\n<script> \n(adsbygoogle = window.adsbygoogle || []).push({}); \n<\/script>\n<\/div>\n<ol>\n<li>Kolev ile H\u00fck\u00fcmet aras\u0131ndaki anla\u015fmazl\u0131\u011fa m\u00fcdahale etmek istemiyoruz. AB insan haklar\u0131 de\u011ferleri koruyucu g\u00fcc\u00fcn\u00fcn Kolev\u2019in hayat\u0131n\u0131 g\u00fcvence alt\u0131na almas\u0131 ricam\u0131zd\u0131r. Bu trajik olay demokratik ve adil \u00e7\u00f6z\u00fcm bulunamazsa ve N. Kolev\u2019in hayat\u0131 tehlike alt\u0131nda kalmaya devam ederse, hakl\u0131 direni\u015fi destekleyen arkada\u015flar\u0131m\u0131z a\u00e7l\u0131k grevine direni\u015fi geni\u015fleterek devam edeceklerdir.<\/li>\n<\/ol>\n<p>&nbsp;<\/p>\n<p>Giri\u015fim komitesinin, Bulgar ve T\u00fcrkiye medyas\u0131na g\u00f6nderdi\u011fi\u00a0 \u00c7a\u011fr\u0131\u2019da aynen \u015f\u00f6yle deniyor:<\/p>\n<p>&nbsp;<\/p>\n<p>\u0130NSAN HAKLARI SAVUNUCUSU AVRUPA VATANDA\u015eI N\u0130KOLAY KOLEV\u2019\u0130N HAYATINI KORUYALIM!<\/p>\n<p><strong>\u00d6l\u00fcme hay\u0131r!\u00a0 Dalaverecilere hay\u0131r!<\/strong><\/p><div id=\"bghab-1352231020\" class=\"bghab-icerik-icine-15-paragraf bghab-entity-placement\"><script async src=\"\/\/pagead2.googlesyndication.com\/pagead\/js\/adsbygoogle.js?client=ca-pub-6203283170189293\" crossorigin=\"anonymous\"><\/script><ins class=\"adsbygoogle\" style=\"display:block; text-align:center;\" data-ad-client=\"ca-pub-6203283170189293\" \ndata-ad-slot=\"7303146466\" \ndata-ad-layout=\"in-article\"\ndata-ad-format=\"fluid\" data-full-width-responsive=\"true\"><\/ins>\n<script> \n(adsbygoogle = window.adsbygoogle || []).push({}); \n<\/script>\n<\/div>\n<p>Size ba\u015fvurmam\u0131z\u0131n nedenleri \u00f6zel nitelikli olmay\u0131p do\u011fas\u0131 bak\u0131m\u0131ndan ola\u011fan\u00fcst\u00fc insanc\u0131ld\u0131r.\u00a0 Bundan dolay\u0131 iste\u011fimiz trajik olaya H\u00fcma\u2019n a\u00e7\u0131dan tepki g\u00f6stermenizdir.<\/p>\n<p>Biz, Bulgaristan M\u00fcsl\u00fcman toplulu\u011fun bir par\u00e7as\u0131, bir de Maastricht Anla\u015fmas\u0131na g\u00f6re Avrupa vatanda\u015f\u0131 olan,\u00a0 Bulgaristan vatanda\u015flar\u0131y\u0131z.<\/p>\n<p>\u00dclkemizin \u00fcyesi oldu\u011fu Avrupa Birli\u011fi belirli de\u011ferler \u00fczerine kurulmu\u015ftur. Bu de\u011ferlerden biri \u0130nsan Hayat\u0131d\u0131r \u2013 onun garanti alt\u0131nda olmas\u0131 ve g\u00fcvence alt\u0131nda olmas\u0131n\u0131n sa\u011flanmas\u0131d\u0131r.<\/p>\n<p>Say\u0131n Nikolar Kolev Bulgaristan\u2019da kom\u00fcnist rejimin kol gezdi\u011fi y\u0131llardan beri bilinen bir insan haklar\u0131 sava\u015f\u0131mc\u0131s\u0131d\u0131r. \u015eu anda, onun Bulgar h\u00fck\u00fcmeti ile do\u011frudan do\u011fruya sert z\u0131tla\u015fan durumu, hayat\u0131n\u0131n s\u00f6nmesine neden olacak niteliktedir.<\/p>\n<p>Biz, Kolev ile h\u00fck\u00fcmet aras\u0131ndaki uzla\u015fmazl\u0131\u011fa a\u00e7\u0131k olarak kar\u0131\u015fmak istemiyoruz. \u0130ste\u011fimiz, bir AVRUPA VATANDA\u015eI olan Say\u0131n Kolev\u2019in, insanc\u0131l bir planda Avrupa Birli\u011fi de\u011ferleri fonunda hayat\u0131n\u0131n g\u00fcvence alt\u0131na al\u0131nmas\u0131d\u0131r.<\/p><div id=\"bghab-2545810802\" class=\"bghab-icerik-icine-20-paragraf bghab-entity-placement\"><script async src=\"\/\/pagead2.googlesyndication.com\/pagead\/js\/adsbygoogle.js?client=ca-pub-6203283170189293\" crossorigin=\"anonymous\"><\/script><ins class=\"adsbygoogle\" style=\"display:block; text-align:center;\" data-ad-client=\"ca-pub-6203283170189293\" \ndata-ad-slot=\"7303146466\" \ndata-ad-layout=\"in-article\"\ndata-ad-format=\"fluid\" data-full-width-responsive=\"true\"><\/ins>\n<script> \n(adsbygoogle = window.adsbygoogle || []).push({}); \n<\/script>\n<\/div>\n<p>Say\u0131n Kolev\u2019in bu eyleme ba\u015flamas\u0131na neden olan somut doland\u0131r\u0131c\u0131l\u0131k olaylar\u0131na gelince ise, biz onun ortaya koydu\u011fu kan\u0131tlar\u0131n ger\u00e7ek oldu\u011funa inan\u0131yoruz. Bu konuda EVROSTAR taraf\u0131ndan a\u00e7\u0131klanan verilerin ger\u00e7e\u011fi yans\u0131tt\u0131\u011f\u0131ndan ku\u015fkumuz yoktur. Say\u0131n Kolev taraf\u0131ndan a\u00e7\u0131klanan dalavere olay\u0131, Bulgaristan\u2019daki r\u00fc\u015fvet olaylar\u0131ndan sadece \u00e7ok k\u00fc\u00e7\u00fck bir \u00f6rnektir. Bulgaristan\u2019da h\u00fck\u00fcmet, Bulgar vatanda\u015fl\u0131\u011f\u0131 vermek de bu kapsamda,\u00a0 her \u015feyle ticaret yap\u0131yor. \u00a0Bulgaristan\u2019\u0131n Avrupa Komisyonu taraf\u0131ndan 11 y\u0131l \u00f6nce k\u0131za\u011fa \u00e7ekilmi\u015f oldu\u011fu bay\u0131nd\u0131rl\u0131k sorunuyla ilgili bakan\u0131n muhtemelen istifa etmesiyle bir \u00e7\u00f6z\u00fcme var\u0131lamayaca\u011f\u0131na inanm\u0131\u015f bulunuyorum. \u0130lgili sorunun bu h\u00fck\u00fcmetin g\u00f6reve ba\u015flamas\u0131ndan \u00f6ncelere dayand\u0131\u011f\u0131 ve \u00e7ok derin oldu\u011fu dikkati \u00e7ekiyor.<\/p>\n<p>Bulgaristan M\u00fcsl\u00fcmanlar\u0131 i\u00e7in ola\u011fan\u00fcst\u00fc zor olan ge\u00e7en y\u00fczy\u0131l\u0131n seksenli y\u0131llar\u0131nda, H\u0131ristiyan Nikolay Kolev, di\u011fer baz\u0131 H\u0131ristiyanlarla birlikte, hayat\u0131n\u0131 riske atarak, Bulgaristan M\u00fcsl\u00fcmanlar\u0131 davas\u0131ndan yana \u00e7\u0131kt\u0131 ve bizi savundu. Birka\u00e7 defa tutukland\u0131, tehdit edildi fakat milliyet\u00e7i kom\u00fcnist iktidar \u00f6n\u00fcnde boyun e\u011fmedi. Biz bunu unutamay\u0131z. \u015eu da unutulmamal\u0131d\u0131r. A\u015f\u0131r\u0131 milliyet\u00e7ili\u011fe ve fa\u015fizmin her bi\u00e7imine kar\u015f\u0131 bir her zaman ve her yerde H\u0131ristiyanlarla omuz omuza m\u00fccadele etmeye devam edece\u011fiz.<\/p>\n<p>Yukar\u0131da s\u00f6ylediklerimize destek anlam\u0131nda biz \u015fu karar\u0131 ald\u0131k: Bu olay birka\u00e7 g\u00fcne kadar demokratik ve adil bir bi\u00e7imde \u00e7\u00f6z\u00fcm bulmaz ve Say\u0131n Kolev\u2019in hayat\u0131 tehlike alt\u0131nda bulunmaya devam ederse, \u00fclkemizin bir\u00e7ok yerinde birden ve d\u0131\u015f \u00fclkelerde a\u00e7l\u0131k grevleri<\/p>\n<p>\u00d6L\u00dcME HAYIR! AVRUPA VATANDA\u015eI, \u0130NSAN HAKLARI SAVA\u015e\u00c7ISI N\u0130KOLAY KOLEV\u2019\u0130N HAYATINI SAVUNALIM!<\/p>\n<p>Slogan\u0131yla yay\u0131lmaya devam edecektir.<\/p><div id=\"bghab-1039517145\" class=\"bghab-icerik-icine-25-paragraf bghab-entity-placement\"><script async src=\"\/\/pagead2.googlesyndication.com\/pagead\/js\/adsbygoogle.js?client=ca-pub-6203283170189293\" crossorigin=\"anonymous\"><\/script><ins class=\"adsbygoogle\" style=\"display:block; text-align:center;\" data-ad-client=\"ca-pub-6203283170189293\" \ndata-ad-slot=\"7303146466\" \ndata-ad-layout=\"in-article\"\ndata-ad-format=\"fluid\" data-full-width-responsive=\"true\"><\/ins>\n<script> \n(adsbygoogle = window.adsbygoogle || []).push({}); \n<\/script>\n<\/div>\n<p>Avrupa Birli\u011fi\u2019nin en b\u00fcy\u00fck de\u011ferlerinden biri olan \u2013 HAYATI \u2013 savunmak i\u00e7in bir\u00e7ok ba\u015fka yasal m\u00fccadele yollar\u0131na ba\u015fvurma hakk\u0131m\u0131z\u0131 da gizli tutuyoruz.<\/p>\n<p>Say\u0131n N. Kolev\u2019in hayat\u0131n\u0131 ortak m\u00fccadelemizle savunabilece\u011fimize inan\u0131yoruz!<\/p>\n<p>Bulgar vatanda\u015f\u0131 \u2013 M\u00fcsl\u00fcman \u0130nisiyatif Grubu<\/p>\n<div id=\"bghab-1959979164\" class=\"bghab-yazi-altinda bghab-entity-placement\"><div class=\"bghab-adlabel\">Reklamlar<\/div><script async src=\"https:\/\/pagead2.googlesyndication.com\/pagead\/js\/adsbygoogle.js\"><\/script>\r\n<!-- bghaber-yaz\u0131-sonu -->\r\n<ins class=\"adsbygoogle\"\r\n     style=\"display:block\"\r\n     data-ad-client=\"ca-pub-6203283170189293\"\r\n     data-ad-slot=\"4222328180\"\r\n     data-ad-format=\"auto\"\r\n     data-full-width-responsive=\"true\"><\/ins>\r\n<script>\r\n     (adsbygoogle = window.adsbygoogle || []).push({});\r\n<\/script><\/div><br style=\"clear: both; display: block; float: none;\"\/>","protected":false},"excerpt":{"rendered":"<p>BGSAM Tarih: 19 A\u011fustos 2018 Konu: \u0130nsan haklar\u0131 m\u00fccadelesinde ulusal dayan\u0131\u015fma. \u201c\u00d6l\u00fcme Hay\u0131r!\u201d \u201cDoland\u0131r\u0131c\u0131l\u0131\u011fa Hay\u0131r!\u201d Bu iki sloganla, uzun y\u0131llar Bulgar hapishanelerinde \u00e7\u00fcr\u00fct\u00fclen, bat\u0131 Rodoplardan<\/p>\n","protected":false},"author":13,"featured_media":24178,"comment_status":"closed","ping_status":"closed","sticky":false,"template":"","format":"standard","meta":{"advanced_seo_description":"","jetpack_seo_html_title":"","jetpack_seo_noindex":false,"_jetpack_memberships_contains_paid_content":false,"footnotes":""},"categories":[6],"tags":[],"class_list":["post-32080","post","type-post","status-publish","format-standard","has-post-thumbnail","hentry","category-yorum"],"jetpack_featured_media_url":"https:\/\/i0.wp.com\/www.bghaber.org\/bghaber\/wp-content\/uploads\/2017\/09\/bgsam.png?fit=793%2C599&ssl=1","jetpack_sharing_enabled":true,"jetpack_likes_enabled":true,"jetpack-related-posts":[],"jetpack_shortlink":"https:\/\/wp.me\/pc2PfJ-8lq","_links":{"self":[{"href":"https:\/\/www.bghaber.org\/bghaber\/wp-json\/wp\/v2\/posts\/32080","targetHints":{"allow":["GET"]}}],"collection":[{"href":"https:\/\/www.bghaber.org\/bghaber\/wp-json\/wp\/v2\/posts"}],"about":[{"href":"https:\/\/www.bghaber.org\/bghaber\/wp-json\/wp\/v2\/types\/post"}],"author":[{"embeddable":true,"href":"https:\/\/www.bghaber.org\/bghaber\/wp-json\/wp\/v2\/users\/13"}],"replies":[{"embeddable":true,"href":"https:\/\/www.bghaber.org\/bghaber\/wp-json\/wp\/v2\/comments?post=32080"}],"version-history":[{"count":0,"href":"https:\/\/www.bghaber.org\/bghaber\/wp-json\/wp\/v2\/posts\/32080\/revisions"}],"wp:featuredmedia":[{"embeddable":true,"href":"https:\/\/www.bghaber.org\/bghaber\/wp-json\/wp\/v2\/media\/24178"}],"wp:attachment":[{"href":"https:\/\/www.bghaber.org\/bghaber\/wp-json\/wp\/v2\/media?parent=32080"}],"wp:term":[{"taxonomy":"category","embeddable":true,"href":"https:\/\/www.bghaber.org\/bghaber\/wp-json\/wp\/v2\/categories?post=32080"},{"taxonomy":"post_tag","embeddable":true,"href":"https:\/\/www.bghaber.org\/bghaber\/wp-json\/wp\/v2\/tags?post=32080"}],"curies":[{"name":"wp","href":"https:\/\/api.w.org\/{rel}","templated":true}]}}