{"id":32022,"date":"2018-08-17T21:05:25","date_gmt":"2018-08-17T18:05:25","guid":{"rendered":"http:\/\/www.bghaber.org\/bghaber\/?p=32022"},"modified":"2018-08-17T21:05:25","modified_gmt":"2018-08-17T18:05:25","slug":"gunden-degisiyor","status":"publish","type":"post","link":"https:\/\/www.bghaber.org\/bghaber\/gunden-degisiyor\/","title":{"rendered":"G\u00fcnden De\u011fi\u015fiyor"},"content":{"rendered":"<p>Tarih: 17 A\u011fustos 2018<\/p>\n<p>Yazan: Dr. Nedim B\u0130R\u0130NC\u0130<\/p>\n<p>Konu: <strong>Yeni at\u0131l\u0131mlara haz\u0131rlan\u0131yoruz.<\/strong><\/p>\n<p>Bulgar tarih\u00e7iler ve di\u011fer bilim insanlar\u0131 tarihte daha uzun ve derin izler bulmak i\u00e7in e\u015felemeye devam ederken, kimi defa istemeye istemeye olsa da \u00f6nemli ger\u00e7ekleri ifade etmek zorunda kal\u0131yorlar.<\/p>\n<p>Bulgar halk psikolojisinin \u00f6nemli bilginlerinden olan Prof. Dr. L\u00fcbomir Georgiev \u2013 Sofya \u201cKl. Ohridski \u00dcniversitesi Psikoloji Fak\u00fcltesi Dekan\u0131 \u2013 \u201cPoglem Video\u201d s\u00f6yle\u015fisinde \u201c<strong>500 y\u0131l s\u00fcren Osmanl\u0131 devrinde Bulgar n\u00fcfus 2 milyon ki\u015fi artm\u0131\u015ft\u0131r. K\u00f6lelikten s\u00f6z etmemiz s\u00f6z konusu olamaz. Son 30 y\u0131lda ise n\u00fcfusumuz 2,5 milyon ki\u015fi azald\u0131.<\/strong>\u201d dedi.<\/p><div id=\"bghab-2325667509\" class=\"bghab-icerik-icine bghab-entity-placement\"><script async src=\"\/\/pagead2.googlesyndication.com\/pagead\/js\/adsbygoogle.js?client=ca-pub-6203283170189293\" crossorigin=\"anonymous\"><\/script><ins class=\"adsbygoogle\" style=\"display:block; text-align:center;\" data-ad-client=\"ca-pub-6203283170189293\" \ndata-ad-slot=\"7303146466\" \ndata-ad-layout=\"in-article\"\ndata-ad-format=\"fluid\" data-full-width-responsive=\"true\"><\/ins>\n<script> \n(adsbygoogle = window.adsbygoogle || []).push({}); \n<\/script>\n<\/div>\n<p>2,5 milyon Bulgar vatanda\u015f\u0131na T\u00fcrkiye\u2019ye kovulan 500 bin \u201c<strong>B\u00fcy\u00fck G\u00f6\u00e7<\/strong>\u201d ma\u011fduru kat\u0131lmam\u0131\u015ft\u0131r.<\/p>\n<p>D\u00fcnya istatistiklerine g\u00f6re, sans\u00fcr uygulayarak halk\u0131n beynini karartma i\u015finde, 179 \u00fclke s\u0131ralamas\u0131nda, 111. yerde olan Bulgaristan\u2019da, 1\u00a0650\u00a0000 (bir milyon alt\u0131 y\u00fcz bin) ya\u015fl\u0131 vatanda\u015f sefalet \u00e7\u0131tas\u0131n\u0131n alt\u0131nda \u00e7ok derin bir ma\u011faraya t\u0131k\u0131lm\u0131\u015f ve can \u00e7eki\u015fmeye devam ediyor. Bu konuda h\u00fck\u00fcmet makamlar\u0131 s\u00fcrekli yalan haber \u00fcretiyor ve halk\u0131 kand\u0131rmaya \u00e7al\u0131\u015f\u0131yorlar. Yabanc\u0131 \u00fclkelerde \u00e7al\u0131\u015fanlardan gelen yard\u0131m paralar\u0131 olmasa bu kategorinin yok olmas\u0131 birka\u00e7 ay meselesi olmu\u015ftur. Bunun sebebi ise, ihtiyarlar\u0131n bir\u00e7o\u011funun sosyal yard\u0131mlarla (135 leva) ge\u00e7inmek zorunda oldu\u011fu ve bu paran\u0131n ila\u00e7 i\u00e7in bile etmedi\u011fidir.<\/p>\n<p>Bulgar bas\u0131n\u0131 durumun ger\u00e7ek y\u00fcz\u00fcn\u00fc a\u00e7\u0131klamaya \u00e7al\u0131\u015f\u0131rken \u201c<strong>T\u00fcrk esaretinde bile bu kadar \u00e7ekmemi\u015ftik<\/strong>\u201d ifadesini kullan\u0131yor. S\u00f6zde T\u00fcrklerle ya\u015farken zorluk \u00e7ekmi\u015flermi\u015f\u2026<\/p>\n<p>En b\u00fcy\u00fck i\u015f\u00e7i konfederasyonu olan (KNSB) son a\u00e7\u0131klamas\u0131nda, \u201c<strong>\u00e7al\u0131\u015fanlar\u0131n % 72\u2019sinin ge\u00e7inebilmeleri i\u00e7in gerekli olan asgari gelirin alt\u0131nda ayl\u0131k \u00fccret ald\u0131\u011f\u0131n\u0131<\/strong>\u201d duyurdu.<\/p>\n<p>Konuya de\u011finen tan\u0131nm\u0131\u015f gazeteci &#8211; yazar Kivork Kivorkiyan, \u201coligar\u015fiyi temsil eden \u00fcst yap\u0131n\u0131n t\u00fcm \u00e7abalar\u0131yla Bulgaristan halk\u0131n\u0131n ge\u00e7mi\u015fi karart\u0131lmaya ve tamamen silinmeye \u00e7al\u0131\u015f\u0131yor. Vatanda\u015flar bo\u015f bellekle b\u0131rak\u0131lmak isteniyor. Belleksiz \u2013 haf\u0131zas\u0131z \u2013 bir halk yarat\u0131larak pastelin gibi yo\u011furacaklar, ezip b\u00fckecekler! \u0130stedikleri \u015fekle sokmak istedikleri bir halk yaratmak istiyorlar!\u201d diye yazd\u0131 \u201cFakti.bg\u201d yay\u0131n\u0131nda. (17 08 2018)<\/p><div id=\"bghab-2693036961\" class=\"bghab-icerik-icine-10-paragraf bghab-entity-placement\"><script async src=\"\/\/pagead2.googlesyndication.com\/pagead\/js\/adsbygoogle.js?client=ca-pub-6203283170189293\" crossorigin=\"anonymous\"><\/script><ins class=\"adsbygoogle\" style=\"display:block; text-align:center;\" data-ad-client=\"ca-pub-6203283170189293\" \ndata-ad-slot=\"7303146466\" \ndata-ad-layout=\"in-article\"\ndata-ad-format=\"fluid\" data-full-width-responsive=\"true\"><\/ins>\n<script> \n(adsbygoogle = window.adsbygoogle || []).push({}); \n<\/script>\n<\/div>\n<p>Yazar Kivork T\u00fcrklerden \u00c7ingene ve Pomaklardan s\u00f6z etmese bile, bizim \u00fczerimizde son 70 y\u0131lda \u00e7ok yo\u011fun bir \u00e7al\u0131\u015fma var. 6 ay Sofya\u2019da \u00e7al\u0131\u015fan Avrupa Konseyi\u2019nde, bu memlekette T\u00fcrk, Pomak, \u00c7ingene, Ulah, Yahudi, Ermeni, Gagauz ve Tatar da ya\u015f\u0131yor t\u00fcmcesinin kurulmadan yaz\u0131l\u0131p \u00e7izilmesi herkese dudak \u0131s\u0131rtt\u0131. Hep Balkanlardan s\u00f6z edildi ama Balkanlarda 80 halk az\u0131nl\u0131\u011f\u0131 ya\u015f\u0131yor ve bunlar\u0131n kimlik, din, anadil, k\u00fclt\u00fcr vs haklar\u0131 var bunlar nas\u0131l sa\u011flanacak ve geli\u015ftirilmesine imk\u00e2n sunulacak m\u0131 denmedi. Herkes dilini yutmu\u015f maa\u015f g\u00fcn\u00fcn\u00fc bekliyor\u2026<\/p>\n<p>Bulgar halk\u0131n\u0131n ve bu halk\u0131 olu\u015fturan Bulgarlar d\u0131\u015f\u0131ndaki etniklerin dinsel ve k\u00fclt\u00fcrel zenginle\u015ferek geli\u015fmesine gereksinim var. Bat\u0131 d\u00fcnyas\u0131nda din solmu\u015f kuruyor. Bu arada XX. y\u00fczy\u0131lda \u0130slam dini ye\u015ferip dallan\u0131yor, bu ger\u00e7e\u011fe de de\u011finen yok. T\u00fcrkiye, tarih de\u011fi\u015ftiren ad\u0131mlar at\u0131yor. Ba\u015fkan Say\u0131n R.T. Erdo\u011fan\u2019\u0131n Amerikan Ba\u015fkan\u0131 D.Trump\u2019un yapt\u0131r\u0131mlar\u0131na, ekonomik ve mali sald\u0131r\u0131lar\u0131na g\u00f6\u011f\u00fcs gerdi. \u00d6d\u00fcn vermeden durumdan \u00e7\u0131kt\u0131. Ma\u011fdur haklar\u0131n hepsine \u00f6rnek oldu. Ama de\u011finen yok.<\/p>\n<p>Ak\u0131llar\u0131na ilk gelen K\u0131r\u0131m Sava\u015f\u0131\u2019nda zorlanan Osmanl\u0131\u2019n\u0131n 1876\u2019da d\u0131\u015f bor\u00e7lar\u0131 200 milyon Sterlin oldu\u011funda \u201c<strong>iflas etti\u011fini a\u00e7\u0131klad\u0131\u011f\u0131<\/strong>\u201d gibi, B\u00fcy\u00fck Ba\u015fkan Say\u0131n Erdo\u011fan y\u00f6netimindeki T\u00fcrkiye Cumhuriyeti\u2019nin de \u201c<strong>iflas<\/strong>\u201d demesini gece g\u00fcnd\u00fcz beklediler. Filibe (Plovdiv) d\u00f6viz b\u00fcrosu 14 A\u011fustos\u2019un ak\u015fam saatlerinde \u201c<strong>YTL alm\u0131yoruz<\/strong>!\u201d dedi\u011finde sanki bayram ettiler. Gazeteciler \u201c<strong>D\u00fcy\u00fcn\u00fc Umumiye<\/strong>\u201d nin Bulgarcas\u0131n\u0131 aramaya koyuldular. Bir g\u00fcn sonra faiz ve kur sisi kalkmaya ba\u015flay\u0131nca \u015fa\u015f\u0131r\u0131p kald\u0131lar.<\/p>\n<p>T\u00fcrkiye\u2019nin eski T\u00fcrkiye olmad\u0131\u011f\u0131n\u0131, k\u00f6kten de\u011fi\u015fti\u011fini, g\u00fc\u00e7lendi\u011fini, farkl\u0131 bir dayan\u0131kl\u0131l\u0131k sergiledi\u011fini b\u00fct\u00fcn d\u00fcnya g\u00f6rd\u00fc. Herkes g\u00fc\u00e7l\u00fcn\u00fcn yan\u0131nda yer almaya s\u0131raya durdu. 1959; 1970; 1980; 1990 ve 2001 darbeli, paras\u0131 dalgal\u0131, ekonomisi sallant\u0131l\u0131, halk\u0131 tedirgin ve umutsuz T\u00fcrkiye tarih oldu. D. Trump ve ard\u0131ndaki tuzak\u00e7\u0131 soyguncular ile darbeciler el uzatsa T\u00fcrkiye\u2019de tutacak olmad\u0131\u011f\u0131 ortaya \u00e7\u0131kt\u0131. Eskiden istedikleri an Generallere askeri darbe yap\u0131p kasalar\u0131n\u0131 doldurup ka\u00e7\u0131yorlard\u0131. 10 y\u0131lda bir ayn\u0131 tuza\u011f\u0131 kurmaya al\u0131\u015fm\u0131\u015flard\u0131.<\/p>\n<p>Say\u0131n Erdo\u011fan\u2019\u0131n d\u00fcnya d\u00fczeninde k\u00f6kl\u00fc de\u011fi\u015fikler gerekti\u011fine i\u015faret eden \u201c<strong>D\u00fcnya be\u015ften b\u00fcy\u00fckt\u00fcr<\/strong>\u201d slogan\u0131 d\u00fcnyaca destek buluyor. Kamuoyunda tart\u0131\u015f\u0131lan ana konu Ba\u015fkan Say\u0131n Erdo\u011fan\u2019\u0131n \u00f6ng\u00f6r\u00fc derinli\u011fi oldu. Katar\u2019dan, Rusya\u2019dan, Almanya\u2019dan sonra \u00c7in de T\u00fcrkiye\u2019nin yapt\u0131r\u0131ml\u0131 sald\u0131r\u0131ya kar\u015f\u0131 ald\u0131\u011f\u0131 tedbirlere ve izledi\u011fi isabetli siyasete destek geldi.<\/p><div id=\"bghab-165358075\" class=\"bghab-icerik-icine-15-paragraf bghab-entity-placement\"><script async src=\"\/\/pagead2.googlesyndication.com\/pagead\/js\/adsbygoogle.js?client=ca-pub-6203283170189293\" crossorigin=\"anonymous\"><\/script><ins class=\"adsbygoogle\" style=\"display:block; text-align:center;\" data-ad-client=\"ca-pub-6203283170189293\" \ndata-ad-slot=\"7303146466\" \ndata-ad-layout=\"in-article\"\ndata-ad-format=\"fluid\" data-full-width-responsive=\"true\"><\/ins>\n<script> \n(adsbygoogle = window.adsbygoogle || []).push({}); \n<\/script>\n<\/div>\n<p>B\u00fcy\u00fck Yeni T\u00fcrkiye\u2019nin ba\u015far\u0131l\u0131 hamleleri Bulgaristan vatanda\u015flar\u0131n\u0131n siyasi yap\u0131da, se\u00e7im sisteminde ve sosyal alanda k\u00f6kl\u00fc de\u011fi\u015fiklilerin hemen ger\u00e7ekle\u015ftirilmesi yolunda hareketlenmesi dikkati \u00e7ekiyor.<\/p>\n<p>\u00d6yle olsa da, Bulgar psikologlar\u0131na g\u00f6re, halk\u0131n \u00fczerine korku \u00e7\u00f6km\u00fc\u015f, geni\u015f taban kesimde b\u00fcz\u00fcl\u00fcp sinme var. \u0130nsanlar yoksulluk, kir pas, koku \u00e7eki i\u00e7inde ya\u015famaya al\u0131\u015fm\u0131\u015flar. K\u00f6kl\u00fc de\u011fi\u015fiklik olursa, devlet memurlar\u0131n\u0131n polis, \u00f6\u011fretmen, doktor, yarg\u0131\u00e7, savc\u0131 ve sigorta ve vergi dairelerinde \u00e7al\u0131\u015fanlar\u0131n % 30\u2019unun i\u015fsiz kalaca\u011f\u0131 iddia ediliyor.<\/p>\n<p><strong>Bulgaristan\u2019da \u015fu d\u00f6nem tart\u0131\u015f\u0131lan 2 tarih var.<\/strong><\/p>\n<p>Birincisi 13 Eyl\u00fcl, ikincisi de 16 Eyl\u00fcl g\u00fcn\u00fcd\u00fcr.\u00a0 13 Eyl\u00fclde muhalefet g\u00fc\u00e7lerinin Sofya\u2019da y\u0131l\u0131n dev g\u00f6steri ve mitingini d\u00fczenleyip \u201c<strong>Kartal K\u00f6pr\u00fc<\/strong>\u201d de toplanarak h\u00fck\u00fcmetin istifa etmesini, fa\u015fistlerin iktidardan kovulmas\u0131n\u0131 ve demokratik erken se\u00e7im yap\u0131lmas\u0131n\u0131 istemelerine haz\u0131rl\u0131k g\u00f6r\u00fcl\u00fcyor. Bu g\u00f6steri ve mitinge \u00fclkenin il merkezlerinde otob\u00fcsle n\u00fcmayi\u015f\u00e7i ta\u015f\u0131nacak, sivil toplum \u00f6rg\u00fctleri ve sendikalarla birlikte emeklilerin kat\u0131lmas\u0131 da \u00f6ng\u00f6r\u00fcl\u00fcyor.<\/p>\n<p>\u0130kinci g\u00f6steri, duyurulara g\u00f6re 16 Eyl\u00fcl g\u00fcn\u00fc saat 15\u2019te Sofya\u2019da Halk Meclisi meydan\u0131nda toplanacak ve \u00f6zellikle Bat\u0131 Avrupa \u00fclkelerinde \u00e7al\u0131\u015fan ve okuyan, Eyl\u00fcl ay\u0131nda Bulgaristan\u2019a tatile yapan gurbet\u00e7i vatanda\u015flar kat\u0131lacak. Bas\u0131nda yap\u0131lan haberlere g\u00f6re, 16 Eyl\u00fcl 2018\u2019de Sofya\u2019ya toplanacak olan gurbet\u00e7ilerin say\u0131s\u0131 b\u00fcy\u00fck olacak ve yerli m\u00fczik gruplar\u0131n\u0131n da kat\u0131laca\u011f\u0131 eylemin sabaha kadar devam edecek. \u201cAntenab.com\u201d yay\u0131n\u0131 Almanya, Fransa, \u0130spanya, \u0130sve\u00e7, \u0130talya ve ba\u015fka Bat\u0131 Avrupa \u00fclkelerinden gelenlerin yerli vatanda\u015flar taraf\u0131ndan desteklenmesi ve h\u00fck\u00fcmetin d\u00fc\u015f\u00fcr\u00fclmesi \u00f6ng\u00f6r\u00fcl\u00fcyor.<\/p><div id=\"bghab-1542413572\" class=\"bghab-icerik-icine-20-paragraf bghab-entity-placement\"><script async src=\"\/\/pagead2.googlesyndication.com\/pagead\/js\/adsbygoogle.js?client=ca-pub-6203283170189293\" crossorigin=\"anonymous\"><\/script><ins class=\"adsbygoogle\" style=\"display:block; text-align:center;\" data-ad-client=\"ca-pub-6203283170189293\" \ndata-ad-slot=\"7303146466\" \ndata-ad-layout=\"in-article\"\ndata-ad-format=\"fluid\" data-full-width-responsive=\"true\"><\/ins>\n<script> \n(adsbygoogle = window.adsbygoogle || []).push({}); \n<\/script>\n<\/div>\n<p><strong>Haz\u0131rl\u0131klar\u0131 ba\u015flayan b\u00fcy\u00fck siyasi g\u00f6sterinin slogan\u0131 \u015fudur:<\/strong><\/p>\n<p><em>M\u0130LL\u0130 HA\u0130NLER VE CAN\u0130LERLE G\u00d6R\u00dc\u015eMEK \u0130STEM\u0130YORUZ!<br \/>\n<\/em><em>H\u00dcKUMET\u0130N \u0130ST\u0130FA\u00a0ETMES\u0130N\u0130 VE 1989 YILINDAN BER\u0130 \u0130KT\u0130DAR OLAN B\u00dcT\u00dcN G\u00dc\u00c7LER\u0130N YARGILANMASINI \u0130ST\u0130YORUZ!<\/em><\/p>\n<p>Gurbet\u00e7i temsilcilerinin yay\u0131nlad\u0131\u011f\u0131 isteklerse \u015f\u00f6yledir:<\/p>\n<ul>\n<li>Siyasi partilerin mecliste i\u015fi olamaz! 240 ki\u015finin devletimizi alabildi\u011fine soymas\u0131na tahamm\u00fcl\u00fcm\u00fcz yok. Hapsi sorgulanmal\u0131 ve yarg\u0131lanmal\u0131d\u0131r.<\/li>\n<li>Majoriter se\u00e7im sistemi uygulanmal\u0131d\u0131r! Halk tan\u0131d\u0131\u011f\u0131 ve g\u00fcvendi\u011fi ki\u015fileri meclise g\u00f6ndermelidir. \u0130svi\u00e7re Se\u00e7im Modeli uygulanmal\u0131d\u0131r. Parti listelerine g\u00f6re se\u00e7im yap\u0131lmas\u0131 yasaklanmal\u0131d\u0131r. Devleti soyanlardan hesap yarg\u0131lanmal\u0131d\u0131r. Davalar uzun s\u00fcrebilir.<\/li>\n<li>Vatan\u0131m\u0131z insans\u0131z kald\u0131.<\/li>\n<\/ul>\n<p>Yabanc\u0131 \u00fclkelerde ekmek paras\u0131, huzurlu hayat aramaya zorland\u0131k. Biz vatan\u0131m\u0131zdan kovulduk. A\u011f\u0131r gurbet ko\u015fullar\u0131nda \u00f6m\u00fcr t\u00f6rp\u00fclemeye zorland\u0131k. Gurbet\u00e7ilerin hepsinin kalbinde memleket sevgisi ya\u015f\u0131yor. Analar\u0131m\u0131z\u0131, babalar\u0131m\u0131z\u0131, karde\u015flerimizi, \u00e7o\u011fumuz \u00e7ocuklar\u0131m\u0131z\u0131 g\u00f6zleri ya\u015fl\u0131 arkam\u0131zda b\u0131rakarak ekmek paras\u0131 aramaya gittik. Biz 16 Eyl\u00fcl g\u00fcn\u00fc iktidardan hesap sormaya geliyoruz.<\/p>\n<p>VATANDA\u015eLAR,<\/p><div id=\"bghab-3200686899\" class=\"bghab-icerik-icine-25-paragraf bghab-entity-placement\"><script async src=\"\/\/pagead2.googlesyndication.com\/pagead\/js\/adsbygoogle.js?client=ca-pub-6203283170189293\" crossorigin=\"anonymous\"><\/script><ins class=\"adsbygoogle\" style=\"display:block; text-align:center;\" data-ad-client=\"ca-pub-6203283170189293\" \ndata-ad-slot=\"7303146466\" \ndata-ad-layout=\"in-article\"\ndata-ad-format=\"fluid\" data-full-width-responsive=\"true\"><\/ins>\n<script> \n(adsbygoogle = window.adsbygoogle || []).push({}); \n<\/script>\n<\/div>\n<p>Son umut s\u00f6nmemi\u015ftir. Biz hala ya\u015f\u0131yoruz. Gelin, birlik olal\u0131m ve bu soyguncu h\u00fck\u00fcmeti, fa\u015fistlerle ortakl\u0131k yapan eski kom\u00fcnistlerin torunlar\u0131n\u0131 iktidardan devirelim! \u015eimdiye kadar idarede olan oligar\u015fi ve mafyaya kar\u015f\u0131 ele ele verelim. Bizi bir yudum ekme\u011fe muhta\u00e7 eden iktidarda katiller var, Bulgar halk\u0131na kar\u015f\u0131 soyk\u0131r\u0131m i\u015fleniyor, birlik olup hepsini \u00e7\u00f6pe atal\u0131m ve hesap soral\u0131m.<\/p>\n<p>SOMUT \u0130STEKLER\u0130M\u0130Z \u015eUNLARDIR<\/p>\n<ul>\n<li>Dolays\u0131z demokrasi istiyoruz.<\/li>\n<li>Gelece\u011fimizle ilgili halk oylamas\u0131 d\u00fczenlenmelidir.<\/li>\n<li>Vatan\u0131m\u0131z\u0131n y\u00f6netim bi\u00e7imi konusunda ulusal ve yerel referandumlar yap\u0131lmal\u0131d\u0131r. Son s\u00f6z halk\u0131nd\u0131r!<\/li>\n<li>Se\u00e7im sistemi de\u011fi\u015ftirilmelidir. Blok\u00e7eyn teknolojiler kullan\u0131larak sand\u0131k ba\u015f\u0131na gitmeden, her vatanda\u015f bulundu\u011fu yerden, elektronik yolla oy kullanacak ve halk\u0131n ger\u00e7ek g\u00f6r\u00fc\u015f\u00fc ve istekleri \u00f6\u011frenilecek ve tarafs\u0131z bir iktidar tesis edilecektir.<\/li>\n<li>Partiler se\u00e7ime kat\u0131lmayacak. Halk kendi adaylar\u0131n\u0131 kendisi g\u00f6sterecek ve hi\u00e7bir bask\u0131 alt\u0131nda kalmadan kendisi se\u00e7ecektir. Devlet g\u00f6revlilerinin her birinden ki\u015fisel sorumluluk arama mekanizmas\u0131 olu\u015fturulacakt\u0131r.<\/li>\n<li>Ba\u015f Savc\u0131, Ba\u015fbakan, Cumhurba\u015fkan\u0131, Bakanlar, Yarg\u0131\u00e7lar, Muhtarlar, polis m\u00fcd\u00fcr ve amirleri halk taraf\u0131ndan direk oylamayla se\u00e7ilecek ve se\u00e7men her zaman ve her yerde kendilerinden hesap sorma hakk\u0131na sahip olacakt\u0131r.<\/li>\n<li>Avrupa fonlar\u0131, devlet b\u00fct\u00e7esi ve devlet ve belediye projeleri, ihaleler halk\u0131n ger\u00e7ek temsilcileri taraf\u0131ndan kontrol dilecektir.<\/li>\n<\/ul>\n<p>***<\/p>\n<p>Sonu\u00e7: Merkezimize akan bilgiler, Bulgaristan\u2019\u0131n de\u011fi\u015fikliklere gebe oldu\u011funu haber veriyor. Bulgaristan bizim vatan\u0131m\u0131zd\u0131r. 1989\u2019da ba\u015flatt\u0131\u011f\u0131m\u0131z demokratik d\u00f6n\u00fc\u015f\u00fcmler davam\u0131z yar\u0131m kald\u0131. 30 y\u0131ldan sonra Avrupa\u2019y\u0131 gidip g\u00f6ren, gurbet havas\u0131n\u0131 koklayan Bulgarlar\u0131n da demokrasiden ve adaletten yana fikir de\u011fi\u015ftirdi\u011fini kan\u0131tl\u0131yor.<\/p>\n<p>\u00d6zellikle siyasi sistemin, se\u00e7im sisteminin de\u011fi\u015ftirilmesi ve katillerden, talanc\u0131lardan, az\u0131nl\u0131klara zul\u00fcm edenlerden ve etnik az\u0131nl\u0131klar\u0131n insan haklar\u0131n\u0131 tan\u0131mayanlardan hesap sorulmas\u0131 davas\u0131nda bizim de katk\u0131m\u0131z olacakt\u0131r. Bu konuda BULT\u00dcRK ve BGSAM ve di\u011fer dernek ve federasyonlar\u0131n kararlar\u0131n\u0131 ve g\u00f6r\u00fc\u015flerini size bildirece\u011fiz.<\/p><div id=\"bghab-794211460\" class=\"bghab-icerik-icine-30-paragraf bghab-entity-placement\"><script async src=\"\/\/pagead2.googlesyndication.com\/pagead\/js\/adsbygoogle.js?client=ca-pub-6203283170189293\" crossorigin=\"anonymous\"><\/script><ins class=\"adsbygoogle\" style=\"display:block; text-align:center;\" data-ad-client=\"ca-pub-6203283170189293\" \ndata-ad-slot=\"7303146466\" \ndata-ad-layout=\"in-article\"\ndata-ad-format=\"fluid\" data-full-width-responsive=\"true\"><\/ins>\n<script> \n(adsbygoogle = window.adsbygoogle || []).push({}); \n<\/script>\n<\/div>\n<p>Ortak karar alma ve eyleme ge\u00e7me hakk\u0131m\u0131z gizlidir.<\/p>\n<p>Okuyun ve \u00e7evrenizle payla\u015f\u0131n\u0131z.<\/p>\n<p>Bizi izlemeye devam ediniz.<\/p>\n<p>Okudu\u011funuz i\u00e7in te\u015fekk\u00fcr ederiz.<\/p>\n<div id=\"bghab-2334435232\" class=\"bghab-yazi-altinda bghab-entity-placement\"><div class=\"bghab-adlabel\">Reklamlar<\/div><script async src=\"https:\/\/pagead2.googlesyndication.com\/pagead\/js\/adsbygoogle.js\"><\/script>\r\n<!-- bghaber-yaz\u0131-sonu -->\r\n<ins class=\"adsbygoogle\"\r\n     style=\"display:block\"\r\n     data-ad-client=\"ca-pub-6203283170189293\"\r\n     data-ad-slot=\"4222328180\"\r\n     data-ad-format=\"auto\"\r\n     data-full-width-responsive=\"true\"><\/ins>\r\n<script>\r\n     (adsbygoogle = window.adsbygoogle || []).push({});\r\n<\/script><\/div><br style=\"clear: both; display: block; float: none;\"\/>","protected":false},"excerpt":{"rendered":"<p>Tarih: 17 A\u011fustos 2018 Yazan: Dr. Nedim B\u0130R\u0130NC\u0130 Konu: Yeni at\u0131l\u0131mlara haz\u0131rlan\u0131yoruz. Bulgar tarih\u00e7iler ve di\u011fer bilim insanlar\u0131 tarihte daha uzun ve derin izler bulmak<\/p>\n","protected":false},"author":13,"featured_media":8403,"comment_status":"closed","ping_status":"closed","sticky":false,"template":"","format":"standard","meta":{"advanced_seo_description":"","jetpack_seo_html_title":"","jetpack_seo_noindex":false,"_jetpack_memberships_contains_paid_content":false,"footnotes":""},"categories":[6],"tags":[],"class_list":["post-32022","post","type-post","status-publish","format-standard","has-post-thumbnail","hentry","category-yorum"],"jetpack_featured_media_url":"https:\/\/i0.wp.com\/www.bghaber.org\/bghaber\/wp-content\/uploads\/2013\/11\/nedim-birinci.jpg?fit=432%2C552&ssl=1","jetpack_sharing_enabled":true,"jetpack_likes_enabled":true,"jetpack-related-posts":[],"jetpack_shortlink":"https:\/\/wp.me\/pc2PfJ-8ku","_links":{"self":[{"href":"https:\/\/www.bghaber.org\/bghaber\/wp-json\/wp\/v2\/posts\/32022","targetHints":{"allow":["GET"]}}],"collection":[{"href":"https:\/\/www.bghaber.org\/bghaber\/wp-json\/wp\/v2\/posts"}],"about":[{"href":"https:\/\/www.bghaber.org\/bghaber\/wp-json\/wp\/v2\/types\/post"}],"author":[{"embeddable":true,"href":"https:\/\/www.bghaber.org\/bghaber\/wp-json\/wp\/v2\/users\/13"}],"replies":[{"embeddable":true,"href":"https:\/\/www.bghaber.org\/bghaber\/wp-json\/wp\/v2\/comments?post=32022"}],"version-history":[{"count":0,"href":"https:\/\/www.bghaber.org\/bghaber\/wp-json\/wp\/v2\/posts\/32022\/revisions"}],"wp:featuredmedia":[{"embeddable":true,"href":"https:\/\/www.bghaber.org\/bghaber\/wp-json\/wp\/v2\/media\/8403"}],"wp:attachment":[{"href":"https:\/\/www.bghaber.org\/bghaber\/wp-json\/wp\/v2\/media?parent=32022"}],"wp:term":[{"taxonomy":"category","embeddable":true,"href":"https:\/\/www.bghaber.org\/bghaber\/wp-json\/wp\/v2\/categories?post=32022"},{"taxonomy":"post_tag","embeddable":true,"href":"https:\/\/www.bghaber.org\/bghaber\/wp-json\/wp\/v2\/tags?post=32022"}],"curies":[{"name":"wp","href":"https:\/\/api.w.org\/{rel}","templated":true}]}}