{"id":32017,"date":"2018-08-17T08:51:00","date_gmt":"2018-08-17T05:51:00","guid":{"rendered":"http:\/\/www.bghaber.org\/bghaber\/?p=32017"},"modified":"2018-08-17T08:51:00","modified_gmt":"2018-08-17T05:51:00","slug":"vatan-her-bireyde-ayri-tarifi-olan-ozel-bir-kavramdir","status":"publish","type":"post","link":"https:\/\/www.bghaber.org\/bghaber\/vatan-her-bireyde-ayri-tarifi-olan-ozel-bir-kavramdir\/","title":{"rendered":"Vatan, her bireyde ayr\u0131 tarifi olan \u00f6zel bir kavramd\u0131r."},"content":{"rendered":"<p>Tarih: 16 A\u011fustos 2018<br \/>\nYazan: Nedim AKIN<\/p>\n<p><strong>Konu: S\u00f6nmeyen Vatan sevgisi.<\/strong><\/p>\n<p>\u015eairlerimizden Mehmet Ahmedov Eminov i\u00e7in de ge\u00e7erlidir bu. O 1964\u2019\u00fcn alaca karanl\u0131k bir bahar ak\u015fam\u0131nda Razgrad\u2019a ba\u011fl\u0131 A\u011fma\u00e7 (Murtagonovo) k\u00f6y\u00fcndeki evine d\u00f6nerken tutukland\u0131\u011f\u0131nda, yakas\u0131na yap\u0131\u015fanlar\u0131n onu do\u011fup b\u00fcy\u00fcd\u00fc\u011f\u00fc ocaktan, k\u00f6y\u00fcnden, yak\u0131nlar\u0131ndan, ge\u00e7mi\u015fi ve gelecek \u00f6zlemlerinden kopar\u0131p s\u0131n\u0131r d\u0131\u015f\u0131 etmek istediklerini d\u00fc\u015f\u00fcnememi\u015fti. O, in\u015faatlarda \u00e7al\u0131\u015fan, g\u00f6nl\u00fcne dolan\u0131 \u015fiirle\u015ftiren bir gen\u00e7ti. Yazmak yasak de\u011fildi.<br \/>\nYasak olan Vatan bildi\u011fi topra\u011f\u0131 herkesten fazla sevmesiydi. Bu sevgiyi evlatlar\u0131na ve k\u00f6y\u00fcndeki \u00e7ocuklar\u0131n hepsine a\u015f\u0131lama arzusuydu. Bilincinde sevgi a\u015f\u0131laman\u0131n su\u00e7 olabilece\u011fi gibi bir ku\u015fku yoktu. Yurdunu ba\u015fkalar\u0131ndan \u00e7ok sevdi\u011fi i\u00e7in i\u00e7eri d\u00fc\u015ft\u00fc. 2.5 sene yatt\u0131. 1968 g\u00f6\u00e7 anla\u015fmas\u0131ndan yararlanarak s\u0131n\u0131r kap\u0131s\u0131na do\u011fru itelendi.<br \/>\nYakla\u015f\u0131k 50 y\u0131l pi\u015fmanl\u0131\u011f\u0131n boyutu ile bo\u011fu\u015ftu.<br \/>\n1 Mart 1968\u2019de lambay\u0131 s\u00f6nd\u00fcrmeden evinden \u00e7\u0131karken ocaktaki son k\u00f6zler s\u00f6nm\u00fc\u015f m\u00fc diye a\u015f odas\u0131na girdi\u011finde Deliorman oca\u011f\u0131 ba\u015f\u0131nda kaleme bir daha sar\u0131ld\u0131, \u201cBEN KAYBOLUYORUM GEN\u00c7L\u0130\u011e\u0130M\u0130N KAYBOLAN YILLARI \u0130\u00c7\u0130NDE \u015fiirini yazacakt\u0131, cebindeki not defterine d\u00fc\u015fen sat\u0131rlar \u015fu oldu:<br \/>\nDEL\u0130ORMAN<br \/>\nEcdad\u0131m\u0131n yerisin sen<br \/>\nAli\u015f\u2019lerin terisin sen<br \/>\nG\u00f6zlerimin ferisin sen<br \/>\nSen b\u00f6ylesin Deliorman.<br \/>\nG\u00f6nl\u00fcmdesin Deliorman.<br \/>\nDeyince durdu. \u201cHer arzu i\u00e7imde kald\u0131,\u201d desem mi diye d\u00fc\u015f\u00fcnd\u00fc. Vatans\u0131z ya\u015fan\u0131r m\u0131? Ben \u00f6ld\u00fcm m\u00fc yoksa demek istedi. Kalemi \u015f\u00f6yle devam etti:<br \/>\nK\u00f6\u015fe bucak bentler a\u00e7t\u0131k<br \/>\nKar\u0131\u015f, kar\u0131\u015f yollar a\u00e7t\u0131k<br \/>\nAs\u0131rlarca \u00e7a\u011flar a\u00e7t\u0131k<br \/>\nSen bizdensin Deliorman<br \/>\nSevgimdensin Deliorman.<br \/>\nO yapt\u0131klar\u0131m\u0131z\u0131, inand\u0131klar\u0131m\u0131z\u0131, ger\u00e7ek olan\u0131 anlatmay\u0131 se\u00e7ti. Aldat\u0131ld\u0131\u011f\u0131n\u0131, tuzaklara d\u00fc\u015f\u00fcr\u00fcld\u00fc\u011f\u00fcm\u00fcz\u00fc kabul edip, yerip lanetlemek istemedi. Her ba\u015fa gelen \u00e7ekilmeli miydi? Sevgiyle yap\u0131lan her \u015fey bir g\u00fcn hi\u00e7 bir \u015fey olmam\u0131\u015f gibi arkada kalsa da sanki helaldi. Kabul etmek istemedi\u011fi, vatan sevgisinin onu hataya d\u00fc\u015f\u00fcrebilece\u011fi, d\u00fc\u015flerinin onu yanl\u0131\u015f bir yola sapt\u0131rm\u0131\u015f olabilece\u011fine \u0131srarl\u0131 inanmay\u0131\u015f\u0131yd\u0131. Hayat \u00e7eli\u015fkisini a\u00e7\u0131p i\u011fren\u00e7 \u00f6z\u00fc g\u00f6rmek isterken kalemi g\u00f6nl\u00fcn\u00fc, y\u00fcre\u011findeki an\u0131lar\u0131 anlatmaya devam etti:<br \/>\nAna gibi g\u00f6\u011f\u00fcs gerdin<br \/>\nG\u00f6n\u00fcl dolusu sevgi verdin<br \/>\nBir istedik bin verdin<br \/>\nSen definesin Deliorman<br \/>\nS\u00f6z\u00fcmdesin Deliorman<br \/>\nBelirmeye ba\u015flayan hasreti asla yenemeyece\u011fini duyumsuyordu o. Vatan topra\u011f\u0131ndan daha c\u00f6mert bir yer bulamayaca\u011f\u0131n\u0131 hissediyordu. Ya\u011f\u0131\u015f dolu, kar k\u0131\u015f ama ka\u00e7 nesildir hepsini besleyen, adam eden ac\u0131 dili, uzun sopas\u0131 olmayan o toprakt\u0131. Ailesiyle birlikte onu k\u00f6y\u00fcnden kovanlar Vatan hakk\u0131na el uzat\u0131yorlard\u0131. Topra\u011f\u0131n kendisi ve \u00fczerindeki her \u015fey onun vatan\u0131yd\u0131. Deliorman\u2019daki s\u0131k T\u00fcrk dokusunu seyreltmek isteniyordu. D\u00fc\u015fmanlar\u0131, giderken onun ve onun gibi yola zorlananlar\u0131n Deliorman ate\u015fini birlikte g\u00f6t\u00fcrece\u011fini d\u00fc\u015f\u00fcnemiyorlard\u0131. Kar\u015f\u0131lar\u0131na dikilen devletti. Deliorman insan\u0131n\u0131n g\u00f6nl\u00fcnde ta\u015f\u0131d\u0131\u011f\u0131 ate\u015f olmadan her \u015feyin \u00e7\u00f6kece\u011fini d\u00fc\u015f\u00fcnecek durumda de\u011fillerdi. Deliorman bir iman yeri, ibadet evi, ilham dolu bir ya\u015fam bilinci olmu\u015ftu. Ormanlar\u0131n kendili\u011finden s\u0131kla\u015ft\u0131\u011f\u0131n\u0131 da d\u00fc\u015f\u00fcnememi\u015flerdi.<br \/>\nSana kar\u015f\u0131 s\u0131zlar benlik<br \/>\nDoludizgin gelir benlik<br \/>\n\u00c7e\u015fmen k\u00f6pr\u00fcn bin esenlik<br \/>\nSen tarihsin Deliorman<br \/>\nG\u00f6z\u00fcmdesin Deliorman<br \/>\nBulgaristan T\u00fcrklerinden g\u00f6\u00e7e zorlanan her fert ve ailesi derin bir tarihten s\u00f6k\u00fclm\u00fc\u015f, k\u00f6kleri kopar\u0131lm\u0131\u015f, kuruyup yok olsun diye s\u0131n\u0131r d\u0131\u015f\u0131 edilmi\u015ftir. Ne var ki a\u00e7\u0131lan yara da asla kapanmam\u0131\u015ft\u0131r. Ne dev a\u011fa\u00e7lar ayakta \u00f6lm\u00fc\u015f, ne k\u00f6kleri kurumu\u015f, s\u0131n\u0131r \u00f6tesine at\u0131lan dallar ve budaklar da anavatan topra\u011f\u0131nda ye\u015ferdik\u00e7e ye\u015fermi\u015ftir. Art\u0131k dallar birbirini ar\u0131yor, \u00e7i\u00e7ekler \u00e7i\u00e7ekle tozla\u015f\u0131yor.<br \/>\nHasretim sen, \u00f6zlemim sen<br \/>\nTarihim sen, talihim sen<br \/>\nNefesim sen ferah\u0131m sen<br \/>\nSen destans\u0131n Deliorman.<br \/>\n\u00d6z\u00fcmdesin Deliorman.<br \/>\nTopra\u011f\u0131n sesi ve anne sesi birdir. Vatan sevgisi bir \u00e7a\u011fr\u0131d\u0131r. \u00c7i\u00e7ek kokusu, g\u00fcl dikeni, oyna\u015fan tav\u015fan ve marallar, kurt u\u011fultusu, ar\u0131 v\u0131z\u0131lt\u0131s\u0131d\u0131r Vatan sevgisi, ayn\u0131 anne sevgisi gibi\u2026<br \/>\n\u201cOf be, demeden yeti\u015ftik biz!\u201d bu topraklarda, beni b\u00f6yle b\u0131rak\u0131p gittiniz, hadi gelin, hepinizi \u00f6zledim, yoruldum bo\u015f diyarlarda beklerken esintisi gelmiyor mu kulaklar\u0131n\u0131za\u2026!?<\/p>\n<p>Yorumu size b\u0131rak\u0131yorum!<br \/>\nOkudu\u011funuz i\u00e7in te\u015fekk\u00fcr ederim.<\/p>\n<div id=\"bghab-4236040509\" class=\"bghab-yazi-altinda bghab-entity-placement\"><div class=\"bghab-adlabel\">Reklamlar<\/div><script async src=\"https:\/\/pagead2.googlesyndication.com\/pagead\/js\/adsbygoogle.js\"><\/script>\r\n<!-- bghaber-yaz\u0131-sonu -->\r\n<ins class=\"adsbygoogle\"\r\n     style=\"display:block\"\r\n     data-ad-client=\"ca-pub-6203283170189293\"\r\n     data-ad-slot=\"4222328180\"\r\n     data-ad-format=\"auto\"\r\n     data-full-width-responsive=\"true\"><\/ins>\r\n<script>\r\n     (adsbygoogle = window.adsbygoogle || []).push({});\r\n<\/script><\/div><br style=\"clear: both; display: block; float: none;\"\/>","protected":false},"excerpt":{"rendered":"<p>Tarih: 16 A\u011fustos 2018 Yazan: Nedim AKIN Konu: S\u00f6nmeyen Vatan sevgisi. \u015eairlerimizden Mehmet Ahmedov Eminov i\u00e7in de ge\u00e7erlidir bu. O 1964\u2019\u00fcn alaca karanl\u0131k bir bahar<\/p>\n","protected":false},"author":13,"featured_media":31679,"comment_status":"closed","ping_status":"closed","sticky":false,"template":"","format":"standard","meta":{"advanced_seo_description":"","jetpack_seo_html_title":"","jetpack_seo_noindex":false,"_jetpack_memberships_contains_paid_content":false,"footnotes":""},"categories":[6],"tags":[],"class_list":["post-32017","post","type-post","status-publish","format-standard","has-post-thumbnail","hentry","category-yorum"],"jetpack_featured_media_url":"https:\/\/i0.wp.com\/www.bghaber.org\/bghaber\/wp-content\/uploads\/2018\/07\/nedim-akin.jpg?fit=210%2C300&ssl=1","jetpack_sharing_enabled":true,"jetpack_likes_enabled":true,"jetpack-related-posts":[],"jetpack_shortlink":"https:\/\/wp.me\/pc2PfJ-8kp","_links":{"self":[{"href":"https:\/\/www.bghaber.org\/bghaber\/wp-json\/wp\/v2\/posts\/32017","targetHints":{"allow":["GET"]}}],"collection":[{"href":"https:\/\/www.bghaber.org\/bghaber\/wp-json\/wp\/v2\/posts"}],"about":[{"href":"https:\/\/www.bghaber.org\/bghaber\/wp-json\/wp\/v2\/types\/post"}],"author":[{"embeddable":true,"href":"https:\/\/www.bghaber.org\/bghaber\/wp-json\/wp\/v2\/users\/13"}],"replies":[{"embeddable":true,"href":"https:\/\/www.bghaber.org\/bghaber\/wp-json\/wp\/v2\/comments?post=32017"}],"version-history":[{"count":0,"href":"https:\/\/www.bghaber.org\/bghaber\/wp-json\/wp\/v2\/posts\/32017\/revisions"}],"wp:featuredmedia":[{"embeddable":true,"href":"https:\/\/www.bghaber.org\/bghaber\/wp-json\/wp\/v2\/media\/31679"}],"wp:attachment":[{"href":"https:\/\/www.bghaber.org\/bghaber\/wp-json\/wp\/v2\/media?parent=32017"}],"wp:term":[{"taxonomy":"category","embeddable":true,"href":"https:\/\/www.bghaber.org\/bghaber\/wp-json\/wp\/v2\/categories?post=32017"},{"taxonomy":"post_tag","embeddable":true,"href":"https:\/\/www.bghaber.org\/bghaber\/wp-json\/wp\/v2\/tags?post=32017"}],"curies":[{"name":"wp","href":"https:\/\/api.w.org\/{rel}","templated":true}]}}