{"id":32014,"date":"2018-08-17T08:47:36","date_gmt":"2018-08-17T05:47:36","guid":{"rendered":"http:\/\/www.bghaber.org\/bghaber\/?p=32014"},"modified":"2019-01-18T21:58:07","modified_gmt":"2019-01-18T18:58:07","slug":"of-be-demeden-yetistik","status":"publish","type":"post","link":"https:\/\/www.bghaber.org\/bghaber\/of-be-demeden-yetistik\/","title":{"rendered":"Of be, demeden yeti\u015ftik"},"content":{"rendered":"<p>Tarih: 15 A\u011fustos 2018<br \/>\nYazan: Oya CANBAZO\u011eLU<\/p>\n<p><em><strong>Konu: Ana ve Vatan sevgisi bir b\u00fct\u00fcnd\u00fcr.<\/strong><\/em><br \/>\n<em><strong>Biz insan haklar\u0131m\u0131z\u0131 eksiksiz istiypruz.<\/strong><\/em><\/p>\n<p>Bizim \u015fu Bulgarlarla aram\u0131zdaki fark o kadar derinle\u015fti ki, ortak \u00e7izgide bir t\u00fcrl\u00fc bulu\u015fam\u0131yoruz deyip defalarca neden acaba d\u00fc\u015f\u00fcncesine dalm\u0131\u015f\u0131md\u0131r. Ortak varolu\u015fumuz hi\u00e7 de k\u00fc\u00e7\u00fck bir zaman dilimi de\u011fil &#8211; 600 senelik birliktelik &#8211; iyi k\u00f6t\u00fc kom\u015fuluk &#8211; ho\u015fg\u00f6r\u00fcl\u00fc y\u0131llar &#8211; gelip ge\u00e7enden, arkada kalan hat\u0131ralardan sapsar\u0131 bir yaprak\u2026<br \/>\nBir g\u00fcn \u0130stanbul&#8217;da Bulgar arkada\u015flarla ileri geri sohbet ederken sordum: \u201cAnaya of denmez!\u201d veya \u201cAnaya el kalkmaz!\u201d hayat \u00f6l\u00e7\u00fcm\u00fczd\u00fcr bizim. Bulgar ahlak\u0131nda var m\u0131 bu? Kad\u0131na k\u0131za \u015fiddeti yasaklayan anla\u015fmay\u0131 da imzalamad\u0131n\u0131z. Ne olacak \u015fimdi?<br \/>\nSusup bak\u0131nd\u0131lar.<br \/>\n<em>\u201cT\u00fcrk ahlak\u0131n\u0131n sa\u011flam temelidir bu k\u0131staslar. En \u015fiddetli depremler bile bir milim oynatamaz temel k\u0131staslar\u0131m\u0131zdan\u201d<\/em> dedim. Anaya, babaya, ya\u015fl\u0131lara sayg\u0131m\u0131z\u0131n ayarl\u0131 ve sonsuzdur: Anaya el kalkmaz! Anaya ba\u011f\u0131r\u0131lmaz! Anaya k\u00fcf\u00fcr edenden hesap sorulur! Gerekti\u011finde kan d\u00f6k\u00fcl\u00fcr. T\u00fcrkl\u00fc\u011f\u00fcn \u00f6z\u00fcd\u00fcr bunlar! anlatmaya devam ettim.<br \/>\n<strong>T\u00fcrk olabilmek i\u00e7in bilinmesi gereken ve uyulmas\u0131 zorunlu olanlar var.<\/strong><br \/>\nKimlik \u00f6zelliklerimizi bilmeyen, bilip de dikkate almayan, saymayan bir ki\u015finin T\u00fcrk\u2019le dostlu\u011fu t\u00f6kezler, istenmedik durumlar ya\u015fanabilir.<br \/>\nBulgarlar\u0131n anadilimize dil uzatmas\u0131, okullar\u0131m\u0131z\u0131 yasaklamas\u0131, camilerimizi ta\u015flamas\u0131, lehimizde \u00e7\u0131kan mahkeme kararlar\u0131na uyulmamas\u0131 ve bir\u00e7ok ba\u015fka \u00f6rnek hep bu c\u00fcmledendir.<br \/>\nT\u00fcrk olan T\u00fcrk\u00fcn \u00f6zelinde anas\u0131 ile birlikte bir de Vatan\u0131 vard\u0131r.<br \/>\nBiz Bulgaristanl\u0131 T\u00fcrkler Bulgaristan\u2019da do\u011fdu\u011fumuz ve yeti\u015fti\u011fimiz i\u00e7in Bulgaristan\u2019\u0131 Vatan biliriz. Totaliter \u2013 kom\u00fcnist diktat\u00f6r Todor Jivkov\u2019un 1989\u2019da vatan\u0131m\u0131zdan ter\u00f6r ve zul\u00fcmle s\u00f6k\u00fcpkovdu\u011fu karde\u015flerimiz, bug\u00fcn T\u00fcrkiye Cumhuriyeti vatanda\u015f\u0131d\u0131r. T\u00fcrkiye bizim Ana-vatan\u0131m\u0131zd\u0131r. Biz, Bulgaristanl\u0131 T\u00fcrklerin t\u00fcm\u00fc, Bulgaristan Cumhuriyeti\u2019nin 2007\u2019de Avrupa Birli\u011fi \u00fcyesi olmas\u0131yla, AB \u00fclkelerinde -27 \u00fclke \u2013 serbest dola\u015f\u0131m ve i\u015f hakk\u0131na da sahibiz. Bulgaristan\u2019a giri\u015f \u00e7\u0131k\u0131\u015f\u0131m\u0131z vizesizdir. Bulgar Anayasas\u0131\u2019n\u0131n orada ya\u015fayan karde\u015flerimize tan\u0131d\u0131\u011f\u0131 haklar \u00e7al\u0131\u015fma hakk\u0131 da elde ettik. Bulgar yerel se\u00e7imlerine, meclis ve Cumhurba\u015fkan\u0131 se\u00e7imlerine ve referandumlara kat\u0131larak s\u00f6zde oyumuzu kullan\u0131yoruz.<br \/>\n<strong>Haklar\u0131m\u0131z s\u0131n\u0131rl\u0131d\u0131r.<\/strong><br \/>\nS\u00f6zde diyorum, \u00e7\u00fcnk\u00fc AB Anayasas\u0131nda, yasalar\u0131nda birinci ve ikinci derece vatanda\u015f yok. Fakat Bulgaristan\u2019daki yerel yasalarda T\u00fcrkiye\u2019de ya\u015fayan biz soyda\u015flar\u0131n se\u00e7me ve se\u00e7ilme haklar\u0131m\u0131z s\u0131n\u0131rlar\u0131d\u0131r. Toplam say\u0131m\u0131z art\u0131k 1 milyonu a\u015ft\u0131. 620 binimizin oy verme hakk\u0131 var. Bir se\u00e7im sand\u0131\u011f\u0131nda bin dolay\u0131nda oy versek, T\u00fcrkiye\u2019de ya\u015fad\u0131\u011f\u0131m\u0131z yerle\u015fim merkezlerinde 500-600 se\u00e7im sand\u0131\u011f\u0131 a\u00e7\u0131lmas\u0131 gerek. Oysa bu rakkam halen 38 ile s\u0131n\u0131rlanm\u0131\u015f, oy kullanmaya giden soyda\u015flar\u0131m\u0131z bask\u0131 alt\u0131ndad\u0131r ve sald\u0131r\u0131ya maruz kal\u0131yor.<br \/>\n19 May\u0131s 2019\u2019da Avrupa Birli\u011fi Parlamento se\u00e7imleri var. Biz soyda\u015flar, derneklerimizin \u00f6nc\u00fcl\u00fc\u011f\u00fcnde bu se\u00e7imlerde MEKTUPLA oy kullanmak istiyoruz. BU Avusturya ve Almanya gibi b\u00fcy\u00fck \u00fclkelerde b\u00f6yledir. AB \u00fclkelerinin hepsinde ayn\u0131 sistemin uygulanmas\u0131nda \u0131srar ediyoruz. Her vatanda\u015fa engelsiz bir \u015fekilde oy kullanma hakk\u0131 yasalarla sa\u011flanmadan ve sand\u0131k ba\u015f\u0131nda g\u00fcvenlik garanti alt\u0131na al\u0131nmadan, e\u015fit hakl\u0131 vatanda\u015f toplumu, adil demokratik d\u00fczen kurulamaz. Biz se\u00e7me ve se\u00e7ilme haklar\u0131m\u0131z\u0131n eksizsiz tan\u0131nmas\u0131 i\u00e7in m\u00fccadele etmekte kararl\u0131y\u0131z. Biz Bulgaristanl\u0131 soyda\u015flar ve memlekette kalan karde\u015flerimiz Br\u00fcksel\u2019e bir iki de\u011fil, 10-15 ki\u015filik bir milletvekili heyeti g\u00f6nderebiliriz. Bu konuda, se\u00e7me hakk\u0131m\u0131z\u0131 kusursuz kullanabilmek i\u00e7in Bulgar partileriyle i\u015fbirli\u011fi yapabiliriz.<br \/>\n*<br \/>\n<strong>M\u00fccadele yolumuz a\u00e7\u0131kt\u0131r. <\/strong><br \/>\n28 y\u0131l \u00f6nce Bulgaristan demokratikle\u015fme yoluna girmi\u015f olsa da, hukukun \u00fcst\u00fcnl\u00fc\u011f\u00fc ve g\u00fcvenli bir adalet sa\u011flanamad\u0131\u011f\u0131 ve son y\u0131llarda Avrupa Konseyi\u2019nin (AK) de \u201cfa\u015fist\u201d olarak niteledi\u011fi a\u015f\u0131r\u0131 milliyet\u00e7i g\u00fc\u00e7lerin iktidara t\u0131rmanmas\u0131ndan dolay\u0131 soyda\u015flar\u0131m\u0131z\u0131n memlekette kalan evlerine m\u00fclklerine geri d\u00f6nme hareketi g\u00fc\u00e7 toplamaya ba\u015flayamad\u0131. Bulgar demokrasisinin yolunu kesin fa\u015fizmdir. Fa\u015fist partilerdir.<br \/>\n*<br \/>\nBat\u0131 Avrupa \u00fclkelerinde \u00e7al\u0131\u015fan ve emekli maa\u015f\u0131 hak eden karde\u015flerimiz Vatana d\u00f6nme haz\u0131rl\u0131klar\u0131 i\u00e7indedir. Toplam say\u0131lar\u0131 150 bin olan bu vatanda\u015flar kazand\u0131klar\u0131 paralarla k\u00f6ylerine ev tapt\u0131rd\u0131lar, eski evleri onard\u0131lar, \u015fehirlerde daire ald\u0131lar. Ya\u015fl\u0131l\u0131klar\u0131n\u0131 Vatanda ge\u00e7irmeye haz\u0131rlan\u0131yorlar. K\u0131rca Ali\u2019ye ba\u011fl\u0131 Karag\u00f6zler (\u00c7ernoo\u00e7ene) Belediye merkezi gurbet\u00e7ilerimizin yat\u0131r\u0131mlar\u0131yla \u015firin bir \u015fehre d\u00f6n\u00fc\u015ft\u00fc. Onlar\u0131n yat\u0131r\u0131mlar\u0131 Rodoplar\u2019a ve Deliorman\u2019a yeni renk veriyor.<\/p>\n<p>Vatan, bir topraktan par\u00e7as\u0131ndan \u00e7ok farkl\u0131 bir \u015feydir T\u00fcrkler i\u00e7in. \u0130nsan vatan\u0131nda cennet kurmak i\u00e7in d\u00fcnyaya gelir. Soy a\u011fac\u0131n\u0131n k\u00f6k sald\u0131\u011f\u0131 yerdir vatan. Nimetlerinden hayat f\u0131\u015fk\u0131ran, ferdi, soyu ve toplumu ya\u015fatan olmazsa olmaz\u0131m\u0131zd\u0131r. \u015eu kocaman d\u00fcnyada turist vatan\u0131 yoktur. Vatan olan Vatan topra\u011f\u0131 kanla terle sulanm\u0131\u015ft\u0131r. Kon g\u00f6\u00e7 yeri de\u011fildir. Bizim i\u00e7in ge\u00e7erli olan budur.<br \/>\n*<br \/>\n<strong>Romenlerden \u00f6rnek alal\u0131m.<\/strong><br \/>\nHafta sonu TV izlerken Romenlerle gurur duydum. B\u00fckre\u015f\u2019te Bakanlar Kurulu binas\u0131 ku\u015fatt\u0131. Gurbet\u00e7iler d\u00f6nm\u00fc\u015f h\u00fck\u00fcmetten hesap sordular. Yumruk kald\u0131rm\u0131\u015flar \u201c\u0130stifa!\u201d hayk\u0131r\u0131\u015flar\u0131yla tempo tutanlar\u0131n % 80\u2019ni ekmek paras\u0131n\u0131 d\u0131\u015f \u00fclkelerde kazananlard\u0131.<br \/>\nSon n\u00fcfus say\u0131m\u0131 \u2013 2012 \u2013 Romanya sakinlerinin % 30\u2019u &#8211; 7 milyon ki\u015fi &#8211; ekmek teknesini Bat\u0131 Avrupa, Birle\u015fik Amerika, Kanada ve Avusturalya\u2019ya ta\u015f\u0131m\u0131\u015ft\u0131.<br \/>\nOnlar Vatanla nefes al\u0131p verdiklerini kan\u0131tlad\u0131. Her y\u0131l yak\u0131nlar\u0131na 5 milyar Euro g\u00f6nderdiler. \u00dclkedeki geli\u015fmeleri s\u00fcrekli izlediler. R\u00fc\u015fvet ve doland\u0131r\u0131c\u0131l\u0131k olaylar\u0131ndan nefret ediyorlar. Tepkileri sertti. Y\u0131ll\u0131k izni yak\u0131nlar\u0131yla ge\u00e7irmeye gelenler Bakanlar Kurulunu sarm\u0131\u015ft\u0131. Bulgaristan\u2019da \u015fimdiye kadar b\u00f6yle bir geli\u015fme izlemedim. Benzer protesto eylemi d\u00fczenlenmedi.<br \/>\nMeydandakiler yaln\u0131z Romen de\u011fildi.<br \/>\nRomanya\u2019da n\u00fcfusun % 11\u2019i etnik az\u0131nl\u0131kt\u0131r. % 7\u2019i Macar k\u00f6kenli, % 3\u2019\u00fc \u00c7ingenedir. K\u00f6stence \u00e7evresinde 30-40 bin T\u00fcrk ve Tatar da ya\u015f\u0131yor. Az\u0131nl\u0131k haklar\u0131n\u0131n tamam\u0131ndan yararlanan &#8211; anaokulu, ilkokul derken \u00fclkede ilk Macar \u00dcniversitesi\u2019ni de kuruldu. Macar k\u00f6kenliler ticarette \u00e7ok \u00f6neli rol g\u00f6r\u00fcyorlar.<br \/>\nBu nas\u0131l oldu?<br \/>\nDiktat\u00f6r Nikolae \u00c7au\u015fesku\u2019nun devrilmesinden hemen sonra Romanya\u2019da ya\u015fayan 10 bin Macar gen\u00e7 k\u0131z ve o\u011flan Budape\u015fte\u2019ye \u00f6zel e\u011fitime al\u0131nd\u0131. Ekonomi, giri\u015fimcilik, toptan ve perakende ticaret, pazarc\u0131l\u0131k, arac\u0131l\u0131k ve ortak\u00e7\u0131l\u0131k e\u011fitimi g\u00f6rd\u00fcler. Ba\u015far\u0131l\u0131 olanlar\u0131n ceplerinde 10\u2019ar bin US Dolar kondu. Vatan\u2019a d\u00f6nenler \u00f6nce ta\u015f\u0131nmazlar\u0131n\u0131 tescil ettirip tapu alarak sigortalad\u0131. \u0130\u015fe ba\u015flad\u0131lar. 27 y\u0131l sonra Romanya g\u00fcnl\u00fck d\u00f6ner sermayesinin % 60\u2019\u0131n\u0131 art\u0131k istedikleri gibi oynat\u0131yorlar. Onlar da meydandayd\u0131. R\u00fc\u015fvetini almadan i\u015f yapmayan b\u00fcrokrasiyi protesto ettiler. Romanya onlar\u0131n can Vatan\u0131! Yolsuzluklara son verilmesi isteklerinde d\u0131\u015f \u00fclkelerdeki karde\u015fleriyle birle\u015ftiler. Adil d\u00fczen kurulmas\u0131nda \u0131srar ederken, \u00f6ne s\u00fcrd\u00fckleri isteklerin ba\u015f\u0131nda, r\u00fc\u015fvet ve doland\u0131r\u0131c\u0131l\u0131ktan bir defa yarg\u0131 \u00f6n\u00fcne \u00e7\u0131kan memurlar\u0131n bir daha asla devlet ve belediye i\u015fine al\u0131nmamas\u0131 da var. Yasal d\u00fczenleme istiyorlar.<br \/>\n*<br \/>\n<strong>A\u011flamayan bebe\u011fe meme verilmez.<\/strong><br \/>\nBulgaristan\u2019da 2018\u2019de bu atas\u00f6z\u00fc defalarca kan\u0131tland\u0131. Ocak ay\u0131nda polis ve jandarma meclisi ku\u015fatt\u0131, 100 milyon leva ald\u0131 ve sustu.<br \/>\n\u00d6z\u00fcrl\u00fc \u00e7ocuklar\u0131n anneleri meclisi ku\u015fatt\u0131 art\u0131k 250 milyon leva vaadi ald\u0131, 300 milyon istiyorlar. Bu \u00f6rnekler \u00e7ok.<br \/>\n1989\u2019un ay\u0131s\u0131nda ayakland\u0131k, 28 Aral\u0131\u011f\u0131nda 3 g\u00fcn Sofya Meclisini ku\u015fatt\u0131k isimlerimizi ve ibadet haklar\u0131m\u0131z\u0131 geri ald\u0131k.<br \/>\nYol meclisi ku\u015fatmaksa, gelin ku\u015fatal\u0131m \u2013 politik sistemi de\u011fi\u015ftirelim, oyumuzu posta ile g\u00f6nderme hakk\u0131m\u0131z\u0131 elde edelim. T\u00fcrkiye\u2019de ve di\u011fer \u00fclkelerde ya\u015fay\u0131p \u00e7al\u0131\u015fan, okuyan Bulgaristan vatanda\u015flar\u0131ndan da Sofya ve Br\u00fcksel meclisine milletvekili g\u00f6nderme hakk\u0131m\u0131z\u0131 elde edelim. Ba\u015fka yol yoksa yapacak ba\u015fka bir \u015fey yok. Politik partilerin se\u00e7im listesi yapma hakk\u0131n\u0131 da ellerinde alal\u0131m ve milletvekili adaylar\u0131n\u0131 kendimiz g\u00f6sterelim\u2026<br \/>\nBulgaristan\u2019da bu d\u00fczeye bir daha y\u00fckselemedik! S\u0131ra bizde.<br \/>\nBunun art\u0131k olmazsa olmaz oldu\u011funa yaln\u0131zca bir \u00f6rnek vermek istiyorum. 2007\u2019den beri AB \u00fcyesiyiz. Olukla para akt\u0131 \u00fclkemize. Bunlar\u0131n hepsi insanlara de\u011fildi. \u0130ri ba\u015f hayvanlar i\u00e7in &#8211; inek, kasapl\u0131k erkek dana, manda ve malak i\u00e7in &#8211; hayvan ba\u015f\u0131 900 leva geldi. Samimiyetle soruyorum! Hangi T\u00fcrk hayvan bak\u0131c\u0131 ah\u0131rdaki 10 inek i\u00e7in AB yard\u0131mlar\u0131ndan 9 000 (dokuz bin) leva ald\u0131!? Alan varsa parmak kald\u0131rs\u0131n. Gelen paralar\u0131n % 80\u2019ni say\u0131lar\u0131 100\u2019\u00fc ge\u00e7meyen dalavereci, doland\u0131r\u0131c\u0131, \u00fc\u00e7k\u00e2\u011f\u0131t\u00e7\u0131, r\u00fc\u015fvet\u00e7i, onlar\u0131n kopoylar\u0131, imza at\u0131p m\u00fch\u00fcr basarak kirli oyunlar\u0131 yasalla\u015ft\u0131ran namussuzlar\u0131n ceplerine girdi. G\u00fcn boyu hayvan\u0131n pe\u015finde, damda da\u011fda bay\u0131rda, otta, yemde, samanda bo\u011fu\u015fan karde\u015flerimize g\u0131c\u0131r g\u0131c\u0131r Eurolar\u0131 koklatmad\u0131lar bile\u2026 Paralar\u0131n hepsine el atal\u0131m hesaplar\u0131 yapanlar kendi tarlalar\u0131n\u0131 par\u00e7alad\u0131lar, \u00e7oluk \u00e7ocuk h\u0131s\u0131m akraba ve hatta tan\u0131mad\u0131klar\u0131 zavall\u0131 \u00c7ingenelerin \u00fcst\u00fcne ge\u00e7irip kimliklerini toplad\u0131lar. Ah\u0131rlardaki, balkandaki hayvanlar\u0131 s\u00f6zde payla\u015ft\u0131lar. Euro oluklar\u0131n\u0131 kendi banka hesaplar\u0131na ak\u0131tt\u0131lar. Partiler sustu. Savc\u0131l\u0131k bakark\u00f6r. Polis ve jandarma durumundan zaten memnun\u2026<br \/>\n*<br \/>\nM\u00fcsl\u00fcman vak\u0131f ta\u015f\u0131nmazlar\u0131n\u0131 alabilseydik belki biz de iri ba\u015f hayvanc\u0131l\u0131k geli\u015ftirebilirdik. Ama nerede, bizim mal\u0131m\u0131z m\u00fclk\u00fcm\u00fcz olunca hala ge\u00e7erli olan yasa maddesi: \u201c\u00c7\u00fcr\u00fcs\u00fcn, geri verilmesin\u201d<br \/>\nBulgar istatistiklerine g\u00f6re memleketteki ta\u015f\u0131nmazlar\u0131n, yani ova, tarla, keleme, ba\u011f-bah\u00e7e, yayla- otlak, \u00e7ay\u0131r, kimsesiz k\u0131rlar\u0131n, koru, orman ve dere boylar\u0131n\u0131n yar\u0131s\u0131 zaten T\u00fcrklerin. Ama biz bir Romanyal\u0131 gurbet\u00e7i, etnik az\u0131nl\u0131ktan Macar t\u00fcccar ve talika \u00c7ingenesi olamad\u0131k &#8211; \u00c7\u00fcnk\u00fc bilin\u00e7siz davran\u0131yoruz, rahat\u0131 ar\u0131yoruz, bir i\u015fi olana kadar kovalama davas\u0131nda hen\u00fcz ayaklanamad\u0131k. \u0130\u015fimizin ayar\u0131 yok. Do\u011fru d\u00fcr\u00fcst hedef yok. \u0130\u015fe sevdalanm\u0131\u015f liderimiz yok. Ge\u00e7erli olan k\u0131stas \u015fudur:<br \/>\nT\u00fcrk doyunca ac\u0131kaca\u011f\u0131n\u0131<br \/>\nAc\u0131k\u0131nca doyaca\u011f\u0131n\u0131 bilmez.<br \/>\nD\u00fc\u015fmanlar\u0131m\u0131z\u0131n bize kar\u015f\u0131 kulland\u0131\u011f\u0131 keskin silah budur. H\u00d6H partisinin elimize para pul ge\u00e7mesini engellemesinin sebebi de budur.<br \/>\nKocaman Avrupa\u2019da bizden ba\u015fka ana dilinde kendi okulu olmayan az\u0131nl\u0131k yok. Oyunu pa\u015fa pa\u015fa kullanamayan az\u0131nl\u0131k da yok. Bu yenir yutulur bir \u015fey olabilir mi?<br \/>\nEski k\u0131tada bizden ba\u015fka topra\u011f\u0131n\u0131, evini, mezarlar\u0131n\u0131, ta\u015f\u0131nmazlar\u0131n\u0131 ve t\u00fcm varl\u0131\u011f\u0131n\u0131 kurda ku\u015fa b\u0131rakan ba\u015fka bir millet ve millet par\u00e7as\u0131, soyu bula\u015f\u0131k suyu bile olsa T\u00fcrk suyunda olan ba\u015fka biri var m\u0131 acaba! Sofya\u2019da bile bir T\u00fcrk Mezarl\u0131\u011f\u0131 yok. Bu neden kimseyi d\u00fc\u015f\u00fcnd\u00fcrm\u00fcyor? Hi\u00e7bir sorunumuz neden \u00e7\u00f6z\u00fclemiyor. T\u00fcrklerin, \u00c7ingene ve Pomaklar\u0131n yolunu kesmeleri i\u00e7in ka\u00e7 ki\u015fiye maa\u015f veriliyor?<br \/>\nMezarl\u0131k i\u00e7in ayaklanan bir millet i\u015fitmedim g\u00f6rmedim. Birlik olal\u0131m biz ayaklanal\u0131m\u2026 Bak\u0131n\u0131yorum haz\u0131rl\u0131k g\u00f6remiyorum. Ko\u015fullar ne kadar a\u011f\u0131r olursa olsun, 5 leva Bulgar cezas\u0131ndan korkanlar, M\u0130LYARLIK M\u00dcLK\u00dc TEKMELED\u0130LER. Amerikan siyah derili zencilerinin insan haklar\u0131 m\u00fccadelesini d\u00fc\u015f\u00fcn\u00fcn\u00fcz. Bug\u00fcn Trump\u2019a kafa tutan ziyah derili Bayan ve Baylar\u0131 d\u00fc\u015f\u00fcn\u00fcn. Cesaretimizi yitirmemiz \u00e7ok k\u00f6t\u00fc oldu. Biz var olabilmek i\u00e7in haklar\u0131m\u0131z\u0131 elde etmek zorunday\u0131z.<br \/>\nEvet biz kovuldular. Ama zaman geldi\u011finde geri de d\u00f6nmedik. B\u0131rak\u0131p gitmek en kolayd\u0131. Kuran\u0131 Kerim\u2019de \u201cmal m\u00fclk i\u00e7in geri d\u00f6n\u00fclmez\u201d diye bir \u015fey yok. \u0130yi okuyanlar i\u00e7in umut var\u2026<br \/>\n\u201cRahat adama batar!\u201d Bu bizim en kutsal atas\u00f6zlerimizden biridir.<br \/>\nYorumunu siz kendiniz yap\u0131n\u0131z!<br \/>\nOkuyanlar l\u00fctfen payla\u015fs\u0131nlar.<br \/>\nBu konu bizim \u00f6z meselemiz ve hayat hakk\u0131 istiyor.<br \/>\nOf be, demeden yeti\u015fenler biziz!<br \/>\nDostlar\u0131n\u0131zla payla\u015fmay\u0131 unutmay\u0131n\u0131z&#8230;<\/p>\n<div id=\"bghab-327858481\" class=\"bghab-yazi-altinda bghab-entity-placement\"><div class=\"bghab-adlabel\">Reklamlar<\/div><script async src=\"https:\/\/pagead2.googlesyndication.com\/pagead\/js\/adsbygoogle.js\"><\/script>\r\n<!-- bghaber-yaz\u0131-sonu -->\r\n<ins class=\"adsbygoogle\"\r\n     style=\"display:block\"\r\n     data-ad-client=\"ca-pub-6203283170189293\"\r\n     data-ad-slot=\"4222328180\"\r\n     data-ad-format=\"auto\"\r\n     data-full-width-responsive=\"true\"><\/ins>\r\n<script>\r\n     (adsbygoogle = window.adsbygoogle || []).push({});\r\n<\/script><\/div><br style=\"clear: both; display: block; float: none;\"\/>","protected":false},"excerpt":{"rendered":"<p>Tarih: 15 A\u011fustos 2018 Yazan: Oya CANBAZO\u011eLU Konu: Ana ve Vatan sevgisi bir b\u00fct\u00fcnd\u00fcr. Biz insan haklar\u0131m\u0131z\u0131 eksiksiz istiypruz. Bizim \u015fu Bulgarlarla aram\u0131zdaki fark o<\/p>\n","protected":false},"author":13,"featured_media":0,"comment_status":"closed","ping_status":"closed","sticky":false,"template":"","format":"standard","meta":{"advanced_seo_description":"","jetpack_seo_html_title":"","jetpack_seo_noindex":false,"_jetpack_memberships_contains_paid_content":false,"footnotes":""},"categories":[6],"tags":[],"class_list":["post-32014","post","type-post","status-publish","format-standard","hentry","category-yorum"],"jetpack_featured_media_url":"","jetpack_sharing_enabled":true,"jetpack_likes_enabled":true,"jetpack-related-posts":[],"jetpack_shortlink":"https:\/\/wp.me\/pc2PfJ-8km","_links":{"self":[{"href":"https:\/\/www.bghaber.org\/bghaber\/wp-json\/wp\/v2\/posts\/32014","targetHints":{"allow":["GET"]}}],"collection":[{"href":"https:\/\/www.bghaber.org\/bghaber\/wp-json\/wp\/v2\/posts"}],"about":[{"href":"https:\/\/www.bghaber.org\/bghaber\/wp-json\/wp\/v2\/types\/post"}],"author":[{"embeddable":true,"href":"https:\/\/www.bghaber.org\/bghaber\/wp-json\/wp\/v2\/users\/13"}],"replies":[{"embeddable":true,"href":"https:\/\/www.bghaber.org\/bghaber\/wp-json\/wp\/v2\/comments?post=32014"}],"version-history":[{"count":0,"href":"https:\/\/www.bghaber.org\/bghaber\/wp-json\/wp\/v2\/posts\/32014\/revisions"}],"wp:attachment":[{"href":"https:\/\/www.bghaber.org\/bghaber\/wp-json\/wp\/v2\/media?parent=32014"}],"wp:term":[{"taxonomy":"category","embeddable":true,"href":"https:\/\/www.bghaber.org\/bghaber\/wp-json\/wp\/v2\/categories?post=32014"},{"taxonomy":"post_tag","embeddable":true,"href":"https:\/\/www.bghaber.org\/bghaber\/wp-json\/wp\/v2\/tags?post=32014"}],"curies":[{"name":"wp","href":"https:\/\/api.w.org\/{rel}","templated":true}]}}