{"id":31937,"date":"2018-08-05T11:50:39","date_gmt":"2018-08-05T08:50:39","guid":{"rendered":"http:\/\/www.bghaber.org\/bghaber\/?p=31937"},"modified":"2018-11-07T01:04:05","modified_gmt":"2018-11-06T22:04:05","slug":"istanbul-sozlesmesinin-anayasayaya-aykiri","status":"publish","type":"post","link":"https:\/\/www.bghaber.org\/bghaber\/istanbul-sozlesmesinin-anayasayaya-aykiri\/","title":{"rendered":"\u0130stanbul S\u00f6zle\u015fmesinin Anayasaya\u2019ya ayk\u0131r\u0131"},"content":{"rendered":"<h1>\u0130stanbul S\u00f6zle\u015fmesinin Anayasaya\u2019ya ayk\u0131r\u0131 oldu\u011fu y\u00f6n\u00fcndeki mahkeme karar\u0131 Kilise Sen Sinod Meclisi taraf\u0131ndan takdir edildi.<img data-recalc-dims=\"1\" loading=\"lazy\" decoding=\"async\" class=\"\" src=\"https:\/\/i0.wp.com\/static.bnr.bg\/gallery\/47\/4781e1a755b9b244fdf6c605773baf67.jpg?resize=640%2C360\" width=\"640\" height=\"360\" \/><\/h1>\n<p>Bulgar Ortodoks Kilisesi Sen Sinod Meclisi, Anayasa Mahkemesinin \u0130stanbul S\u00f6zle\u015fmesini Bulgaristan Anayasas\u0131na ayk\u0131r\u0131 oldu\u011fu y\u00f6n\u00fcndeki karar\u0131n\u0131 takdir ederek karar\u0131 adil olarak niteledi. Kilise Sinodu, s\u00f6zle\u015fmenin kad\u0131n ve erke\u011fin Tanr\u0131 misali yarat\u0131ld\u0131\u011f\u0131 y\u00f6n\u00fcndeki ortodoks anlay\u0131\u015f\u0131na ve \u00fclkedeki kamu ve hukuk d\u00fczenine ayk\u0131r\u0131 oldu\u011fu yolundaki g\u00f6r\u00fc\u015f\u00fcn\u00fc hat\u0131rlatt\u0131. Sen Sinod, yurtta ve yurt d\u0131\u015f\u0131ndaki kiliselerde bu m\u00fcnasebetle \u015f\u00fckran dualar\u0131n\u0131n edilmesine \u00e7a\u011f\u0131rd\u0131.<\/p>\n<div id=\"bghab-3014009830\" class=\"bghab-yazi-altinda bghab-entity-placement\"><div class=\"bghab-adlabel\">Reklamlar<\/div><script async src=\"https:\/\/pagead2.googlesyndication.com\/pagead\/js\/adsbygoogle.js\"><\/script>\r\n<!-- bghaber-yaz\u0131-sonu -->\r\n<ins class=\"adsbygoogle\"\r\n     style=\"display:block\"\r\n     data-ad-client=\"ca-pub-6203283170189293\"\r\n     data-ad-slot=\"4222328180\"\r\n     data-ad-format=\"auto\"\r\n     data-full-width-responsive=\"true\"><\/ins>\r\n<script>\r\n     (adsbygoogle = window.adsbygoogle || []).push({});\r\n<\/script><\/div><br style=\"clear: both; display: block; float: none;\"\/>","protected":false},"excerpt":{"rendered":"<p>\u0130stanbul S\u00f6zle\u015fmesinin Anayasaya\u2019ya ayk\u0131r\u0131 oldu\u011fu y\u00f6n\u00fcndeki mahkeme karar\u0131 Kilise Sen Sinod Meclisi taraf\u0131ndan takdir edildi. Bulgar Ortodoks Kilisesi Sen Sinod Meclisi, Anayasa Mahkemesinin \u0130stanbul S\u00f6zle\u015fmesini<\/p>\n","protected":false},"author":13,"featured_media":30948,"comment_status":"closed","ping_status":"closed","sticky":false,"template":"","format":"standard","meta":{"advanced_seo_description":"","jetpack_seo_html_title":"","jetpack_seo_noindex":false,"_jetpack_memberships_contains_paid_content":false,"footnotes":""},"categories":[4],"tags":[],"class_list":["post-31937","post","type-post","status-publish","format-standard","has-post-thumbnail","hentry","category-siyaset"],"jetpack_featured_media_url":"https:\/\/i0.wp.com\/www.bghaber.org\/bghaber\/wp-content\/uploads\/2018\/05\/sofia-ndk.jpg?fit=850%2C478&ssl=1","jetpack_sharing_enabled":true,"jetpack_likes_enabled":true,"jetpack-related-posts":[],"jetpack_shortlink":"https:\/\/wp.me\/pc2PfJ-8j7","_links":{"self":[{"href":"https:\/\/www.bghaber.org\/bghaber\/wp-json\/wp\/v2\/posts\/31937","targetHints":{"allow":["GET"]}}],"collection":[{"href":"https:\/\/www.bghaber.org\/bghaber\/wp-json\/wp\/v2\/posts"}],"about":[{"href":"https:\/\/www.bghaber.org\/bghaber\/wp-json\/wp\/v2\/types\/post"}],"author":[{"embeddable":true,"href":"https:\/\/www.bghaber.org\/bghaber\/wp-json\/wp\/v2\/users\/13"}],"replies":[{"embeddable":true,"href":"https:\/\/www.bghaber.org\/bghaber\/wp-json\/wp\/v2\/comments?post=31937"}],"version-history":[{"count":0,"href":"https:\/\/www.bghaber.org\/bghaber\/wp-json\/wp\/v2\/posts\/31937\/revisions"}],"wp:featuredmedia":[{"embeddable":true,"href":"https:\/\/www.bghaber.org\/bghaber\/wp-json\/wp\/v2\/media\/30948"}],"wp:attachment":[{"href":"https:\/\/www.bghaber.org\/bghaber\/wp-json\/wp\/v2\/media?parent=31937"}],"wp:term":[{"taxonomy":"category","embeddable":true,"href":"https:\/\/www.bghaber.org\/bghaber\/wp-json\/wp\/v2\/categories?post=31937"},{"taxonomy":"post_tag","embeddable":true,"href":"https:\/\/www.bghaber.org\/bghaber\/wp-json\/wp\/v2\/tags?post=31937"}],"curies":[{"name":"wp","href":"https:\/\/api.w.org\/{rel}","templated":true}]}}