{"id":31931,"date":"2018-08-05T11:47:51","date_gmt":"2018-08-05T08:47:51","guid":{"rendered":"http:\/\/www.bghaber.org\/bghaber\/?p=31931"},"modified":"2018-11-07T01:04:28","modified_gmt":"2018-11-06T22:04:28","slug":"plovdiv-bolgesinin-renkli-sokak-pazarlari","status":"publish","type":"post","link":"https:\/\/www.bghaber.org\/bghaber\/plovdiv-bolgesinin-renkli-sokak-pazarlari\/","title":{"rendered":"Plovdiv b\u00f6lgesinin renkli sokak pazarlar\u0131"},"content":{"rendered":"<div class=\"news_content\">\n<p>\u00dclkenin sokak pazarlar\u0131, tatil ay\u0131 A\u011fustos ba\u015f\u0131nda renkli mi renkli, kalabal\u0131k m\u0131 kalabal\u0131k. En fazla pazar, Plovdiv b\u00f6lgesinde kuruluyor. Pazarlar Sal\u0131 g\u00fcn\u00fc Septemvri \u015fehrinde ba\u015flayarak, Rakovski, Kri\u00e7im, Hisarya, Strel\u00e7a, Asenovgrad, Kalofer, Banya ve Kopriv\u015fitsa\u2019da devam ediyor. Tek g\u00fcnl\u00fck pazarlar, b\u00fcy\u00fck \u015fehirlerde unutulmu\u015f olsa da, k\u00fc\u00e7\u00fck yerle\u015fim yerlerde bu g\u00fcnlerde canlan\u0131yor. Kimsenin ilgisini \u00e7ekmeyen bir sokak, bir anda canlan\u0131veriyor. Ve burada her\u015feyi bulabilirsiniz- bilgisayardan eski sand\u0131klardan \u00e7\u0131kar\u0131lm\u0131\u015f otantik Rodop k\u0131yafetlerine kadar. Fakat sezon gere\u011fince sebze, meyveler, \u00e7i\u00e7ekler reva\u00e7ta. Herkes pazarl\u0131\u011f\u0131 yapar ve istedi\u011fi mal\u0131 sat\u0131n alabilir.<\/p>\n<\/div>\n<div id=\"bghab-1175488246\" class=\"bghab-yazi-altinda bghab-entity-placement\"><div class=\"bghab-adlabel\">Reklamlar<\/div><script async src=\"https:\/\/pagead2.googlesyndication.com\/pagead\/js\/adsbygoogle.js\"><\/script>\r\n<!-- bghaber-yaz\u0131-sonu -->\r\n<ins class=\"adsbygoogle\"\r\n     style=\"display:block\"\r\n     data-ad-client=\"ca-pub-6203283170189293\"\r\n     data-ad-slot=\"4222328180\"\r\n     data-ad-format=\"auto\"\r\n     data-full-width-responsive=\"true\"><\/ins>\r\n<script>\r\n     (adsbygoogle = window.adsbygoogle || []).push({});\r\n<\/script><\/div><br style=\"clear: both; display: block; float: none;\"\/>","protected":false},"excerpt":{"rendered":"<p>\u00dclkenin sokak pazarlar\u0131, tatil ay\u0131 A\u011fustos ba\u015f\u0131nda renkli mi renkli, kalabal\u0131k m\u0131 kalabal\u0131k. En fazla pazar, Plovdiv b\u00f6lgesinde kuruluyor. Pazarlar Sal\u0131 g\u00fcn\u00fc Septemvri \u015fehrinde ba\u015flayarak,<\/p>\n","protected":false},"author":13,"featured_media":31933,"comment_status":"closed","ping_status":"closed","sticky":false,"template":"","format":"standard","meta":{"advanced_seo_description":"","jetpack_seo_html_title":"","jetpack_seo_noindex":false,"_jetpack_memberships_contains_paid_content":false,"footnotes":""},"categories":[10],"tags":[],"class_list":["post-31931","post","type-post","status-publish","format-standard","has-post-thumbnail","hentry","category-kultur-sanat"],"jetpack_featured_media_url":"https:\/\/i0.wp.com\/www.bghaber.org\/bghaber\/wp-content\/uploads\/2018\/08\/bg-manza.jpg?fit=850%2C478&ssl=1","jetpack_sharing_enabled":true,"jetpack_likes_enabled":true,"jetpack-related-posts":[],"jetpack_shortlink":"https:\/\/wp.me\/pc2PfJ-8j1","_links":{"self":[{"href":"https:\/\/www.bghaber.org\/bghaber\/wp-json\/wp\/v2\/posts\/31931","targetHints":{"allow":["GET"]}}],"collection":[{"href":"https:\/\/www.bghaber.org\/bghaber\/wp-json\/wp\/v2\/posts"}],"about":[{"href":"https:\/\/www.bghaber.org\/bghaber\/wp-json\/wp\/v2\/types\/post"}],"author":[{"embeddable":true,"href":"https:\/\/www.bghaber.org\/bghaber\/wp-json\/wp\/v2\/users\/13"}],"replies":[{"embeddable":true,"href":"https:\/\/www.bghaber.org\/bghaber\/wp-json\/wp\/v2\/comments?post=31931"}],"version-history":[{"count":0,"href":"https:\/\/www.bghaber.org\/bghaber\/wp-json\/wp\/v2\/posts\/31931\/revisions"}],"wp:featuredmedia":[{"embeddable":true,"href":"https:\/\/www.bghaber.org\/bghaber\/wp-json\/wp\/v2\/media\/31933"}],"wp:attachment":[{"href":"https:\/\/www.bghaber.org\/bghaber\/wp-json\/wp\/v2\/media?parent=31931"}],"wp:term":[{"taxonomy":"category","embeddable":true,"href":"https:\/\/www.bghaber.org\/bghaber\/wp-json\/wp\/v2\/categories?post=31931"},{"taxonomy":"post_tag","embeddable":true,"href":"https:\/\/www.bghaber.org\/bghaber\/wp-json\/wp\/v2\/tags?post=31931"}],"curies":[{"name":"wp","href":"https:\/\/api.w.org\/{rel}","templated":true}]}}