{"id":31928,"date":"2018-08-05T11:46:32","date_gmt":"2018-08-05T08:46:32","guid":{"rendered":"http:\/\/www.bghaber.org\/bghaber\/?p=31928"},"modified":"2018-11-07T01:04:39","modified_gmt":"2018-11-06T22:04:39","slug":"abd-bulgar-deniz-kuvvetlerine-yuksek-hizli-motorlu-tekneler-hibe-etti","status":"publish","type":"post","link":"https:\/\/www.bghaber.org\/bghaber\/abd-bulgar-deniz-kuvvetlerine-yuksek-hizli-motorlu-tekneler-hibe-etti\/","title":{"rendered":"ABD Bulgar Deniz Kuvvetlerine y\u00fcksek h\u0131zl\u0131 motorlu tekneler hibe etti"},"content":{"rendered":"<p>Varna\u2019da \u00f6zel bir t\u00f6renle ABD Bulgar Deniz Kuvvetlerine d\u00f6rt y\u00fcksek h\u0131zl\u0131 motorlu askeri tekne ba\u011f\u0131\u015f\u0131nda bulundu. \u00a0Bulgar Deniz Kuvvetleri Komutan\u0131 Kontramiral Mitko Petev yeni teknelerle\u00a0 Deniz Kuvvetleri\u2019nin \u00f6zel g\u00fc\u00e7lerinin h\u0131zl\u0131 m\u00fcdahale imkanlar\u0131n\u0131n artt\u0131r\u0131ld\u0131\u011f\u0131n\u0131 s\u00f6yledi. Kontramiral Petev :\u201cPanther helikopterleri ve bu y\u00fcksek h\u0131zl\u0131 tekneler sayesinde Bulgar filosu art\u0131k h\u0131zl\u0131 m\u00fcdahale ekipman\u0131na kavu\u015fmu\u015f oldu\u201d dedi. ABD\u2019nin Sofya B\u00fcy\u00fckel\u00e7isi Eric Rubin Bulgaristan\u2019\u0131n benzeri tekneler alan ilk Karadeniz b\u00f6lgesi \u00fclkesi oldu\u011funu belirtti ve ba\u011f\u0131\u015f ile Bulgar subaylar\u0131n\u0131n e\u011fitiminin maliyetinin 2 milyon dolar oldu\u011funu duyurdu.<\/p>\n<div id=\"bghab-2493062297\" class=\"bghab-yazi-altinda bghab-entity-placement\"><div class=\"bghab-adlabel\">Reklamlar<\/div><script async src=\"https:\/\/pagead2.googlesyndication.com\/pagead\/js\/adsbygoogle.js\"><\/script>\r\n<!-- bghaber-yaz\u0131-sonu -->\r\n<ins class=\"adsbygoogle\"\r\n     style=\"display:block\"\r\n     data-ad-client=\"ca-pub-6203283170189293\"\r\n     data-ad-slot=\"4222328180\"\r\n     data-ad-format=\"auto\"\r\n     data-full-width-responsive=\"true\"><\/ins>\r\n<script>\r\n     (adsbygoogle = window.adsbygoogle || []).push({});\r\n<\/script><\/div><br style=\"clear: both; display: block; float: none;\"\/>","protected":false},"excerpt":{"rendered":"<p>Varna\u2019da \u00f6zel bir t\u00f6renle ABD Bulgar Deniz Kuvvetlerine d\u00f6rt y\u00fcksek h\u0131zl\u0131 motorlu askeri tekne ba\u011f\u0131\u015f\u0131nda bulundu. \u00a0Bulgar Deniz Kuvvetleri Komutan\u0131 Kontramiral Mitko Petev yeni teknelerle\u00a0<\/p>\n","protected":false},"author":13,"featured_media":31930,"comment_status":"closed","ping_status":"closed","sticky":false,"template":"","format":"standard","meta":{"advanced_seo_description":"","jetpack_seo_html_title":"","jetpack_seo_noindex":false,"_jetpack_memberships_contains_paid_content":false,"footnotes":""},"categories":[9],"tags":[],"class_list":["post-31928","post","type-post","status-publish","format-standard","has-post-thumbnail","hentry","category-ekonomi"],"jetpack_featured_media_url":"https:\/\/i0.wp.com\/www.bghaber.org\/bghaber\/wp-content\/uploads\/2018\/08\/abd-deniz-bg.jpg?fit=850%2C478&ssl=1","jetpack_sharing_enabled":true,"jetpack_likes_enabled":true,"jetpack-related-posts":[],"jetpack_shortlink":"https:\/\/wp.me\/pc2PfJ-8iY","_links":{"self":[{"href":"https:\/\/www.bghaber.org\/bghaber\/wp-json\/wp\/v2\/posts\/31928","targetHints":{"allow":["GET"]}}],"collection":[{"href":"https:\/\/www.bghaber.org\/bghaber\/wp-json\/wp\/v2\/posts"}],"about":[{"href":"https:\/\/www.bghaber.org\/bghaber\/wp-json\/wp\/v2\/types\/post"}],"author":[{"embeddable":true,"href":"https:\/\/www.bghaber.org\/bghaber\/wp-json\/wp\/v2\/users\/13"}],"replies":[{"embeddable":true,"href":"https:\/\/www.bghaber.org\/bghaber\/wp-json\/wp\/v2\/comments?post=31928"}],"version-history":[{"count":0,"href":"https:\/\/www.bghaber.org\/bghaber\/wp-json\/wp\/v2\/posts\/31928\/revisions"}],"wp:featuredmedia":[{"embeddable":true,"href":"https:\/\/www.bghaber.org\/bghaber\/wp-json\/wp\/v2\/media\/31930"}],"wp:attachment":[{"href":"https:\/\/www.bghaber.org\/bghaber\/wp-json\/wp\/v2\/media?parent=31928"}],"wp:term":[{"taxonomy":"category","embeddable":true,"href":"https:\/\/www.bghaber.org\/bghaber\/wp-json\/wp\/v2\/categories?post=31928"},{"taxonomy":"post_tag","embeddable":true,"href":"https:\/\/www.bghaber.org\/bghaber\/wp-json\/wp\/v2\/tags?post=31928"}],"curies":[{"name":"wp","href":"https:\/\/api.w.org\/{rel}","templated":true}]}}