{"id":31922,"date":"2018-08-05T11:43:02","date_gmt":"2018-08-05T08:43:02","guid":{"rendered":"http:\/\/www.bghaber.org\/bghaber\/?p=31922"},"modified":"2018-11-07T01:04:55","modified_gmt":"2018-11-06T22:04:55","slug":"ab-liderlerinin-mesajlari-askeri-tarih-muzesinde-duzenlenen-sergide-yer-aldi","status":"publish","type":"post","link":"https:\/\/www.bghaber.org\/bghaber\/ab-liderlerinin-mesajlari-askeri-tarih-muzesinde-duzenlenen-sergide-yer-aldi\/","title":{"rendered":"AB liderlerinin mesajlar\u0131 Askeri Tarih M\u00fczesi\u2019nde d\u00fczenlenen sergide yer ald\u0131"},"content":{"rendered":"<p>Bulgaristan\u2019\u0131n AB Konseyi D\u00f6nem Ba\u015fkanl\u0131\u011f\u0131 s\u0131ras\u0131nda yap\u0131lan resmi olmayan bir ak\u015fam yeme\u011finde Avrupa liderlerinin el yaz\u0131s\u0131 ile yazd\u0131klar\u0131 mesajlar, Ulusal Askeri Tarih M\u00fczesi\u2019nde d\u00fczenlenen \u201cD\u00fc\u015fman\/ Dost\u201d isimli sergide yer ald\u0131. Kurtulu\u015f\u2019un sonras\u0131nda uluslararas\u0131 siyasi sahnede olu\u015fan karma\u015f\u0131k durumu g\u00f6zler \u00f6n\u00fcne seren sergi, Bulgaristan\u2019\u0131n kendisine ortaklar aray\u0131p d\u00fc\u015fmanlar edindi\u011fi hedef, azim ve ideallerini g\u00f6steriyor, diye payla\u015f\u0131yorlar m\u00fczeden. Ge\u00e7mi\u015fte \u00fclkeler aras\u0131ndaki ay\u0131r\u0131m \u00e7izgilerinin kronolojik olarak takip edildi\u011fi ve sava\u015f\u0131n ay\u0131r\u0131m\u0131n v\u00fccut buldu\u011fu bir olay olarak g\u00f6sterildi\u011fi te\u015fhirde Avrupa Birli\u011fi\u2019nin esas hedeflerinden biri olan kal\u0131c\u0131 bar\u0131\u015f\u0131n garantilenmesinin g\u00fcn\u00fcm\u00fczde nas\u0131l ger\u00e7ekle\u015fti\u011fi ve payla\u015f\u0131lan de\u011ferler toplulu\u011fu kurulmas\u0131nda Bulgaristan\u2019\u0131n katk\u0131lar\u0131 sergileniyor.<\/p>\n<div id=\"bghab-162825170\" class=\"bghab-yazi-altinda bghab-entity-placement\"><div class=\"bghab-adlabel\">Reklamlar<\/div><script async src=\"https:\/\/pagead2.googlesyndication.com\/pagead\/js\/adsbygoogle.js\"><\/script>\r\n<!-- bghaber-yaz\u0131-sonu -->\r\n<ins class=\"adsbygoogle\"\r\n     style=\"display:block\"\r\n     data-ad-client=\"ca-pub-6203283170189293\"\r\n     data-ad-slot=\"4222328180\"\r\n     data-ad-format=\"auto\"\r\n     data-full-width-responsive=\"true\"><\/ins>\r\n<script>\r\n     (adsbygoogle = window.adsbygoogle || []).push({});\r\n<\/script><\/div><br style=\"clear: both; display: block; float: none;\"\/>","protected":false},"excerpt":{"rendered":"<p>Bulgaristan\u2019\u0131n AB Konseyi D\u00f6nem Ba\u015fkanl\u0131\u011f\u0131 s\u0131ras\u0131nda yap\u0131lan resmi olmayan bir ak\u015fam yeme\u011finde Avrupa liderlerinin el yaz\u0131s\u0131 ile yazd\u0131klar\u0131 mesajlar, Ulusal Askeri Tarih M\u00fczesi\u2019nde d\u00fczenlenen \u201cD\u00fc\u015fman\/<\/p>\n","protected":false},"author":13,"featured_media":31923,"comment_status":"closed","ping_status":"closed","sticky":false,"template":"","format":"standard","meta":{"advanced_seo_description":"","jetpack_seo_html_title":"","jetpack_seo_noindex":false,"_jetpack_memberships_contains_paid_content":false,"footnotes":""},"categories":[4],"tags":[],"class_list":["post-31922","post","type-post","status-publish","format-standard","has-post-thumbnail","hentry","category-siyaset"],"jetpack_featured_media_url":"https:\/\/i0.wp.com\/www.bghaber.org\/bghaber\/wp-content\/uploads\/2018\/08\/bg-muze-ask.jpg?fit=610%2C343&ssl=1","jetpack_sharing_enabled":true,"jetpack_likes_enabled":true,"jetpack-related-posts":[],"jetpack_shortlink":"https:\/\/wp.me\/pc2PfJ-8iS","_links":{"self":[{"href":"https:\/\/www.bghaber.org\/bghaber\/wp-json\/wp\/v2\/posts\/31922","targetHints":{"allow":["GET"]}}],"collection":[{"href":"https:\/\/www.bghaber.org\/bghaber\/wp-json\/wp\/v2\/posts"}],"about":[{"href":"https:\/\/www.bghaber.org\/bghaber\/wp-json\/wp\/v2\/types\/post"}],"author":[{"embeddable":true,"href":"https:\/\/www.bghaber.org\/bghaber\/wp-json\/wp\/v2\/users\/13"}],"replies":[{"embeddable":true,"href":"https:\/\/www.bghaber.org\/bghaber\/wp-json\/wp\/v2\/comments?post=31922"}],"version-history":[{"count":0,"href":"https:\/\/www.bghaber.org\/bghaber\/wp-json\/wp\/v2\/posts\/31922\/revisions"}],"wp:featuredmedia":[{"embeddable":true,"href":"https:\/\/www.bghaber.org\/bghaber\/wp-json\/wp\/v2\/media\/31923"}],"wp:attachment":[{"href":"https:\/\/www.bghaber.org\/bghaber\/wp-json\/wp\/v2\/media?parent=31922"}],"wp:term":[{"taxonomy":"category","embeddable":true,"href":"https:\/\/www.bghaber.org\/bghaber\/wp-json\/wp\/v2\/categories?post=31922"},{"taxonomy":"post_tag","embeddable":true,"href":"https:\/\/www.bghaber.org\/bghaber\/wp-json\/wp\/v2\/tags?post=31922"}],"curies":[{"name":"wp","href":"https:\/\/api.w.org\/{rel}","templated":true}]}}