{"id":31915,"date":"2018-08-04T22:59:43","date_gmt":"2018-08-04T19:59:43","guid":{"rendered":"http:\/\/www.bghaber.org\/bghaber\/?p=31915"},"modified":"2018-08-04T22:59:43","modified_gmt":"2018-08-04T19:59:43","slug":"ejderhayla-bogusanlar","status":"publish","type":"post","link":"https:\/\/www.bghaber.org\/bghaber\/ejderhayla-bogusanlar\/","title":{"rendered":"Ejderhayla Bo\u011fu\u015fanlar"},"content":{"rendered":"<p>Diplomatik Ba\u015far\u0131:<\/p>\n<p>Tarih: 04 A\u011fustos 2018<\/p>\n<p>Yazan: \u0130brahim SOYT\u00dcRK<\/p>\n<p>Konu:\u00a0 <strong>B\u00fcy\u00fck sald\u0131r\u0131y\u0131 durduran B\u00fcy\u00fckel\u00e7i Yal\u00e7\u0131n Oral!<\/strong><\/p>\n<p>\u201c<strong>T\u00fcrkiye\u2019nin Kar\u0131\u015f\u0131k D\u00f6nemleri<\/strong>\u201d ba\u015fl\u0131kl\u0131 bir kitab\u0131 \u00e7ok bekledik. Kimse vakit bulamad\u0131. Yaz\u0131lsayd\u0131, ders al\u0131n\u0131rd\u0131.<\/p><div id=\"bghab-3300025413\" class=\"bghab-icerik-icine bghab-entity-placement\"><script async src=\"\/\/pagead2.googlesyndication.com\/pagead\/js\/adsbygoogle.js?client=ca-pub-6203283170189293\" crossorigin=\"anonymous\"><\/script><ins class=\"adsbygoogle\" style=\"display:block; text-align:center;\" data-ad-client=\"ca-pub-6203283170189293\" \ndata-ad-slot=\"7303146466\" \ndata-ad-layout=\"in-article\"\ndata-ad-format=\"fluid\" data-full-width-responsive=\"true\"><\/ins>\n<script> \n(adsbygoogle = window.adsbygoogle || []).push({}); \n<\/script>\n<\/div>\n<p>Biz Bulgaristan T\u00fcrkleri, Osmanl\u0131ya, T\u00fcrkiye\u2019ye, T\u00fcrklere, M\u00fcsl\u00fcmanlara ve \u0130slam\u2019a kar\u015f\u0131 konu\u015fulan, hatta lanet savrulan bir as\u0131rda,\u00a0 gergin bir ortam\u0131n i\u00e7inde ya\u015fad\u0131k ve yeti\u015ftik. Yabanc\u0131 ve d\u00fc\u015fman ruhlu sald\u0131rgan bir ki\u015fiyle sava\u015f\u0131rken T\u00fcrk kimli\u011fimiz olu\u015ftu.<\/p>\n<p>Alman \u015fans\u00f6lye Otto von Bismarck (1815 -1898),\u00a0 Berlin Kongresinde (1878)\u00a0 sert bask\u0131 uygulay\u0131p Karadeniz incisi Varna\u2019y\u0131 Osmanl\u0131 imparatorlu\u011fundan kopar\u0131p Bulgar Prensli\u011fine katm\u0131\u015ft\u0131. Bu olay\u0131n 140. Y\u0131ld\u00f6n\u00fcm\u00fcn\u00fc, 4 A\u011fustos 2018 g\u00fcn\u00fc Varna\u2019da d\u00fczenlenen bir konferansla an\u0131ld\u0131. Bu Konferans\u2019ta konu\u015fan \u201c<strong>Ataka<\/strong>\u201d partisi lideri Volen Siderov, Bismarcka, Almanya\u2019ya ve \u015eimdiki \u015fans\u00f6lye Angela Merkele \u00e7ok i\u00e7ten te\u015fekk\u00fcr ettikten sonra, g\u00fcncel siyasete ve Bulgaristan Rusya ili\u015fkilerine ge\u00e7ti.\u00a0 Moskova\u2019n\u0131n Bulgaristan i\u015flerine bakan, eski Sofya istasyon \u015fefi, Devlet G\u00fcvenlik Komitesi (KGB) Generali ve S\u0131n\u0131r D\u0131\u015f\u0131 Siyasi Ara\u015ft\u0131rmalar Merkezi Ba\u015fkan\u0131 Leonid Re\u015fetnikiv\u2019la \u00e7ok yak\u0131n olan ba\u011flar\u0131n\u0131 anlatt\u0131. Partisini Rus \u201c<strong>diplomat\u0131n<\/strong>\u201d \u00f6nerisi ve yard\u0131mlar\u0131yla kurdu\u011funu hat\u0131rlad\u0131. Ba\u015fl\u0131ca Bulgaristan T\u00fcrklerine sald\u0131rmak ve \u00fclkenin Bat\u0131 y\u00f6nelimini engellemek amac\u0131yla kurdurulan \u201cAtaka\u201d partisinin halk\u0131 bo\u011fazlamas\u0131 i\u00e7in gerekli olan paray\u0131 \u201c1\u00a0600\u00a0000 \u2013 bir milyon alt\u0131 y\u00fcz bin levay\u0131) 2005\u2019te Hak ve \u00d6zg\u00fcrl\u00fckler Partisi (DPS) Ba\u015fkan\u0131 Ahmet Do\u011fan\u2019\u0131n verdi\u011fi hi\u00e7 unutulmamal\u0131d\u0131r. \u00c7\u00fcnk\u00fc \u201c<strong>Ataka<\/strong>\u201d partisinin etniklere, adalet ve demokrasiye kar\u015f\u0131 bir kuduz gibi havlamaya, amans\u0131z sald\u0131ral\u0131tla ve ki\u015fisel tartaklamaya giden y\u00fczs\u00fczl\u00fck ve h\u0131r\u00e7\u0131nl\u0131\u011f\u0131yla Bulgaristan\u2019da <strong>siyaset havas\u0131 de\u011fi\u015fti<\/strong>. A\u015f\u0131r\u0131 sa\u011fc\u0131l\u0131k ve fa\u015fizm f\u0131\u015fk\u0131rd\u0131. \u00a0A\u015f\u0131r\u0131 Bulgar milliyet\u00e7ili\u011fi \u00e7ok dall\u0131 boy att\u0131 ve iktidar koltuklar\u0131ndan zehir kusmaya ba\u015flad\u0131.<\/p>\n<p>Siderov, Varna konu\u015fmas\u0131nda, ipleri \u00e7eken Rus istasyon \u015fefinin \u015f\u00f6yle dedi\u011fini aktard\u0131: \u201c<strong>Bir g\u00fcn gelir T\u00fcrkiye Balkanlar\u0131 istila ederse, Bulgaristan\u2019\u0131 kurtaracak bir tek \u00fclke var \u2013 Rusya Federasyonu<\/strong>!\u201d<\/p>\n<p>Bu s\u00f6zler beni \u00e7ok d\u00fc\u015f\u00fcnd\u00fcrd\u00fc: Rus sevdal\u0131s\u0131, iktidar s\u00fcr\u00fcs\u00fcnden siyaset adam\u0131 V.Siderov\u2019a g\u00f6re, Birle\u015fik Amerika 2018 y\u0131l\u0131nda Bulgaristan\u2019\u0131na 3-5 askeri hava ve askeri f\u00fcze \u00fcss\u00fc kurdu. Depolar\u0131na \u201c<strong>Abrams<\/strong>\u201d sald\u0131 tanklar\u0131 y\u0131\u011fd\u0131. Asker say\u0131s\u0131n\u0131 devaml\u0131 artt\u0131r\u0131yor, sald\u0131r\u0131 tanklar\u0131, a\u011f\u0131r silahlar istifliyor, fakat <strong>bu durum istila olarak kabul edilmiyor<\/strong>. Sanki milli g\u00fcvenlik i\u00e7in tehlike olu\u015fturmuyor. Hey Re\u015fetnikov neredesiniz?!<\/p>\n<p><strong>\u0130stila dendi\u011finde yaln\u0131z T\u00fcrkler, T\u00fcrkiye anla\u015f\u0131l\u0131yor. <\/strong><\/p><div id=\"bghab-3276905307\" class=\"bghab-icerik-icine-10-paragraf bghab-entity-placement\"><script async src=\"\/\/pagead2.googlesyndication.com\/pagead\/js\/adsbygoogle.js?client=ca-pub-6203283170189293\" crossorigin=\"anonymous\"><\/script><ins class=\"adsbygoogle\" style=\"display:block; text-align:center;\" data-ad-client=\"ca-pub-6203283170189293\" \ndata-ad-slot=\"7303146466\" \ndata-ad-layout=\"in-article\"\ndata-ad-format=\"fluid\" data-full-width-responsive=\"true\"><\/ins>\n<script> \n(adsbygoogle = window.adsbygoogle || []).push({}); \n<\/script>\n<\/div>\n<p>Bu zihniyetin yerle\u015fmesine, halk\u0131m\u0131z\u0131, toplumun devaml\u0131 zehirlemesine hizmet eden bu partinin kurulu\u015f paras\u0131n\u0131 \u00f6deyenler, (kimin emriyle olursa olsun) asla af edilemezler. Bu insanlar\u0131m\u0131z\u0131n do\u011fruyu g\u00f6rebilmesine bir sald\u0131r\u0131d\u0131r. \u00c7\u00fcnk\u00fc bu stratejik bir hedefle yap\u0131lm\u0131\u015ft\u0131r. Bu hedefin zehirli ucunda Bulgaristan T\u00fcrklerinin hepsinin vatanlar\u0131ndan kovulmas\u0131 vard\u0131r.<\/p>\n<p>***<\/p>\n<p>Bulgaristan T\u00fcrklerine kar\u015f\u0131 g\u00fc\u00e7 toplayan bu b\u00fcy\u00fck ve ac\u0131 ger\u00e7ekle 1989\u2019da Sofya\u2019da Cumhurba\u015fkanl\u0131\u011f\u0131 Saray\u0131nda g\u00fcven mektuplar\u0131n\u0131 sunarken B\u00fcy\u00fckel\u00e7imiz Oral Yal\u00e7\u0131n da y\u00fczle\u015fmi\u015fti.<\/p>\n<p><strong>DI\u015e POL\u0130T\u0130KAMIZIN PERDE ARDI<\/strong> ba\u015fl\u0131kl\u0131, 2005\u2019te Ankara\u2019da Turhan F\u0131rat edit\u00f6rl\u00fc\u011f\u00fcnde \u00e7\u0131kan bir eserde yer alan Oral Yal\u00e7\u0131n imzal\u0131 an\u0131 yaz\u0131s\u0131ndan se\u00e7ti\u011fimiz k\u0131salt\u0131lm\u0131\u015f bir b\u00f6l\u00fcmle konuya \u0131\u015f\u0131k tutuyoruz.<\/p>\n<p>\u201cG\u00fcven mektubu sunulmas\u0131 s\u0131ras\u0131nda, istisnai durumlar d\u0131\u015f\u0131nda, iki \u00fclke aras\u0131nda olas\u0131 sorunlar\u0131n tart\u0131\u015f\u0131lmas\u0131na giri\u015filmemesine, b\u00f6ylece yeni b\u00fcy\u00fckel\u00e7i ile g\u00f6revlendirildi\u011fi \u00fclkenin en \u00fcst d\u00fczey temsilcisi aras\u0131ndaki ilk kar\u015f\u0131la\u015fman\u0131n olumlu bir havada ge\u00e7mesine \u00f6zen g\u00f6sterilir.<\/p><div id=\"bghab-138583331\" class=\"bghab-icerik-icine-15-paragraf bghab-entity-placement\"><script async src=\"\/\/pagead2.googlesyndication.com\/pagead\/js\/adsbygoogle.js?client=ca-pub-6203283170189293\" crossorigin=\"anonymous\"><\/script><ins class=\"adsbygoogle\" style=\"display:block; text-align:center;\" data-ad-client=\"ca-pub-6203283170189293\" \ndata-ad-slot=\"7303146466\" \ndata-ad-layout=\"in-article\"\ndata-ad-format=\"fluid\" data-full-width-responsive=\"true\"><\/ins>\n<script> \n(adsbygoogle = window.adsbygoogle || []).push({}); \n<\/script>\n<\/div>\n<p>Bulgaristan nezdinde B\u00fcy\u00fckel\u00e7i olarak atanmam Haziran 1989\u2019da ger\u00e7ekle\u015fti ve 7 Temmuz g\u00fcn\u00fc Sofya\u2019ya gittim. Bulgaristan\u2019\u0131n \u00fclkesindeki T\u00fcrk az\u0131nl\u0131\u011f\u0131n\u0131n asimilasyonu amac\u0131yla son a\u015fama olarak y\u00fcr\u00fcrl\u00fc\u011fe koydu\u011fu \u201c<strong>kimlik de\u011fi\u015ftirme<\/strong>\u201d kampanyas\u0131n\u0131n etkisiyle \u00e7ok ciddi bir bunal\u0131m ger\u00e7ekle\u015ftirmekteydi. Haziran 1989\u2019da Bulgaristan h\u00fck\u00fcmeti 400. 000 dolay\u0131nda soyda\u015f\u0131n T\u00fcrkiye\u2019ye tehcirini ger\u00e7ekle\u015ftirmi\u015f, tarihin kaydetti\u011fi bu en b\u00fcy\u00fck ve yo\u011fun toplu g\u00f6\u00e7, Haziran sonunda ortak s\u0131n\u0131r\u0131n T\u00fcrkiye taraf\u0131ndan kapat\u0131lmas\u0131na ve iyice gerilen ikili ili\u015fkilerin, adeta \u201c<strong>sava\u015fa bir ad\u0131m<\/strong>\u201d konumuna gelmesine yol a\u00e7m\u0131\u015ft\u0131.<\/p>\n<p>\u201cSofya B\u00fcy\u00fckel\u00e7isi olarak \u00e7ok yak\u0131n ilgisini ve yard\u0131m\u0131n\u0131 g\u00f6rd\u00fc\u011f\u00fcm, Bulgaristan\u2019\u0131n \u2018en yaramaz kom\u015fudan\u2019 en \u2018g\u00fcvenilir kom\u015fu\u2019 konumuna gelmesinde \u00e7ok \u00f6zel katk\u0131lar\u0131na takdir oldu\u011fum rahmetli \u00d6zal\u2019\u0131n bana talimat\u0131 \u2018<strong>git karde\u015fim bu i\u015fi d\u00fczelten<\/strong>\u2019 ibaret oldu. M\u00fcteakiben g\u00f6rd\u00fc\u011f\u00fcm Say\u0131n Cumhurba\u015fkan\u0131 da hissiyat\u0131n\u0131 \u201c<strong>O adama (Todor Jivkov) \u2018benden selam s\u00f6yleme<\/strong>\u2019 \u015feklinde bir tepkiye d\u00f6n\u00fc\u015ft\u00fcrm\u00fc\u015ft\u00fc\u2026<\/p>\n<p>\u201c17 Temmuz g\u00fcn\u00fc, Protokol \u015eefi beni ve e\u015fimi almak \u00fczere geldi. Merasime kat\u0131lacak g\u00f6revlilerimiz, B\u00fcy\u00fckel\u00e7ilik arabalar\u0131yla korteji olu\u015fturdular\u2026.<\/p>\n<p>\u201cBen \u00f6nde, e\u015fim ve maiyetim arkada s\u0131raland\u0131k. Devlet Ba\u015fkan\u0131 Todor Jivkov, salonun ortalar\u0131nda, sa\u011fda en yak\u0131n yard\u0131mc\u0131s\u0131 Balev, Di\u015f \u0130\u015fleri Bakan\u0131 Mladenov ile birlikte vaziyet alm\u0131\u015ft\u0131. Jivkov\u2019a 3 ad\u0131m kadar yakla\u015ft\u0131m ve g\u00fcven mektubumu, ilk sat\u0131r\u0131n\u0131 okuduktan sonra verdim. \u201cTe\u015fekk\u00fcr eden Jivkov beni ve e\u015fimi yan odada kahve i\u00e7meye davet etti. Buraya kadar olanlar, o g\u00fcn g\u00fcven mektubunu sunan b\u00fcy\u00fckel\u00e7ilere yap\u0131lan muameleden farks\u0131zd\u0131\u2026<\/p>\n<p>\u201cJivkov\u2019un daveti \u00fczerine e\u015fim, Balev, Mlandenov ve terc\u00fcman birlikte yan odaya ge\u00e7tik. Daha \u00f6nce (1971-1973) Sofya\u2019da Ba\u015fk\u00e2tip ve M\u00fcste\u015far olarak g\u00f6rev yapm\u0131\u015ft\u0131m\u2026<\/p><div id=\"bghab-3097682724\" class=\"bghab-icerik-icine-20-paragraf bghab-entity-placement\"><script async src=\"\/\/pagead2.googlesyndication.com\/pagead\/js\/adsbygoogle.js?client=ca-pub-6203283170189293\" crossorigin=\"anonymous\"><\/script><ins class=\"adsbygoogle\" style=\"display:block; text-align:center;\" data-ad-client=\"ca-pub-6203283170189293\" \ndata-ad-slot=\"7303146466\" \ndata-ad-layout=\"in-article\"\ndata-ad-format=\"fluid\" data-full-width-responsive=\"true\"><\/ins>\n<script> \n(adsbygoogle = window.adsbygoogle || []).push({}); \n<\/script>\n<\/div>\n<p>\u201cSofya\u2019ya geli\u015fimi hemen takiben ziyaret etti\u011fim ve bu kar\u015f\u0131la\u015fman\u0131n ge\u00e7 saatte ve d\u0131\u015f i\u015fleri binas\u0131n\u0131n roof\u2019unda ba\u015fba\u015fa ger\u00e7ekle\u015fmesini isteyen Mladenov\u2019la g\u00f6r\u00fc\u015fme, ikili ili\u015fkilerin durumundan duyulan \u00fcz\u00fcnt\u00fc, bu durumun bir an \u00f6nce d\u00fczeltilmesi gere\u011fi, Bulgar taraf\u0131ndan \u015fahin baz\u0131 zevat\u0131n olumsuz etkileri ekseninde bir dertle\u015fme \u015feklinde ge\u00e7mi\u015f ve bende belirli d\u00fczeyde bir iyimserlik ve \u00fcmit yaratm\u0131\u015ft\u0131.<\/p>\n<p>\u201cJivkov ve Balev\u2019e, daha \u00f6nce de Sofya\u2019da g\u00f6rev yapm\u0131\u015f olmam dahil, hakk\u0131mda hayli bilgi verildi\u011fi anla\u015f\u0131l\u0131yordu. Bu bilgilerden de yararlanmak suretiyle bana ve e\u015fime iltifat ederek s\u00f6ze giren Jivkov, \u201cBulgaristan\u2019da T\u00fcrk kelimesini ihtiva eden her \u015feyi yasaklad\u0131m; ancak, bu Saray\u2019da T\u00fcrk kahvesi i\u00e7ilir\u201d \u015feklinde bir de ekspri yapt\u0131ktan sonra, kelimenin tam anlam\u0131yla patlad\u0131. \u00d6zetle, T\u00fcrkiye\u2019nin soyda\u015flar konusunda tutars\u0131zl\u0131klar i\u00e7inde oldu\u011funu, bu konuda verdi\u011fi s\u00f6zleri tutmad\u0131\u011f\u0131n\u0131 (Bulgar yetkililer o d\u00f6nemde, Cumhurba\u015fkan\u0131 Evren\u2019in 1982\u2019de\u00a0 Bulgaristan\u2019\u0131 ziyareti vesilesiyle yay\u0131mlanan ortak bildirinin soyda\u015flara ili\u015fkin b\u00f6l\u00fcm\u00fcn\u00fc, soyda\u015flar\u0131n gelece\u011finin takdirinin taraf\u0131m\u0131zdan Bulgaristan\u2019a b\u0131rak\u0131ld\u0131\u011f\u0131 y\u00f6n\u00fcnde anlams\u0131z bir yoruma tabi tutarlar ve bunu kimlik de\u011fi\u015ftirme kampanyas\u0131n\u0131n da temeline oturtmaya \u00e7al\u0131\u015f\u0131rlard\u0131), <strong>T\u00fcrkiye\u2019nin Bulgaristan\u2019\u0131 destabilize etmeye \u00e7al\u0131\u015ft\u0131\u011f\u0131n\u0131 hayk\u0131r\u0131yor, giderek sald\u0131rganla\u015farak T\u00fcrkiye\u2019de devlet adam\u0131 bulunmad\u0131\u011f\u0131na i\u015faretle soyda\u015flar\u0131n tamam\u0131n\u0131 T\u00fcrkiye\u2019ye g\u00f6ndermek hususunda kararl\u0131 olduklar\u0131n\u0131 vurguluyor, olaylar\u0131 t\u0131rmand\u0131rd\u0131ktan sonra hududu neden kapatt\u0131\u011f\u0131m\u0131z\u0131 \u0131srarla sorguluyordu.<\/strong><\/p>\n<p>\u201cJivkov\u2019un \u00f6zenle haz\u0131rlad\u0131\u011f\u0131 bir senaryoyu uygulamaya haz\u0131rlad\u0131\u011f\u0131 a\u00e7\u0131kt\u0131. \u0130lk anda bir duraksama ge\u00e7irdim. Bu beklemedi\u011fim kar\u015f\u0131la\u015fmaya nas\u0131l bir tepki vermeliydim? G\u00f6r\u00fc\u015fmeyi kesip Saray\u2019dan ayr\u0131lmak olabilirdi. Ya sonras\u0131? Herhalde Sofya\u2019y\u0131 ve Bulgaristan\u2019\u0131 kesin terk etmek olmal\u0131yd\u0131. Oysa bir \u015feyleri d\u00fczeltmek \u00fczere gelmi\u015ftim. Keza, Jivkov\u2019un hezeyan\u0131n\u0131 so\u011fukkanl\u0131 bir \u015fekilde dinlemeyi s\u00fcrd\u00fcr\u00fcr, uygun tepkiyi g\u00f6r\u00fc\u015fmenin sonunda g\u00f6stermek yoluna gidebilirdim. Ancak, bu kurt politikac\u0131 bu imk\u00e2n\u0131 bana vermeyebilir, g\u00f6r\u00fc\u015fmeyi, \u015fimdiye kadar yapt\u0131\u011f\u0131 gibi \u201ctek adam \u015fou\u201d olarak s\u00fcrd\u00fcr\u00fcp diledi\u011fi noktada bitirebilirdi. Kafamda benzeri bir\u00e7ok d\u00fc\u015f\u00fcncelerin olu\u015ftu\u011fu bu bir iki dakikal\u0131k teredd\u00fct halinin sonunda ve Jivkov\u2019un giderek daha sald\u0131rgan ve kaba tav\u0131r almas\u0131n\u0131n da etkisiyle mukabil sald\u0131r\u0131ya ge\u00e7mekte karar k\u0131ld\u0131m ve onun nefes almak i\u00e7in duraklad\u0131\u011f\u0131 ilk anda s\u00f6z\u00fc al\u0131p benzer tonda cevaplar vermeye ve a\u011f\u0131r ele\u015ftiriler y\u00f6neltmeye ba\u015flad\u0131m. Jivkov\u2019un her halde al\u0131\u015f\u0131k oldu\u011fu bu t\u00fcr bir diyalogdan pek rahats\u0131zl\u0131k duymad\u0131\u011f\u0131 g\u00f6r\u00fcl\u00fcyordu. Bu ortamda yakla\u015f\u0131k bir saat s\u00fcren g\u00f6r\u00fc\u015fme z\u0131vanadan \u00e7\u0131km\u0131\u015f ve \u2018sandalc\u0131 kavgas\u0131na\u2019 d\u00f6n\u00fc\u015fm\u00fc\u015ft\u00fc. Her halde diplomasi tarihine pek de\u011ferli bir \u00f6rnek de sunmu\u015f olduk. Ortam, kar\u015f\u0131l\u0131kl\u0131 yorgunluktan olacak \u00f6nce yumu\u015fad\u0131, <strong>\u2018dost ac\u0131 ve a\u00e7\u0131k s\u00f6yler\u2019<\/strong> t\u00fcr\u00fcnden de\u011fi\u015flerle giderek tavsad\u0131 ve kar\u015f\u0131l\u0131kl\u0131 iyi dileklerle son buldu.<\/p>\n<p>T\u00f6renin u\u011furlama fasl\u0131n\u0131 takiben B\u00fcy\u00fckel\u00e7ili\u011fe d\u00f6nd\u00fck. Olay\u0131n tamam\u0131na tan\u0131k olan e\u015fim ve m\u00fckemmel bir memur olan m\u00fcste\u015far\u0131m (B\u00fcy\u00fckel\u00e7i) Alev K\u0131l\u0131\u00e7 ile durumu de\u011ferlendirdik\u2026\u201d<\/p>\n<p>***<\/p><div id=\"bghab-330554296\" class=\"bghab-icerik-icine-25-paragraf bghab-entity-placement\"><script async src=\"\/\/pagead2.googlesyndication.com\/pagead\/js\/adsbygoogle.js?client=ca-pub-6203283170189293\" crossorigin=\"anonymous\"><\/script><ins class=\"adsbygoogle\" style=\"display:block; text-align:center;\" data-ad-client=\"ca-pub-6203283170189293\" \ndata-ad-slot=\"7303146466\" \ndata-ad-layout=\"in-article\"\ndata-ad-format=\"fluid\" data-full-width-responsive=\"true\"><\/ins>\n<script> \n(adsbygoogle = window.adsbygoogle || []).push({}); \n<\/script>\n<\/div>\n<p>Bulgar y\u00f6netim ve halk\u0131n\u0131 T\u00fcrklere kar\u015f\u0131 bask\u0131, ter\u00f6r, zul\u00fcm, soyk\u0131r\u0131m ve katliamlar d\u00fczenleyerek y\u00fcreklendirmeye \u00e7al\u0131\u015fan Todor Jivkov ve erk\u00e2n\u0131 bu Saray D\u00fcellosundan sonra her g\u00fcn birka\u00e7 ad\u0131m geriledi ve nihayet T\u00fcrklerin 1989 Ayaklanmas\u0131n\u0131n \u00f6n\u00fc al\u0131nmaz etkisiyle 10 Kas\u0131m 1989\u2019da devrildi. Ard\u0131ndan at\u0131lan yeni b\u00fcy\u00fck ve cesur ad\u0131mla Bulgaristan T\u00fcrkleri siyasi sahneye \u00e7\u0131kt\u0131lar. Ne yaz\u0131k ki bu at\u0131l\u0131mda tuza\u011fa d\u00fc\u015f\u00fcr\u00fcld\u00fcler, ama her g\u00fcn biraz daha uyan\u0131yor ve bilin\u00e7lenerek ger\u00e7ekleri g\u00f6rmeye ba\u015fl\u0131yorlar.<\/p>\n<p>***<\/p>\n<p>Partinin ba\u015f\u0131na ekilen Ahmet Do\u011fan ve L\u00fctfi Mestan gibi liderler \u201c<strong>Aldatma Yok<\/strong>!\u201d kural\u0131n\u0131 bozdular ve halk\u0131m\u0131z\u0131 \u00e7ok \u00fczd\u00fcler.<\/p>\n<p>Bug\u00fcn 04 08 2018 tarihinde DOST Pa\u015fmakl\u0131 (Smolyan) kanal\u0131ndan payla\u015f\u0131lan bir a\u00e7\u0131k mektup var ve \u015f\u00f6yle diyor:<\/p>\n<p>\u201c DOST partisi ba\u015fkan\u0131 \u015fu a\u015fa\u011f\u0131daki \u00fc\u00e7 kurum elinde \u00e7ok k\u00f6t\u00fc niyetli bir ara\u00e7 ve silah m\u0131d\u0131r?:<\/p><div id=\"bghab-3350085430\" class=\"bghab-icerik-icine-30-paragraf bghab-entity-placement\"><script async src=\"\/\/pagead2.googlesyndication.com\/pagead\/js\/adsbygoogle.js?client=ca-pub-6203283170189293\" crossorigin=\"anonymous\"><\/script><ins class=\"adsbygoogle\" style=\"display:block; text-align:center;\" data-ad-client=\"ca-pub-6203283170189293\" \ndata-ad-slot=\"7303146466\" \ndata-ad-layout=\"in-article\"\ndata-ad-format=\"fluid\" data-full-width-responsive=\"true\"><\/ins>\n<script> \n(adsbygoogle = window.adsbygoogle || []).push({}); \n<\/script>\n<\/div>\n<ul>\n<li>GERB lideri ve Ba\u015fbakan Boyko Borisov\u2019un ve DANS\u2019\u0131n silah\u0131!<\/li>\n<li>Ahmet Do\u011fan ile gizli Bulgar servisi ile Rus gizli servisi DS-KGB zehirli silah\u0131 ya da<\/li>\n<li>Amerikan Merkezi Haber Alma servisi C\u0130A\u2019ya hizmet ediyor.<\/li>\n<\/ul>\n<p>DOST partisinin yeni bir kongre \u00e7a\u011f\u0131rmas\u0131 ve Ba\u015fkan\u0131 de\u011fi\u015ftirme zaman\u0131 gelmedi mi?\u201d<\/p>\n<p>Okudu\u011funuz i\u00e7in te\u015fekk\u00fcr ederim.<\/p>\n<p>Devam edecek.<\/p>\n<p>L\u00fctfen payla\u015f\u0131n\u0131z.<\/p>\n<div id=\"bghab-2635602438\" class=\"bghab-yazi-altinda bghab-entity-placement\"><div class=\"bghab-adlabel\">Reklamlar<\/div><script async src=\"https:\/\/pagead2.googlesyndication.com\/pagead\/js\/adsbygoogle.js\"><\/script>\r\n<!-- bghaber-yaz\u0131-sonu -->\r\n<ins class=\"adsbygoogle\"\r\n     style=\"display:block\"\r\n     data-ad-client=\"ca-pub-6203283170189293\"\r\n     data-ad-slot=\"4222328180\"\r\n     data-ad-format=\"auto\"\r\n     data-full-width-responsive=\"true\"><\/ins>\r\n<script>\r\n     (adsbygoogle = window.adsbygoogle || []).push({});\r\n<\/script><\/div><br style=\"clear: both; display: block; float: none;\"\/>","protected":false},"excerpt":{"rendered":"<p>Diplomatik Ba\u015far\u0131: Tarih: 04 A\u011fustos 2018 Yazan: \u0130brahim SOYT\u00dcRK Konu:\u00a0 B\u00fcy\u00fck sald\u0131r\u0131y\u0131 durduran B\u00fcy\u00fckel\u00e7i Yal\u00e7\u0131n Oral! \u201cT\u00fcrkiye\u2019nin Kar\u0131\u015f\u0131k D\u00f6nemleri\u201d ba\u015fl\u0131kl\u0131 bir kitab\u0131 \u00e7ok bekledik. Kimse<\/p>\n","protected":false},"author":13,"featured_media":15883,"comment_status":"closed","ping_status":"closed","sticky":false,"template":"","format":"standard","meta":{"advanced_seo_description":"","jetpack_seo_html_title":"","jetpack_seo_noindex":false,"_jetpack_memberships_contains_paid_content":false,"footnotes":""},"categories":[6],"tags":[],"class_list":["post-31915","post","type-post","status-publish","format-standard","has-post-thumbnail","hentry","category-yorum"],"jetpack_featured_media_url":"https:\/\/i0.wp.com\/www.bghaber.org\/bghaber\/wp-content\/uploads\/2015\/08\/ibo-soyt.jpg?fit=426%2C492&ssl=1","jetpack_sharing_enabled":true,"jetpack_likes_enabled":true,"jetpack-related-posts":[],"jetpack_shortlink":"https:\/\/wp.me\/pc2PfJ-8iL","_links":{"self":[{"href":"https:\/\/www.bghaber.org\/bghaber\/wp-json\/wp\/v2\/posts\/31915","targetHints":{"allow":["GET"]}}],"collection":[{"href":"https:\/\/www.bghaber.org\/bghaber\/wp-json\/wp\/v2\/posts"}],"about":[{"href":"https:\/\/www.bghaber.org\/bghaber\/wp-json\/wp\/v2\/types\/post"}],"author":[{"embeddable":true,"href":"https:\/\/www.bghaber.org\/bghaber\/wp-json\/wp\/v2\/users\/13"}],"replies":[{"embeddable":true,"href":"https:\/\/www.bghaber.org\/bghaber\/wp-json\/wp\/v2\/comments?post=31915"}],"version-history":[{"count":0,"href":"https:\/\/www.bghaber.org\/bghaber\/wp-json\/wp\/v2\/posts\/31915\/revisions"}],"wp:featuredmedia":[{"embeddable":true,"href":"https:\/\/www.bghaber.org\/bghaber\/wp-json\/wp\/v2\/media\/15883"}],"wp:attachment":[{"href":"https:\/\/www.bghaber.org\/bghaber\/wp-json\/wp\/v2\/media?parent=31915"}],"wp:term":[{"taxonomy":"category","embeddable":true,"href":"https:\/\/www.bghaber.org\/bghaber\/wp-json\/wp\/v2\/categories?post=31915"},{"taxonomy":"post_tag","embeddable":true,"href":"https:\/\/www.bghaber.org\/bghaber\/wp-json\/wp\/v2\/tags?post=31915"}],"curies":[{"name":"wp","href":"https:\/\/api.w.org\/{rel}","templated":true}]}}