{"id":31676,"date":"2018-07-08T20:24:54","date_gmt":"2018-07-08T17:24:54","guid":{"rendered":"http:\/\/www.bghaber.org\/bghaber\/?p=31676"},"modified":"2018-07-12T23:10:49","modified_gmt":"2018-07-12T20:10:49","slug":"kahraman-yaratiyorlar","status":"publish","type":"post","link":"https:\/\/www.bghaber.org\/bghaber\/kahraman-yaratiyorlar\/","title":{"rendered":"\u201cKahraman\u201d Yarat\u0131yorlar"},"content":{"rendered":"<p>Tarih: 07 Temmuz 2018<\/p>\n<p>Yazan: \u015eakir Arslanta\u015f<\/p>\n<p>Konu: <strong>Bu adamlar kald\u0131r\u0131m m\u00fchendisi de\u011fil, Polis!<\/strong><\/p>\n<p>\u00d6\u011fretmen olsun, \u00e7ocuklar\u0131m\u0131za ayd\u0131nl\u0131k ta\u015f\u0131s\u0131n diye yeti\u015ftirdi\u011fimiz kadrolar\u0131 sabahtan ak\u015fama kahvelerde karta oynarken g\u00f6rd\u00fck\u00e7e i\u00e7im s\u0131zl\u0131yor. \u201c<strong>Ge\u00e7mi\u015flerini unutturmak istersen, insanlar\u0131 da\u011f\u0131tacaks\u0131n<\/strong>\u201d diyenlerin, \u00e7ocuklar\u0131, gen\u00e7leri ve ya\u015fl\u0131lar\u0131 e\u011flendirmek i\u00e7in neden bir araya toplad\u0131\u011f\u0131na ak\u0131l erdiremedim.<\/p>\n<p>\u015eimdi Bulgaristan\u2019da yeni bir adet olu\u015ftu. Eski polisler 30-40 y\u0131l \u00f6nce i\u015fledikleri su\u00e7lardan kendilerini tamamen aklayarak hakl\u0131 g\u00f6stermek ve belki de \u201c<strong>\u015ferefli<\/strong>\u201d \u00f6lmek istiyorlar. Art\u0131k halk aras\u0131na \u00e7\u0131k\u0131yorlar. Kamuoyu olu\u015fturma ad\u0131mlar\u0131 at\u0131yorlar. Birlikte bas\u0131n toplant\u0131lar\u0131 d\u00fczenliyor, radyo s\u00f6yle\u015fileri yap\u0131yor. Bu arada \u201cDS\u201d ar\u015fivine girmeden kitap ve makale kaleme al\u0131yorlar.<br \/>\nEn \u00f6nemlisi de birbirlerine arka oluyorlar. \u0130\u015fler o kadar ileri ta\u015f\u0131nd\u0131 ki, \u201c<strong>soya d\u00f6n\u00fc\u015f s\u00fcrecinde<\/strong>\u201d 1984-1989 bask\u0131 ve ter\u00f6r y\u0131llar\u0131nda, isimlerimiz zorla de\u011fi\u015ftirilirken, T\u00fcrklere kar\u015f\u0131 ger\u00e7ekle\u015ftirdikleri operasyonlar\u0131 anlat\u0131yor ve kendilerini kahraman g\u00f6steriyorlar. Zaten bu i\u015flerin b\u00f6yle olmas\u0131 bekleniyordu. Ba\u015fbakan Borisov bu geli\u015fmeleri g\u00f6rm\u00fc\u015f olacak, \u201cen y\u00fcksek emekli maa\u015f\u0131n\u0131n taban\u0131n\u0131 960\u2019tan 1 140 levaya y\u00fckseltmeyi d\u00fc\u015f\u00fcnd\u00fc\u011f\u00fcn\u00fc a\u00e7\u0131klad\u0131.<br \/>\nBizde en y\u00fcksek emekli maa\u015flar\u0131 zaten sivil polisler al\u0131yordu. B\u00f6ylelikle son 30 y\u0131lda g\u00f6sterdikleri \u201c<strong>dayan\u0131kl\u0131l\u0131k<\/strong>\u201d m\u00fckafatland\u0131r\u0131lm\u0131\u015f olacakt\u0131r. Bizim polis tayfas\u0131n\u0131n yapt\u0131\u011f\u0131 \u201c<strong>en \u00f6nemli i\u015f<\/strong>\u201d\u00a0 1972-1973 Pomaklar\u0131n, 1982\u2019de \u00c7ingeneler \u2019in, ard\u0131ndan ani ve topyek\u00fbn bir sald\u0131r\u0131yla 1984-1989 y\u0131llar\u0131 aras\u0131nda 1\u00a0253\u00a0553 ya\u015fayan Bulgaristan T\u00fcrk vatanda\u015f\u0131n ve f\u0131rsat bulduklar\u0131 yerde \u00f6l\u00fclerin de isimlerini Bulgar adlar\u0131yla de\u011fi\u015ftirdiler.<br \/>\n\u00d6nemli \u00f6d\u00fcller ald\u0131lar. Fakat 1989 y\u0131l\u0131n\u0131n 10 Kas\u0131m tarihinde diktat\u00f6r Todor Jivkov T\u00fcrk bask\u0131s\u0131na dayanamay\u0131p devrildi\u011finden dolay\u0131, \u015f\u00f6yle gerine gerine b\u00f6b\u00fcrlenemediler. Madalyalar\u0131n\u0131 tak\u0131p gezemediler. Yapt\u0131klar\u0131n\u0131 balland\u0131ra balland\u0131ra anlatamad\u0131lar. G\u00f6revde kalanlar\u0131n i\u015fi o g\u00fcn bu g\u00fcn t\u00fcm devlet belgelerinden, kay\u0131tlardan, yaz\u0131lardan, gazetelerden, kitaplardan hatta internetten birer iki\u015fer T\u00fcrklerle ilgili ya\u015fananlar\u0131 s\u00f6k\u00fcp \u00e7\u0131kar\u0131p \u00e7\u00f6pe atmak oldu.<br \/>\nBu dava uzun devam etti. Gizlice yap\u0131ld\u0131. Ofislerde \u00e7al\u0131\u015fanlar\u0131n hepsi s\u0131r k\u00fcp\u00fc oldu. Susmaya al\u0131\u015ft\u0131lar. Yaln\u0131z Sofya\u2019da 456 bin ki\u015fi bir yandan s\u00f6zde <strong>\u201ci\u015fine bakt\u0131\u201d<\/strong> hem de bu i\u015fleri y\u00fcr\u00fctt\u00fc.<\/p><div id=\"bghab-634108771\" class=\"bghab-icerik-icine bghab-entity-placement\"><script async src=\"\/\/pagead2.googlesyndication.com\/pagead\/js\/adsbygoogle.js?client=ca-pub-6203283170189293\" crossorigin=\"anonymous\"><\/script><ins class=\"adsbygoogle\" style=\"display:block; text-align:center;\" data-ad-client=\"ca-pub-6203283170189293\" \ndata-ad-slot=\"7303146466\" \ndata-ad-layout=\"in-article\"\ndata-ad-format=\"fluid\" data-full-width-responsive=\"true\"><\/ins>\n<script> \n(adsbygoogle = window.adsbygoogle || []).push({}); \n<\/script>\n<\/div>\n<p>Zaman \u00f6yle bir ge\u00e7ti ki, art\u0131k inden \u00e7\u0131k\u0131p, tarih yazma zaman\u0131 geldi. Bulgar <strong>\u201cDS\u201d<\/strong> polisi kendini galip gelen g\u00f6rmeye ba\u015flad\u0131. Ne mi yaz\u0131yor?<\/p>\n<p>***<\/p>\n<p>Ben \u00f6nceden (1990\u2019dan hemen sonra) General, Albay ve Yarbaylar\u0131n gece gece, e\u015flerinden bile korkarak kaleme ald\u0131\u011f\u0131 ilk kitaplara fazla \u00f6nem vermiyorum. Buy eserler \u201c<strong>biz emir kuluyduk, i\u015fimize bakt\u0131k, \u00fcst\u00fcm\u00fczdekilerin dediklerini yerine getiriyorduk\u201d havas\u0131yla yeni tohumlar ekip<\/strong>,\u201d kamuoyu olu\u015fturmaya \u00e7al\u0131\u015f\u0131yorlard\u0131. Kimin sopac\u0131 oldu\u011fu, kimin ajan ifadelerini de\u011fi\u015ftirdi\u011fi, kimin ajan ifadelerini tamamen uydurdu\u011fu, kimin \u015fahsi hesaplarla o gizli i\u015fleri birbirine kar\u0131\u015ft\u0131rd\u0131\u011f\u0131n\u0131 vs anlayabilmek \u00e7ok zordu. Yani biz <strong>\u201cdosya\u201d<\/strong> mosya oyununa getirilerek 10 y\u0131ldan beri aldat\u0131ld\u0131k. B\u00fct\u00fcn dosyalar\u0131 s\u0131ksan 1 litre ya\u011f \u00e7\u0131kmayaca\u011f\u0131n\u0131 anlamayan kalmad\u0131.<\/p>\n<p>***<\/p>\n<p>\u015eimdi yeni bir durum var. Yeni geli\u015ftirilen tezlerde \u201c<strong>\u0130\u00e7 \u0130\u015fleri Bakanl\u0131\u011f\u0131 g\u00f6revlileri olarak biz T\u00fcrklerin isimlerinin de\u011fi\u015ftirilmesine kar\u015f\u0131yd\u0131k<\/strong>\u201d g\u00f6r\u00fc\u015f\u00fc yer al\u0131yor ki, bu d\u00fc\u015f\u00fcnd\u00fcr\u00fcc\u00fcd\u00fcr. Hen\u00fcz \u00e7\u00f6z\u00fclemeyen son hesapta demek istedikleri nedir?<\/p><div id=\"bghab-2872651291\" class=\"bghab-icerik-icine-10-paragraf bghab-entity-placement\"><script async src=\"\/\/pagead2.googlesyndication.com\/pagead\/js\/adsbygoogle.js?client=ca-pub-6203283170189293\" crossorigin=\"anonymous\"><\/script><ins class=\"adsbygoogle\" style=\"display:block; text-align:center;\" data-ad-client=\"ca-pub-6203283170189293\" \ndata-ad-slot=\"7303146466\" \ndata-ad-layout=\"in-article\"\ndata-ad-format=\"fluid\" data-full-width-responsive=\"true\"><\/ins>\n<script> \n(adsbygoogle = window.adsbygoogle || []).push({}); \n<\/script>\n<\/div>\n<p>Hakikatten Bulgaristan Sosyalist partisi (BSP) ger\u00e7ekten eriyor mu? Yoksa bir gizli anla\u015fmaya m\u0131 var\u0131ld\u0131! Bizde evlatlar babalar\u0131n\u0131n su\u00e7lar\u0131ndan yarg\u0131lanmaz ilkesi ge\u00e7erlidir. BSP y\u00f6netiminde gen\u00e7 kadrolar bolla\u015ft\u0131\u011f\u0131na g\u00f6re, uzla\u015fm\u0131\u015f olabilirler.<\/p>\n<p>Bu arada, bu geli\u015fmeler ad\u0131m ad\u0131m \u00fczerimize gelirken kahvehanelerde pi\u015fti oynamaya devam ediyoruz. D\u00fc\u015f\u00fcnm\u00fcyoruz demiyorum, ama hangi y\u00f6ntemle d\u00fc\u015f\u00fcnd\u00fc\u011f\u00fcm\u00fcz belli de\u011fil. Baz\u0131 g\u00fcnler \u015fekerlemeye gitmeden oyuna devam ederken, \u201c<strong>bizim k\u0131smetimiz bizi bulur<\/strong>\u201d s\u00f6zleri kulaklar\u0131 ok\u015fuyor.<\/p>\n<p>***<\/p>\n<p>Baz\u0131 kahvehanelerde islenen, Sofya TV yay\u0131nlar\u0131ndan \u201c<strong>On A\u0130R<\/strong>\u201d\u0131n \u201c<strong>Operasyon Tarih<\/strong>\u201d program\u0131ndan koyu milliyet\u00e7ilik salyalar\u0131 akarken, 1984 y\u0131l\u0131ndan \u00f6nce \u0130\u00e7 \u0130\u015fleri Bakanl\u0131\u011f\u0131 Varna Devlet G\u00fcvenli\u011fi (<strong>DS<\/strong>) Albay\u0131 olarak, \u201c<strong>T\u00fcrklerin isimlerinin de\u011fi\u015ftirilmesi haz\u0131rl\u0131klar\u0131n\u0131n durdurulmas\u0131 i\u00e7in bir\u00e7ok rapor ve mektup<\/strong>\u201d g\u00f6nderdiklerini anlatt\u0131. Bu olay bizim i\u00e7in \u00e7ok \u00f6nemlidir. \u00c7\u00fcnk\u00fc isimlerimizin de\u011fi\u015ftirilmesine kar\u015f\u0131 Bulgar devleti i\u00e7inden ses \u00e7\u0131kt\u0131\u011f\u0131n\u0131, sesler y\u00fckseldi\u011fini, tepki oldu\u011funu \u015fimdiye kadar i\u015fitmemi\u015ftik. \u201c<strong>DS<\/strong>\u201d, istihbarat\u0131n di\u011fer kollar\u0131, bakanl\u0131klar, parti devletin hep ayn\u0131 g\u00f6r\u00fc\u015fle ve uyum i\u00e7inde oldu\u011fu fikri hepimizin kafas\u0131na zorla sokulmu\u015ftu. 30 y\u0131l sonra b\u00f6yle bir \u00e7atlaktan s\u00f6z edilmesi ilgin\u00e7tir.<\/p>\n<p>\u0130\u015f \u0130\u015fleri Bakanl\u0131\u011f\u0131 ile BKP Y\u00f6netimi aras\u0131nda bu konuda yani \u201c<strong>soya d\u00f6n\u00fc\u015f s\u00fcreci<\/strong>\u201d su\u00e7unu \u00fcstlenme, topluma ve tarihe hesap verme ile ilgili bir z\u0131tla\u015fma, \u00e7at\u0131\u015fma, par\u00e7alanma oldu\u011funu bilsek de, BSP kurmayl\u0131\u011f\u0131n\u0131n i\u00e7i k\u0131demli generallerle dolu oldu\u011fundan dolay\u0131 kesin sonu\u00e7 \u00e7\u0131karan olmam\u0131\u015ft\u0131.<\/p><div id=\"bghab-1061118955\" class=\"bghab-icerik-icine-15-paragraf bghab-entity-placement\"><script async src=\"\/\/pagead2.googlesyndication.com\/pagead\/js\/adsbygoogle.js?client=ca-pub-6203283170189293\" crossorigin=\"anonymous\"><\/script><ins class=\"adsbygoogle\" style=\"display:block; text-align:center;\" data-ad-client=\"ca-pub-6203283170189293\" \ndata-ad-slot=\"7303146466\" \ndata-ad-layout=\"in-article\"\ndata-ad-format=\"fluid\" data-full-width-responsive=\"true\"><\/ins>\n<script> \n(adsbygoogle = window.adsbygoogle || []).push({}); \n<\/script>\n<\/div>\n<p>***<\/p>\n<p>Varna \u201cDS\u201d II. \u015eubesinde (aksi istihbarat) g\u00f6revlisi olan ve halen \u201c<strong>belgesel eserler<\/strong>\u201d yazan Albay Pavlin Pavlov, ulusal \u00a0\u201c<strong>Darik<\/strong>\u201d radyosundaki s\u00f6yle\u015fisinde, halen \u201c<strong>Soya d\u00f6n\u00fc\u015f s\u00fcreci \u00f6ncesi Bulgaristan\u2019daki durum\u201d<\/strong> \u00fcst\u00fcne \u00e7al\u0131\u015fmalar\u0131n\u0131 s\u00fcrd\u00fcrd\u00fc\u011f\u00fcn\u00fc ve \u201c<strong>\u00c7ekme \u015eeytan\u0131n Kuyru\u011funu<\/strong>!\u201d ba\u015fl\u0131kl\u0131 yeni \u00e7\u0131kan bir kitab\u0131n\u0131 tan\u0131tt\u0131.<\/p>\n<p>Konu, bundan 30 y\u0131l \u00f6nce ya\u015fanan ve o d\u00f6nemin medyas\u0131nda Karadeniz\u2019in \u201c<strong>Alt\u0131n Kumlar<\/strong>\u201d sayfiyesindeki \u201c<strong>Enterternasiyonal<\/strong>\u201d hoteli bah\u00e7esinde ismi de\u011fi\u015ftirilmi\u015f 3 \u201c<strong>ter\u00f6ristin<\/strong>\u201d (Bulgaristan T\u00fcrk\u00fc) patlatt\u0131\u011f\u0131 3 el bombas\u0131 \u015feklinde g\u00fcndem olmu\u015ftu. \u00d6l\u00fc ve yaral\u0131 yoktu. Olay 7 Temmuz 1987 g\u00fcn\u00fc olmu\u015ftu. \u0130\u00e7 \u0130\u015fleri Bakan Yard\u0131mc\u0131s\u0131 ve \u201c<strong>DS<\/strong>\u201d M\u00fcste\u015far\u0131 Grigor \u015eopov y\u00f6netiminde, Varna, Burgaz Polis Amirlikleri, \u201c<strong>bereli g\u00fc\u00e7ler<\/strong>\u201d komutan\u0131 V. Velev, \u201c<strong>komando\u201d<\/strong> g\u00fc\u00e7leri, z\u0131rhl\u0131 ama\u00e7lar ve bir de helikopter Bulgar-T\u00fcrk s\u0131n\u0131r\u0131na kadar uzanan olaylara bizzat \u00a0kat\u0131lm\u0131\u015ft\u0131.<\/p>\n<p>Silistre ili, Ak Kad\u0131nlar (Dulovo) belediyesine ba\u011fl\u0131 \u00c7ernolik\u2019den Bulgar ismi Nikola Nikolov (-T\u00fcrk ismi-Baytar Apti Aptiev &#8211; 48 ya\u015f\u0131nda) ve Eminler (Boil) k\u00f6y\u00fcnden zorla verilen Bulgar ismi Neven Asenov (24 ya\u015f\u0131nda) bu polis operasyonunda ara\u00e7 i\u00e7inde yanarak \u00f6lm\u00fc\u015ft\u00fc. Nikolov\u2019un o\u011flu olan Orlin ise tutukland\u0131, hemen idam cezas\u0131 ald\u0131 ve kur\u015funa dizilerek \u00f6ld\u00fcr\u00fcld\u00fc. \u0130simleri de\u011fi\u015ftirilen 3 T\u00fcrk Bulgar isimleriyle ya\u015famak istemiyor ve T\u00fcrkiye\u2019ye gitmek istemi\u015flerdi.<br \/>\nBu olay o aylarda Plovdiv tren gar\u0131ndaki patlama, Sliven Hotelindeki patlama ve Sofya yak\u0131nlar\u0131ndaki <strong>\u201cBunovo\u201d<\/strong> t\u00fcnelindeki patlama ve Varna U\u00e7ak Alan\u0131 bah\u00e7esindeki patlama gibi \u201c<strong>ter\u00f6r<\/strong>\u201d olay\u0131 olarak de\u011ferlendirildi ve polis sald\u0131r\u0131s\u0131 amas\u0131z oldu. Oysa T\u00fcrkler isimlerinin ve haklar\u0131n\u0131n iade edilmesini istiyorlard\u0131.<\/p>\n<p>\u015e\u00f6yle bir geli\u015fme izliyoruz. Bu 3 kurbanlar\u0131m\u0131z\u0131n isimlerini \u015fehit d\u00fc\u015fen, bilinen 37 karde\u015fimizin listesinde yoktur. Boil ve \u00c7ernolik k\u00f6ylerinde aziz hat\u0131ralar\u0131n\u0131 ya\u015fatmak i\u00e7in bo\u015f tabutlar\u0131n g\u00f6m\u00fcld\u00fc\u011f\u00fc mezar ta\u015flar\u0131na T\u00fcrk\u00e7e isimleri yaz\u0131lamam\u0131\u015f, 1990\u2019dan sonra k\u00f6y sokaklar\u0131ndan birine isimleri verilmemi\u015f, aziz hat\u0131ralar\u0131n\u0131 ya\u015fatmas\u0131 i\u00e7in bir \u00e7e\u015fme kurulmas\u0131na da izin verilmemi\u015ftir.<\/p><div id=\"bghab-3350571281\" class=\"bghab-icerik-icine-20-paragraf bghab-entity-placement\"><script async src=\"\/\/pagead2.googlesyndication.com\/pagead\/js\/adsbygoogle.js?client=ca-pub-6203283170189293\" crossorigin=\"anonymous\"><\/script><ins class=\"adsbygoogle\" style=\"display:block; text-align:center;\" data-ad-client=\"ca-pub-6203283170189293\" \ndata-ad-slot=\"7303146466\" \ndata-ad-layout=\"in-article\"\ndata-ad-format=\"fluid\" data-full-width-responsive=\"true\"><\/ins>\n<script> \n(adsbygoogle = window.adsbygoogle || []).push({}); \n<\/script>\n<\/div>\n<p>T\u00fcrk isimlerimizin geri al\u0131nmas\u0131 i\u00e7in verdi\u011fimiz halk m\u00fccadelesinde Y\u00fcksek Bulgar Mahkemesinin Eyl\u00fcl 1988\u2019de kur\u015funa dizilmek suretiyle infaz edilen Emin Mehmedali Ali ve arkada\u015flar\u0131n\u0131n na\u015fi krematoryumunda yak\u0131lm\u0131\u015ft\u0131. Onlar\u0131n da k\u00fclleri ailelerine verilmedi. \u00a0Aziz hat\u0131ralar\u0131n\u0131 ya\u015fatmak i\u00e7in Burgaz ilinin Dikenli (Tr\u0131n) k\u00f6y\u00fcnde \u00e7e\u015fme yap\u0131ld\u0131. \u00c7e\u015fme, Y\u00fcksek Mahkeme karar\u0131yla y\u0131k\u0131ld\u0131.\u00a0 \u201c<strong>Ter\u00f6ristler \u00e7e\u015fme hak etmiyor<\/strong>\u201d, dediler.<br \/>\nBu memlekette \u201c<strong>ter\u00f6ristlere<\/strong>\u201d yer yokmu\u015f. \u0130simlerinin iade edilmesi, anadil ve din haklar\u0131 \u00fczerindeki yasaklar\u0131n kald\u0131r\u0131lmas\u0131n\u0131 isteyenler art\u0131k \u201c<strong>ter\u00f6rist<\/strong>\u201d ilan edildi.<br \/>\nBulgaristan&#8217;da 30 y\u0131lda bu yerle\u015fti. \u201c<strong>Ter\u00f6rist<\/strong>\u201d olmayan tek \u201c<strong>T\u00fcrk<\/strong>\u201d hain Ahmet Do\u011fan\u2019d\u0131r. Onlar\u0131 yakan, kur\u015funa dizen, k\u00fcllerini bile ailelerine vermeyen, unutturmaya \u00e7al\u0131\u015fan, kur\u015funa dizen ya da s\u00fcrg\u00fcn veya hapsedenlerin hepsi ise \u201c<strong>kahraman<\/strong>\u201d ilan ediliyor. Katiller kendilerini hakl\u0131 \u00e7\u0131karmak i\u00e7in ellerinden geleni yap\u0131yorlar. Kitaplar yaz\u0131yorlar, bas\u0131n toplant\u0131lar\u0131 d\u00fczenliyorlar, 30 y\u0131l \u00f6ncesinin soyk\u0131r\u0131mc\u0131lar\u0131n\u0131 a\u011f\u0131z dolusu anlat\u0131rken memnun olduklar\u0131n\u0131 gizlemiyorlar, onlar Bulgaristan\u2019da yeni g\u00fcndemi belirliyorlar. Onlar\u0131n, olmayan vicdan\u0131 i\u00e7in, isimlerimizi zorla de\u011fi\u015ftirilmesi, T\u00fcrk hanelerinin bas\u0131lmas\u0131, ayd\u0131nlar\u0131m\u0131z\u0131n tutuklanmas\u0131, s\u00fcrg\u00fcn edilmesi, \u00f6ld\u00fcr\u00fclmesi, kay\u0131plara kar\u0131\u015fmas\u0131, eve d\u00f6nmemesi, su\u00e7 olmaktan \u00e7\u0131km\u0131\u015ft\u0131r. Sorgu makam\u0131, savc\u0131l\u0131k, mahkemeler bu dosyalar\u0131 kapam\u0131\u015ft\u0131r. Hak arayan a\u00e7\u0131k dava yoktur. Su\u00e7lular git gide kendilerini aklanm\u0131\u015f hissederken art\u0131k duruluyor ve madalya bekliyorlar.<\/p>\n<p>B\u00f6ylece Bulgar kom\u00fcnistleri son 28 y\u0131lda totaliter d\u00fczenin en su\u00e7lu kesiminin son k\u0131r\u0131nt\u0131lar\u0131n\u0131 da s\u00f6z\u00fcm ona \u201cdemokrasi\u201d yakas\u0131na sa\u011f salim, sorgusuz sualsiz \u00e7\u0131karm\u0131\u015f olacakt\u0131r. Bu y\u00f6ndeki \u00e7al\u0131\u015fmalar art\u0131k tamamlan\u0131yor. Bulgaristan Amerikan toplumunun k\u00f6lelik d\u00f6nemine d\u00f6nm\u00fc\u015f oluyor. O zaman ABD\u2019de zencilere kar\u015f\u0131 i\u015flenen su\u00e7lar su\u00e7tan say\u0131lmazm\u0131\u015f. Beyazlara kar\u015f\u0131 dava a\u00e7\u0131lam\u0131yormu\u015f. Mahkemeler beyazlara kar\u015f\u0131 davalara bakm\u0131yormu\u015f. \u0130\u015fte bizde de Bulgarlar\u0131n T\u00fcrklere, Pomaklara, \u00c7ingenelere ve di\u011fer az\u0131nl\u0131klara kar\u015f\u0131 soru\u015fturma ba\u015flatmad\u0131\u011f\u0131, savc\u0131l\u0131\u011f\u0131n her \u015feye seyirci kald\u0131\u011f\u0131, etniklere kar\u015f\u0131 i\u015flenen su\u00e7larda devletin adaleti rafa kald\u0131rd\u0131\u011f\u0131, sa\u011f\u0131r ve k\u00f6r kald\u0131\u011f\u0131 bir d\u00f6nemde ya\u015f\u0131yoruz. Bu b\u00f6yleydi ve b\u00f6yle devam ediyor. \u00c7ok yaz\u0131k.<\/p>\n<p><strong>Ve biz pi\u015fti oynamaya devam ettik\u00e7e bu b\u00f6yle devam edecektir.<\/strong><\/p>\n<p>Albay\u0131n eserde su\u00e7 olarak g\u00f6sterilen olay, T\u00fcrklerin isim de\u011fi\u015fikli\u011fine tepki g\u00f6stermesidir. Bu durumda, Eminler ve Kara-esen-k\u00f6y sakinleri isimlerini geri istedikleri i\u00e7in su\u00e7ludur. \u0130simlerini geri alamay\u0131nca bir arabayla T\u00fcrkiye Cumhuriyetine ka\u00e7mak istemeleri, s\u0131n\u0131r kap\u0131s\u0131n\u0131n kendileri i\u00e7in \u00f6zel a\u00e7\u0131lmas\u0131n\u0131 ve \u00fclkeyi terk etmek istemeleri de su\u00e7tur. Makamlar\u0131 zorlamak i\u00e7in Hac\u0131 o\u011flu Pazarc\u0131k (Dobri\u00e7) ten Darin Hristov (12 ya\u015f\u0131nda) ve Nikola Petkov (15 ya\u015f\u0131nda) arabalar\u0131na almalar\u0131 da su\u00e7 unsuru olarak g\u00f6sterilmi\u015ftir. Bu durumda \u201c<strong>ter\u00f6r<\/strong>\u201d uygulayan polis hakl\u0131d\u0131r. Bulgar polisi \u00fc\u00e7 T\u00fcrki tuza\u011fa d\u00fc\u015f\u00fcr\u00fcp tutuklamak i\u00e7in, eski BG \u0130stanbul Konsolosu ve Ankara B\u00fcy\u00fck El\u00e7ili\u011fi g\u00f6revlisi, \u00e7evirmen Don\u00e7o Peev\u2019i, T\u00fcrkiye Cumhuriyeti Burgaz Ba\u015fkonsolosu olarak arac\u0131 olarak operasyona sokmu\u015f, fakat onu TV\u2019de T.Jivkov\u2019a terc\u00fcme ederken g\u00f6ren 3 ki\u015fi onu tan\u0131m\u0131\u015flar ve oyuna gelmemi\u015flerdir.<\/p>\n<p><strong>Bu kitapta baz\u0131 ger\u00e7ekler ilk kez ortaya \u00e7\u0131k\u0131yor. <\/strong><\/p><div id=\"bghab-1715812194\" class=\"bghab-icerik-icine-25-paragraf bghab-entity-placement\"><script async src=\"\/\/pagead2.googlesyndication.com\/pagead\/js\/adsbygoogle.js?client=ca-pub-6203283170189293\" crossorigin=\"anonymous\"><\/script><ins class=\"adsbygoogle\" style=\"display:block; text-align:center;\" data-ad-client=\"ca-pub-6203283170189293\" \ndata-ad-slot=\"7303146466\" \ndata-ad-layout=\"in-article\"\ndata-ad-format=\"fluid\" data-full-width-responsive=\"true\"><\/ins>\n<script> \n(adsbygoogle = window.adsbygoogle || []).push({}); \n<\/script>\n<\/div>\n<p>Bir, isimleri i\u00e7in e\u015fini, ana babas\u0131n\u0131 ve 2 k\u0131z\u0131n\u0131 k\u00f6yde b\u0131rak\u0131p T\u00fcrkiye\u2019ye ge\u00e7mek isteyenlerin ikisi Bulgaristan Kom\u00fcnist Partisi (BKP) \u00fcyesidir, 21 ya\u015f\u0131ndaki gen\u00e7 o\u011flan k\u00f6y\u00fcn Komsomol sekreteridir (kom\u00fcnist gen\u00e7lik \u00f6rg\u00fct\u00fc). Askerli\u011fini s\u0131n\u0131r eri olarak yapm\u0131\u015ft\u0131r. Yani devletin g\u00fcvendi\u011fi ki\u015filerdir. K\u00f6y, BKP \u00f6rg\u00fct sekreteri ayn\u0131 s\u00fclalede ndir. Ne ki, k\u00f6y\u00fcn sakinleri bu 3 ki\u015finin T\u00fcrkiye\u2019ye ka\u00e7maya haz\u0131rland\u0131\u011f\u0131n\u0131, bunun i\u00e7in Bolyarovo k\u00f6y\u00fcndeki s\u0131n\u0131r birli\u011fi deposundan 24 adet el bombas\u0131 ald\u0131\u011f\u0131n\u0131 bilseler de, hi\u00e7bir kimse \u201c<strong>DS<\/strong>\u201d istihbarat \u00f6rg\u00fct\u00fcne ihbarda bulunmam\u0131\u015ft\u0131r. Bulgar devleti ile T\u00fcrk k\u00f6yl\u00fclerinin aras\u0131 a\u00e7\u0131lm\u0131\u015f ve irtibat kesilmi\u015ftir. <strong>\u201c3016 T\u00fcrk ajan\u0131m\u0131z vard\u0131\u201d<\/strong> diyenlerin, bunlardan ka\u00e7\u0131n\u0131n i\u015fe yarad\u0131\u011f\u0131n\u0131 a\u00e7\u0131klamalar\u0131n\u0131 bekliyoruz!<\/p>\n<p>\u0130stihbarattan bir Albay olan Pavlin Pavlov kitab\u0131nda, Hac\u0131 o\u011flu Pazarc\u0131k (Dobri\u00e7) k\u00f6ylerinden Baraklar\u2019da Necmettin Hak ve arkada\u015flar\u0131 taraf\u0131ndan kurulan Bulgaristan\u2019da T\u00fcrklerin Milli Kurtulu\u015f Hareketi\u2019nin uluslararas\u0131 ter\u00f6r \u00f6rg\u00fctleri deneyimlerinden yararlanarak \u201c<strong>ter\u00f6r eylemleri<\/strong>\u201d d\u00fczenlemeyi planlad\u0131\u011f\u0131n\u0131 ve bu nedenle tutukland\u0131klar\u0131n\u0131 yaz\u0131yor. Fakat Ahmet Do\u011fan\u2019\u0131n bu illegal hareket i\u00e7ine a\u015f\u0131lanmas\u0131ndan ve y\u00f6netimi ele ge\u00e7irmesinden sonra sinir ba\u015flar\u0131n\u0131n kurutuldu\u011funu, tutuklamalar yap\u0131ld\u0131\u011f\u0131n\u0131, onu da halk\u0131n g\u00f6z\u00fcnde b\u00fcy\u00fctmek i\u00e7in \u201c<strong>zindana att\u0131klar\u0131n\u0131<\/strong>\u201d yaz\u0131yor ve onun T\u00fcrklerin isimlerini geri almak, hak ve \u00f6zg\u00fcrl\u00fcklerini kazanmak i\u00e7in verdikleri m\u00fccadelede Bulgar polisine verdi\u011fi hizmetlerin \u00e7ok de\u011ferli oldu\u011funu belirtiyor. A. Do\u011fan, ayn\u0131 y\u0131llarda T\u00fcrkiye\u2019ye ka\u00e7\u0131p Bulgar zulm\u00fcnden kurtulmak isteyen pek \u00e7ok T\u00fcrk gencini ele vermi\u015f ve tutuklatm\u0131\u015ft\u0131r. 1987\u2019de hain Do\u011fan\u2019\u0131n eli Silistre k\u00f6ylerine hen\u00fcz uzanamam\u0131\u015f, halk\u0131m\u0131z kendi i\u00e7ine s\u0131\u011f\u0131nm\u0131\u015f, b\u00fcy\u00fck bir ulusal kavgan\u0131n ba\u015flamak \u00fczere oldu\u011funu, direni\u015fin uzun s\u00fcrece\u011fini sezmi\u015ftir. T\u00fcrk kom\u00fcnistler ve \u00c7ift\u00e7i partililer, \u201c<strong>DS<\/strong>\u201d ve BKP saflar\u0131ndan uzakla\u015farak, kendi kabuklar\u0131na kapanm\u0131\u015f ve suskun kitleye \u00f6nc\u00fcl\u00fck yapmaya ba\u015flam\u0131\u015flard\u0131r. Bu \u00f6rnekleri Pavlov\u2019un kitab\u0131nda Eminler ve Kara-esen-k\u00f6yde g\u00f6rebiliyoruz.<\/p>\n<p><strong>Anlat\u0131lan olay\u0131n ayr\u0131nt\u0131lar\u0131 bizim i\u00e7in y\u00fcrekler ac\u0131s\u0131d\u0131r.<\/strong><\/p>\n<p>Birisi 48, \u00f6tekisi 24 ya\u015f\u0131nda iki karde\u015fimiz polis, milis, bereli, komando kordonunu ge\u00e7meye \u00e7al\u0131\u015f\u0131rken, z\u0131rhl\u0131 ara\u00e7 taraf\u0131ndan dereye kak\u0131lm\u0131\u015f, Dere A\u011fa\u00e7 s\u0131n\u0131r\u0131na 40 km kala Stranca bay\u0131r\u0131nda kendi ara\u00e7lar\u0131 \u201c<strong>Lada 500<\/strong>\u201d i\u00e7inde cay\u0131r cay\u0131r yanarak yanm\u0131\u015ft\u0131r. \u0130sim, anadil, din, T\u00fcrk kimli\u011fi davam\u0131zda \u015fehir olmu\u015flard\u0131r. Yakalanan 22 ya\u015f\u0131ndaki gencimiz yarg\u0131 \u00f6n\u00fcne \u00e7\u0131kar\u0131lmadan idam cezas\u0131 alm\u0131\u015f ve infaz duvar\u0131nda k\u00f6r kur\u015funlara hedef olarak \u015fehitlik mertebesine ula\u015fm\u0131\u015ft\u0131r. \u00d6z davam\u0131z\u0131n her kahraman\u0131na sahip \u00e7\u0131kmak boyun borcumuzdur. Onlar hakl\u0131 davam\u0131z u\u011fruna can feda etmi\u015ftir.<\/p>\n<p>O\u2019key masas\u0131nda bu ac\u0131 olaylar\u0131 hat\u0131rlayanlar var m\u0131 bilmiyorum!<\/p><div id=\"bghab-2854990951\" class=\"bghab-icerik-icine-30-paragraf bghab-entity-placement\"><script async src=\"\/\/pagead2.googlesyndication.com\/pagead\/js\/adsbygoogle.js?client=ca-pub-6203283170189293\" crossorigin=\"anonymous\"><\/script><ins class=\"adsbygoogle\" style=\"display:block; text-align:center;\" data-ad-client=\"ca-pub-6203283170189293\" \ndata-ad-slot=\"7303146466\" \ndata-ad-layout=\"in-article\"\ndata-ad-format=\"fluid\" data-full-width-responsive=\"true\"><\/ins>\n<script> \n(adsbygoogle = window.adsbygoogle || []).push({}); \n<\/script>\n<\/div>\n<p><b>Bu dava bug\u00fcn bile halen\u00a0noktalanmam\u0131\u015ft\u0131r.<\/b><\/p>\n<p>M\u00fccadelemiz her g\u00fcn, her an devam ediyor. Yaln\u0131z oy vermekle de bitmiyor. Gen\u00e7 ku\u015fa\u011fa devretmemiz g\u00fcndem olu\u015fturuyor. B\u00f6n b\u00f6n bakan gen\u00e7lerin ge\u00e7mi\u015fimize ilgi g\u00f6stermemesi \u00e7ok ac\u0131 bir ger\u00e7ektir. Ba\u015fkas\u0131n\u0131n ge\u00e7mi\u015fi bizim tarihimiz olamaz. Bu i\u015fin i\u00e7inde biz ezilen, ma\u011fdur kalan taraf\u0131z. Tarihimizi yazmaya \u00e7al\u0131\u015fanlar kendilerini hakl\u0131 \u00e7\u0131kar\u0131rken su\u00e7lar\u0131n\u0131 gizleme gayreti i\u00e7indedirler.<\/p>\n<p>T\u00fcrkiye\u2019den emekli maa\u015f\u0131 ya da sosyal yard\u0131m al\u0131p pi\u015fti oynamak ya da be lot oynarken yumrukla masa k\u0131rmak sorunlar\u0131n hi\u00e7 birisi i\u015fin \u00e7\u00f6z\u00fcm de\u011fildir. \u00d6nce T\u00fcrkiye Cumhuriyetine devletine sesleniyoruz. Sa\u011fl\u0131\u011f\u0131 yerinde, emeklili\u011fi ayd\u0131nlar\u0131m\u0131z \u00f6\u011fretmenlerimizi, karde\u015flerimizi yaz aylar\u0131nda memlekete T\u00fcrk\u00e7e \u00f6\u011fretmeye g\u00f6nderme zahmetine katlanma zaman\u0131d\u0131r.<br \/>\nYa\u015fl\u0131lar\u0131n olmad\u0131\u011f\u0131 yerde T\u00fcrkl\u00fck bitmez. Gelsinler, kahveyi bizden i\u00e7sinler. Torunlar\u0131na \u201c<strong>ha \u00e7ocu\u011fum git bana bir kutu sigara kap da gel<\/strong>\u201d demeleri yeterlidir. Burada \u00e7ocuklar dedelerinin T\u00fcrk\u00e7e konu\u015ftuklar\u0131n\u0131 i\u015fitmeden yeti\u015fiyorlar. \u0130stanbul T\u00fcrk\u00e7esinin k\u00f6ylerinde de konu\u015fulabildi\u011finde inanmak istiyorlar.<\/p>\n<p><strong>Bulgaristan\u2019da bir bekleyi\u015f var.<\/strong><\/p>\n<p>Bulgaristan&#8217;da akrabalar birle\u015fmek, bulu\u015fmak istiyorlar. \u015eehirlerde k\u00f6ylerde, mezarl\u0131k ziyaretine gidip birlikte dua etmeyi, bir Fatiha okumay\u0131, selamla\u015fmay\u0131, sarma\u015fmay\u0131, el \u00f6pmeyi, \u00f6pt\u00fcrmeyi bayramla\u015fmay\u0131 bekliyorlar. B\u00fcy\u00fck Yeni T\u00fcrkiye \u0130stanbul\u2019da bir iskambil kul\u00fcb\u00fc de\u011fildir.<\/p><div id=\"bghab-1854384425\" class=\"bghab-icerik-icine-35-paragraf bghab-entity-placement\"><script async src=\"\/\/pagead2.googlesyndication.com\/pagead\/js\/adsbygoogle.js?client=ca-pub-6203283170189293\" crossorigin=\"anonymous\"><\/script><ins class=\"adsbygoogle\" style=\"display:block; text-align:center;\" data-ad-client=\"ca-pub-6203283170189293\" \ndata-ad-slot=\"7303146466\" \ndata-ad-layout=\"in-article\"\ndata-ad-format=\"fluid\" data-full-width-responsive=\"true\"><\/ins>\n<script> \n(adsbygoogle = window.adsbygoogle || []).push({}); \n<\/script>\n<\/div>\n<p><strong>Memleketimizin g\u00f6lgeleri sizi bekliyor. Buyurun. As\u0131l muhabbetler buradad\u0131r\u2026<\/strong><\/p>\n<p>Sizi g\u00f6rmeyen d\u00fc\u015fman yok oldu\u011funuzu d\u00fc\u015f\u00fcnmeye ba\u015fl\u0131yor ve yeni \u00e7\u00f6z\u00fcmler aramaya ba\u015flad\u0131lar. Hakl\u0131 olan biziz. Fakat kay\u0131plara kar\u0131\u015fm\u0131\u015fsak, yapacak bir \u015fey yok\u2026<\/p>\n<p>Kozlar sizin elinizde\u2026.<br \/>\n\u00d6leceksek, memleket cennetinde birlikte olal\u0131m\u2026<br \/>\nPayla\u015f\u0131n\u0131z l\u00fctfen<\/p>\n<div id=\"bghab-2866059920\" class=\"bghab-yazi-altinda bghab-entity-placement\"><div class=\"bghab-adlabel\">Reklamlar<\/div><script async src=\"https:\/\/pagead2.googlesyndication.com\/pagead\/js\/adsbygoogle.js\"><\/script>\r\n<!-- bghaber-yaz\u0131-sonu -->\r\n<ins class=\"adsbygoogle\"\r\n     style=\"display:block\"\r\n     data-ad-client=\"ca-pub-6203283170189293\"\r\n     data-ad-slot=\"4222328180\"\r\n     data-ad-format=\"auto\"\r\n     data-full-width-responsive=\"true\"><\/ins>\r\n<script>\r\n     (adsbygoogle = window.adsbygoogle || []).push({});\r\n<\/script><\/div><br style=\"clear: both; display: block; float: none;\"\/>","protected":false},"excerpt":{"rendered":"<p>Tarih: 07 Temmuz 2018 Yazan: \u015eakir Arslanta\u015f Konu: Bu adamlar kald\u0131r\u0131m m\u00fchendisi de\u011fil, Polis! \u00d6\u011fretmen olsun, \u00e7ocuklar\u0131m\u0131za ayd\u0131nl\u0131k ta\u015f\u0131s\u0131n diye yeti\u015ftirdi\u011fimiz kadrolar\u0131 sabahtan ak\u015fama kahvelerde<\/p>\n","protected":false},"author":13,"featured_media":12415,"comment_status":"closed","ping_status":"closed","sticky":false,"template":"","format":"standard","meta":{"advanced_seo_description":"","jetpack_seo_html_title":"","jetpack_seo_noindex":false,"_jetpack_memberships_contains_paid_content":false,"footnotes":""},"categories":[6],"tags":[],"class_list":["post-31676","post","type-post","status-publish","format-standard","has-post-thumbnail","hentry","category-yorum"],"jetpack_featured_media_url":"https:\/\/i0.wp.com\/www.bghaber.org\/bghaber\/wp-content\/uploads\/2014\/12\/sakir-arslantas.jpg?fit=130%2C168&ssl=1","jetpack_sharing_enabled":true,"jetpack_likes_enabled":true,"jetpack-related-posts":[],"jetpack_shortlink":"https:\/\/wp.me\/pc2PfJ-8eU","_links":{"self":[{"href":"https:\/\/www.bghaber.org\/bghaber\/wp-json\/wp\/v2\/posts\/31676","targetHints":{"allow":["GET"]}}],"collection":[{"href":"https:\/\/www.bghaber.org\/bghaber\/wp-json\/wp\/v2\/posts"}],"about":[{"href":"https:\/\/www.bghaber.org\/bghaber\/wp-json\/wp\/v2\/types\/post"}],"author":[{"embeddable":true,"href":"https:\/\/www.bghaber.org\/bghaber\/wp-json\/wp\/v2\/users\/13"}],"replies":[{"embeddable":true,"href":"https:\/\/www.bghaber.org\/bghaber\/wp-json\/wp\/v2\/comments?post=31676"}],"version-history":[{"count":0,"href":"https:\/\/www.bghaber.org\/bghaber\/wp-json\/wp\/v2\/posts\/31676\/revisions"}],"wp:featuredmedia":[{"embeddable":true,"href":"https:\/\/www.bghaber.org\/bghaber\/wp-json\/wp\/v2\/media\/12415"}],"wp:attachment":[{"href":"https:\/\/www.bghaber.org\/bghaber\/wp-json\/wp\/v2\/media?parent=31676"}],"wp:term":[{"taxonomy":"category","embeddable":true,"href":"https:\/\/www.bghaber.org\/bghaber\/wp-json\/wp\/v2\/categories?post=31676"},{"taxonomy":"post_tag","embeddable":true,"href":"https:\/\/www.bghaber.org\/bghaber\/wp-json\/wp\/v2\/tags?post=31676"}],"curies":[{"name":"wp","href":"https:\/\/api.w.org\/{rel}","templated":true}]}}