{"id":31670,"date":"2018-07-07T00:11:40","date_gmt":"2018-07-06T21:11:40","guid":{"rendered":"http:\/\/www.bghaber.org\/bghaber\/?p=31670"},"modified":"2018-07-07T00:11:40","modified_gmt":"2018-07-06T21:11:40","slug":"17-ulkenin-cumhurbaskani-ankaraya-geliyor","status":"publish","type":"post","link":"https:\/\/www.bghaber.org\/bghaber\/17-ulkenin-cumhurbaskani-ankaraya-geliyor\/","title":{"rendered":"17 \u00fclkenin cumhurba\u015fkan\u0131 Ankara\u2019ya geliyor"},"content":{"rendered":"<div class=\"short_content short_content_full\">Pazartesi g\u00fcn\u00fc Cumhurba\u015fkanl\u0131\u011f\u0131 K\u00fclliyesi&#8217;nde yap\u0131lacak olan yeni sisteme ge\u00e7i\u015f t\u00f6renine kat\u0131lmak \u00fczere 17 \u00fclke cumhurba\u015fkan\u0131 Ankara&#8217;ya gelecek.<\/div>\n<div class=\"big_image\">\n<p>Cumhurba\u015fkan\u0131 Recep Tayyip\u00a0Erdo\u011fan\u2019\u0131n g\u00f6reve ba\u015flama t\u00f6renine bir \u00e7ok devlet ba\u015fkan\u0131 da kat\u0131lacak. \u015eu ana kadar davete olumlu cevap veren, 17 devlet ba\u015fkan\u0131, 8 ba\u015fbakan ve meclis ba\u015fkan\u0131 bulunuyor.<\/p>\n<p>Venezuela, Kazakistan, Gine, Somali, Zambiya, Bosna Hersek, Bulgaristan, G\u00fcrcistan, Makedonya, Pakistan, K\u0131rg\u0131zistan, Ukrayna \u00fclkelerinin Cumhurba\u015fkanlar\u0131n\u0131n Ankara\u2019da olaca\u011f\u0131 \u00f6\u011frenildi.<\/p>\n<p>\u00c7ok say\u0131da \u00fclkeden ba\u015fbakan ve meclis ba\u015fkan\u0131 da t\u00f6rende bulunacak. Cumhurba\u015fkan\u0131 Erdo\u011fan, t\u00f6ren sonras\u0131nda konuklar\u0131 onuruna ak\u015fam yeme\u011fi verecek.<\/p>\n<\/div>\n<div><\/div>\n<div id=\"bghab-1144383565\" class=\"bghab-yazi-altinda bghab-entity-placement\"><div class=\"bghab-adlabel\">Reklamlar<\/div><script async src=\"https:\/\/pagead2.googlesyndication.com\/pagead\/js\/adsbygoogle.js\"><\/script>\r\n<!-- bghaber-yaz\u0131-sonu -->\r\n<ins class=\"adsbygoogle\"\r\n     style=\"display:block\"\r\n     data-ad-client=\"ca-pub-6203283170189293\"\r\n     data-ad-slot=\"4222328180\"\r\n     data-ad-format=\"auto\"\r\n     data-full-width-responsive=\"true\"><\/ins>\r\n<script>\r\n     (adsbygoogle = window.adsbygoogle || []).push({});\r\n<\/script><\/div><br style=\"clear: both; display: block; float: none;\"\/>","protected":false},"excerpt":{"rendered":"<p>Pazartesi g\u00fcn\u00fc Cumhurba\u015fkanl\u0131\u011f\u0131 K\u00fclliyesi&#8217;nde yap\u0131lacak olan yeni sisteme ge\u00e7i\u015f t\u00f6renine kat\u0131lmak \u00fczere 17 \u00fclke cumhurba\u015fkan\u0131 Ankara&#8217;ya gelecek. Cumhurba\u015fkan\u0131 Recep Tayyip\u00a0Erdo\u011fan\u2019\u0131n g\u00f6reve ba\u015flama t\u00f6renine bir \u00e7ok<\/p>\n","protected":false},"author":13,"featured_media":31671,"comment_status":"closed","ping_status":"closed","sticky":false,"template":"","format":"standard","meta":{"advanced_seo_description":"","jetpack_seo_html_title":"","jetpack_seo_noindex":false,"_jetpack_memberships_contains_paid_content":false,"footnotes":""},"categories":[1,4],"tags":[],"class_list":["post-31670","post","type-post","status-publish","format-standard","has-post-thumbnail","hentry","category-haberler","category-siyaset"],"jetpack_featured_media_url":"https:\/\/i0.wp.com\/www.bghaber.org\/bghaber\/wp-content\/uploads\/2018\/07\/saray-tr.jpg?fit=625%2C320&ssl=1","jetpack_sharing_enabled":true,"jetpack_likes_enabled":true,"jetpack-related-posts":[],"jetpack_shortlink":"https:\/\/wp.me\/pc2PfJ-8eO","_links":{"self":[{"href":"https:\/\/www.bghaber.org\/bghaber\/wp-json\/wp\/v2\/posts\/31670","targetHints":{"allow":["GET"]}}],"collection":[{"href":"https:\/\/www.bghaber.org\/bghaber\/wp-json\/wp\/v2\/posts"}],"about":[{"href":"https:\/\/www.bghaber.org\/bghaber\/wp-json\/wp\/v2\/types\/post"}],"author":[{"embeddable":true,"href":"https:\/\/www.bghaber.org\/bghaber\/wp-json\/wp\/v2\/users\/13"}],"replies":[{"embeddable":true,"href":"https:\/\/www.bghaber.org\/bghaber\/wp-json\/wp\/v2\/comments?post=31670"}],"version-history":[{"count":0,"href":"https:\/\/www.bghaber.org\/bghaber\/wp-json\/wp\/v2\/posts\/31670\/revisions"}],"wp:featuredmedia":[{"embeddable":true,"href":"https:\/\/www.bghaber.org\/bghaber\/wp-json\/wp\/v2\/media\/31671"}],"wp:attachment":[{"href":"https:\/\/www.bghaber.org\/bghaber\/wp-json\/wp\/v2\/media?parent=31670"}],"wp:term":[{"taxonomy":"category","embeddable":true,"href":"https:\/\/www.bghaber.org\/bghaber\/wp-json\/wp\/v2\/categories?post=31670"},{"taxonomy":"post_tag","embeddable":true,"href":"https:\/\/www.bghaber.org\/bghaber\/wp-json\/wp\/v2\/tags?post=31670"}],"curies":[{"name":"wp","href":"https:\/\/api.w.org\/{rel}","templated":true}]}}