{"id":31107,"date":"2018-06-03T16:00:15","date_gmt":"2018-06-03T13:00:15","guid":{"rendered":"http:\/\/www.bghaber.org\/bghaber\/?p=31107"},"modified":"2018-06-03T22:18:19","modified_gmt":"2018-06-03T19:18:19","slug":"muharrem-ince-kazanirsa-bulgarlar-bayram-eder","status":"publish","type":"post","link":"https:\/\/www.bghaber.org\/bghaber\/muharrem-ince-kazanirsa-bulgarlar-bayram-eder\/","title":{"rendered":"\u0130NCE kazan\u0131rsa Bulgarlar bayram eder"},"content":{"rendered":"<p>Tarih: 01 Haziran 2018<\/p>\n<p>Yazan: BULT\u00dcRK Genel Ba\u015fkan\u0131 Rafet ULUT\u00dcRK<\/p>\n<p><strong>\u00a0\u00a0\u00a0\u00a0\u00a0\u00a0\u00a0\u00a0\u00a0\u00a0\u00a0\u00a0\u00a0\u00a0\u00a0\u00a0\u00a0\u00a0\u00a0\u00a0\u00a0\u00a0\u00a0\u00a0\u00a0\u00a0\u00a0\u00a0\u00a0\u00a0\u00a0\u00a0\u00a0\u00a0 \u00c7ocuklar: <\/strong>Sesiz!<\/p>\n<p><strong>\u00a0\u00a0\u00a0\u00a0\u00a0\u00a0\u00a0\u00a0\u00a0\u00a0\u00a0\u00a0\u00a0\u00a0\u00a0\u00a0\u00a0\u00a0\u00a0\u00a0\u00a0\u00a0\u00a0\u00a0\u00a0\u00a0\u00a0\u00a0\u00a0\u00a0\u00a0\u00a0\u00a0\u00a0 <\/strong><strong>Anne babalar: <\/strong>Bulgar\u2019a verginizi \u00f6deyin.<\/p>\n<p><strong>\u00a0\u00a0\u00a0\u00a0\u00a0\u00a0\u00a0\u00a0\u00a0\u00a0\u00a0\u00a0\u00a0\u00a0\u00a0\u00a0\u00a0\u00a0\u00a0\u00a0\u00a0\u00a0\u00a0\u00a0\u00a0\u00a0\u00a0\u00a0\u00a0\u00a0\u00a0\u00a0\u00a0\u00a0 Nine ve dedeler: <\/strong>Siz g\u00fcn\u00fcn\u00fcz\u00fc bekleyin!<\/p><div id=\"bghab-866661854\" class=\"bghab-icerik-icine bghab-entity-placement\"><script async src=\"\/\/pagead2.googlesyndication.com\/pagead\/js\/adsbygoogle.js?client=ca-pub-6203283170189293\" crossorigin=\"anonymous\"><\/script><ins class=\"adsbygoogle\" style=\"display:block; text-align:center;\" data-ad-client=\"ca-pub-6203283170189293\" \ndata-ad-slot=\"7303146466\" \ndata-ad-layout=\"in-article\"\ndata-ad-format=\"fluid\" data-full-width-responsive=\"true\"><\/ins>\n<script> \n(adsbygoogle = window.adsbygoogle || []).push({}); \n<\/script>\n<\/div>\n<p>B\u00fcy\u00fck Atat\u00fcrk\u2019\u00fcn kurdu\u011fu Cumhuriyet Halk Partisi\u2019nin (CHP) 24 Haziran 2018\u2019de T\u00fcrkiye\u2019de erken genel se\u00e7imlerde Cumhurba\u015fkan\u0131 aday\u0131 olarak fizik \u00f6\u011fretmeni Say\u0131n Muharrem \u0130nce\u2019yi aday g\u00f6sterdi. 31 May\u0131s, Per\u015fembe \u0130nce K\u0131rca Ali\u2019ye geldi, iftar a\u00e7t\u0131. G\u00fcney Do\u011fu Rodoplar\u2019\u0131n incisi olan bu z\u00fcmr\u00fct ye\u015fil \u015fehir, Bulgaristan T\u00fcrkeri\u2019nin kimlik m\u00fccadelesinde bir ate\u015f hatt\u0131, fetih edilemeyen bir T\u00fcrkl\u00fck kalesi oldu. \u015eimdi de Bulgaristan\u2019da T\u00fcrkl\u00fc\u011f\u00fc ya\u015fatmaya \u00e7al\u0131\u015fan en b\u00fcy\u00fck merkezdir.<\/p>\n<p><strong>\u00a0 \u00a0 \u00a0Muharrem \u0130nce\u2019nin K\u0131rca Ali\u2019de ne i\u015fi vard\u0131 demeyiniz.<\/strong> Buraya memleketi G\u00fcm\u00fclcine\u2019den geldi. Dedesi oral\u0131 olmal\u0131. \u0130nsan bir \u015fey olunca ya da olma \u015fans\u0131 belirince \u00f6nce k\u00f6y\u00fcne gider ve hem\u015firelerine bir hava atar. O da \u00f6yle yapt\u0131, Bulgaristan&#8217;a u\u011framas\u0131 da i\u015fin uzant\u0131s\u0131d\u0131r.<\/p>\n<p><img data-recalc-dims=\"1\" decoding=\"async\" src=\"https:\/\/i0.wp.com\/www.misyongazetesi.com\/dosya\/gorselimg_160430915.jpeg?w=640\" alt=\"\u00c4\u00b0NCE'N\u00c4\u00b0N KIRCA AL\u00c4\u00b0'DE NE \u00c4\u00b0\u00c5\u009e\u00c4\u00b0 VARDI DEMEY\u00c4\u00b0N\u00c4\u00b0Z...\" \/><\/p>\n<p>Edirne, Silivri ve K\u0131rca Ali belediyelerinin ortakla\u015fa yapt\u0131klar\u0131 iftarda 2-3 bin civar\u0131nda yerli ve konuk kat\u0131ld\u0131. Dostluk ve i\u015fbirli\u011fi hamlelerine katk\u0131 oldu. \u0130nsan\u0131m\u0131z bir araya geldi, bir birileri ile hasbih\u00e2l ettiler.<\/p>\n<p>\u0130nce\u2019den \u00f6nce buradan Bayrampa\u015fa \u201c<strong>Bereket Konvoyu<\/strong>\u201d her y\u0131l ge\u00e7mekteydi bu y\u0131l \u0130nce onlar\u0131 da sollad\u0131. Bu iftarlar art\u0131k hava de\u011fi\u015ftiren bir etkinlik oldu. \u015eehirde \u0130nce co\u015fkusu yaratmak i\u00e7in H\u00d6H y\u00f6neticileri olduk\u00e7a \u00e7al\u0131\u015ft\u0131\u011f\u0131 da g\u00f6r\u00fclmekteydi. Zurnalar davullar Rodop havalar\u0131na ritim can verdi. Ayr\u0131ca bu g\u00f6r\u00fc\u015fme, H\u00d6H-CHP kayna\u015fmas\u0131 ve belediyeler d\u00fczeyinde ayn\u0131 siyasi havay\u0131 bulu\u015fturan bir giri\u015fim oldu. H\u00d6H Genel Ba\u015fkan\u0131 Mustafa Karaday\u0131 K\u0131rca Ali&#8217;de ilk kez halkla birlikte iftar a\u00e7t\u0131. Bozuk T\u00fcrk\u00e7esiyle \u0130nce\u2019ye anlatmak istediklerini anlatmaya \u00e7al\u0131\u015f\u0131rken iyice zorland\u0131. K\u0131rca Ali Belediye Ba\u015fkan\u0131 Hasan Aziz\u2019in birka\u00e7 defa yard\u0131m etmesi g\u00f6zlerden ka\u00e7mad\u0131.<\/p>\n<p>\u0130ftara toplananlar\u0131 mitinge toplananlarla kar\u0131\u015ft\u0131ran \u0130nce hemen k\u00fcrs\u00fcye atlad\u0131. Bulgar polisiyle \u00f6nceden anla\u015fmaya var\u0131lm\u0131\u015f olacak ki, T\u00fcrk\u00e7e propaganda yapt\u0131\u011f\u0131 i\u00e7in ceza dahi kesilmedi. \u00c7\u00fcnk\u00fc se\u00e7im k\u00fcrs\u00fcs\u00fcnden T\u00fcrk\u00e7e konu\u015fmay\u0131 yasaklayan ve ceza kesilmesini \u00f6ng\u00f6ren yasada, \u201c<strong>iftarda T\u00fcrk\u00e7e konu\u015fmak ve T\u00fcrk dilinde propaganda yapmak yok<\/strong>\u201d f\u0131kras\u0131 yoktu.<\/p><div id=\"bghab-3936592749\" class=\"bghab-icerik-icine-10-paragraf bghab-entity-placement\"><script async src=\"\/\/pagead2.googlesyndication.com\/pagead\/js\/adsbygoogle.js?client=ca-pub-6203283170189293\" crossorigin=\"anonymous\"><\/script><ins class=\"adsbygoogle\" style=\"display:block; text-align:center;\" data-ad-client=\"ca-pub-6203283170189293\" \ndata-ad-slot=\"7303146466\" \ndata-ad-layout=\"in-article\"\ndata-ad-format=\"fluid\" data-full-width-responsive=\"true\"><\/ins>\n<script> \n(adsbygoogle = window.adsbygoogle || []).push({}); \n<\/script>\n<\/div>\n<p>\u0130nce, \u201c<strong>millet<\/strong>\u201d cephesinden aday oldu\u011funu ve T\u00fcrk milletinin Bulgaristan\u2019da ya\u015fayan M\u00fcsl\u00fcmanlar\u0131 da kapsad\u0131\u011f\u0131n\u0131 s\u00f6yle(ye)medi. \u201c<strong>Millet<\/strong>\u201d anlay\u0131\u015f\u0131n\u0131n \u201c<strong>milli \u00a0bilince<\/strong>\u201d ve oradan da \u201c<strong>T\u00fcrk kimli\u011fi milli bilincine<\/strong>\u201d \u00e7ok yak\u0131n oldu\u011fundan dolay\u0131, Bulgar makamlar\u0131yla \u00f6n uzla\u015fma sa\u011flan\u0131rken, <strong>\u201cMillet\u201d<\/strong> kavram\u0131n\u0131 kullanmayaca\u011f\u0131na s\u00f6z vermi\u015f olabilir. Bize, \u201c<strong>etnik<\/strong>\u201d veya \u201c<strong>etnik az\u0131nl\u0131k<\/strong>\u201d, hatta \u201c<strong>M\u00fcsl\u00fcman halk toplulu\u011fu<\/strong>\u201d veya \u00fclkenin \u201c<strong>en b\u00fcy\u00fck dil ve din toplulu\u011fu<\/strong>\u201d da demekten ka\u00e7\u0131nd\u0131. 2050 y\u0131l\u0131nda Bulgarlar\u0131 say\u0131ca a\u015farak, Bulgaristan\u2019da \u00fclke n\u00fcfusunda ana fakt\u00f6r olaca\u011f\u0131m\u0131z\u0131 ise g\u00f6rmezden gelip pas ge\u00e7ti.<\/p>\n<p>\u0130lk alk\u0131\u015f\u0131 alan \u0130nce, hemen \u201c<strong>huzur<\/strong>\u201d ve \u201c<strong>B<\/strong>\u201d \u015f\u0131kk\u0131na ge\u00e7ti. \u201c<strong>B\u00fcy\u00fck T\u00fcrkiye<\/strong>\u201d projesine de\u011finmekten ise korktu veya gerek g\u00f6rmedi. Oturanlardan \u201c<strong>biz bu projenin neresindeyiz<\/strong>?\u201d sorusu gelebilir, diye korkmu\u015f olabilir.<\/p>\n<p>\u201c<strong>Huzura<\/strong>\u201d tak\u0131ld\u0131. Ezan sesi bekleyen dinleyiciler huzurluydu. Fakat konu\u015fmac\u0131, onlar da T\u00fcrk oldu\u011fu i\u00e7in, \u201c<strong>huzur baklava gibidir, huzurla iftarda da a\u00e7\u0131l\u0131r, \u00fcst\u00fcne de gider<\/strong>\u201d mant\u0131yla devam etti. S\u00f6zleri alk\u0131\u015f getirmeyince 140 y\u0131ldan beri ezilip \u00e7eken bu insanlar \u201c<strong>art\u0131k huzur nedir unutmu\u015flar<\/strong>\u201d diye d\u00fc\u015f\u00fcnm\u00fc\u015f olacak ki, birden bire ileri yeni bir ad\u0131m att\u0131, a\u00e7\u0131k hava ortam\u0131na \u00e7\u00f6ken T\u00fcrkl\u00fck ruhunu da\u011f\u0131tmak i\u00e7in, \u201c<strong>Siz Bulgar vatanda\u015f\u0131s\u0131n\u0131z<\/strong>\u201d dedi.<\/p>\n<p>Bu da alk\u0131\u015f getirmedi. \u201c<strong>Siz, Bulgar devleti kuruldu kurulal\u0131 Bulgaristan vatanda\u015f\u0131s\u0131n\u0131z, \u00fcst\u00fcne \u00fcstelik bir de Avrupa Birli\u011fi vatanda\u015f\u0131s\u0131n\u0131z, elinizdeki pasaportla d\u00fcnyay\u0131 vizesiz dola\u015fabilirsiniz. Sizleri k\u0131skan\u0131yorum<\/strong>!\u201d gibi bir tekerleme yapsayd\u0131, belki de biraz tutar ve birka\u00e7 ki\u015fiden alk\u0131\u015f alabilirdi, fakat bu da olmad\u0131.<\/p>\n<p>Ard\u0131ndan birden bire arpas\u0131 az gelen kat\u0131r gibi, k\u0131\u00e7 att\u0131. \u201c<strong>G\u00f6z\u00fcm\u00fcz Orta Asya g\u00f6\u00e7ebe \u00e7ad\u0131rlar\u0131nda de\u011fil, Avrupa Birli\u011fi uygarl\u0131\u011f\u0131ndad\u0131r<\/strong>!\u201d dedi ve bu s\u00f6zleri i\u015fitenler \u015funlar\u0131 d\u00fc\u015f\u00fcnd\u00fcler: <em>\u201cAvrupa Birli\u011fi \u00fcyeli\u011fi bir tiyatro oyunudur. \u00dcye olduk. En fazla i\u015fsiz, en yoksul ve iki ucunu ba\u011flayamayan, \u00a0\u00e7ocuklara okul har\u00e7l\u0131\u011f\u0131 veremeyen, M\u00fcsl\u00fcman \u00e7ocuklar domuz etiyle beslenen, kendi aralar\u0131nda T\u00fcrk\u00e7e konu\u015fturulmayan, camilerde T\u00fcrk\u00e7e konu\u015fmalar\u0131 yasaklanmak istenen,\u201d<\/em> durumu ya\u015fayanlar biziz. Burada ya\u015fayan insanlar\u0131m\u0131z\u0131n Avrupa kap\u0131s\u0131 a\u00e7\u0131k iken bile T\u00fcrkiye\u2019yi se\u00e7ti\u011fini de bilmedi\u011fi ve anlat\u0131lmad\u0131\u011f\u0131 da ortaya \u00e7\u0131kt\u0131.<\/p><div id=\"bghab-3961659112\" class=\"bghab-icerik-icine-15-paragraf bghab-entity-placement\"><script async src=\"\/\/pagead2.googlesyndication.com\/pagead\/js\/adsbygoogle.js?client=ca-pub-6203283170189293\" crossorigin=\"anonymous\"><\/script><ins class=\"adsbygoogle\" style=\"display:block; text-align:center;\" data-ad-client=\"ca-pub-6203283170189293\" \ndata-ad-slot=\"7303146466\" \ndata-ad-layout=\"in-article\"\ndata-ad-format=\"fluid\" data-full-width-responsive=\"true\"><\/ins>\n<script> \n(adsbygoogle = window.adsbygoogle || []).push({}); \n<\/script>\n<\/div>\n<p>\u0130nce konu\u015fmas\u0131nda birden bire y\u00f6n de\u011fi\u015ftirdi\u011fi ve T\u00fcrkiye\u2019nin \u201c<strong>darald\u0131\u011f\u0131n\u0131<\/strong>\u201d, \u201c<strong>gerildi\u011fini<\/strong>\u201d ve \u201c<strong>\u00f6zg\u00fcrl\u00fcklerini<\/strong>\u201d geri istedi\u011fini s\u00f6yledi. <strong>Bu daralma ve disiplinli duru\u015fun vatan ve millet d\u00fc\u015fman\u0131 PKK, FET\u00d6, PYD, YPG, DEA\u015e gibi \u00f6rg\u00fctlerle i\u00e7te ve d\u0131\u015fta silahl\u0131 m\u00fccadeleden kaynakland\u0131\u011f\u0131na hat\u0131rlatmada dahi bulun(a)mad\u0131. <\/strong>Y\u0131lan\u0131n ba\u015f\u0131 Yak\u0131n Do\u011fu\u2019da ezilmezse yer alt\u0131nda s\u00fcr\u00fcne s\u00fcr\u00fcne gelir ve Bulgaristan\u2019a, Balkanlara geleceklerini, demedi diyemedi. Ter\u00f6rle, emperyalizmle, T\u00fcrk kimli\u011fimize el uzatan, s\u00f6z atan hain ve d\u00f6neklerle m\u00fccadelemiz ortakt\u0131r vurgusu da yapmad\u0131 yapamad\u0131. Siyasi ortam\u0131n son dalgalanmalar\u0131nda akt\u00fcel anlam\u0131 tamamen bo\u015f olan \u201c<strong>halklar\u0131n karde\u015fli\u011fi<\/strong> \u201dne at\u0131f yapt\u0131.<\/p>\n<p>Muharrem \u0130nce, <strong>\u201cAfrin Zaferi\u201d\u2019<\/strong>nden s\u00f6z dahi etmedi edemedi. PKK ve DEA\u015e\u2019\u0131n omurgas\u0131n\u0131 Suriye topraklar\u0131nda k\u0131ran TSK\u2019n\u0131n yenilmez g\u00fcc\u00fcne de i\u015faret etmedi edemedi. Bu silahl\u0131 \u00e7at\u0131\u015fmalarda Bulgaristanl\u0131 soyda\u015flar\u0131n\u0131n da T\u00fcrkiye i\u00e7in \u015fehitler verdi\u011fini ve kahramanl\u0131klar g\u00f6sterdi\u011fini s\u00f6ylemedi s\u00f6yleyemedi. ABD\u2019nin B\u00fcy\u00fck T\u00fcrkiye\u2019ye 15 Temmuz 2016\u2019da darbeye kalkmas\u0131n\u0131 p\u00fcsk\u00fcrten, T\u00fcrk halk\u0131n\u0131n sert bir silahl\u0131 askeri darbeyi g\u00f6\u011f\u00fcsledi\u011fini, a\u011f\u0131r yaralar ald\u0131\u011f\u0131n\u0131, b\u00fcy\u00fck kay\u0131plar verdi\u011fini, ama ard\u0131ndan toparlanarak \u201c<strong>Yenikap\u0131 Zafer Ruhu<\/strong>\u201d olu\u015fturdu\u011funu da konu etmedi edemedi.<\/p>\n<p>81 milyonluk T\u00fcrkiye vatanda\u015f\u0131n\u0131n Cumhurba\u015fkan\u0131 olmu\u015f gibi konu\u015fan \u0130nce, her s\u00f6z\u00fcnde Bulgaristan\u2019\u0131, Bulgaristan T\u00fcrklerinin tarihini ve \u015fimdiki ruh halini bilmedi\u011fini, par\u00e7alanm\u0131\u015f T\u00fcrk kimlikli bir halk toplulu\u011fu olan soyda\u015flar\u0131m\u0131z\u0131n a\u011f\u0131r ge\u00e7im s\u0131k\u0131nt\u0131s\u0131 ya\u015fad\u0131\u011f\u0131n\u0131, dil, din, e\u011fitim ve k\u00fclt\u00fcr sorunlar\u0131ndan tamamen habersiz oldu\u011funu da gizleyemedi.<\/p>\n<p>\u0130nce\u2019nin k\u00fcrs\u00fcye \u00e7\u0131kt\u0131\u011f\u0131 an, Eski Za\u011fra-Stara Zagora\u2019da milliyet\u00e7iler rak\u0131 \u015farap \u015fi\u015felerini a\u00e7m\u0131\u015f, b\u00fcy\u00fck kutlamaya haz\u0131rlan\u0131yorlard\u0131. Ayn\u0131 g\u00fcn Eski Za\u011fra-Stara Zagora Belediye Meclisinde 39 evet, 4 hay\u0131r ve 2 \u00e7ekimser oyla <strong>850 co\u011frafik mek\u00e2n\u0131n T\u00fcrk isimleri Bulgarca uydurma<\/strong> isimlerle de\u011fi\u015ftirilmi\u015fti. Bu zafer kutlan\u0131yordu ve bu 1989 y\u0131l\u0131nda rafa kald\u0131r\u0131lan s\u00f6zde <strong>\u201csoya d\u00f6n\u00fc\u015f\u201d<\/strong> s\u00fcrecinin bir devam\u0131 olarak kabul ediliyordu.<\/p>\n<p><strong>Bulgar milliyet\u00e7ili\u011fi sald\u0131r\u0131lar\u0131n\u0131 s\u00fcrd\u00fcr\u00fcyordu. <\/strong><\/p><div id=\"bghab-1029244464\" class=\"bghab-icerik-icine-20-paragraf bghab-entity-placement\"><script async src=\"\/\/pagead2.googlesyndication.com\/pagead\/js\/adsbygoogle.js?client=ca-pub-6203283170189293\" crossorigin=\"anonymous\"><\/script><ins class=\"adsbygoogle\" style=\"display:block; text-align:center;\" data-ad-client=\"ca-pub-6203283170189293\" \ndata-ad-slot=\"7303146466\" \ndata-ad-layout=\"in-article\"\ndata-ad-format=\"fluid\" data-full-width-responsive=\"true\"><\/ins>\n<script> \n(adsbygoogle = window.adsbygoogle || []).push({}); \n<\/script>\n<\/div>\n<p>Fakat T\u00fcrkiye\u2019nin Cumhurba\u015fkan\u0131 aday\u0131 \u0130nce, Bulgaristan\u2019\u0131n i\u00e7 i\u015flerine kar\u0131\u015fmamakta sanki yeminli\u011fiydi, h\u00fck\u00fcmete t\u0131rmanan 3 fa\u015fist partinin ad\u0131n\u0131 anmadan konu\u015fmas\u0131na devam etti. Parti \u00fcst\u00fc, vizyon sahibi bir cumhurba\u015fkan\u0131 olaca\u011f\u0131n\u0131 anlatan \u0130nce, d\u0131\u015f \u00fclkelerde ya\u015fayan T\u00fcrklerin kanayan yaralar\u0131na da derman arama niyetinde olmad\u0131\u011f\u0131n\u0131 belli ederek, konu\u015fmas\u0131na \u015f\u00f6yle devam etti:<\/p>\n<p><strong>&#8220;Sizler ba\u015fka bir \u00fclkenin, Bulgaristan&#8217;\u0131n vatanda\u015f\u0131s\u0131n\u0131z. Sizin g\u00f6reviniz Bulgaristan&#8217;\u0131 kalk\u0131nd\u0131rmak, vergi \u00f6demek, \u00fclkenin kurallar\u0131na uymakt\u0131r.\u201d<\/strong> dedi. Bu s\u00f6zler haz\u0131r bulunanlar\u0131 adeta \u015fok etti, \u015fa\u015f\u0131rtt\u0131.<\/p>\n<p>Bu iftara gelenler Bulgaristan T\u00fcrkleri oldu\u011funu da unutmu\u015ftu. Buraya gelen elleri nas\u0131rdan \u00e7atlam\u0131\u015f, y\u00fczleri dertten buru\u015fmu\u015f, bu \u00fclkenin b\u00fct\u00fcn fabrika ve barajlar\u0131n\u0131, k\u00f6ylerinin yollar\u0131n\u0131, kara ve demiryollar\u0131n\u0131, \u00fcniversite ve k\u00fclt\u00fcr enstit\u00fclerini vs. hepsini in\u015fa etmi\u015f, fakat \u015fu an avucunda bir \u015fey olmayan kalabal\u0131k, \u201c<strong>bu adam nereden gelmi\u015f<\/strong>\u201d der gibi \u015fa\u015fk\u0131n \u015fa\u015fk\u0131n bak\u0131nd\u0131. Bu insanlar y\u0131lda 280 bin ton t\u00fct\u00fcn \u00fcreten, her g\u00fcn Sovyetler Birli\u011fine kalkan 380 vagonu g\u0131da maddesi dolduran, 1,5 milyon iri ba\u015f hayvan ve 15 milyon koyun kuzu bakan, bug\u00fcn soyulmu\u015f ve ola\u011fan\u00fcst\u00fc sefil ya\u015famaya zorlanm\u0131\u015f insanlar bir anda k\u00fcrs\u00fcden gelen sesi i\u015fitmez oldular. \u201c<strong>Bulgaristan\u2019\u0131 kalk\u0131nd\u0131r\u0131n. Vergi \u00f6deyin<\/strong>!\u201d \u00e7a\u011fr\u0131s\u0131, \u201c<strong>k\u00f6le olmaya raz\u0131 olun<\/strong>! <strong>Ben T\u00fcrkiye\u2019ye Ba\u015fkan olursam benden bir \u015fey beklemeyin<\/strong>!\u201d anlam\u0131na geliyordu. T\u00fcrkiye\u2019ye olan umutlar\u0131n\u0131 da s\u00f6nd\u00fcrd\u00fc.<\/p>\n<p>Ald\u0131\u011f\u0131m\u0131z haberlere g\u00f6re, ertesi g\u00fcn K\u0131rca Ali T\u00fcrk ayd\u0131nlar\u0131 Sofya Meclisi Sosyal \u0130\u015fler Komisyonu Ba\u015fkan\u0131 H\u00d6H milletvekiline mektup g\u00f6ndermi\u015fler ve Muharrem \u0130nce\u2019ye \u201c<strong>Vergi Toplama Dairesinden<\/strong>\u201d bir maa\u015fa ba\u011flanmas\u0131n\u0131 teklif etmi\u015fler. <strong>\u00c7\u00fcnk\u00fc GERB lideri Boyko Borisov\u2019un iktidara geldi\u011fi 2009 y\u0131l\u0131ndan beri 16 Milyar leva vergi toplanmayan bu \u00fclkede, ilk kez bir siyaset\u00e7i, k\u00fcrs\u00fcye \u00e7\u0131k\u0131p T\u00fcrkleri vergi \u00f6demeye davet etmi\u015ftir<em>.<\/em><\/strong> Bu eme\u011fin primi \u00f6denmelidir. Dikkati \u00e7eken \u015fu da oldu. \u0130nce\u2019nin T\u00fcrk\u00e7e konu\u015fmas\u0131na sa\u011f\u0131r kalan Bulgar polisi onun Bulgaristan T\u00fcrklerine hitaben vergilerinizi \u00f6deyin, demesi \u201c<strong>i\u00e7 i\u015flerimize kar\u0131\u015fma<\/strong>\u201d s\u00f6z\u00fc olarak nitelenmedi.<\/p>\n<p>Fakat T\u00fcrkiye Cumhuriyeti Cumhurba\u015fkan\u0131 Say\u0131n Recep Tayyip ERDO\u011eAN <strong>\u201cBirka\u00e7 ay \u00f6nce K\u0131rca Ali\u2019de g\u00f6n\u00fcl karde\u015flerim ya\u015f\u0131yor!\u201d <\/strong>dedi\u011finde d\u00fcnya aya\u011fa kalkm\u0131\u015ft\u0131. Bulgaristan\u2019da Irk\u00e7\u0131lar kudurmu\u015ftu, bu nas\u0131l s\u00f6yler bu s\u00f6zleri\u2026 \u015eimdi ise hava huzurlu, her yer s\u00fct liman, en az\u0131l\u0131 T\u00fcrk d\u00fc\u015fmanlar\u0131 bile sustu, Radyo, TV ve bas\u0131n dilini yuttu. Bu i\u015fin i\u00e7inde bir \u015fey var\u2026<\/p><div id=\"bghab-587284919\" class=\"bghab-icerik-icine-25-paragraf bghab-entity-placement\"><script async src=\"\/\/pagead2.googlesyndication.com\/pagead\/js\/adsbygoogle.js?client=ca-pub-6203283170189293\" crossorigin=\"anonymous\"><\/script><ins class=\"adsbygoogle\" style=\"display:block; text-align:center;\" data-ad-client=\"ca-pub-6203283170189293\" \ndata-ad-slot=\"7303146466\" \ndata-ad-layout=\"in-article\"\ndata-ad-format=\"fluid\" data-full-width-responsive=\"true\"><\/ins>\n<script> \n(adsbygoogle = window.adsbygoogle || []).push({}); \n<\/script>\n<\/div>\n<p>Bulgar a\u015f\u0131r\u0131 sa\u011f milliyet\u00e7iler, fa\u015fistler Muharrem \u0130nce\u2019nin kazanmas\u0131n\u0131 arzu ediyor gibiydiler, Bulgarlar, \u00a0\u0130nce\u2019nin kazanmas\u0131n\u0131 T\u00fcrklerden \u00e7ok istiyor havas\u0131 esti.<\/p>\n<p>Cumhurba\u015fkan\u0131 aday\u0131 \u0130nce\u2019nin y\u00fcksek sesle s\u00f6yledi\u011fi s\u00f6zlerin bir benzerini, ezan sesi bekleyen ya\u015fl\u0131lar daha \u00f6nce Cumhurba\u015fkan\u0131 olarak buraya gelen General Kenan Evren\u2019den de duymu\u015flard\u0131. Diktat\u00f6r Todor Jivkov\u2019la g\u00f6r\u00fc\u015fmesinde, o Bulgaristan T\u00fcrkleri i\u00e7in \u201c<strong>Eti senin, kemi\u011fi benim<\/strong>!\u201d demi\u015fti. 37 y\u0131l tuz yalam\u0131\u015f koyunlara saya kap\u0131s\u0131 a\u00e7ar gibi, devletin s\u0131n\u0131r kap\u0131s\u0131n\u0131 a\u00e7an Cumhurba\u015fkan\u0131 Turgut \u00d6zal ise, tamamen par\u00e7alanmalar\u0131na sebep olmu\u015ftu. <strong>\u201cBulgar\u2019dan hay\u0131r gelmeyece\u011fini\u201d<\/strong> bildikleri gibi, T\u00fcrkiye\u2019den Recep Tayyip ERDO\u011eAN \u00f6ncesi T\u00fcrk siyaset adamlar\u0131n\u0131n kendileri \u00fczerinden zor bulduklar\u0131 sorunlar\u0131 \u00e7\u00f6zmeye b\u00fcy\u00fck siyasete alet etmeye \u00e7al\u0131\u015fmam\u0131\u015flard\u0131. 1968-1978 g\u00f6\u00e7leriyle Bulgaristanl\u0131 kalifiye T\u00fcrk i\u015f\u00e7ilerini toplam\u0131\u015flar ve T\u00fcrkiye sanayile\u015fmesinin sorunlar\u0131ndan birini \u00e7\u00f6zm\u00fc\u015flerdi. T\u00fcrkiye y\u00f6neticileri 1989 y\u0131l\u0131nda T\u00fcrkiye\u2019de kalk\u0131nmalar\u0131 i\u00e7in \u00f6zellikle kad\u0131nlar\u0131n \u00e7al\u0131\u015fmalar\u0131na b\u00fcy\u00fck katk\u0131s\u0131 olurken, Bulgaristan\u2019\u0131 50 y\u0131l daha rahat nefes almalar\u0131n\u0131 da sa\u011flam\u0131\u015f oldular.<\/p>\n<p>K\u00fcrs\u00fcde bir sa\u011f bir sol yapan \u0130nce\u2019nin iki kolunu a\u00e7arak <strong>\u201csiz benim canlar\u0131ms\u0131n\u0131z\u201d<\/strong> demesini beklediler, fakat meslekten \u00f6\u011fretmen olan Muharrem \u0130nce i\u00e7in ge\u00e7erli olan bir \u015fey varsa o da <strong>\u201choca bildi\u011fini okur\u201d<\/strong> ger\u00e7e\u011fiydi.<\/p>\n<p>Dili d\u00f6nse o, <strong><em>\u201c28 Avrupa \u00fclkesi aras\u0131nda en d\u00fc\u015f\u00fck \u00fccretle \u00e7al\u0131\u015f\u0131p, en d\u00fc\u015f\u00fck emekli maa\u015f\u0131yla ge\u00e7inen, 13\u00a0500 \u00e7ocu\u011fu okula gidemeyen, \u00e7ocuklar\u0131 anadillerini \u00f6\u011frenmeye ilgi g\u00f6stermeyen, anaokullar\u0131nda M\u00fcsl\u00fcman \u00e7ocuklara domuz eti veren, okula gidenlerden % 40\u2019\u0131 okuma yazmay\u0131 \u00f6\u011frenemeyen, % 60\u2019\u0131 da okudu\u011funu anlamayan bir topluluk durumuna getirilmi\u015fsiniz, ben bu sorunlar\u0131 \u00e7\u00f6zece\u011fim, arkan\u0131zday\u0131m, yaln\u0131z de\u011filsiniz.\u201d <\/em><\/strong>demesi beklenirdi. Bunlar gibi cesaretlendirici s\u00f6zler s\u00f6ylemesi iyi olur ve b\u00fcy\u00fck de alk\u0131\u015f toplard\u0131. Bu beklenti de tamamen bo\u015fa \u00e7\u0131kt\u0131, halk B\u00fcy\u00fck T\u00fcrkiye\u2019nin k\u00fc\u00e7\u00fck aday\u0131n\u0131 g\u00f6zleri ile g\u00f6rd\u00fc ve g\u00f6rd\u00fcklerine de \u00fcz\u00fclerek in\u015fallah se\u00e7ilmez dercesine karars\u0131z masum g\u00f6zleriyle bakmaya devam ettiler. B\u00fcy\u00fck T\u00fcrkiye\u2019nin b\u00fcy\u00fck insanlara ihtiyac\u0131 oldu\u011fu ortaya \u00e7\u0131kt\u0131.<\/p>\n<p>\u0130nce bir fizik \u00f6\u011fretmeniydi, elektri\u011fin, atomun, kuantum vb ismi t\u00fcm dillerde ayn\u0131yd\u0131 ve T\u00fcrk\u00e7e \u00f6\u011frenmelerinin onun i\u00e7in bir anlam\u0131 da yoktu. Bekleyenlerin beklentileri ile anlatan\u0131n anlatt\u0131klar\u0131 aras\u0131nda \u00e7ak\u0131\u015fma ve \u00f6rt\u00fc\u015fme yoktu.<\/p><div id=\"bghab-605635340\" class=\"bghab-icerik-icine-30-paragraf bghab-entity-placement\"><script async src=\"\/\/pagead2.googlesyndication.com\/pagead\/js\/adsbygoogle.js?client=ca-pub-6203283170189293\" crossorigin=\"anonymous\"><\/script><ins class=\"adsbygoogle\" style=\"display:block; text-align:center;\" data-ad-client=\"ca-pub-6203283170189293\" \ndata-ad-slot=\"7303146466\" \ndata-ad-layout=\"in-article\"\ndata-ad-format=\"fluid\" data-full-width-responsive=\"true\"><\/ins>\n<script> \n(adsbygoogle = window.adsbygoogle || []).push({}); \n<\/script>\n<\/div>\n<p>Elinde mikrofon \u0130nce bir arada ans\u0131z\u0131n vites de\u011fi\u015ftirdi, sanki kendine durumu fark etti ve \u015f\u00f6yle dedi: \u201c<strong>Bulgaristan&#8217;\u0131 geli\u015fmi\u015f \u00fclkelerin d\u00fczeyine \u00e7\u0131karmak i\u00e7in \u00e7al\u0131\u015fmal\u0131s\u0131n\u0131z ama bunu yaparken y\u00f6netiminde ortak olmal\u0131s\u0131n\u0131z. Bulgaristan vatanda\u015f\u0131s\u0131n\u0131z ama T\u00fcrk ve M\u00fcsl\u00fcmans\u0131n\u0131z. Benim amac\u0131m sizi T\u00fcrkiye&#8217;nin s\u0131cak siyasetinin i\u00e7ine \u00e7ekmek de\u011fil, sizinle hasret gidermek, dertle\u015fmektir. T\u00fcrkiye&#8217;nin s\u0131cak siyasetin i\u00e7inde olmay\u0131n zaten. T\u00fcrkiye&#8217;de her \u015feyi b\u00f6ld\u00fcler, sizi de b\u00f6lmeye \u00e7al\u0131\u015f\u0131yorlar ama siz b\u00f6l\u00fcnmeyin<\/strong>.&#8221; Bu arada K\u0131rca Ali Belediye Ba\u015fkan\u0131 Hasan AZ\u0130Z\u2019in Tekirda\u011f \u00c7orlu\u2019ya gitmi\u015f. Daha CHP&#8217;den aday belli bile de\u011filken orada CHP\u2019ye oy istemi\u015fti. Bu konuda propaganda yapt\u0131\u011f\u0131n\u0131 bilmiyordu herhalde. Tabi \u00e7evresinden de bunu s\u00f6yleyen olmam\u0131\u015f belli ki,<\/p>\n<p><strong>Konu\u015fmac\u0131, Bulgaristan az\u0131nl\u0131klar\u0131n\u0131n tek dilli, tek k\u00fclt\u00fcrl\u00fc ve ter uluslu devlet rejiminin d\u0131\u015f\u0131nda tutuldu\u011fundan haberi dahi yok gibiydi. <\/strong><\/p>\n<p>Bulgaristan\u2019da ya\u015fayan az\u0131nl\u0131klardan hi\u00e7 birinin okulu yoktu. Bulgar devlet vergisini topluyor ama vatanda\u015fa anadilde e\u011fitim ve k\u00fclt\u00fcrel hizmet olarak geri vermiyordu. T\u00fcrkiye\u2019de de bir milyondan fazla soyda\u015f\u0131m\u0131z var, onlar\u0131n vergilerini de T\u00fcrkiye Cumhuriyeti devleti topluyor, ama yar\u0131s\u0131n\u0131n Bulgaristan\u2019da T\u00fcrk Kimli\u011fini ya\u015fatmaya harcam\u0131yordu. \u0130nce\u2019nin de b\u00f6yle bir niyeti yoktu. Hepsi gibi o da vatanda\u015ftan oy istiyor, fakat \u201c<strong>sizin i\u00e7in \u015funu \u015funu yapaca\u011f\u0131m<\/strong>\u201d demiyordu diyemiyordu\u2026 Onlara gelince para hep yeti\u015fmiyordu. Bu vatanda\u015f kar\u015f\u0131lar\u0131nda kendi liderini g\u00f6rmeyi iyice \u00f6zlemi\u015fti\u2026<\/p>\n<p>K\u0131rca Ali\u2019ye onu kar\u015f\u0131lamaya sadece Hak ve \u00d6zg\u00fcrl\u00fck Hareketi (H\u00d6H-DPS) Ba\u015fkan\u0131 Mustafa Karaday\u0131 ve K\u0131rca Ali Belediye Ba\u015fkan\u0131 Hasan Aziz geldiler. Demokrasi \u0130\u00e7in Sorumluluk, Ho\u015fg\u00f6r\u00fc ve \u00d6zg\u00fcrl\u00fck Partisi (DOST) ve Halk\u0131n H\u00fcrriyet ve \u015eeref Partisi (HH\u015eP) y\u00f6netiminden, s\u00fcrg\u00fcnde ve hapishanede kalanlardan ve T\u00fcrk Pedagoji Okulu mezunlar\u0131ndan, \u015fair, gazeteci ve yazar ayd\u0131n, kanaat \u00f6nderi z\u00fcmresinden s\u0131rada duran bir heyet \u201c<strong>Ho\u015f geldiniz<\/strong>!\u201d demedi.<\/p>\n<p>Bulgaristan T\u00fcrklerinde CHP\u2019ye yani SOLA kar\u015f\u0131 g\u00fcven B\u00fclent Ecevit\u2019ten sonra b\u00fcy\u00fck \u00f6l\u00e7\u00fcde azald\u0131. D\u0131\u015f T\u00fcrkler konusunda bu partinin tutumunda sosyal demokrat karars\u0131zl\u0131k, ikiy\u00fczl\u00fcl\u00fck ve kincilik al\u0131p y\u00fcr\u00fcd\u00fc.\u00a0 \u201c<strong>Vatan<\/strong>\u201d konusunda bile s\u00f6yleyecek s\u00f6zleri yoktu. Zaten T\u00fcrkiye&#8217;de \u0130n\u00f6n\u00fc d\u00f6neminden D\u0131\u015f T\u00fcrkler konusu \u015f\u00f6yle anla\u015f\u0131l\u0131rd\u0131; VAN\u2019DAN-ED\u0130RNE\u2019YE kadard\u0131; \u00d6zal d\u00f6neminde ADR\u0130YAT\u0130KTEN-\u00c7\u0130N SEDD\u0130\u2019ne kadard\u0131; Recep Tayyip ERDO\u011eAN d\u00f6neminde bu T\u00dcM D\u00dcNYADA YA\u015eAYAN T\u00dcRKLER haline d\u00f6n\u00fc\u015ft\u00fc. \u0130\u015fte ger\u00e7ekler bunlar.<\/p><div id=\"bghab-420879055\" class=\"bghab-icerik-icine-35-paragraf bghab-entity-placement\"><script async src=\"\/\/pagead2.googlesyndication.com\/pagead\/js\/adsbygoogle.js?client=ca-pub-6203283170189293\" crossorigin=\"anonymous\"><\/script><ins class=\"adsbygoogle\" style=\"display:block; text-align:center;\" data-ad-client=\"ca-pub-6203283170189293\" \ndata-ad-slot=\"7303146466\" \ndata-ad-layout=\"in-article\"\ndata-ad-format=\"fluid\" data-full-width-responsive=\"true\"><\/ins>\n<script> \n(adsbygoogle = window.adsbygoogle || []).push({}); \n<\/script>\n<\/div>\n<p>10 A\u011fustos 2014 Pazar g\u00fcn\u00fc K\u0131rca Ali de T\u00fcrkiye\u2019nin halk taraf\u0131ndan se\u00e7ilen ilk Cumhurba\u015fkan\u0131 ERDO\u011eAN\u2019\u0131 kutlamak i\u00e7in \u00e7\u0131kan halk\u0131n kar\u015f\u0131s\u0131nda toplanan polisler bu g\u00fcn hi\u00e7 biri yoktu. K\u0131rca Ali&#8217;de \u0130l Valisi, bu \u015fehirden birer milletvekili \u00e7\u0131karan BSP ve GERB, her kamu eylemine \u00fc\u015f\u00fc\u015fen polisler ve Bulgar kenesi \u0131rk\u00e7\u0131 partiler de ortal\u0131kta g\u00f6r\u00fcnmedi.<\/p>\n<p>Muharrem \u0130nce ile s\u00f6z\u00fc uyan ayn\u0131 g\u00f6r\u00fc\u015f\u00fc payla\u015fan Belediye Ba\u015fkan\u0131 Hasan Aziz\u2019den misafirini K\u0131rca Ali \u015fehri \u201c<strong>fahri<\/strong>\u201d ba\u015fkan\u0131 yapmas\u0131n\u0131 bekleyenler de bo\u015fa heveslendiler. Anla\u015f\u0131lan Sofya\u2019dan onay gelmemi\u015f \u201c<strong>dur bakal\u0131m<\/strong>\u201d se\u00e7ilsin bakar\u0131z demi\u015flerdi. Yoksa Bayrampa\u015fa Belediyesi 13 Haziranda burada K\u0131rca Ali&#8217;de olacak fazla ileri gitmeyelim bunlar\u0131 da kar\u015f\u0131layal\u0131m sonra bakar\u0131z m\u0131 dediler bilemem\u2026<\/p>\n<p>May\u0131s ay\u0131nda Cumhurba\u015fkan\u0131 Rumen Radev ile Ba\u015fbakan Boyko Borisov\u2019un Moskova ziyaretlerinde Ba\u015fkan Vladimir Putin\u2019in konuklar\u0131ndan \u00f6nce \u201c<strong>1878\u2019den sonra Bulgaristan topraklar\u0131nda kurulan ve bulunan Rus ve Sovyet an\u0131tlar\u0131n\u0131n hepsinin korunmas\u0131 ve bak\u0131m\u0131 i\u00e7in devlet garantisi istendi\u011fini\u201d \u00a0<\/strong>burada haz\u0131r bulunanlar biliyordu.<\/p>\n<p>K\u0131rca Ali k\u00fclt\u00fcr \u00e7evreleri Cumhurba\u015fkan\u0131 aday\u0131 \u0130nce\u2019den, Evlad-\u0131 Fatihanlar\u0131n Osmanl\u0131 yadig\u00e2r\u0131 binlerce cami, k\u00f6pr\u00fc, okul, mescit, medrese, ta\u015f\u0131nmaz, abide, kabir ve kabristanl\u0131k, vak\u0131f mallar\u0131, tarlalar ve m\u00fclkleri, T\u00fcrk evleri, T\u00fcrk k\u00f6yleri ve di\u011fer ta\u015f\u0131nmazlar i\u00e7in Ba\u015f m\u00fcft\u00fcl\u00fck, Bulgaristan M\u00fcsl\u00fcmanlar\u0131n\u0131n Diyaneti, t\u00fcm Bulgaristan M\u00fcsl\u00fcmanlar\u0131 ve vak\u0131flar\u0131m\u0131z lehinde garanti talep etmesini beklediler. Ne var ki \u0130nce oral\u0131 bile olmad\u0131. Bu iftara kat\u0131lanlar\u0131n umutlar\u0131n\u0131 yitirerek hepsi evine d\u00f6nd\u00fc. K\u00f6ylerde onlar\u0131 bekleyenlere nas\u0131l ge\u00e7ti diye soranlara, K\u00f6seler&#8217;den Ali aga bu adam \u201c<strong>B\u00fcy\u00fck T\u00fcrkiye\u2019yi kald\u0131ramaz-Buna bu g\u00f6mlek b\u00fcy\u00fck gelir\u201d<\/strong> diyerek, yan\u0131ndakiler de hep bir azdan\u2026 \u0130n\u015fallah se\u00e7ilmez diye de eklediler\u2026<\/p>\n<p>K\u0131rcaalililer bor\u00e7lu kalmamak i\u00e7in, T\u00fcrkiye&#8217;de okuyan \u00e7ocuklar\u0131n\u0131z oldu\u011funu biliyorum, se\u00e7ilirsem <strong>&#8220;bir fizik \u00f6\u011fretmeni ve cumhurba\u015fkan\u0131 aday\u0131 olarak size bir s\u00f6z veriyorum; hi\u00e7bir gencimizi hi\u00e7bir tarikat yurduna muhta\u00e7 etmeyece\u011fim.&#8221;<\/strong> diye konu\u015ftu.<\/p><div id=\"bghab-462068589\" class=\"bghab-icerik-icine-40-paragraf bghab-entity-placement\"><script async src=\"\/\/pagead2.googlesyndication.com\/pagead\/js\/adsbygoogle.js?client=ca-pub-6203283170189293\" crossorigin=\"anonymous\"><\/script><ins class=\"adsbygoogle\" style=\"display:block; text-align:center;\" data-ad-client=\"ca-pub-6203283170189293\" \ndata-ad-slot=\"7303146466\" \ndata-ad-layout=\"in-article\"\ndata-ad-format=\"fluid\" data-full-width-responsive=\"true\"><\/ins>\n<script> \n(adsbygoogle = window.adsbygoogle || []).push({}); \n<\/script>\n<\/div>\n<p>\u00d6\u011fretmenlerimiz Muharrem \u0130nce\u2019den 2018-2019 ders y\u0131l\u0131nda Bulgaristan M\u00fcsl\u00fcman \u00e7ocuklar\u0131n\u0131n hepsinin T\u00fcrk okullar\u0131nda anadilinde okuyacaklar\u0131na s\u00f6z veriyorum s\u00f6zlerini i\u015fitmek isterken, <strong>&#8220;Hepinizi 24 Haziran&#8217;dan sonra geldi\u011finizde \u00c7ankaya k\u00f6\u015fk\u00fcnde bekliyorum&#8221; <\/strong>s\u00f6zleriyle konu\u015fmas\u0131n\u0131 tamamlad\u0131lar. Dinleyenler koskoca SARAY varken neden \u00c7ankaya dedi\u011fini de pek anlamad\u0131lar amma soru sorulmad\u0131\u011f\u0131 i\u00e7in arada bu da kaynad\u0131.<\/p>\n<p>Muharrem \u0130nce\u2019nin K\u0131rca Ali konu\u015fmas\u0131n\u0131 yerliler \u015f\u00f6yle anlad\u0131:<\/p>\n<p><strong>\u00c7ocuklar: <em>Sessiz!<\/em><\/strong><\/p>\n<p><strong>Anne babalar: <em>Bulgar\u2019a verginizi \u00f6deyin.<\/em><\/strong><\/p>\n<p><strong>Nine ve dedeler: <\/strong><strong><em>Siz g\u00fcn\u00fcn\u00fcz\u00fc bekleyin! B\u00fcy\u00fck \u015fehirlerde M\u00fcsl\u00fcman Mezarl\u0131\u011f\u0131 yoksa Bulgarlar\u0131n g\u00f6sterdi\u011fi mezarl\u0131\u011fa g\u00f6m\u00fcn veya k\u00f6ylerinize g\u00f6t\u00fcr\u00fcn\u00fcz.<\/em><\/strong><\/p><div id=\"bghab-1028712664\" class=\"bghab-icerik-icine-45-paragraf bghab-entity-placement\"><script async src=\"\/\/pagead2.googlesyndication.com\/pagead\/js\/adsbygoogle.js?client=ca-pub-6203283170189293\" crossorigin=\"anonymous\"><\/script><ins class=\"adsbygoogle\" style=\"display:block; text-align:center;\" data-ad-client=\"ca-pub-6203283170189293\" \ndata-ad-slot=\"7303146466\" \ndata-ad-layout=\"in-article\"\ndata-ad-format=\"fluid\" data-full-width-responsive=\"true\"><\/ins>\n<script> \n(adsbygoogle = window.adsbygoogle || []).push({}); \n<\/script>\n<\/div>\n<p><b>Bu adam Bulgar&#8217;a\u00a0yaranmaya m\u0131 geldi?<\/b><\/p>\n<p><strong>Yani bu sessizlik hayra alamet de\u011fildi!<\/strong><\/p>\n<p>Evet K\u0131rca Ali ahalisinin umutlar\u0131 yine bir ba\u015fka se\u00e7ime mi kald\u0131\u2026 yoksa\u2026?<\/p>\n<p>Dostlar\u0131m\u0131zla Payla\u015fal\u0131m birlikte bilin\u00e7lenelim, birlikte ayd\u0131nlanal\u0131m\u2026<\/p>\n<div id=\"bghab-3295455925\" class=\"bghab-yazi-altinda bghab-entity-placement\"><script async src=\"https:\/\/pagead2.googlesyndication.com\/pagead\/js\/adsbygoogle.js\"><\/script>\r\n<!-- bghaber-yaz\u0131-sonu -->\r\n<ins class=\"adsbygoogle\"\r\n     style=\"display:block\"\r\n     data-ad-client=\"ca-pub-6203283170189293\"\r\n     data-ad-slot=\"4222328180\"\r\n     data-ad-format=\"auto\"\r\n     data-full-width-responsive=\"true\"><\/ins>\r\n<script>\r\n     (adsbygoogle = window.adsbygoogle || []).push({});\r\n<\/script><\/div><br style=\"clear: both; display: block; float: none;\"\/>","protected":false},"excerpt":{"rendered":"<p>Tarih: 01 Haziran 2018 Yazan: BULT\u00dcRK Genel Ba\u015fkan\u0131 Rafet ULUT\u00dcRK \u00a0\u00a0\u00a0\u00a0\u00a0\u00a0\u00a0\u00a0\u00a0\u00a0\u00a0\u00a0\u00a0\u00a0\u00a0\u00a0\u00a0\u00a0\u00a0\u00a0\u00a0\u00a0\u00a0\u00a0\u00a0\u00a0\u00a0\u00a0\u00a0\u00a0\u00a0\u00a0\u00a0\u00a0 \u00c7ocuklar: Sesiz! \u00a0\u00a0\u00a0\u00a0\u00a0\u00a0\u00a0\u00a0\u00a0\u00a0\u00a0\u00a0\u00a0\u00a0\u00a0\u00a0\u00a0\u00a0\u00a0\u00a0\u00a0\u00a0\u00a0\u00a0\u00a0\u00a0\u00a0\u00a0\u00a0\u00a0\u00a0\u00a0\u00a0\u00a0 Anne babalar: Bulgar\u2019a verginizi \u00f6deyin. \u00a0\u00a0\u00a0\u00a0\u00a0\u00a0\u00a0\u00a0\u00a0\u00a0\u00a0\u00a0\u00a0\u00a0\u00a0\u00a0\u00a0\u00a0\u00a0\u00a0\u00a0\u00a0\u00a0\u00a0\u00a0\u00a0\u00a0\u00a0\u00a0\u00a0\u00a0\u00a0\u00a0\u00a0 Nine ve dedeler: Siz g\u00fcn\u00fcn\u00fcz\u00fc<\/p>\n","protected":false},"author":13,"featured_media":31108,"comment_status":"closed","ping_status":"closed","sticky":false,"template":"","format":"standard","meta":{"advanced_seo_description":"","jetpack_seo_html_title":"","jetpack_seo_noindex":false,"jetpack_seo_schema_type":"","_jetpack_newsletter_access":"","_jetpack_dont_email_post_to_subs":false,"_jetpack_newsletter_tier_id":0,"_jetpack_memberships_contains_paywalled_content":false,"_jetpack_feature_clip_id":0,"_jetpack_memberships_contains_paid_content":false,"footnotes":"","jetpack_post_was_ever_published":false},"categories":[6],"tags":[30,141,323,93,32,736],"class_list":["post-31107","post","type-post","status-publish","format-standard","has-post-thumbnail","hentry","category-yorum","tag-bulgaristan","tag-chp","tag-hasan-azis","tag-hoh","tag-kircaali","tag-muharrem-ince"],"jetpack_sharing_enabled":true,"jetpack_likes_enabled":true,"jetpack-related-posts":[],"jetpack_shortlink":"https:\/\/wp.me\/pc2PfJ-85J","jetpack_featured_media_url":"https:\/\/i0.wp.com\/www.bghaber.org\/bghaber\/wp-content\/uploads\/2018\/06\/b0dd394c-cd2d-4383-adc2-c8016712e131.jpg?fit=166%2C190&ssl=1","_links":{"self":[{"href":"https:\/\/www.bghaber.org\/bghaber\/wp-json\/wp\/v2\/posts\/31107","targetHints":{"allow":["GET"]}}],"collection":[{"href":"https:\/\/www.bghaber.org\/bghaber\/wp-json\/wp\/v2\/posts"}],"about":[{"href":"https:\/\/www.bghaber.org\/bghaber\/wp-json\/wp\/v2\/types\/post"}],"author":[{"embeddable":true,"href":"https:\/\/www.bghaber.org\/bghaber\/wp-json\/wp\/v2\/users\/13"}],"replies":[{"embeddable":true,"href":"https:\/\/www.bghaber.org\/bghaber\/wp-json\/wp\/v2\/comments?post=31107"}],"version-history":[{"count":0,"href":"https:\/\/www.bghaber.org\/bghaber\/wp-json\/wp\/v2\/posts\/31107\/revisions"}],"wp:featuredmedia":[{"embeddable":true,"href":"https:\/\/www.bghaber.org\/bghaber\/wp-json\/wp\/v2\/media\/31108"}],"wp:attachment":[{"href":"https:\/\/www.bghaber.org\/bghaber\/wp-json\/wp\/v2\/media?parent=31107"}],"wp:term":[{"taxonomy":"category","embeddable":true,"href":"https:\/\/www.bghaber.org\/bghaber\/wp-json\/wp\/v2\/categories?post=31107"},{"taxonomy":"post_tag","embeddable":true,"href":"https:\/\/www.bghaber.org\/bghaber\/wp-json\/wp\/v2\/tags?post=31107"}],"curies":[{"name":"wp","href":"https:\/\/api.w.org\/{rel}","templated":true}]}}