{"id":30887,"date":"2018-05-27T09:00:51","date_gmt":"2018-05-27T06:00:51","guid":{"rendered":"http:\/\/www.bghaber.org\/bghaber\/?p=30887"},"modified":"2019-06-26T16:19:19","modified_gmt":"2019-06-26T13:19:19","slug":"kazanlikta-gul-festivali-yapilacak","status":"publish","type":"post","link":"https:\/\/www.bghaber.org\/bghaber\/kazanlikta-gul-festivali-yapilacak\/","title":{"rendered":"Kazanl\u0131k&#8217;ta G\u00fcl Festivali yap\u0131lacak"},"content":{"rendered":"<p>Bulgaristan\u2019da \u201cG\u00fcller vadisi\u201d Kazanl\u0131k \u015fehri Balkanlar&#8217;da ve Avrupa\u2019da \u201cG\u00fcl Festivali\u201d ile \u00fcnl\u00fc. Bu y\u0131l festival 2-3 Haziran g\u00fcnlerinde yap\u0131lacak. Kazanl\u0131k Belediyesi K\u00fclt\u00fcr \u015eubesi bu y\u0131lki program\u0131 yay\u0131nlad\u0131 ve \u00e7ok geni\u015f etkinliklere evsahipli\u011fi yapaca\u011f\u0131n\u0131 duyurdu.<\/p>\n<p>2 Haziran\u2019da saat 10\u2019da K\u0131n\u00e7evo ve R\u0131jena k\u00f6ylerinde iki ayr\u0131 g\u00fcl tarlas\u0131nda turistlere G\u00fcl Toplama T\u00f6reni ve folklor program\u0131 yap\u0131lacak. Zengin programla beraber, g\u00fcl\u00fcn toplanmas\u0131, folklor ekiplerinin g\u00f6sterisi ve g\u00fcl ya\u011f\u0131 \u00fcretimiyle ilgili g\u00f6rsel \u015f\u00f6lenler d\u00fczenlenecek. Daha sonra Kazanl\u0131k merkezinde G\u00fcl Krali\u00e7esi se\u00e7imi, karnaval ge\u00e7idi, m\u00fczik ve dans programlar\u0131 yap\u0131lacak.<\/p>\n<p>3 Haziran- Pazar sabah\u0131 ise \u015fehre yak\u0131n Kr\u0131nsko Han\u00e7e mevkinde G\u00fcl Hasad\u0131 program\u0131 organize edilecek. Onbinlerce ziyaret\u00e7iye \u00f6zel \u015f\u00f6len b\u00fct\u00fcn G\u00fcl Festivli\u2019nin bir nevi \u201cdoru\u011funu\u201d olu\u015fturacak. G\u00fcl Krali\u00e7esi ve iki yard\u0131mc\u0131s\u0131 da oradaki g\u00fcl tarlas\u0131na gelerek, ziyaret\u00e7ilerle foto\u011fraf \u00e7ekimine kat\u0131lacak ve mis kokulu g\u00fcller diyar\u0131na bir ba\u015fka g\u00fczellik katacak.<\/p>\n<p>Kazanl\u0131k\u2019ta Damascena G\u00fcl M\u00fczesi, G\u00fcl Ya\u011f\u0131 Rafinerileri, K\u00fclt\u00fcr Merkezinde, G\u00fcl Enstit\u00fcs\u00fcnde Bulgar G\u00fcl\u00fc konulu programlar, meydanda at\u00f6lyeler, \u015farap tad\u0131mlar\u0131 ve elbette Bulgar g\u00fcl\u00fcn\u00fcn ince yaprakl\u0131 pembe \u00e7i\u00e7eklerinden ta\u00e7 \u00f6r\u00fclen standlar program\u0131n renkli noktalar\u0131n\u0131 olu\u015fturacak.<\/p>\n<p>G\u00fcl Festivali Kazanl\u0131k\u2019ta 1903 y\u0131l\u0131ndan itibaren her y\u0131l d\u00fczenlenmeye ba\u015flam\u0131\u015f. Bulgaristan\u2019\u0131n milli sembol\u00fc olmu\u015f \u201cBulgar g\u00fcl\u00fcn\u00fcn\u201d vatan\u0131 Kazanl\u0131k say\u0131l\u0131r. G\u00fcller vadisinde binlerce d\u00f6n\u00fcm g\u00fcller, May\u0131s ay\u0131nda a\u00e7\u0131nca tarifi imkans\u0131z g\u00fczellikte bir g\u00f6r\u00fcnt\u00fc sergiliyor.<\/p><div id=\"bghab-2896491282\" class=\"bghab-icerik-icine bghab-entity-placement\"><script async src=\"\/\/pagead2.googlesyndication.com\/pagead\/js\/adsbygoogle.js?client=ca-pub-6203283170189293\" crossorigin=\"anonymous\"><\/script><ins class=\"adsbygoogle\" style=\"display:block; text-align:center;\" data-ad-client=\"ca-pub-6203283170189293\" \ndata-ad-slot=\"7303146466\" \ndata-ad-layout=\"in-article\"\ndata-ad-format=\"fluid\" data-full-width-responsive=\"true\"><\/ins>\n<script> \n(adsbygoogle = window.adsbygoogle || []).push({}); \n<\/script>\n<\/div>\n<p>Her y\u0131l Haziran ba\u015f\u0131nda d\u00fczenlenen G\u00fcl Festivaline, Avrupa, Asya, Uzakdo\u011fu\u2019dan ve Balkanlar&#8217;dan olmak \u00fczere, on binlerce turist geliyor. Ge\u00e7en y\u0131l Kore ve Japonya\u2019dan b\u00fcy\u00fck say\u0131da kat\u0131l\u0131m varken, bu y\u0131l T\u00fcrkiye\u2019den gelecek ziyaret\u00e7i say\u0131s\u0131nda patlama bekleniyor.<\/p>\n<p>Festivalde G\u00fcl Krali\u00e7esi se\u00e7iliyor, folklor g\u00f6sterileri, resim sergileri d\u00fczenleniyor, meydanda sahneler kuruluyor, ana caddede festival ekiplerinin ge\u00e7idi yap\u0131l\u0131yor. Programlar\u0131n en otantik\u00a0 k\u0131sm\u0131 ise, sabah erkenden g\u00fcl tarlalar\u0131nda g\u00fcl hasad\u0131 g\u00f6sterileri oluyor. G\u00fcl Enstit\u00fcs\u00fcnde ise g\u00fcl dam\u0131t\u0131m i\u015flemleri ziyaret\u00e7ilere sergileniyor.<\/p>\n<div class=\"imgwrapper\">\n<div class=\"photo_info\">\n<div class=\"text\">G\u00fcl Bulgaristan i\u00e7in milli sembol haline geldi. Bu sevgi nesilden nesile ta\u015f\u0131n\u0131yor.<\/div>\n<\/div>\n<\/div>\n<p>Farkl\u0131 kimyasal \u00f6zellikleri, b\u00fcy\u00fcleyici ve kal\u0131c\u0131 aromas\u0131 ile Bulgar g\u00fcl\u00fc esans\u0131 Fransa, \u0130ngiltere ve ABD parf\u00fcmeri sekt\u00f6r\u00fcnde en se\u00e7kin parf\u00fcm markalar\u0131nda kullan\u0131l\u0131yor. Rosa damascena ad\u0131 verilen \u015eam\u00a0g\u00fcl\u00fc adl\u0131 ya\u011f\u00a0g\u00fcl\u00fc, Kazanl\u0131k Vadisinde en iyi \u00fcr\u00fcyor. G\u00fcller rafinerilerde 6 tonluk kaynat\u0131l\u0131yor.G\u00fcl\u00a0yapraklar\u0131n\u0131n \u00fczerine s\u0131cak su d\u00f6k\u00fcl\u00fcyor. Daha sonra hermetik olarak kazan kapat\u0131l\u0131yor. Buharl\u0131 hava ile kazan 100 dereceye kadar kaynat\u0131l\u0131yor.\u00a0G\u00fcl\u00a0\u00e7i\u00e7ekleri su ile birlikte dam\u0131tma sistemi sayesinde yukar\u0131ya \u00e7\u0131k\u0131yor ve buradan bir so\u011futucuya ge\u00e7iyor. G\u00fclya\u011f\u0131 buradan sonra akmaya ba\u015fl\u0131yor.\u00a0G\u00fcl\u00a0suyu b\u00f6yle \u00fcretiliyor.<\/p>\n<p><img data-recalc-dims=\"1\" decoding=\"async\" class=\"aligncenter\" src=\"https:\/\/i0.wp.com\/static.bnr.bg\/gallery\/a4\/a43c4b94db07158e5d3f925410cdbd12.jpg?w=640\" alt=\"\u0421\u043d\u0438\u043c\u043a\u0430\" \/><\/p>\n<p>Y\u00f6redeki onlarca k\u00f6y\u00fcn ana ge\u00e7im kayna\u011f\u0131 g\u00fcl. G\u00fcl toplaman\u0131n %90\u2019l\u0131k b\u00f6l\u00fcm\u00fc el eme\u011fine dayan\u0131yor. Ge\u00e7mi\u015fte i\u015f\u00e7inin bol olmas\u0131na kar\u015f\u0131n, g\u00fcn\u00fcm\u00fczde gen\u00e7ler bu a\u011f\u0131r i\u015fte \u00e7al\u0131\u015fmak istemiyor.<\/p>\n<p><img data-recalc-dims=\"1\" decoding=\"async\" class=\"aligncenter\" src=\"https:\/\/i0.wp.com\/static.bnr.bg\/gallery\/35\/35043cc2a217e57317f2c1aa9b83592d.jpeg?w=640\" alt=\"\u0421\u043d\u0438\u043c\u043a\u0430\" \/>Bu nedenle genelde emekliler ve Romanlar May\u0131s ve Haziran aylar\u0131nda mevsimlik i\u015f\u00e7i olarak \u00e7al\u0131\u015f\u0131yor. G\u00fcl Vadisinde sadece hasat i\u00e7in her y\u0131l 35 000 i\u015f\u00e7iye ihtiya\u00e7 duyuluyor.<\/p><div id=\"bghab-1524501009\" class=\"bghab-icerik-icine-10-paragraf bghab-entity-placement\"><script async src=\"\/\/pagead2.googlesyndication.com\/pagead\/js\/adsbygoogle.js?client=ca-pub-6203283170189293\" crossorigin=\"anonymous\"><\/script><ins class=\"adsbygoogle\" style=\"display:block; text-align:center;\" data-ad-client=\"ca-pub-6203283170189293\" \ndata-ad-slot=\"7303146466\" \ndata-ad-layout=\"in-article\"\ndata-ad-format=\"fluid\" data-full-width-responsive=\"true\"><\/ins>\n<script> \n(adsbygoogle = window.adsbygoogle || []).push({}); \n<\/script>\n<\/div>\n<p>Resmi istatistiklere gore Bulgaristan y\u0131lda 1.3- 1.5 ton g\u00fcl ya\u011f\u0131 ihra\u00e7 ediyor. Fiyat\u0131 kilogram ba\u015f\u0131na 4.800- 5.000 eurodan al\u0131c\u0131 buluyor. Bir dekar\u00a0g\u00fcl\u00a0bah\u00e7esinden 400-500 kg\u00a0g\u00fcl\u00a0\u00e7i\u00e7e\u011fi \u00e7\u0131k\u0131yor. Kazanl\u0131k\u2019ta\u00a0g\u00fcl\u00a0hasad\u0131 20 May\u0131s tarihlerinde ba\u015fl\u0131yor..\u00a0G\u00fcl\u00a0toplama \u00e7al\u0131\u015fmalar\u0131m\u0131z sabah saat 5\u2019te ba\u015fl\u0131yor ve en iyisi toplama i\u015flerinin saat 10-11\u2019de tamamlanmas\u0131. Bu saatlerde eterik-u\u00e7ucu ya\u011f\u00a0g\u00fcl\u00a0\u00e7i\u00e7e\u011finde en iyi kalitededir. G\u00fcl hasad\u0131n\u0131n en renkli g\u00fcnleri ise Haziran ba\u015f\u0131ndaki geleneksel G\u00fcl Festivali oluyor.<\/p>\n<p>&nbsp;<\/p>\n<p>&nbsp;<\/p>\n<p>BNR<\/p>\n<div id=\"bghab-2051242751\" class=\"bghab-yazi-altinda bghab-entity-placement\"><script async src=\"https:\/\/pagead2.googlesyndication.com\/pagead\/js\/adsbygoogle.js\"><\/script>\r\n<!-- bghaber-yaz\u0131-sonu -->\r\n<ins class=\"adsbygoogle\"\r\n     style=\"display:block\"\r\n     data-ad-client=\"ca-pub-6203283170189293\"\r\n     data-ad-slot=\"4222328180\"\r\n     data-ad-format=\"auto\"\r\n     data-full-width-responsive=\"true\"><\/ins>\r\n<script>\r\n     (adsbygoogle = window.adsbygoogle || []).push({});\r\n<\/script><\/div><br style=\"clear: both; display: block; float: none;\"\/>","protected":false},"excerpt":{"rendered":"<p>Bulgaristan\u2019da \u201cG\u00fcller vadisi\u201d Kazanl\u0131k \u015fehri Balkanlar&#8217;da ve Avrupa\u2019da \u201cG\u00fcl Festivali\u201d ile \u00fcnl\u00fc. Bu y\u0131l festival 2-3 Haziran g\u00fcnlerinde yap\u0131lacak. Kazanl\u0131k Belediyesi K\u00fclt\u00fcr \u015eubesi bu y\u0131lki<\/p>\n","protected":false},"author":29,"featured_media":30888,"comment_status":"closed","ping_status":"closed","sticky":false,"template":"","format":"standard","meta":{"advanced_seo_description":"","jetpack_seo_html_title":"","jetpack_seo_noindex":false,"jetpack_seo_schema_type":"","_jetpack_newsletter_access":"","_jetpack_dont_email_post_to_subs":false,"_jetpack_newsletter_tier_id":0,"_jetpack_memberships_contains_paywalled_content":false,"_jetpack_feature_clip_id":0,"_jetpack_memberships_contains_paid_content":false,"footnotes":"","jetpack_post_was_ever_published":false},"categories":[1,10],"tags":[30,353,1073,1074],"class_list":["post-30887","post","type-post","status-publish","format-standard","has-post-thumbnail","hentry","category-haberler","category-kultur-sanat","tag-bulgaristan","tag-kazanlik","tag-kincevo","tag-rijena"],"jetpack_sharing_enabled":true,"jetpack_likes_enabled":true,"jetpack-related-posts":[],"jetpack_shortlink":"https:\/\/wp.me\/pc2PfJ-82b","jetpack_featured_media_url":"https:\/\/i0.wp.com\/www.bghaber.org\/bghaber\/wp-content\/uploads\/2018\/05\/gul-tarlasi.jpg?fit=850%2C478&ssl=1","_links":{"self":[{"href":"https:\/\/www.bghaber.org\/bghaber\/wp-json\/wp\/v2\/posts\/30887","targetHints":{"allow":["GET"]}}],"collection":[{"href":"https:\/\/www.bghaber.org\/bghaber\/wp-json\/wp\/v2\/posts"}],"about":[{"href":"https:\/\/www.bghaber.org\/bghaber\/wp-json\/wp\/v2\/types\/post"}],"author":[{"embeddable":true,"href":"https:\/\/www.bghaber.org\/bghaber\/wp-json\/wp\/v2\/users\/29"}],"replies":[{"embeddable":true,"href":"https:\/\/www.bghaber.org\/bghaber\/wp-json\/wp\/v2\/comments?post=30887"}],"version-history":[{"count":0,"href":"https:\/\/www.bghaber.org\/bghaber\/wp-json\/wp\/v2\/posts\/30887\/revisions"}],"wp:featuredmedia":[{"embeddable":true,"href":"https:\/\/www.bghaber.org\/bghaber\/wp-json\/wp\/v2\/media\/30888"}],"wp:attachment":[{"href":"https:\/\/www.bghaber.org\/bghaber\/wp-json\/wp\/v2\/media?parent=30887"}],"wp:term":[{"taxonomy":"category","embeddable":true,"href":"https:\/\/www.bghaber.org\/bghaber\/wp-json\/wp\/v2\/categories?post=30887"},{"taxonomy":"post_tag","embeddable":true,"href":"https:\/\/www.bghaber.org\/bghaber\/wp-json\/wp\/v2\/tags?post=30887"}],"curies":[{"name":"wp","href":"https:\/\/api.w.org\/{rel}","templated":true}]}}