{"id":30667,"date":"2018-05-18T22:53:17","date_gmt":"2018-05-18T19:53:17","guid":{"rendered":"http:\/\/www.bghaber.org\/bghaber\/?p=30667"},"modified":"2019-06-26T16:21:06","modified_gmt":"2019-06-26T13:21:06","slug":"agustos-ayinda-roaming-ucretleri-ucuzlayacak","status":"publish","type":"post","link":"https:\/\/www.bghaber.org\/bghaber\/agustos-ayinda-roaming-ucretleri-ucuzlayacak\/","title":{"rendered":"A\u011fustos ay\u0131nda roaming \u00fccretleri ucuzlayacak"},"content":{"rendered":"<p>Sofya\u2019da ger\u00e7ekle\u015ftirilen AB-Bat\u0131 Balkanlar Zirvesi\u2019nden bir g\u00fcn sonra AB Komisyonu\u2019nun Dijital Ekonomi ve Dijital Toplumdan Sorumlu \u00dcyesi Mariya Gabriel, \u201cMobil dola\u015f\u0131m \u00fccretleri \u00e7ok ucuzlayacak. Gelecek yazdan itibaren AB ve Bat\u0131 Balkan \u00fclkeleri vatanda\u015flar\u0131 ayn\u0131 bedeli \u00f6deyecek \u2013 MB veri ba\u015f\u0131na 70 Euro cent\u201d diye s\u00f6z verdi.<\/p>\n<p>Gabriel,\u201d Daha bu yaz, 1 A\u011fustos 2018 itibariyle mobil operat\u00f6rler megabayt fiyatlar\u0131n\u0131n \u015fimdikilerden kat kata daha d\u00fc\u015f\u00fck olaca\u011f\u0131 bir veri paketi sunmay\u0131 taahh\u00fct ediyorlar. Hedefimiz, Temmuz 2019\u2019da t\u00fcm Bat\u0131 Balkan \u00fclkelerinde ve t\u00fcm AB \u00fclkelerinde fiyat\u0131n ayn\u0131 olmas\u0131d\u0131r-MB veri ba\u015f\u0131na 70 sent. Bu, \u00e7ok b\u00fcy\u00fck bir taahh\u00fctt\u00fcr. Tabii ki, bunun devam etmesini ve sadece bir y\u0131l sonra fiyat\u0131n MB veri ba\u015f\u0131na 45 cent, 2021 y\u0131l\u0131ndan \u00f6nce ise 20 cente kadar d\u00fc\u015fmesini bekliyoruz\u201d diye belirtti.<\/p>\n<p>&nbsp;<\/p>\n<p>K\u0131rcaali Haber<\/p>\n<div id=\"bghab-2569089913\" class=\"bghab-yazi-altinda bghab-entity-placement\"><script async src=\"https:\/\/pagead2.googlesyndication.com\/pagead\/js\/adsbygoogle.js\"><\/script>\r\n<!-- bghaber-yaz\u0131-sonu -->\r\n<ins class=\"adsbygoogle\"\r\n     style=\"display:block\"\r\n     data-ad-client=\"ca-pub-6203283170189293\"\r\n     data-ad-slot=\"4222328180\"\r\n     data-ad-format=\"auto\"\r\n     data-full-width-responsive=\"true\"><\/ins>\r\n<script>\r\n     (adsbygoogle = window.adsbygoogle || []).push({});\r\n<\/script><\/div><br style=\"clear: both; display: block; float: none;\"\/>","protected":false},"excerpt":{"rendered":"<p>Sofya\u2019da ger\u00e7ekle\u015ftirilen AB-Bat\u0131 Balkanlar Zirvesi\u2019nden bir g\u00fcn sonra AB Komisyonu\u2019nun Dijital Ekonomi ve Dijital Toplumdan Sorumlu \u00dcyesi Mariya Gabriel, \u201cMobil dola\u015f\u0131m \u00fccretleri \u00e7ok ucuzlayacak. Gelecek<\/p>\n","protected":false},"author":29,"featured_media":633,"comment_status":"closed","ping_status":"closed","sticky":false,"template":"","format":"standard","meta":{"advanced_seo_description":"","jetpack_seo_html_title":"","jetpack_seo_noindex":false,"jetpack_seo_schema_type":"","_jetpack_newsletter_access":"","_jetpack_dont_email_post_to_subs":false,"_jetpack_newsletter_tier_id":0,"_jetpack_memberships_contains_paywalled_content":false,"_jetpack_feature_clip_id":0,"_jetpack_memberships_contains_paid_content":false,"footnotes":"","jetpack_post_was_ever_published":false},"categories":[9],"tags":[],"class_list":["post-30667","post","type-post","status-publish","format-standard","has-post-thumbnail","hentry","category-ekonomi"],"jetpack_sharing_enabled":true,"jetpack_likes_enabled":true,"jetpack-related-posts":[],"jetpack_shortlink":"https:\/\/wp.me\/pc2PfJ-7YD","jetpack_featured_media_url":"https:\/\/i0.wp.com\/www.bghaber.org\/bghaber\/wp-content\/uploads\/2013\/04\/telefon.jpg?fit=600%2C398&ssl=1","_links":{"self":[{"href":"https:\/\/www.bghaber.org\/bghaber\/wp-json\/wp\/v2\/posts\/30667","targetHints":{"allow":["GET"]}}],"collection":[{"href":"https:\/\/www.bghaber.org\/bghaber\/wp-json\/wp\/v2\/posts"}],"about":[{"href":"https:\/\/www.bghaber.org\/bghaber\/wp-json\/wp\/v2\/types\/post"}],"author":[{"embeddable":true,"href":"https:\/\/www.bghaber.org\/bghaber\/wp-json\/wp\/v2\/users\/29"}],"replies":[{"embeddable":true,"href":"https:\/\/www.bghaber.org\/bghaber\/wp-json\/wp\/v2\/comments?post=30667"}],"version-history":[{"count":0,"href":"https:\/\/www.bghaber.org\/bghaber\/wp-json\/wp\/v2\/posts\/30667\/revisions"}],"wp:featuredmedia":[{"embeddable":true,"href":"https:\/\/www.bghaber.org\/bghaber\/wp-json\/wp\/v2\/media\/633"}],"wp:attachment":[{"href":"https:\/\/www.bghaber.org\/bghaber\/wp-json\/wp\/v2\/media?parent=30667"}],"wp:term":[{"taxonomy":"category","embeddable":true,"href":"https:\/\/www.bghaber.org\/bghaber\/wp-json\/wp\/v2\/categories?post=30667"},{"taxonomy":"post_tag","embeddable":true,"href":"https:\/\/www.bghaber.org\/bghaber\/wp-json\/wp\/v2\/tags?post=30667"}],"curies":[{"name":"wp","href":"https:\/\/api.w.org\/{rel}","templated":true}]}}