{"id":30662,"date":"2018-05-17T22:00:53","date_gmt":"2018-05-17T19:00:53","guid":{"rendered":"http:\/\/www.bghaber.org\/bghaber\/?p=30662"},"modified":"2019-06-26T16:21:20","modified_gmt":"2019-06-26T13:21:20","slug":"sofyada-nakliyeciler-avrupayi-bolmeyin-dedi","status":"publish","type":"post","link":"https:\/\/www.bghaber.org\/bghaber\/sofyada-nakliyeciler-avrupayi-bolmeyin-dedi\/","title":{"rendered":"Sofya&#8217;da nakliyeciler &#8220;Avrupa&#8217;y\u0131 B\u00f6lmeyin&#8221; dedi"},"content":{"rendered":"<p>\u00dclkenin d\u00f6rt bir yan\u0131ndan Sofya\u2019ya gelen nakliyeciler, protesto g\u00f6sterisi yapt\u0131. G\u00f6stericiler, \u201cAB\u2019de \u0130\u015fimiz \u0130\u00e7in Bir Yer Var M\u0131\u201d, \u201cAvrupa \u0130ki S\u00fcratte \u2013 Bulgaristan \u0130\u00e7in Geri Vites\u201d ve \u201c1. ile 2. Ula\u015f\u0131m Paketi=Exit\u201d yaz\u0131l\u0131 pankartlar a\u00e7t\u0131lar.<\/p>\n<p>Nakliyeciler, Makron Yasas\u0131 olarak bilinen bilinen Avrupa Birli\u011fi\u2019nin haz\u0131rlad\u0131\u011f\u0131 yeni Hareketlilik Paketi\u2019ne kar\u015f\u0131 \u00e7\u0131k\u0131yorlar. \u00d6nerilen kurallar, Orta ve Do\u011fu Avrupa&#8217;dan gelen TIR kamyon \u015fof\u00f6rlerinin, yolda ge\u00e7irdikleri her \u00fc\u00e7 haftan\u0131n sonunda 45 saat i\u00e7in eve geri d\u00f6nmelerinin yan\u0131 s\u0131ra zorunlu molalar\u0131n\u0131 kamyonun i\u00e7inde de\u011fil, bir otelde yapmalar\u0131n\u0131 gerektiriyor.<\/p>\n<p>Nakliyecilerin ifadelerine g\u00f6re bu k\u0131s\u0131tlay\u0131c\u0131 tedbirler hem uluslararas\u0131 ta\u015f\u0131mac\u0131l\u0131\u011f\u0131, hem de otob\u00fcs ta\u015f\u0131mac\u0131l\u0131\u011f\u0131n\u0131 iflasa s\u00fcr\u00fckleyecek. Protesto g\u00f6sterisi nedeniyle Sofya&#8217;da Tsarigradsko \u015eose Bulvar\u0131 boyunca 80&#8217;den fazla kamyon ve 60&#8217;tan fazla otob\u00fcs bulunuyor. Say\u0131lar\u0131n\u0131n artmas\u0131 bekleniyor.<\/p>\n<p>Bulgar nakliyecilerinin Fransa Cumhurba\u015fkan\u0131na verdikleri mesajlar\u0131ndan biri \u201cMakron, Avrupa&#8217;y\u0131 B\u00f6lmeyin&#8221; oldu. \u00d6nerilen de\u011fi\u015fikliklerin, uluslararas\u0131 s\u00fcr\u00fcc\u00fclere ciddi zararlar verece\u011fini s\u00f6yleyen protestocular, kamyonlar\u0131 g\u00f6zetimsiz b\u0131rak\u0131rlarsa, yak\u0131t ve emtia h\u0131rs\u0131zl\u0131klar\u0131n\u0131n artaca\u011f\u0131ndan korkuyor.<\/p>\n<p>\u00d6nerilen de\u011fi\u015fikliklere g\u00f6re uluslararas\u0131 s\u00fcr\u00fcc\u00fcler her \u00fc\u00e7 haftada bir Bulgaristan &#8216;a d\u00f6nmeli ve bu da hesaplar\u0131n\u0131 kar\u0131\u015ft\u0131racak. Ba\u015fka bir \u00fclkede ge\u00e7ici g\u00f6revlendirmelerin \u00fccretlendirilmesine ili\u015fkin yeni kurallar getirilirse de kay\u0131plar meydana gelecektir.<\/p><div id=\"bghab-2908354810\" class=\"bghab-icerik-icine bghab-entity-placement\"><script async src=\"\/\/pagead2.googlesyndication.com\/pagead\/js\/adsbygoogle.js?client=ca-pub-6203283170189293\" crossorigin=\"anonymous\"><\/script><ins class=\"adsbygoogle\" style=\"display:block; text-align:center;\" data-ad-client=\"ca-pub-6203283170189293\" \ndata-ad-slot=\"7303146466\" \ndata-ad-layout=\"in-article\"\ndata-ad-format=\"fluid\" data-full-width-responsive=\"true\"><\/ins>\n<script> \n(adsbygoogle = window.adsbygoogle || []).push({}); \n<\/script>\n<\/div>\n<p>\u015eimdi nakliyeciler, AB liderlerinin onlar\u0131n sesine kulak verip bir \u00e7\u00f6z\u00fcm bulmas\u0131n\u0131 bekliyor.<\/p>\n<p>G\u00f6stericiler Makedonya Meydan\u0131\u2019ndan Milli K\u00fclt\u00fcr Saray\u0131\u2019na kadar y\u00fcr\u00fcy\u00fc\u015f yapacaklar. G\u00f6sterinin amac\u0131, Bulgaristan\u2019da ta\u015f\u0131mac\u0131l\u0131k sekt\u00f6r\u00fcn\u00fcn batmamas\u0131 i\u00e7in Sofya\u2019da bulunan AB \u00fclkeleri liderlerinin nakliyecilerin taleplerine kulak vermeleridir.<\/p>\n<p>Nakliyeciler, Yunanistan ile s\u0131n\u0131rda bulunan Kulata S\u0131n\u0131r Kap\u0131s\u0131\u2019nda da g\u00f6steri yap\u0131yorlar. Bar\u0131\u015f\u00e7\u0131l protestoya 20\u2019den fazla \u015firket kat\u0131ld\u0131. Protestocular, karayolunu kapatm\u0131\u015f de\u011filler, ancak ho\u015fnutsuzlu\u011funu korna \u00e7alarak ifade ediyorlar. E\u011fer taleplerine kulak verilmezse nakliyeciler, s\u0131n\u0131rlar\u0131 kapatmak ve Br\u00fcksel\u2019de protesto eylemleri yapmakla tehdit ediyor.<\/p>\n<p>&nbsp;<\/p>\n<p>K\u0131rcaali Haber<\/p>\n<div id=\"bghab-4163297470\" class=\"bghab-yazi-altinda bghab-entity-placement\"><script async src=\"https:\/\/pagead2.googlesyndication.com\/pagead\/js\/adsbygoogle.js\"><\/script>\r\n<!-- bghaber-yaz\u0131-sonu -->\r\n<ins class=\"adsbygoogle\"\r\n     style=\"display:block\"\r\n     data-ad-client=\"ca-pub-6203283170189293\"\r\n     data-ad-slot=\"4222328180\"\r\n     data-ad-format=\"auto\"\r\n     data-full-width-responsive=\"true\"><\/ins>\r\n<script>\r\n     (adsbygoogle = window.adsbygoogle || []).push({});\r\n<\/script><\/div><br style=\"clear: both; display: block; float: none;\"\/>","protected":false},"excerpt":{"rendered":"<p>\u00dclkenin d\u00f6rt bir yan\u0131ndan Sofya\u2019ya gelen nakliyeciler, protesto g\u00f6sterisi yapt\u0131. G\u00f6stericiler, \u201cAB\u2019de \u0130\u015fimiz \u0130\u00e7in Bir Yer Var M\u0131\u201d, \u201cAvrupa \u0130ki S\u00fcratte \u2013 Bulgaristan \u0130\u00e7in Geri<\/p>\n","protected":false},"author":29,"featured_media":28029,"comment_status":"closed","ping_status":"closed","sticky":false,"template":"","format":"standard","meta":{"advanced_seo_description":"","jetpack_seo_html_title":"","jetpack_seo_noindex":false,"jetpack_seo_schema_type":"","_jetpack_newsletter_access":"","_jetpack_dont_email_post_to_subs":false,"_jetpack_newsletter_tier_id":0,"_jetpack_memberships_contains_paywalled_content":false,"_jetpack_feature_clip_id":0,"_jetpack_memberships_contains_paid_content":false,"footnotes":"","jetpack_post_was_ever_published":false},"categories":[9],"tags":[30,290,898,51,1049],"class_list":["post-30662","post","type-post","status-publish","format-standard","has-post-thumbnail","hentry","category-ekonomi","tag-bulgaristan","tag-fransa","tag-kulata","tag-sofya","tag-tir"],"jetpack_sharing_enabled":true,"jetpack_likes_enabled":true,"jetpack-related-posts":[],"jetpack_shortlink":"https:\/\/wp.me\/pc2PfJ-7Yy","jetpack_featured_media_url":"https:\/\/i0.wp.com\/www.bghaber.org\/bghaber\/wp-content\/uploads\/2018\/03\/ruse-tir-kuyrugu.jpg?fit=850%2C478&ssl=1","_links":{"self":[{"href":"https:\/\/www.bghaber.org\/bghaber\/wp-json\/wp\/v2\/posts\/30662","targetHints":{"allow":["GET"]}}],"collection":[{"href":"https:\/\/www.bghaber.org\/bghaber\/wp-json\/wp\/v2\/posts"}],"about":[{"href":"https:\/\/www.bghaber.org\/bghaber\/wp-json\/wp\/v2\/types\/post"}],"author":[{"embeddable":true,"href":"https:\/\/www.bghaber.org\/bghaber\/wp-json\/wp\/v2\/users\/29"}],"replies":[{"embeddable":true,"href":"https:\/\/www.bghaber.org\/bghaber\/wp-json\/wp\/v2\/comments?post=30662"}],"version-history":[{"count":0,"href":"https:\/\/www.bghaber.org\/bghaber\/wp-json\/wp\/v2\/posts\/30662\/revisions"}],"wp:featuredmedia":[{"embeddable":true,"href":"https:\/\/www.bghaber.org\/bghaber\/wp-json\/wp\/v2\/media\/28029"}],"wp:attachment":[{"href":"https:\/\/www.bghaber.org\/bghaber\/wp-json\/wp\/v2\/media?parent=30662"}],"wp:term":[{"taxonomy":"category","embeddable":true,"href":"https:\/\/www.bghaber.org\/bghaber\/wp-json\/wp\/v2\/categories?post=30662"},{"taxonomy":"post_tag","embeddable":true,"href":"https:\/\/www.bghaber.org\/bghaber\/wp-json\/wp\/v2\/tags?post=30662"}],"curies":[{"name":"wp","href":"https:\/\/api.w.org\/{rel}","templated":true}]}}