{"id":29988,"date":"2018-04-24T22:56:14","date_gmt":"2018-04-24T19:56:14","guid":{"rendered":"http:\/\/www.bghaber.org\/bghaber\/?p=29988"},"modified":"2018-05-09T18:23:06","modified_gmt":"2018-05-09T15:23:06","slug":"3-mart-osmanli-koleliginden-kurtulus-gunu","status":"publish","type":"post","link":"https:\/\/www.bghaber.org\/bghaber\/3-mart-osmanli-koleliginden-kurtulus-gunu\/","title":{"rendered":"3 mart Osmanl\u0131 K\u00f6leli\u011finden Kurtulu\u015f G\u00fcn\u00fc"},"content":{"rendered":"<p>Bulgaristan&#8217;da Bulgar Ba\u015fbakan\u0131 bu y\u0131lki 3 mart t\u00f6rene kat\u0131lmad\u0131<br \/>\nBulgaristan&#8217;da Bulgarlar da ikiye b\u00f6l\u00fcnd\u00fc bu y\u0131lki ba\u011f\u0131ms\u0131zl\u0131k g\u00fcn\u00fcnde<\/p>\n<p>BGSAM \u0130NTERNET SAYFASINDAK\u0130<br \/>\n\u201cBAZI T\u00dcRKLER OSMANLI\u2019NIN KATLED\u0130LD\u0130\u011e\u0130 G\u00dcN\u00dc BULGARLAR \u0130LE KUTLADILAR\u201d BA\u015eLIKLI YAZIMIZLA \u0130LG\u0130L\u0130 \u015e\u0130K\u00c2YETE DA\u0130R M\u00dcTALAAMIZ:<\/p>\n<p>3 Mart 1878 Ayastefanos (Ye\u015filk\u00f6y) anla\u015fmas\u0131n\u0131n yap\u0131ld\u0131\u011f\u0131 g\u00fcn\u00fc Bulgaristan Devleti \u201cOSMANLI ESARET\u0130NDEN-K\u00d6LEL\u0130\u011e\u0130NDEN KURTULU\u015e G\u00dcN\u00dc\u201d olarak kutlamaktad\u0131r. Baz\u0131 Bulgar y\u00f6netici ve ayd\u0131nlar\u0131, Osmanl\u0131 idaresinde kald\u0131klar\u0131 devri \u201ck\u00f6lelik d\u00f6nemi\u201d olarak anmaktad\u0131rlar. H\u00e2lbuki Osmanl\u0131 gitti\u011fi her yere hizmet ve adalet g\u00f6t\u00fcrd\u00fc\u011f\u00fc gibi asla asimilasyon uygulamam\u0131\u015ft\u0131r. Bug\u00fcn Bulgarlar\u0131n tamam\u0131n\u0131n Bulgarca konu\u015fabilmeleri ve kendi kiliselerinde kendi dinlerinde ibadet edebilmeleri ku\u015fkusuz Osmanl\u0131 d\u00f6nemini a\u00e7\u0131klayan \u00e7ok g\u00fczel \u00f6rneklerdir. Ayr\u0131ca Rus askerleri bile 93 Harbi (1877-78 Osmanl\u0131-Rus Sava\u015f\u0131) esnas\u0131nda kuzey Bulgaristan\u2019a girdiklerinde Bulgar k\u00f6yl\u00fcs\u00fcn\u00fcn refah i\u00e7inde oldu\u011funu, rahat ve zengin bulunduklar\u0131n\u0131, Rusya\u2019daki Pome\u015f\u00e7ikler (\u00c7orbac\u0131lar\u0131n) hayat\u0131n\u0131 ya\u015fad\u0131klar\u0131n\u0131 m\u00fc\u015fahede ettiler. H\u00e2lbuki Rus askerlerine, Osmanl\u0131 idaresinde bulunan soyda\u015f Bulgarlar\u0131n a\u00e7l\u0131k ve sefalet i\u00e7inde, esir hayat\u0131 ya\u015fad\u0131klar\u0131 s\u00f6ylenmi\u015fti. Hatta Ruslar, Bulgarlar\u0131n peri\u015fan halde olduklar\u0131, dinlerini ve dillerini ya\u015famalar\u0131n\u0131n yasakland\u0131\u011f\u0131n\u0131 bu nedenle Slav karde\u015flerinin kurtar\u0131lmas\u0131 maksad\u0131 ile Balkanlara getirildiklerini zannediyorlard\u0131.<\/p>\n<p>\u015eu hususa ayr\u0131ca vurgu yapmam\u0131z gerekir ki T\u00fcrkiye Cumhuriyeti Osmanl\u0131\u2019n\u0131n varisi s\u0131fat\u0131yla onun k\u00fclt\u00fcrel ve siyasi miras\u0131n\u0131n sahibidir. Tarihi ger\u00e7ekler b\u00f6yle iken bizler, Bulgaristan\u2019\u0131n ceddimiz Osmanl\u0131\u2019dan kopar\u0131l\u0131\u015f\u0131n\u0131 baz\u0131 Bulgar y\u00f6netici ve ayd\u0131nlar\u0131n\u0131n \u201czul\u00fcmden, bask\u0131dan k\u00f6lelikten, esaretten kurtulu\u015f\u201d olarak tan\u0131mlanmas\u0131na veya g\u00f6r\u00fclmesine sessiz kalamay\u0131z. Ayn\u0131 durum \u00f6zellikle baz\u0131 Bat\u0131l\u0131 \u00fclkelerin siyasi bir arg\u00fcman olarak kulland\u0131klar\u0131 1915 Ermeni iddialar\u0131nda da s\u00f6z konusudur. Osmanl\u0131 d\u00f6nemine dair baz\u0131 Bulgarlar\u0131n g\u00f6r\u00fc\u015flerini kabul etmek \u201catalar\u0131m\u0131za\u201d, \u201c\u015fehitlerimize\u201d ve \u201cy\u00fczlerce y\u0131ll\u0131k \u015fan ve \u015ferefle dolu tarihimize\u201d b\u00fcy\u00fck bir haks\u0131zl\u0131k, iftira, zul\u00fcm ve hatta ihanet olur.<\/p>\n<p>Bu nedenle 3 Mart \u201cBULGAR\u0130STAN\u2019IN OSMANLI ESARET\u0130NDEN-K\u00d6LEL\u0130\u011e\u0130NDEN KURTULU\u015e G\u00dcN\u00dc\u201d kutlamalar\u0131na diplomatik g\u00f6revi bulunmad\u0131\u011f\u0131 halde kat\u0131lan ki\u015filerin \u00f6zg\u00fcrl\u00fc\u011f\u00fc kadar, bir T\u00fcrk ve Osmanl\u0131 torunu olarak bu kat\u0131l\u0131m\u0131 ele\u015ftirme ve tarihi ger\u00e7ekleri hat\u0131rlatma \u00f6zg\u00fcrl\u00fc\u011f\u00fcm\u00fcz\u00fcn oldu\u011funu d\u00fc\u015f\u00fcnmekteyiz. \u00dcstelik Osmanl\u0131 Devleti\u2019nin as\u0131rl\u0131k idaresi ard\u0131ndan ba\u011f\u0131ms\u0131z Bulgaristan Devleti vatanda\u015f\u0131 iken d\u00fcnyada e\u015fi pek az g\u00f6r\u00fclen zul\u00fcmlere muhatap olmu\u015f, isimleri zorla de\u011fi\u015ftirilmi\u015f, dini inanc\u0131n\u0131 b\u0131rak\u0131n ya\u015famay\u0131 ifade etmesi bile yasaklanm\u0131\u015f, ana dilini kullanmas\u0131 a\u011f\u0131r su\u00e7 say\u0131lm\u0131\u015f ve \u00f6nemli bir k\u0131sm\u0131 \u00fclkeyi terk etmek zorunda kalm\u0131\u015f bir nesil olarak bu ger\u00e7ekleri ifade etmek hakk\u0131m\u0131z olmal\u0131d\u0131r ve bu ifade h\u00fcrriyetimiz kapsam\u0131ndad\u0131r.<\/p><div id=\"bghab-1501647986\" class=\"bghab-icerik-icine bghab-entity-placement\"><script async src=\"\/\/pagead2.googlesyndication.com\/pagead\/js\/adsbygoogle.js?client=ca-pub-6203283170189293\" crossorigin=\"anonymous\"><\/script><ins class=\"adsbygoogle\" style=\"display:block; text-align:center;\" data-ad-client=\"ca-pub-6203283170189293\" \ndata-ad-slot=\"7303146466\" \ndata-ad-layout=\"in-article\"\ndata-ad-format=\"fluid\" data-full-width-responsive=\"true\"><\/ins>\n<script> \n(adsbygoogle = window.adsbygoogle || []).push({}); \n<\/script>\n<\/div>\n<p>Elbette Bulgarlar\u0131n 3 Mart\u0131 kurulu\u015f g\u00fcn\u00fc olarak kutlamalar\u0131 biz T\u00fcrkleri ilgilendirmez. Bulgaristan ba\u011f\u0131ms\u0131z bir devlet olarak Osmanl\u0131dan ayr\u0131l\u0131\u015f g\u00fcn\u00fc veya ba\u011f\u0131ms\u0131zl\u0131k g\u00fcn\u00fc olarak bunu kutlayabilir, hatta T\u00fcrkleri yok sayan kendi ger\u00e7eklerine g\u00f6re bir tarih de yazabilirler. Bunlar Osmanl\u0131 idaresinde kalan b\u00fct\u00fcn Balkan \u00fclkelerinde ne yaz\u0131k ki s\u0131k kar\u015f\u0131la\u015ft\u0131\u011f\u0131m\u0131z hususlar.<\/p>\n<p>Bulgaristan \u0130stanbul Konsoloslu\u011funun d\u00fczenledi\u011fi 3 Mart <strong>\u201cBulgaristan&#8217;\u0131n OSMANLI ESARET\u0130NDEN-K\u00d6LEL\u0130\u011e\u0130NDEN KURTULU\u015e G\u00dcN\u201d<\/strong>, etkinli\u011fi m\u00fcnasebetiyle bu tarihi perspektif do\u011frultusunda 3 Mart 2018 tarihinde yapt\u0131\u011f\u0131m\u0131z ele\u015ftiri i\u00e7eren yaz\u0131m\u0131za, bu yaz\u0131da hi\u00e7bir \u015fah\u0131s ve isim zikretmedi\u011fi halde, nedenini hala anlayamad\u0131\u011f\u0131m\u0131z bir \u015fekilde \u015fikayette bulunuldu\u011funu \u00fcz\u00fcnt\u00fc ile \u00f6\u011frenmi\u015f bulunmaktay\u0131z. Bu \u015fik\u00e2yeti yapan Sn. Behra VAGAS Han\u0131mefendinin s\u00f6z konusu yaz\u0131da tarihi ger\u00e7eklere dayal\u0131 de\u011findi\u011fimiz hususlar\u0131 ve bilhassa kendi tarihine duyars\u0131z yakla\u015f\u0131m sergileyenlere olan hakl\u0131 hakl\u0131 ele\u015ftirilerimizi neden kendi \u00fczerine al\u0131nd\u0131\u011f\u0131n\u0131 anlamakta g\u00fc\u00e7l\u00fck \u00e7ekmekteyiz. Halbuki b\u00fct\u00fcn T\u00fcrklerin hassas olmas\u0131 gereken ortak konu tarihte yap\u0131lan yanl\u0131\u015flar\u0131n \u00e7ekilen b\u00fcy\u00fck ac\u0131lar\u0131n bir daha tekrar\u0131n\u0131 \u00f6nlemek ad\u0131na hassas davran\u0131lmas\u0131 olmal\u0131d\u0131r. Dolay\u0131s\u0131yla <em><strong>Sn. Behra VAGAS Han\u0131mefendiden, bu konudaki hassasiyetimiz ve \u00e7al\u0131\u015fmalar\u0131m\u0131z nedeniyle destek ve te\u015fekk\u00fcr beklerdik.<\/strong><\/em><\/p>\n<p>Bulgaristan Devleti i\u00e7in \u00f6nemli g\u00f6r\u00fclen bu g\u00fcne diplomatik ili\u015fkiler \u00e7er\u00e7evesinden Bulgarlar taraf\u0131ndan yap\u0131lan davete resmi g\u00f6revlilerin kat\u0131lmas\u0131, iki kom\u015fu \u00fclke ili\u015fkileri a\u00e7\u0131s\u0131ndan anla\u015f\u0131labilir bir durumdur. Ancak bizim ele\u015ftirimiz, ifade h\u00fcrriyeti kapsam\u0131nda Bulgaristan ve Balkan T\u00fcrklerini temsil etti\u011fini s\u00f6yleyen bir ki\u015finin kat\u0131l\u0131m\u0131nad\u0131r. 93 Harbinde ve akabinde Balkan Sava\u015flar\u0131\u2019nda \u0130stanbul Ye\u015filk\u00f6y\u2019e kadar gelmi\u015f ve Bulgar ordusunca milyonlarca M\u00fcsl\u00fcman T\u00fcrk\u2019\u00fcn katledilmesinin kutlamas\u0131na kat\u0131lmak; kendi tarihine ve milletine yabanc\u0131 olay\u0131 g\u00f6stermez mi? B\u00f6le bir tavr\u0131 bir Bulgar veya bir Yunan vatanda\u015f\u0131 yapar m\u0131. Mesela bir Yunan vatanda\u015f\u0131 \u0130stanbul\u2019un 1453\u2019teki fethinin kutland\u0131\u011f\u0131 bir etkinli\u011fe kat\u0131l\u0131r m\u0131? kat\u0131lsa bile bu ho\u015fg\u00f6r\u00fc ile kar\u015f\u0131lan\u0131r m\u0131?<\/p>\n<p>Bir Bulgaristan T\u00fcrk\u2019\u00fc olarak T\u00fcrk \u2013 \u0130sl\u00e2m tarihindeki kara bir leke olan bu kutlamaya kat\u0131lanlar hakk\u0131nda duygular\u0131m\u0131z\u0131 ifade ederken kullanm\u0131\u015f oldu\u011fumuz \u201cy\u00fcz karas\u0131\u201d ifadesi duygular\u0131m\u0131z\u0131n, ya\u015fad\u0131\u011f\u0131m\u0131z ac\u0131lar\u0131n, g\u00f6rd\u00fc\u011f\u00fcm\u00fcz zul\u00fcmlerin, Belene\u2019de ya\u015fanan vah\u015fetin sadece k\u00fc\u00e7\u00fck bir yans\u0131mas\u0131d\u0131r. Amac\u0131m\u0131z kimseyi tahkir etmek de\u011fildir; sadece bu duyars\u0131zl\u0131\u011fa olan tepkimizi dile getirmek ve dikkatlerini \u00e7ekmektir.<\/p>\n<p><strong>B\u0130Z ATALARIMIZA, M\u0130LYONLARCA \u015eEH\u0130D\u0130M\u0130ZE ve TAR\u0130H\u0130M\u0130ZE SAYGISIZLIK YAPILDI\u011eINDA SESS\u0130Z KALMAYI UYGUN G\u00d6REMEY\u0130Z.<\/strong><\/p><div id=\"bghab-954132513\" class=\"bghab-icerik-icine-10-paragraf bghab-entity-placement\"><script async src=\"\/\/pagead2.googlesyndication.com\/pagead\/js\/adsbygoogle.js?client=ca-pub-6203283170189293\" crossorigin=\"anonymous\"><\/script><ins class=\"adsbygoogle\" style=\"display:block; text-align:center;\" data-ad-client=\"ca-pub-6203283170189293\" \ndata-ad-slot=\"7303146466\" \ndata-ad-layout=\"in-article\"\ndata-ad-format=\"fluid\" data-full-width-responsive=\"true\"><\/ins>\n<script> \n(adsbygoogle = window.adsbygoogle || []).push({}); \n<\/script>\n<\/div>\n<p>Biz Bulgaristan\u2019daki tarih kitaplar\u0131ndan Osmanl\u0131 \u201cesareti\u201d terimini kald\u0131r\u0131p Osmanl\u0131 d\u00f6nemi olarak adland\u0131r\u0131lmas\u0131 i\u00e7in \u00e7al\u0131\u015fmalar yaparken, bir k\u0131s\u0131m insanlar\u0131m\u0131z\u0131n bilerek veya bilmeyerek bu t\u00f6renlere i\u015ftirak etmeleri Bulgar tezlerinin s\u00fcrd\u00fcr\u00fclmesini ve devam etmesine katk\u0131 sa\u011flamaktan \u00f6teye ne anlam ifade eder? Elbette Bulgaristan T\u00fcrkleri olarak bu gibi tav\u0131rlar\u0131 sorgulayaca\u011f\u0131z ve yad\u0131rgayaca\u011f\u0131z. Bu bizim en do\u011fal hakk\u0131m\u0131zd\u0131r.<\/p>\n<p>Son olarak, k\u0131saca izah etmeye \u00e7al\u0131\u015ft\u0131\u011f\u0131m\u0131z tarihi ve k\u00fclt\u00fcrel ger\u00e7eklere duyarl\u0131 Bulgaristanl\u0131 M\u00fcsl\u00fcman-T\u00fcrkler olarak, do\u011frular\u0131 ifade etmeyi g\u00f6rev addetti\u011fimizi ve Bulgaristan T\u00fcrkl\u00fc\u011f\u00fc ad\u0131na her ne \u015fartta olursa olsun sorumluluktan asla ka\u00e7amayaca\u011f\u0131m\u0131z\u0131n bilinmesini isteriz.<\/p>\n<p style=\"text-align: center;\">Sayg\u0131lar\u0131mla,<\/p>\n<p style=\"text-align: right;\"><em><strong>Rafet ULUT\u00dcRK<\/strong><\/em><br \/>\n<em><strong> BULT\u00dcRK<\/strong><\/em><br \/>\n<em><strong> Genel Ba\u015fkan\u0131<\/strong><\/em><\/p>\n<div id=\"bghab-2438494374\" class=\"bghab-yazi-altinda bghab-entity-placement\"><script async src=\"https:\/\/pagead2.googlesyndication.com\/pagead\/js\/adsbygoogle.js\"><\/script>\r\n<!-- bghaber-yaz\u0131-sonu -->\r\n<ins class=\"adsbygoogle\"\r\n     style=\"display:block\"\r\n     data-ad-client=\"ca-pub-6203283170189293\"\r\n     data-ad-slot=\"4222328180\"\r\n     data-ad-format=\"auto\"\r\n     data-full-width-responsive=\"true\"><\/ins>\r\n<script>\r\n     (adsbygoogle = window.adsbygoogle || []).push({});\r\n<\/script><\/div><br style=\"clear: both; display: block; float: none;\"\/>","protected":false},"excerpt":{"rendered":"<p>Bulgaristan&#8217;da Bulgar Ba\u015fbakan\u0131 bu y\u0131lki 3 mart t\u00f6rene kat\u0131lmad\u0131 Bulgaristan&#8217;da Bulgarlar da ikiye b\u00f6l\u00fcnd\u00fc bu y\u0131lki ba\u011f\u0131ms\u0131zl\u0131k g\u00fcn\u00fcnde BGSAM \u0130NTERNET SAYFASINDAK\u0130 \u201cBAZI T\u00dcRKLER OSMANLI\u2019NIN KATLED\u0130LD\u0130\u011e\u0130<\/p>\n","protected":false},"author":13,"featured_media":29901,"comment_status":"closed","ping_status":"closed","sticky":false,"template":"","format":"standard","meta":{"advanced_seo_description":"","jetpack_seo_html_title":"","jetpack_seo_noindex":false,"jetpack_seo_schema_type":"","_jetpack_newsletter_access":"","_jetpack_dont_email_post_to_subs":false,"_jetpack_newsletter_tier_id":0,"_jetpack_memberships_contains_paywalled_content":false,"_jetpack_feature_clip_id":0,"_jetpack_memberships_contains_paid_content":false,"footnotes":"","jetpack_post_was_ever_published":false},"categories":[6],"tags":[895,37,785],"class_list":["post-29988","post","type-post","status-publish","format-standard","has-post-thumbnail","hentry","category-yorum","tag-3-mart","tag-bulturk","tag-bulturk-dernegi"],"jetpack_sharing_enabled":true,"jetpack_likes_enabled":true,"jetpack-related-posts":[],"jetpack_shortlink":"https:\/\/wp.me\/pc2PfJ-7NG","jetpack_featured_media_url":"https:\/\/i0.wp.com\/www.bghaber.org\/bghaber\/wp-content\/uploads\/2018\/04\/rafet-rsm-ata1.jpg?fit=900%2C1600&ssl=1","_links":{"self":[{"href":"https:\/\/www.bghaber.org\/bghaber\/wp-json\/wp\/v2\/posts\/29988","targetHints":{"allow":["GET"]}}],"collection":[{"href":"https:\/\/www.bghaber.org\/bghaber\/wp-json\/wp\/v2\/posts"}],"about":[{"href":"https:\/\/www.bghaber.org\/bghaber\/wp-json\/wp\/v2\/types\/post"}],"author":[{"embeddable":true,"href":"https:\/\/www.bghaber.org\/bghaber\/wp-json\/wp\/v2\/users\/13"}],"replies":[{"embeddable":true,"href":"https:\/\/www.bghaber.org\/bghaber\/wp-json\/wp\/v2\/comments?post=29988"}],"version-history":[{"count":0,"href":"https:\/\/www.bghaber.org\/bghaber\/wp-json\/wp\/v2\/posts\/29988\/revisions"}],"wp:featuredmedia":[{"embeddable":true,"href":"https:\/\/www.bghaber.org\/bghaber\/wp-json\/wp\/v2\/media\/29901"}],"wp:attachment":[{"href":"https:\/\/www.bghaber.org\/bghaber\/wp-json\/wp\/v2\/media?parent=29988"}],"wp:term":[{"taxonomy":"category","embeddable":true,"href":"https:\/\/www.bghaber.org\/bghaber\/wp-json\/wp\/v2\/categories?post=29988"},{"taxonomy":"post_tag","embeddable":true,"href":"https:\/\/www.bghaber.org\/bghaber\/wp-json\/wp\/v2\/tags?post=29988"}],"curies":[{"name":"wp","href":"https:\/\/api.w.org\/{rel}","templated":true}]}}