{"id":29971,"date":"2018-04-24T23:00:19","date_gmt":"2018-04-24T20:00:19","guid":{"rendered":"http:\/\/www.bghaber.org\/bghaber\/?p=29971"},"modified":"2019-06-29T21:43:46","modified_gmt":"2019-06-29T18:43:46","slug":"kirkovolu-cocuklar-gaziemir-ulusal-ve-uluslararasi-cocuk-senligine-katildi","status":"publish","type":"post","link":"https:\/\/www.bghaber.org\/bghaber\/kirkovolu-cocuklar-gaziemir-ulusal-ve-uluslararasi-cocuk-senligine-katildi\/","title":{"rendered":"Kirkovolu \u00e7ocuklar, Gaziemir Ulusal ve Uluslararas\u0131 \u00c7ocuk \u015eenli\u011fine kat\u0131ld\u0131"},"content":{"rendered":"<p>Kirkovo (K\u0131z\u0131la\u011fa\u00e7) Belediyesinden verilen bilgiye g\u00f6re Kirkovo \u0130l\u00e7esi\u2019nden \u00f6\u011frenciler, Belediye Ba\u015fkan\u0131 \u015einasi S\u00fcleyman\u2019\u0131n \u00f6nderli\u011finde 23 Nisan T\u00fcrkiye Cumhuriyeti Ulusal Egemenlik ve \u00c7ocuk Bayram\u0131 m\u00fcnasebetiyle karde\u015f belediye \u0130zmir Gaziemir Belediyesi taraf\u0131ndan d\u00fczenlenen Gaziemir Ulusal ve Uluslararas\u0131 \u00c7ocuk \u015eenli\u011fi\u2019ne kat\u0131ld\u0131lar.<\/p>\n<p>Farkl\u0131 \u00fclkelerden akranlar\u0131yla birlikte Kirkovo \u0130l\u00e7esi\u2019nden \u00e7ocuklar, \u015fenlik program\u0131 kapsam\u0131nda d\u00fczenlenen farkl\u0131 sahne g\u00f6sterilerinde, spor etkinliklerinde ve ba\u015fka etkinliklerde yer ald\u0131lar. T\u00fcm \u00e7ocuklar, onlar\u0131n temsilcileriyle birlikte gelenek haline gelen birer zeytin fidan\u0131 diktiler.<\/p>\n<p>23 Nisan T\u00fcrkiye i\u00e7in \u00f6zel bir g\u00fcnd\u00fcr, \u00e7\u00fcnk\u00fc \u00fclkenin ba\u011f\u0131ms\u0131zl\u0131\u011f\u0131n\u0131n kutlanmas\u0131ndan ba\u015fka T\u00fcrkiye\u2019nin kurucusu Mustafa Kemal Atat\u00fcrk taraf\u0131ndan d\u00fcnya \u00e7ocuklar\u0131na arma\u011fan edilen \u00f6zel bir bayramd\u0131r.<\/p>\n<p>&nbsp;<\/p>\n<p>K\u0131rcaali Haber<\/p>\n<div id=\"bghab-348756735\" class=\"bghab-yazi-altinda bghab-entity-placement\"><script async src=\"https:\/\/pagead2.googlesyndication.com\/pagead\/js\/adsbygoogle.js\"><\/script>\r\n<!-- bghaber-yaz\u0131-sonu -->\r\n<ins class=\"adsbygoogle\"\r\n     style=\"display:block\"\r\n     data-ad-client=\"ca-pub-6203283170189293\"\r\n     data-ad-slot=\"4222328180\"\r\n     data-ad-format=\"auto\"\r\n     data-full-width-responsive=\"true\"><\/ins>\r\n<script>\r\n     (adsbygoogle = window.adsbygoogle || []).push({});\r\n<\/script><\/div><br style=\"clear: both; display: block; float: none;\"\/>","protected":false},"excerpt":{"rendered":"<p>Kirkovo (K\u0131z\u0131la\u011fa\u00e7) Belediyesinden verilen bilgiye g\u00f6re Kirkovo \u0130l\u00e7esi\u2019nden \u00f6\u011frenciler, Belediye Ba\u015fkan\u0131 \u015einasi S\u00fcleyman\u2019\u0131n \u00f6nderli\u011finde 23 Nisan T\u00fcrkiye Cumhuriyeti Ulusal Egemenlik ve \u00c7ocuk Bayram\u0131 m\u00fcnasebetiyle karde\u015f<\/p>\n","protected":false},"author":29,"featured_media":29972,"comment_status":"closed","ping_status":"closed","sticky":false,"template":"","format":"standard","meta":{"advanced_seo_description":"","jetpack_seo_html_title":"","jetpack_seo_noindex":false,"jetpack_seo_schema_type":"","_jetpack_newsletter_access":"","_jetpack_dont_email_post_to_subs":false,"_jetpack_newsletter_tier_id":0,"_jetpack_memberships_contains_paywalled_content":false,"_jetpack_feature_clip_id":0,"_jetpack_memberships_contains_paid_content":false,"footnotes":"","jetpack_post_was_ever_published":false},"categories":[1,10],"tags":[588,91,150,367],"class_list":["post-29971","post","type-post","status-publish","format-standard","has-post-thumbnail","hentry","category-haberler","category-kultur-sanat","tag-23-nisan","tag-gaziemir","tag-kirkovo","tag-kizilagac"],"jetpack_sharing_enabled":true,"jetpack_likes_enabled":true,"jetpack-related-posts":[],"jetpack_shortlink":"https:\/\/wp.me\/pc2PfJ-7Np","jetpack_featured_media_url":"https:\/\/i0.wp.com\/www.bghaber.org\/bghaber\/wp-content\/uploads\/2018\/04\/kirkoval%C4%B1-cocuklar-gaziemir-cocuuk-senliginde.jpg?fit=750%2C563&ssl=1","_links":{"self":[{"href":"https:\/\/www.bghaber.org\/bghaber\/wp-json\/wp\/v2\/posts\/29971","targetHints":{"allow":["GET"]}}],"collection":[{"href":"https:\/\/www.bghaber.org\/bghaber\/wp-json\/wp\/v2\/posts"}],"about":[{"href":"https:\/\/www.bghaber.org\/bghaber\/wp-json\/wp\/v2\/types\/post"}],"author":[{"embeddable":true,"href":"https:\/\/www.bghaber.org\/bghaber\/wp-json\/wp\/v2\/users\/29"}],"replies":[{"embeddable":true,"href":"https:\/\/www.bghaber.org\/bghaber\/wp-json\/wp\/v2\/comments?post=29971"}],"version-history":[{"count":0,"href":"https:\/\/www.bghaber.org\/bghaber\/wp-json\/wp\/v2\/posts\/29971\/revisions"}],"wp:featuredmedia":[{"embeddable":true,"href":"https:\/\/www.bghaber.org\/bghaber\/wp-json\/wp\/v2\/media\/29972"}],"wp:attachment":[{"href":"https:\/\/www.bghaber.org\/bghaber\/wp-json\/wp\/v2\/media?parent=29971"}],"wp:term":[{"taxonomy":"category","embeddable":true,"href":"https:\/\/www.bghaber.org\/bghaber\/wp-json\/wp\/v2\/categories?post=29971"},{"taxonomy":"post_tag","embeddable":true,"href":"https:\/\/www.bghaber.org\/bghaber\/wp-json\/wp\/v2\/tags?post=29971"}],"curies":[{"name":"wp","href":"https:\/\/api.w.org\/{rel}","templated":true}]}}