{"id":29408,"date":"2018-04-06T15:00:04","date_gmt":"2018-04-06T12:00:04","guid":{"rendered":"http:\/\/www.bghaber.org\/bghaber\/?p=29408"},"modified":"2019-06-30T23:37:08","modified_gmt":"2019-06-30T20:37:08","slug":"bulgaristan-ile-moldova-arasinda-ekonomi-ve-egitim-alaninda-isbirligi","status":"publish","type":"post","link":"https:\/\/www.bghaber.org\/bghaber\/bulgaristan-ile-moldova-arasinda-ekonomi-ve-egitim-alaninda-isbirligi\/","title":{"rendered":"Bulgaristan ile Moldova aras\u0131nda ekonomi ve e\u011fitim alan\u0131nda i\u015fbirli\u011fi"},"content":{"rendered":"<p>Moldova Avrupa Entegrasyonu \u0130\u015fleri Ba\u015fbakan Yard\u0131mc\u0131s\u0131 Jurie Lyanka, Sofya\u2019da Bulgaristan Ba\u015fbakan Yard\u0131mc\u0131s\u0131 ve D\u0131\u015fi\u015fleri Bakan\u0131 Ekaterina Zaharieva ile g\u00f6r\u00fc\u015ft\u00fc. Zaharieva, Bulgaristan\u2019\u0131n Moldova\u2019n\u0131n Avrupa perspektifi i\u00e7in kesin deste\u011fini belirtti ve Bulgaristan\u2019\u0131n Moldova\u2019n\u0131n AB ile B\u00fct\u00fcnle\u015fme S\u00f6zle\u015fmesi\u2019ni onaylayan ilk \u00fcye \u00fclkeler aras\u0131nda oldu\u011funu hat\u0131rlatt\u0131.<\/p>\n<p>Zaharieva ve Lyanka, ikili ekonomik i\u015fbirli\u011finin te\u015fvik edilmesi i\u00e7in somut fikirler, tar\u0131m alan\u0131nda ortakl\u0131\u011f\u0131n geli\u015fimi i\u00e7in potansiyeli ve Tarakliya\u2019daki Bulgar \u00dcniversitesi\u2019nin b\u00f6lgesel e\u011fitim merkezi olarak geli\u015ftirilmesi ve y\u00fcksek okullardan \u00f6\u011fretim \u00fcyeleri ve \u00f6\u011frenci teatisi gibi Moldova\u2019daki Bulgar toplulu\u011funun e\u011fitim seviyesinin art\u0131r\u0131lmas\u0131na y\u00f6nelik projeler i\u00e7in somut fikirler g\u00f6r\u00fc\u015ft\u00fc.<\/p>\n<p>Daha sonra Jurie Lyanka, \u00fclkemizin Moldova\u2019n\u0131n yasan\u0131n \u00fcst\u00fcnl\u00fc\u011f\u00fc, iyi y\u00f6netim ve yolsuzlukla m\u00fccadele alanlar\u0131nda ba\u015flatt\u0131\u011f\u0131 reformlar\u0131 destekleme haz\u0131rl\u0131\u011f\u0131n\u0131 teyit eden Cumhurba\u015fkan\u0131 Rumen Radev ile g\u00f6r\u00fc\u015ft\u00fc. Radev ve Lyanka, Moldova\u2019daki b\u00fcy\u00fck tarihsel Bulgar diasporas\u0131n\u0131n ikili i\u015fbirli\u011fine olumlu katk\u0131s\u0131 \u00fczerinde vurgu yapt\u0131.<\/p>\n<p>&nbsp;<\/p>\n<p>BNR<\/p>\n<div id=\"bghab-3422371285\" class=\"bghab-yazi-altinda bghab-entity-placement\"><script async src=\"https:\/\/pagead2.googlesyndication.com\/pagead\/js\/adsbygoogle.js\"><\/script>\r\n<!-- bghaber-yaz\u0131-sonu -->\r\n<ins class=\"adsbygoogle\"\r\n     style=\"display:block\"\r\n     data-ad-client=\"ca-pub-6203283170189293\"\r\n     data-ad-slot=\"4222328180\"\r\n     data-ad-format=\"auto\"\r\n     data-full-width-responsive=\"true\"><\/ins>\r\n<script>\r\n     (adsbygoogle = window.adsbygoogle || []).push({});\r\n<\/script><\/div><br style=\"clear: both; display: block; float: none;\"\/>","protected":false},"excerpt":{"rendered":"<p>Moldova Avrupa Entegrasyonu \u0130\u015fleri Ba\u015fbakan Yard\u0131mc\u0131s\u0131 Jurie Lyanka, Sofya\u2019da Bulgaristan Ba\u015fbakan Yard\u0131mc\u0131s\u0131 ve D\u0131\u015fi\u015fleri Bakan\u0131 Ekaterina Zaharieva ile g\u00f6r\u00fc\u015ft\u00fc. Zaharieva, Bulgaristan\u2019\u0131n Moldova\u2019n\u0131n Avrupa perspektifi i\u00e7in<\/p>\n","protected":false},"author":29,"featured_media":29409,"comment_status":"closed","ping_status":"closed","sticky":false,"template":"","format":"standard","meta":{"advanced_seo_description":"","jetpack_seo_html_title":"","jetpack_seo_noindex":false,"jetpack_seo_schema_type":"","_jetpack_newsletter_access":"","_jetpack_dont_email_post_to_subs":false,"_jetpack_newsletter_tier_id":0,"_jetpack_memberships_contains_paywalled_content":false,"_jetpack_feature_clip_id":0,"_jetpack_memberships_contains_paid_content":false,"footnotes":"","jetpack_post_was_ever_published":false},"categories":[1,4],"tags":[30,261],"class_list":["post-29408","post","type-post","status-publish","format-standard","has-post-thumbnail","hentry","category-haberler","category-siyaset","tag-bulgaristan","tag-moldova"],"jetpack_sharing_enabled":true,"jetpack_likes_enabled":true,"jetpack-related-posts":[],"jetpack_shortlink":"https:\/\/wp.me\/pc2PfJ-7Ek","jetpack_featured_media_url":"https:\/\/i0.wp.com\/www.bghaber.org\/bghaber\/wp-content\/uploads\/2018\/04\/moldova-Jurie-Lyanka-bulgaristan-Ekaterina-Zaharieva.jpg?fit=850%2C478&ssl=1","_links":{"self":[{"href":"https:\/\/www.bghaber.org\/bghaber\/wp-json\/wp\/v2\/posts\/29408","targetHints":{"allow":["GET"]}}],"collection":[{"href":"https:\/\/www.bghaber.org\/bghaber\/wp-json\/wp\/v2\/posts"}],"about":[{"href":"https:\/\/www.bghaber.org\/bghaber\/wp-json\/wp\/v2\/types\/post"}],"author":[{"embeddable":true,"href":"https:\/\/www.bghaber.org\/bghaber\/wp-json\/wp\/v2\/users\/29"}],"replies":[{"embeddable":true,"href":"https:\/\/www.bghaber.org\/bghaber\/wp-json\/wp\/v2\/comments?post=29408"}],"version-history":[{"count":0,"href":"https:\/\/www.bghaber.org\/bghaber\/wp-json\/wp\/v2\/posts\/29408\/revisions"}],"wp:featuredmedia":[{"embeddable":true,"href":"https:\/\/www.bghaber.org\/bghaber\/wp-json\/wp\/v2\/media\/29409"}],"wp:attachment":[{"href":"https:\/\/www.bghaber.org\/bghaber\/wp-json\/wp\/v2\/media?parent=29408"}],"wp:term":[{"taxonomy":"category","embeddable":true,"href":"https:\/\/www.bghaber.org\/bghaber\/wp-json\/wp\/v2\/categories?post=29408"},{"taxonomy":"post_tag","embeddable":true,"href":"https:\/\/www.bghaber.org\/bghaber\/wp-json\/wp\/v2\/tags?post=29408"}],"curies":[{"name":"wp","href":"https:\/\/api.w.org\/{rel}","templated":true}]}}