{"id":29405,"date":"2018-04-06T14:00:03","date_gmt":"2018-04-06T11:00:03","guid":{"rendered":"http:\/\/www.bghaber.org\/bghaber\/?p=29405"},"modified":"2019-06-30T23:37:08","modified_gmt":"2019-06-30T20:37:08","slug":"bulgaristan-rusya-buyukelcisini-degistirdi","status":"publish","type":"post","link":"https:\/\/www.bghaber.org\/bghaber\/bulgaristan-rusya-buyukelcisini-degistirdi\/","title":{"rendered":"Bulgaristan, Rusya b\u00fcy\u00fckel\u00e7isini de\u011fi\u015ftirdi"},"content":{"rendered":"<p>H\u00fck\u00fcmetin kapal\u0131 oturumunda Bulgaristan\u2019\u0131n yeni Rusya B\u00fcy\u00fckel\u00e7isi g\u00f6revine Cumhurba\u015fkan\u0131 Rumen Radev\u2019in d\u0131\u015f politika sekreteri Atanas Kr\u0131stin\u2019in tayin edilmesi karar\u0131 al\u0131nd\u0131.<\/p>\n<p>Rus taraf\u0131n\u0131n uygunluk yaz\u0131s\u0131 bekleniyor.<\/p>\n<p>Bulgaristan, \u015fimdiye kadar Moskova b\u00fcy\u00fckel\u00e7isi g\u00f6revini yapan Boyko Kotsev\u2019i Sergey Skripal olay\u0131 ile ilgili dan\u0131\u015fma amac\u0131 ile Sofya\u2019ya \u00e7a\u011f\u0131rd\u0131.<\/p>\n<p>&nbsp;<\/p>\n<p>BNR<\/p>\n<div id=\"bghab-1844393910\" class=\"bghab-yazi-altinda bghab-entity-placement\"><script async src=\"https:\/\/pagead2.googlesyndication.com\/pagead\/js\/adsbygoogle.js\"><\/script>\r\n<!-- bghaber-yaz\u0131-sonu -->\r\n<ins class=\"adsbygoogle\"\r\n     style=\"display:block\"\r\n     data-ad-client=\"ca-pub-6203283170189293\"\r\n     data-ad-slot=\"4222328180\"\r\n     data-ad-format=\"auto\"\r\n     data-full-width-responsive=\"true\"><\/ins>\r\n<script>\r\n     (adsbygoogle = window.adsbygoogle || []).push({});\r\n<\/script><\/div><br style=\"clear: both; display: block; float: none;\"\/>","protected":false},"excerpt":{"rendered":"<p>H\u00fck\u00fcmetin kapal\u0131 oturumunda Bulgaristan\u2019\u0131n yeni Rusya B\u00fcy\u00fckel\u00e7isi g\u00f6revine Cumhurba\u015fkan\u0131 Rumen Radev\u2019in d\u0131\u015f politika sekreteri Atanas Kr\u0131stin\u2019in tayin edilmesi karar\u0131 al\u0131nd\u0131. Rus taraf\u0131n\u0131n uygunluk yaz\u0131s\u0131 bekleniyor.<\/p>\n","protected":false},"author":29,"featured_media":29407,"comment_status":"closed","ping_status":"closed","sticky":false,"template":"","format":"standard","meta":{"advanced_seo_description":"","jetpack_seo_html_title":"","jetpack_seo_noindex":false,"jetpack_seo_schema_type":"","_jetpack_newsletter_access":"","_jetpack_dont_email_post_to_subs":false,"_jetpack_newsletter_tier_id":0,"_jetpack_memberships_contains_paywalled_content":false,"_jetpack_feature_clip_id":0,"_jetpack_memberships_contains_paid_content":false,"footnotes":"","jetpack_post_was_ever_published":false},"categories":[1,4],"tags":[30,125],"class_list":["post-29405","post","type-post","status-publish","format-standard","has-post-thumbnail","hentry","category-haberler","category-siyaset","tag-bulgaristan","tag-rusya"],"jetpack_sharing_enabled":true,"jetpack_likes_enabled":true,"jetpack-related-posts":[],"jetpack_shortlink":"https:\/\/wp.me\/pc2PfJ-7Eh","jetpack_featured_media_url":"https:\/\/i0.wp.com\/www.bghaber.org\/bghaber\/wp-content\/uploads\/2018\/04\/atanas-kristin-bulgaristanin-yeni-rusya-buyukelcisi.jpg?fit=750%2C422&ssl=1","_links":{"self":[{"href":"https:\/\/www.bghaber.org\/bghaber\/wp-json\/wp\/v2\/posts\/29405","targetHints":{"allow":["GET"]}}],"collection":[{"href":"https:\/\/www.bghaber.org\/bghaber\/wp-json\/wp\/v2\/posts"}],"about":[{"href":"https:\/\/www.bghaber.org\/bghaber\/wp-json\/wp\/v2\/types\/post"}],"author":[{"embeddable":true,"href":"https:\/\/www.bghaber.org\/bghaber\/wp-json\/wp\/v2\/users\/29"}],"replies":[{"embeddable":true,"href":"https:\/\/www.bghaber.org\/bghaber\/wp-json\/wp\/v2\/comments?post=29405"}],"version-history":[{"count":0,"href":"https:\/\/www.bghaber.org\/bghaber\/wp-json\/wp\/v2\/posts\/29405\/revisions"}],"wp:featuredmedia":[{"embeddable":true,"href":"https:\/\/www.bghaber.org\/bghaber\/wp-json\/wp\/v2\/media\/29407"}],"wp:attachment":[{"href":"https:\/\/www.bghaber.org\/bghaber\/wp-json\/wp\/v2\/media?parent=29405"}],"wp:term":[{"taxonomy":"category","embeddable":true,"href":"https:\/\/www.bghaber.org\/bghaber\/wp-json\/wp\/v2\/categories?post=29405"},{"taxonomy":"post_tag","embeddable":true,"href":"https:\/\/www.bghaber.org\/bghaber\/wp-json\/wp\/v2\/tags?post=29405"}],"curies":[{"name":"wp","href":"https:\/\/api.w.org\/{rel}","templated":true}]}}