{"id":29400,"date":"2018-04-06T12:30:24","date_gmt":"2018-04-06T09:30:24","guid":{"rendered":"http:\/\/www.bghaber.org\/bghaber\/?p=29400"},"modified":"2019-06-30T23:37:08","modified_gmt":"2019-06-30T20:37:08","slug":"iki-suclunun-cezaevinden-kacmasi-olayi-istifalara-yola-acti","status":"publish","type":"post","link":"https:\/\/www.bghaber.org\/bghaber\/iki-suclunun-cezaevinden-kacmasi-olayi-istifalara-yola-acti\/","title":{"rendered":"\u0130ki su\u00e7lunun cezaevinden ka\u00e7mas\u0131 olay\u0131, istifalara yola a\u00e7t\u0131"},"content":{"rendered":"<p>Ba\u015fbakan Boyko Borisov&#8217;un talimat\u0131 \u00fczerine Adalet Bakan\u0131 Tsetska Tsa\u00e7eva, &#8220;Ceza \u0130nfaz&#8221; Genel M\u00fcd\u00fcrl\u00fc\u011f\u00fc \u015fefi ve Sofya Merkez Cezaevi m\u00fcd\u00fcr\u00fcn\u00fcn istifalar\u0131n\u0131 istedi ve kabul etti.<\/p>\n<p>\u0130stifalara iki silahl\u0131 su\u00e7lunun cezaevinden ka\u00e7mas\u0131 olay\u0131 yol a\u00e7t\u0131. Bundan \u00f6nce ka\u00e7\u0131\u015f haz\u0131rl\u0131\u011f\u0131n\u0131n yap\u0131lmas\u0131 konusunda \u0130\u00e7i\u015fleri Bakanl\u0131\u011f\u0131 taraf\u0131ndan Adalet Bakanl\u0131\u011f\u0131na bilgi verildi\u011fi belirtildi.<\/p>\n<p>Olayla ilgili incelemeler s\u00fcr\u00fcyor. Ka\u00e7ak mahpuslar polis taraf\u0131ndan b\u00fct\u00fcn \u00fclkede aran\u0131yor.<\/p>\n<p>&nbsp;<\/p>\n<p>BNR<\/p>\n<div id=\"bghab-2632872602\" class=\"bghab-yazi-altinda bghab-entity-placement\"><script async src=\"https:\/\/pagead2.googlesyndication.com\/pagead\/js\/adsbygoogle.js\"><\/script>\r\n<!-- bghaber-yaz\u0131-sonu -->\r\n<ins class=\"adsbygoogle\"\r\n     style=\"display:block\"\r\n     data-ad-client=\"ca-pub-6203283170189293\"\r\n     data-ad-slot=\"4222328180\"\r\n     data-ad-format=\"auto\"\r\n     data-full-width-responsive=\"true\"><\/ins>\r\n<script>\r\n     (adsbygoogle = window.adsbygoogle || []).push({});\r\n<\/script><\/div><br style=\"clear: both; display: block; float: none;\"\/>","protected":false},"excerpt":{"rendered":"<p>Ba\u015fbakan Boyko Borisov&#8217;un talimat\u0131 \u00fczerine Adalet Bakan\u0131 Tsetska Tsa\u00e7eva, &#8220;Ceza \u0130nfaz&#8221; Genel M\u00fcd\u00fcrl\u00fc\u011f\u00fc \u015fefi ve Sofya Merkez Cezaevi m\u00fcd\u00fcr\u00fcn\u00fcn istifalar\u0131n\u0131 istedi ve kabul etti. \u0130stifalara<\/p>\n","protected":false},"author":29,"featured_media":26635,"comment_status":"closed","ping_status":"closed","sticky":false,"template":"","format":"standard","meta":{"advanced_seo_description":"","jetpack_seo_html_title":"","jetpack_seo_noindex":false,"jetpack_seo_schema_type":"","_jetpack_newsletter_access":"","_jetpack_dont_email_post_to_subs":false,"_jetpack_newsletter_tier_id":0,"_jetpack_memberships_contains_paywalled_content":false,"_jetpack_feature_clip_id":0,"_jetpack_memberships_contains_paid_content":false,"footnotes":"","jetpack_post_was_ever_published":false},"categories":[1,4],"tags":[122,51],"class_list":["post-29400","post","type-post","status-publish","format-standard","has-post-thumbnail","hentry","category-haberler","category-siyaset","tag-boyko-borisov","tag-sofya"],"jetpack_sharing_enabled":true,"jetpack_likes_enabled":true,"jetpack-related-posts":[],"jetpack_shortlink":"https:\/\/wp.me\/pc2PfJ-7Ec","jetpack_featured_media_url":"https:\/\/i0.wp.com\/www.bghaber.org\/bghaber\/wp-content\/uploads\/2018\/01\/hapis-gardiyan.jpg?fit=798%2C448&ssl=1","_links":{"self":[{"href":"https:\/\/www.bghaber.org\/bghaber\/wp-json\/wp\/v2\/posts\/29400","targetHints":{"allow":["GET"]}}],"collection":[{"href":"https:\/\/www.bghaber.org\/bghaber\/wp-json\/wp\/v2\/posts"}],"about":[{"href":"https:\/\/www.bghaber.org\/bghaber\/wp-json\/wp\/v2\/types\/post"}],"author":[{"embeddable":true,"href":"https:\/\/www.bghaber.org\/bghaber\/wp-json\/wp\/v2\/users\/29"}],"replies":[{"embeddable":true,"href":"https:\/\/www.bghaber.org\/bghaber\/wp-json\/wp\/v2\/comments?post=29400"}],"version-history":[{"count":0,"href":"https:\/\/www.bghaber.org\/bghaber\/wp-json\/wp\/v2\/posts\/29400\/revisions"}],"wp:featuredmedia":[{"embeddable":true,"href":"https:\/\/www.bghaber.org\/bghaber\/wp-json\/wp\/v2\/media\/26635"}],"wp:attachment":[{"href":"https:\/\/www.bghaber.org\/bghaber\/wp-json\/wp\/v2\/media?parent=29400"}],"wp:term":[{"taxonomy":"category","embeddable":true,"href":"https:\/\/www.bghaber.org\/bghaber\/wp-json\/wp\/v2\/categories?post=29400"},{"taxonomy":"post_tag","embeddable":true,"href":"https:\/\/www.bghaber.org\/bghaber\/wp-json\/wp\/v2\/tags?post=29400"}],"curies":[{"name":"wp","href":"https:\/\/api.w.org\/{rel}","templated":true}]}}