{"id":29182,"date":"2018-04-01T12:30:42","date_gmt":"2018-04-01T09:30:42","guid":{"rendered":"http:\/\/www.bghaber.org\/bghaber\/?p=29182"},"modified":"2019-07-01T00:09:03","modified_gmt":"2019-06-30T21:09:03","slug":"radev-milli-kan-bagisi-kampanyasi-icin-kan-bagisinda-bulundu","status":"publish","type":"post","link":"https:\/\/www.bghaber.org\/bghaber\/radev-milli-kan-bagisi-kampanyasi-icin-kan-bagisinda-bulundu\/","title":{"rendered":"Radev &#8220;Milli Kan Ba\u011f\u0131\u015f\u0131 Kampanyas\u0131&#8221; i\u00e7in kan ba\u011f\u0131\u015f\u0131nda bulundu"},"content":{"rendered":"<p>Cumhurba\u015fkan\u0131 Rumen Radev, \u201cMum Yak\u0131n, Kan Ba\u011f\u0131\u015flay\u0131n, \u015eimdi Hayat Ba\u011f\u0131\u015flay\u0131n\u201d Milli Kan Ba\u011f\u0131\u015f\u0131 Kampanyas\u0131 \u00e7er\u00e7evesinde kan ba\u011f\u0131\u015f\u0131nda bulundu.<\/p>\n<p>Bunu kampanyay\u0131 ba\u015flatan Bulgaristan K\u0131z\u0131lha\u00e7 \u00d6rg\u00fct\u00fc yetkilileri bildirdi. Radev, her ba\u011f\u0131\u015flanan kan damlas\u0131 ile bir hayat kurtar\u0131ld\u0131\u011f\u0131na, ancak bunun yan\u0131 s\u0131ra insanl\u0131k da ba\u011f\u0131\u015fland\u0131\u011f\u0131na i\u015faret etti.<\/p>\n<p>Cumhurba\u015fkanl\u0131\u011f\u0131 ve Milli Savunma Dairesi g\u00f6revlileri de giri\u015fime kat\u0131ld\u0131.<\/p>\n<p>&nbsp;<\/p>\n<p>BNR<\/p><div id=\"bghab-384342631\" class=\"bghab-icerik-icine bghab-entity-placement\"><script async src=\"\/\/pagead2.googlesyndication.com\/pagead\/js\/adsbygoogle.js?client=ca-pub-6203283170189293\" crossorigin=\"anonymous\"><\/script><ins class=\"adsbygoogle\" style=\"display:block; text-align:center;\" data-ad-client=\"ca-pub-6203283170189293\" \ndata-ad-slot=\"7303146466\" \ndata-ad-layout=\"in-article\"\ndata-ad-format=\"fluid\" data-full-width-responsive=\"true\"><\/ins>\n<script> \n(adsbygoogle = window.adsbygoogle || []).push({}); \n<\/script>\n<\/div>\n<div id=\"bghab-1206277524\" class=\"bghab-yazi-altinda bghab-entity-placement\"><div class=\"bghab-adlabel\">Reklamlar<\/div><script async src=\"https:\/\/pagead2.googlesyndication.com\/pagead\/js\/adsbygoogle.js\"><\/script>\r\n<!-- bghaber-yaz\u0131-sonu -->\r\n<ins class=\"adsbygoogle\"\r\n     style=\"display:block\"\r\n     data-ad-client=\"ca-pub-6203283170189293\"\r\n     data-ad-slot=\"4222328180\"\r\n     data-ad-format=\"auto\"\r\n     data-full-width-responsive=\"true\"><\/ins>\r\n<script>\r\n     (adsbygoogle = window.adsbygoogle || []).push({});\r\n<\/script><\/div><br style=\"clear: both; display: block; float: none;\"\/>","protected":false},"excerpt":{"rendered":"<p>Cumhurba\u015fkan\u0131 Rumen Radev, \u201cMum Yak\u0131n, Kan Ba\u011f\u0131\u015flay\u0131n, \u015eimdi Hayat Ba\u011f\u0131\u015flay\u0131n\u201d Milli Kan Ba\u011f\u0131\u015f\u0131 Kampanyas\u0131 \u00e7er\u00e7evesinde kan ba\u011f\u0131\u015f\u0131nda bulundu. Bunu kampanyay\u0131 ba\u015flatan Bulgaristan K\u0131z\u0131lha\u00e7 \u00d6rg\u00fct\u00fc yetkilileri<\/p>\n","protected":false},"author":29,"featured_media":29183,"comment_status":"closed","ping_status":"closed","sticky":false,"template":"","format":"standard","meta":{"advanced_seo_description":"","jetpack_seo_html_title":"","jetpack_seo_noindex":false,"_jetpack_memberships_contains_paid_content":false,"footnotes":""},"categories":[1,7],"tags":[],"class_list":["post-29182","post","type-post","status-publish","format-standard","has-post-thumbnail","hentry","category-haberler","category-saglik-spor"],"jetpack_featured_media_url":"https:\/\/i0.wp.com\/www.bghaber.org\/bghaber\/wp-content\/uploads\/2018\/04\/milli-kan-bagisi-kampanyasi-bulgaristanda.jpg?fit=850%2C478&ssl=1","jetpack_sharing_enabled":true,"jetpack_likes_enabled":true,"jetpack-related-posts":[],"jetpack_shortlink":"https:\/\/wp.me\/pc2PfJ-7AG","_links":{"self":[{"href":"https:\/\/www.bghaber.org\/bghaber\/wp-json\/wp\/v2\/posts\/29182","targetHints":{"allow":["GET"]}}],"collection":[{"href":"https:\/\/www.bghaber.org\/bghaber\/wp-json\/wp\/v2\/posts"}],"about":[{"href":"https:\/\/www.bghaber.org\/bghaber\/wp-json\/wp\/v2\/types\/post"}],"author":[{"embeddable":true,"href":"https:\/\/www.bghaber.org\/bghaber\/wp-json\/wp\/v2\/users\/29"}],"replies":[{"embeddable":true,"href":"https:\/\/www.bghaber.org\/bghaber\/wp-json\/wp\/v2\/comments?post=29182"}],"version-history":[{"count":0,"href":"https:\/\/www.bghaber.org\/bghaber\/wp-json\/wp\/v2\/posts\/29182\/revisions"}],"wp:featuredmedia":[{"embeddable":true,"href":"https:\/\/www.bghaber.org\/bghaber\/wp-json\/wp\/v2\/media\/29183"}],"wp:attachment":[{"href":"https:\/\/www.bghaber.org\/bghaber\/wp-json\/wp\/v2\/media?parent=29182"}],"wp:term":[{"taxonomy":"category","embeddable":true,"href":"https:\/\/www.bghaber.org\/bghaber\/wp-json\/wp\/v2\/categories?post=29182"},{"taxonomy":"post_tag","embeddable":true,"href":"https:\/\/www.bghaber.org\/bghaber\/wp-json\/wp\/v2\/tags?post=29182"}],"curies":[{"name":"wp","href":"https:\/\/api.w.org\/{rel}","templated":true}]}}