{"id":29171,"date":"2018-04-01T14:00:31","date_gmt":"2018-04-01T11:00:31","guid":{"rendered":"http:\/\/www.bghaber.org\/bghaber\/?p=29171"},"modified":"2019-06-30T23:42:14","modified_gmt":"2019-06-30T20:42:14","slug":"bulgaristanda-uretici-fiyat-endeksi-yuzde-24-artti","status":"publish","type":"post","link":"https:\/\/www.bghaber.org\/bghaber\/bulgaristanda-uretici-fiyat-endeksi-yuzde-24-artti\/","title":{"rendered":"Bulgaristan\u2019da \u00fcretici fiyat endeksi y\u00fczde 2,4 artt\u0131"},"content":{"rendered":"<p>Ulusal \u0130statistik Enstit\u00fcs\u00fc\u2019n\u00fcn(NSI) verilerine g\u00f6re toplam \u00fcretici fiyat endeksi, \u015eubat 2018&#8217;de ge\u00e7en y\u0131l\u0131n ayn\u0131 ay\u0131na g\u00f6re y\u00fczde 2,4 artt\u0131.<\/p>\n<p>\u015eubat 2018&#8217;de elektrik, \u0131s\u0131 ve do\u011falgaz \u00fcretimi ve da\u011f\u0131t\u0131m fiyatlar\u0131nda y\u00fczde 11,7 oran\u0131nda ve madencilik sekt\u00f6r\u00fcne ili\u015fkin \u00fcr\u00fcnlerin fiyatlar\u0131nda y\u00fczde 0,1 oran\u0131nda art\u0131\u015f oldu. Fiyatlarda imalat sekt\u00f6r\u00fcnde bir d\u00fc\u015f\u00fc\u015f kaydedildi, ancak bu d\u00fc\u015f\u00fc\u015f sadece y\u00fczde 0,1 oran\u0131ndad\u0131r.<\/p>\n<p>\u0130malat sanayi sekt\u00f6r\u00fcnde t\u00fct\u00fcn mamulleri fiyatlar\u0131nda y\u00fczde 7 oranla daha \u00f6nemli bir d\u00fc\u015f\u00fc\u015f g\u00f6zlendi. Otomobil hari\u00e7 ta\u015f\u0131t arac\u0131 \u00fcretimi fiyatlar\u0131nda d\u00fc\u015f\u00fc\u015f y\u00fczde 2,5&#8217;dir. Mobilya hari\u00e7 ah\u015fap ve a\u011fa\u00e7 \u00fcr\u00fcnleri \u00fcretimi fiyatlar\u0131nda y\u00fczde 6,1 oran\u0131nda, ayr\u0131ca ka\u011f\u0131t ve ka\u011f\u0131t \u00fcr\u00fcnleri imalat\u0131na ili\u015fkin fiyatlarda y\u00fczde 5,8 oran\u0131nda art\u0131\u015f kaydedildi.<\/p>\n<p>\u015eubat 2018&#8217;de sanayi \u00fcretimi fiyatlar\u0131na ili\u015fkin veriler, \u00f6nceki Ocak ay\u0131na g\u00f6re, toplam \u00fcretici fiyat endeksinin y\u00fczde 0,6 oran\u0131nda d\u00fc\u015ft\u00fc\u011f\u00fcn\u00fc g\u00f6stermektedir. \u0130malat \u00fcr\u00fcnleri fiyatlar\u0131nda y\u00fczde 0,8 oran\u0131nda, elektrik, \u0131s\u0131 ve do\u011falgaz \u00fcretimi ve da\u011f\u0131t\u0131m fiyatlar\u0131nda y\u00fczde 0,1 oran\u0131nda daha d\u00fc\u015f\u00fck fiyatlar kaydedilirken, madencilik sekt\u00f6r\u00fcne ili\u015fkin fiyatlarda ise az da olsa y\u00fczde 0,1 oran\u0131nda art\u0131\u015f kaydedildi.<\/p>\n<p>Ocak 2018&#8217;e g\u00f6re, imalat sekt\u00f6r\u00fcne ili\u015fkin temel metal \u00fcr\u00fcnleri fiyatlar\u0131nda y\u00fczde 1,5 oran\u0131nda ve t\u00fct\u00fcn mamulleri fiyatlar\u0131nda y\u00fczde 1,4 oran\u0131nda daha belirgin bir d\u00fc\u015f\u00fc\u015f ya\u015fand\u0131. Ayn\u0131 d\u00f6nemde deri i\u015fleme ve deri \u00fcr\u00fcnleri fiyatlar\u0131nda y\u00fczde 1, 2 oran\u0131nda, ka\u011f\u0131t, mukavva ve di\u011fer ka\u011f\u0131t ve karton \u00fcr\u00fcnleri ve di\u011fer metalik olmayan mineral \u00fcr\u00fcnlerinin imalat\u0131na ili\u015fkin fiyatlarda y\u00fczde 0,5 oran\u0131nda art\u0131\u015f kaydedildi.<\/p><div id=\"bghab-3322401961\" class=\"bghab-icerik-icine bghab-entity-placement\"><script async src=\"\/\/pagead2.googlesyndication.com\/pagead\/js\/adsbygoogle.js?client=ca-pub-6203283170189293\" crossorigin=\"anonymous\"><\/script><ins class=\"adsbygoogle\" style=\"display:block; text-align:center;\" data-ad-client=\"ca-pub-6203283170189293\" \ndata-ad-slot=\"7303146466\" \ndata-ad-layout=\"in-article\"\ndata-ad-format=\"fluid\" data-full-width-responsive=\"true\"><\/ins>\n<script> \n(adsbygoogle = window.adsbygoogle || []).push({}); \n<\/script>\n<\/div>\n<p>\u015eubat 2018&#8217;de 2017 y\u0131l\u0131n\u0131n ayn\u0131 ay\u0131na g\u00f6re, yurti\u00e7i \u00fcretici fiyat endeksi y\u00fczde 4,4 oran\u0131nda artt\u0131. Elektrik, \u0131s\u0131 ve do\u011falgaz \u00fcretimi ve da\u011f\u0131t\u0131m fiyatlar\u0131nda y\u00fczde 12,1 oran\u0131nda, madencilik sekt\u00f6r\u00fcne ili\u015fkin fiyatlarda y\u00fczde 1,5 oran\u0131nda ve imalat sekt\u00f6r\u00fcne ili\u015fkin fiyatlarda y\u00fczde 0,3 oran\u0131nda art\u0131\u015f kaydedildi.<\/p>\n<p>Bu d\u00f6nemde imalat sekt\u00f6r\u00fcnde mobilya hari\u00e7 ah\u015fap ve a\u011fa\u00e7 \u00fcr\u00fcnleri \u00fcretimi fiyatlar\u0131nda y\u00fczde 6 oran\u0131nda ve elektrik tesisi \u00fcretimi fiyatlar\u0131nda y\u00fczde 2, 7 oran\u0131nda bir art\u0131\u015f g\u00f6zlendi. T\u00fct\u00fcn \u00fcr\u00fcnleri \u00fcretimi fiyatlar\u0131nda y\u00fczde 8,3 ve kau\u00e7uk ve plastik \u00fcr\u00fcnlerin imalat\u0131na ili\u015fkin fiyatlarda y\u00fczde 0,9 oran\u0131nda bir d\u00fc\u015f\u00fc\u015f g\u00f6zlendi.<\/p>\n<p>Ocak 2018&#8217;e k\u0131yasla \u015eubat ay\u0131nda yurt i\u00e7i \u00fcretici fiyat endeksinde y\u00fczde 0,5 oran\u0131nda d\u00fc\u015f\u00fc\u015f oldu. Madencilik sekt\u00f6r\u00fcne ili\u015fkin fiyatlarda y\u00fczde 1,5 oran\u0131nda, imalat sekt\u00f6r\u00fcne ili\u015fkin fiyatlarda y\u00fczde 0,7 oran\u0131nda d\u00fc\u015f\u00fc\u015f kaydedilirken, elektrik, \u0131s\u0131 ve do\u011falgaz \u00fcretimi ve da\u011f\u0131t\u0131m fiyatlar\u0131nda bir de\u011fi\u015fiklik g\u00f6r\u00fclmedi.<\/p>\n<p>\u0130malat sekt\u00f6r\u00fcne ili\u015fkin \u00fcr\u00fcnlerin fiyatlar\u0131nda bir \u00f6nceki aya g\u00f6re d\u00fc\u015f\u00fc\u015f, y\u00fczde 2,3 oranla t\u00fct\u00fcn mamullerinde ve y\u00fczde 1,8 oranla temel metal \u00fcretiminde g\u00f6zlenmektedir.<br \/>\n\u015eubat 2018&#8217;de yurt d\u0131\u015f\u0131 \u00fcretici fiyat endeksi, 2017 y\u0131l\u0131n\u0131n ayn\u0131 ay\u0131na g\u00f6re y\u00fczde 0,5 d\u00fc\u015ft\u00fc.<\/p>\n<p>\u0130malat sekt\u00f6r\u00fcne ili\u015fkin fiyatlar y\u00fczde 0,5 d\u00fc\u015ft\u00fc. Otomobil hari\u00e7 ta\u015f\u0131t arac\u0131 \u00fcretimi fiyatlar\u0131nda y\u00fczde 4,3 oran\u0131nda, t\u00fct\u00fcn \u00fcr\u00fcnleri ve kimyasal \u00fcr\u00fcnleri \u00fcretimi fiyatlar\u0131nda y\u00fczde 3,8 oran\u0131nda d\u00fc\u015f\u00fc\u015f kaydedildi. Ka\u011f\u0131t, mukavva ve di\u011fer ka\u011f\u0131t ve karton \u00fcr\u00fcnleri \u00fcretimi fiyatlar\u0131nda y\u00fczde 12,0 oran\u0131nda ve mobilya hari\u00e7 ah\u015fap ve a\u011fa\u00e7 \u00fcr\u00fcnleri \u00fcretimi fiyatlar\u0131nda y\u00fczde 6,3 oran\u0131nda art\u0131\u015f kaydedildi.<\/p><div id=\"bghab-966057892\" class=\"bghab-icerik-icine-10-paragraf bghab-entity-placement\"><script async src=\"\/\/pagead2.googlesyndication.com\/pagead\/js\/adsbygoogle.js?client=ca-pub-6203283170189293\" crossorigin=\"anonymous\"><\/script><ins class=\"adsbygoogle\" style=\"display:block; text-align:center;\" data-ad-client=\"ca-pub-6203283170189293\" \ndata-ad-slot=\"7303146466\" \ndata-ad-layout=\"in-article\"\ndata-ad-format=\"fluid\" data-full-width-responsive=\"true\"><\/ins>\n<script> \n(adsbygoogle = window.adsbygoogle || []).push({}); \n<\/script>\n<\/div>\n<p>Ocak 2018&#8217;e g\u00f6re, bu y\u0131l \u015eubat ay\u0131nda yurt d\u0131\u015f\u0131 \u00fcretici fiyat endeksi y\u00fczde 0,8 oran\u0131nda d\u00fc\u015ft\u00fc. \u0130malat sanayi sekt\u00f6r\u00fcne ili\u015fkin fiyatlar y\u00fczde 0,8 oran\u0131nda d\u00fc\u015ft\u00fc. Temel metallerin imalat\u0131na ili\u015fkin fiyatlarda y\u00fczde 1,5 oran\u0131nda, kau\u00e7uk ve plastik \u00fcr\u00fcnleri fiyatlar\u0131nda y\u00fczde 0,6 oran\u0131nda ve t\u0131bbi madde ve \u00fcr\u00fcnleri \u00fcretimi fiyatlar\u0131nda y\u00fczde 0,5 oran\u0131nda daha \u00f6nemli bir d\u00fc\u015f\u00fc\u015f kaydedildi. Deri i\u015fleme ve k\u0131ls\u0131z deri \u00fcr\u00fcnleri fiyatlar\u0131nda y\u00fczde 1, 8 oran\u0131nda, t\u00fct\u00fcn \u00fcr\u00fcnleri imalat\u0131na ili\u015fkin fiyatlarda ve ba\u015fka metalik olmayan mineral \u00fcr\u00fcnleri imalat\u0131na ili\u015fkin fiyatlarda y\u00fczde 1,0 oran\u0131nda art\u0131\u015f kaydedildi.<\/p>\n<p>&nbsp;<\/p>\n<p>K\u0131rcaali Haber<\/p>\n<div id=\"bghab-539967197\" class=\"bghab-yazi-altinda bghab-entity-placement\"><div class=\"bghab-adlabel\">Reklamlar<\/div><script async src=\"https:\/\/pagead2.googlesyndication.com\/pagead\/js\/adsbygoogle.js\"><\/script>\r\n<!-- bghaber-yaz\u0131-sonu -->\r\n<ins class=\"adsbygoogle\"\r\n     style=\"display:block\"\r\n     data-ad-client=\"ca-pub-6203283170189293\"\r\n     data-ad-slot=\"4222328180\"\r\n     data-ad-format=\"auto\"\r\n     data-full-width-responsive=\"true\"><\/ins>\r\n<script>\r\n     (adsbygoogle = window.adsbygoogle || []).push({});\r\n<\/script><\/div><br style=\"clear: both; display: block; float: none;\"\/>","protected":false},"excerpt":{"rendered":"<p>Ulusal \u0130statistik Enstit\u00fcs\u00fc\u2019n\u00fcn(NSI) verilerine g\u00f6re toplam \u00fcretici fiyat endeksi, \u015eubat 2018&#8217;de ge\u00e7en y\u0131l\u0131n ayn\u0131 ay\u0131na g\u00f6re y\u00fczde 2,4 artt\u0131. \u015eubat 2018&#8217;de elektrik, \u0131s\u0131 ve do\u011falgaz<\/p>\n","protected":false},"author":29,"featured_media":26954,"comment_status":"closed","ping_status":"closed","sticky":false,"template":"","format":"standard","meta":{"advanced_seo_description":"","jetpack_seo_html_title":"","jetpack_seo_noindex":false,"_jetpack_memberships_contains_paid_content":false,"footnotes":""},"categories":[9,1],"tags":[],"class_list":["post-29171","post","type-post","status-publish","format-standard","has-post-thumbnail","hentry","category-ekonomi","category-haberler"],"jetpack_featured_media_url":"https:\/\/i0.wp.com\/www.bghaber.org\/bghaber\/wp-content\/uploads\/2018\/02\/enflasyon-ekonomi.jpeg?fit=640%2C359&ssl=1","jetpack_sharing_enabled":true,"jetpack_likes_enabled":true,"jetpack-related-posts":[],"jetpack_shortlink":"https:\/\/wp.me\/pc2PfJ-7Av","_links":{"self":[{"href":"https:\/\/www.bghaber.org\/bghaber\/wp-json\/wp\/v2\/posts\/29171","targetHints":{"allow":["GET"]}}],"collection":[{"href":"https:\/\/www.bghaber.org\/bghaber\/wp-json\/wp\/v2\/posts"}],"about":[{"href":"https:\/\/www.bghaber.org\/bghaber\/wp-json\/wp\/v2\/types\/post"}],"author":[{"embeddable":true,"href":"https:\/\/www.bghaber.org\/bghaber\/wp-json\/wp\/v2\/users\/29"}],"replies":[{"embeddable":true,"href":"https:\/\/www.bghaber.org\/bghaber\/wp-json\/wp\/v2\/comments?post=29171"}],"version-history":[{"count":0,"href":"https:\/\/www.bghaber.org\/bghaber\/wp-json\/wp\/v2\/posts\/29171\/revisions"}],"wp:featuredmedia":[{"embeddable":true,"href":"https:\/\/www.bghaber.org\/bghaber\/wp-json\/wp\/v2\/media\/26954"}],"wp:attachment":[{"href":"https:\/\/www.bghaber.org\/bghaber\/wp-json\/wp\/v2\/media?parent=29171"}],"wp:term":[{"taxonomy":"category","embeddable":true,"href":"https:\/\/www.bghaber.org\/bghaber\/wp-json\/wp\/v2\/categories?post=29171"},{"taxonomy":"post_tag","embeddable":true,"href":"https:\/\/www.bghaber.org\/bghaber\/wp-json\/wp\/v2\/tags?post=29171"}],"curies":[{"name":"wp","href":"https:\/\/api.w.org\/{rel}","templated":true}]}}