{"id":29169,"date":"2018-04-01T13:00:19","date_gmt":"2018-04-01T10:00:19","guid":{"rendered":"http:\/\/www.bghaber.org\/bghaber\/?p=29169"},"modified":"2019-06-30T23:42:14","modified_gmt":"2019-06-30T20:42:14","slug":"emekli-maaslari-hesaplanirken-1997den-sonra-sigorta-geliri-dikkate-alinacak","status":"publish","type":"post","link":"https:\/\/www.bghaber.org\/bghaber\/emekli-maaslari-hesaplanirken-1997den-sonra-sigorta-geliri-dikkate-alinacak\/","title":{"rendered":"Emekli maa\u015flar\u0131 hesaplan\u0131rken 1997\u2019den sonra sigorta geliri dikkate al\u0131nacak"},"content":{"rendered":"<p>BTV\u2019ye konu\u015fan \u00c7al\u0131\u015fma ve Sosyal Politikalar Bakan\u0131 Biser Petkov, \u201cGelecek y\u0131ldan itibaren emekli maa\u015f\u0131 hesaplan\u0131rken 1997 y\u0131l\u0131ndan sonra sosyal sigorta kay\u0131tlar\u0131nda yer alan verilere g\u00f6re sigorta prim geliri dikkate al\u0131nacakt\u0131r. B\u00f6ylece uzun s\u00fcredir var olmayan firmalar dahil olmak \u00fczere ba\u015fvuran vatanda\u015flar taraf\u0131ndan i\u015fyerlerinden belgeler al\u0131nmas\u0131 gerekmeyecektir\u201d diye duyurdu.<\/p>\n<p>Bakan, \u201cB\u00f6ylece emekli maa\u015fa tavan uygulamas\u0131 da kald\u0131r\u0131lacak, \u00e7\u00fcnk\u00fc 1990&#8217;lar\u0131n sonunda emekli maa\u015flar\u0131n\u0131n do\u011fal bir d\u00fczenleyicisi olarak azami sigorta geliri uygulamas\u0131 getirildi. Eski emekli maa\u015flar\u0131 i\u00e7in tavan azami sigorta gelirinin y\u00fczde 40&#8217;\u0131 miktar\u0131na y\u00fckseltilecektir.<\/p>\n<p>Emeklilik ya\u015f\u0131ndaki art\u0131\u015f ve katk\u0131lardaki art\u0131\u015f, en ge\u00e7 2037 y\u0131l\u0131na kadar sosyal sigorta sistemini stabilize etmi\u015ftir. Ancak 2037 y\u0131l\u0131ndan sonra \u00e7al\u0131\u015fan n\u00fcfusun ya\u015flanmas\u0131 ve azalmas\u0131 e\u011filimi devam ederse, bu e\u011filim sosyal sigorta sistemi dengesinde k\u00f6t\u00fcle\u015fmeye neden olacak ve yeni \u00f6nlemler al\u0131nmas\u0131 gerekecek\u201d diye belirtti.<\/p>\n<p>Bakan, \u015fimdi de devlet sosyal g\u00fcvenlik sisteminin ulusal b\u00fct\u00e7eden ayr\u0131lan 4, 2 milyon leva kaynakla desteklenmesi icap etti\u011fini ve s\u00fcbvansiyonun muhtemelen artaca\u011f\u0131n\u0131 s\u00f6yledi. Petkov, Ulusal Sigorta Enstit\u00fcs\u00fc\u2019n\u00fcn (NS\u0130) verilerine g\u00f6re sadece 2015 y\u0131l\u0131 i\u00e7in birikmi\u015f emeklilik haklar\u0131n\u0131n 150 milyar leva de\u011ferinde oldu\u011funu ve bunlardan sadece 9 milyar\u0131n\u0131n \u00fc\u00e7\u00fcnc\u00fc ayak sigorta primlerinden elde edilen varl\u0131klarla g\u00fcvence alt\u0131na al\u0131nd\u0131\u011f\u0131n\u0131 belirtti. Geri kalan emeklilik haklar\u0131 i\u00e7in gelecekteki i\u015f\u00e7ilere bel ba\u011flanaca\u011f\u0131 anla\u015f\u0131ld\u0131.<\/p>\n<p>&nbsp;<\/p><div id=\"bghab-3304248604\" class=\"bghab-icerik-icine bghab-entity-placement\"><script async src=\"\/\/pagead2.googlesyndication.com\/pagead\/js\/adsbygoogle.js?client=ca-pub-6203283170189293\" crossorigin=\"anonymous\"><\/script><ins class=\"adsbygoogle\" style=\"display:block; text-align:center;\" data-ad-client=\"ca-pub-6203283170189293\" \ndata-ad-slot=\"7303146466\" \ndata-ad-layout=\"in-article\"\ndata-ad-format=\"fluid\" data-full-width-responsive=\"true\"><\/ins>\n<script> \n(adsbygoogle = window.adsbygoogle || []).push({}); \n<\/script>\n<\/div>\n<p>K\u0131rcaali Haber<\/p>\n<div id=\"bghab-924725616\" class=\"bghab-yazi-altinda bghab-entity-placement\"><div class=\"bghab-adlabel\">Reklamlar<\/div><script async src=\"https:\/\/pagead2.googlesyndication.com\/pagead\/js\/adsbygoogle.js\"><\/script>\r\n<!-- bghaber-yaz\u0131-sonu -->\r\n<ins class=\"adsbygoogle\"\r\n     style=\"display:block\"\r\n     data-ad-client=\"ca-pub-6203283170189293\"\r\n     data-ad-slot=\"4222328180\"\r\n     data-ad-format=\"auto\"\r\n     data-full-width-responsive=\"true\"><\/ins>\r\n<script>\r\n     (adsbygoogle = window.adsbygoogle || []).push({});\r\n<\/script><\/div><br style=\"clear: both; display: block; float: none;\"\/>","protected":false},"excerpt":{"rendered":"<p>BTV\u2019ye konu\u015fan \u00c7al\u0131\u015fma ve Sosyal Politikalar Bakan\u0131 Biser Petkov, \u201cGelecek y\u0131ldan itibaren emekli maa\u015f\u0131 hesaplan\u0131rken 1997 y\u0131l\u0131ndan sonra sosyal sigorta kay\u0131tlar\u0131nda yer alan verilere g\u00f6re<\/p>\n","protected":false},"author":29,"featured_media":26149,"comment_status":"closed","ping_status":"closed","sticky":false,"template":"","format":"standard","meta":{"advanced_seo_description":"","jetpack_seo_html_title":"","jetpack_seo_noindex":false,"_jetpack_memberships_contains_paid_content":false,"footnotes":""},"categories":[5],"tags":[],"class_list":["post-29169","post","type-post","status-publish","format-standard","has-post-thumbnail","hentry","category-yasam"],"jetpack_featured_media_url":"https:\/\/i0.wp.com\/www.bghaber.org\/bghaber\/wp-content\/uploads\/2018\/01\/calisma-ve-Sosyal-Politikalar-Bakani-Biser-Petkov-e1560537726871.jpg?fit=500%2C334&ssl=1","jetpack_sharing_enabled":true,"jetpack_likes_enabled":true,"jetpack-related-posts":[],"jetpack_shortlink":"https:\/\/wp.me\/pc2PfJ-7At","_links":{"self":[{"href":"https:\/\/www.bghaber.org\/bghaber\/wp-json\/wp\/v2\/posts\/29169","targetHints":{"allow":["GET"]}}],"collection":[{"href":"https:\/\/www.bghaber.org\/bghaber\/wp-json\/wp\/v2\/posts"}],"about":[{"href":"https:\/\/www.bghaber.org\/bghaber\/wp-json\/wp\/v2\/types\/post"}],"author":[{"embeddable":true,"href":"https:\/\/www.bghaber.org\/bghaber\/wp-json\/wp\/v2\/users\/29"}],"replies":[{"embeddable":true,"href":"https:\/\/www.bghaber.org\/bghaber\/wp-json\/wp\/v2\/comments?post=29169"}],"version-history":[{"count":0,"href":"https:\/\/www.bghaber.org\/bghaber\/wp-json\/wp\/v2\/posts\/29169\/revisions"}],"wp:featuredmedia":[{"embeddable":true,"href":"https:\/\/www.bghaber.org\/bghaber\/wp-json\/wp\/v2\/media\/26149"}],"wp:attachment":[{"href":"https:\/\/www.bghaber.org\/bghaber\/wp-json\/wp\/v2\/media?parent=29169"}],"wp:term":[{"taxonomy":"category","embeddable":true,"href":"https:\/\/www.bghaber.org\/bghaber\/wp-json\/wp\/v2\/categories?post=29169"},{"taxonomy":"post_tag","embeddable":true,"href":"https:\/\/www.bghaber.org\/bghaber\/wp-json\/wp\/v2\/tags?post=29169"}],"curies":[{"name":"wp","href":"https:\/\/api.w.org\/{rel}","templated":true}]}}