{"id":29167,"date":"2018-04-01T12:00:23","date_gmt":"2018-04-01T09:00:23","guid":{"rendered":"http:\/\/www.bghaber.org\/bghaber\/?p=29167"},"modified":"2019-07-01T00:09:04","modified_gmt":"2019-06-30T21:09:04","slug":"bulgaristan-rus-diplomatlari-sinir-disi-etmeyecek","status":"publish","type":"post","link":"https:\/\/www.bghaber.org\/bghaber\/bulgaristan-rus-diplomatlari-sinir-disi-etmeyecek\/","title":{"rendered":"Bulgaristan, Rus diplomatlar\u0131 s\u0131n\u0131r d\u0131\u015f\u0131 etmeyecek"},"content":{"rendered":"<p>Bulgaristan Ba\u015fbakan\u0131 Boyko Borisov, \u0130ngiltere&#8217;ye tam destek verdiklerini belirterek, &#8220;Ancak bu a\u015famada Rus diplomatlar\u0131 s\u0131n\u0131r d\u0131\u015f\u0131 etmeyece\u011fiz.&#8221; dedi.<\/p>\n<p>Borisov, Ba\u015fbakanl\u0131kta d\u00fczenlenen G\u00fcvenlik Konseyi toplant\u0131s\u0131n\u0131n ard\u0131ndan yapt\u0131\u011f\u0131 a\u00e7\u0131klamada, Moskova\u2019daki Bulgaristan B\u00fcy\u00fckel\u00e7isi Boyko Kotzev\u2019in sadece isti\u015fareye \u00e7a\u011fr\u0131ld\u0131\u011f\u0131n\u0131, Sofya\u2019ya geri \u00e7ekilmedi\u011fini s\u00f6yledi.<\/p>\n<p>Ba\u015fbakan Borisov, &#8220;B\u00fcy\u00fck Britanya\u2019ya tam destek veriyoruz ancak bu a\u015famada Rus diplomatlar\u0131 s\u0131n\u0131r d\u0131\u015f\u0131 etmeyece\u011fiz&#8221; ifadelerini kulland\u0131.<\/p>\n<p>Borisov, \u00e7ifte ajan Sergey Skripal\u2019\u0131n zehirlenmesiyle ilgili daha \u00e7ok kan\u0131t getirilmesini bekleyeceklerini belirterek, \u201cDolay\u0131s\u0131yla Rusya ile ili\u015fkilerimizde diplomatlar\u0131 kovmak, bizim diplomatlar\u0131m\u0131z\u0131 \u00e7ekmek gibi \u015fimdilik bir niyetimiz yok. B\u00fcy\u00fckel\u00e7i Kotzev, 8 Nisan\u2019da yine Moskova\u2019da olacak\u201d dedi.<\/p>\n<p>\u0130ngiltere, ABD, baz\u0131 AB \u00fcyeleri ve NATO, eski ajan Sergey Skripal ve k\u0131z\u0131 Yuliya Skripal\u2019\u0131n \u0130ngiltere\u2019de zehirlemesine tepki olarak baz\u0131 Rus diplomatlar\u0131 s\u0131n\u0131r d\u0131\u015f\u0131 etme karar\u0131 alm\u0131\u015ft\u0131.<\/p><div id=\"bghab-3704937613\" class=\"bghab-icerik-icine bghab-entity-placement\"><script async src=\"\/\/pagead2.googlesyndication.com\/pagead\/js\/adsbygoogle.js?client=ca-pub-6203283170189293\" crossorigin=\"anonymous\"><\/script><ins class=\"adsbygoogle\" style=\"display:block; text-align:center;\" data-ad-client=\"ca-pub-6203283170189293\" \ndata-ad-slot=\"7303146466\" \ndata-ad-layout=\"in-article\"\ndata-ad-format=\"fluid\" data-full-width-responsive=\"true\"><\/ins>\n<script> \n(adsbygoogle = window.adsbygoogle || []).push({}); \n<\/script>\n<\/div>\n<p>&nbsp;<\/p>\n<p>AA<\/p>\n<div id=\"bghab-2060320394\" class=\"bghab-yazi-altinda bghab-entity-placement\"><div class=\"bghab-adlabel\">Reklamlar<\/div><script async src=\"https:\/\/pagead2.googlesyndication.com\/pagead\/js\/adsbygoogle.js\"><\/script>\r\n<!-- bghaber-yaz\u0131-sonu -->\r\n<ins class=\"adsbygoogle\"\r\n     style=\"display:block\"\r\n     data-ad-client=\"ca-pub-6203283170189293\"\r\n     data-ad-slot=\"4222328180\"\r\n     data-ad-format=\"auto\"\r\n     data-full-width-responsive=\"true\"><\/ins>\r\n<script>\r\n     (adsbygoogle = window.adsbygoogle || []).push({});\r\n<\/script><\/div><br style=\"clear: both; display: block; float: none;\"\/>","protected":false},"excerpt":{"rendered":"<p>Bulgaristan Ba\u015fbakan\u0131 Boyko Borisov, \u0130ngiltere&#8217;ye tam destek verdiklerini belirterek, &#8220;Ancak bu a\u015famada Rus diplomatlar\u0131 s\u0131n\u0131r d\u0131\u015f\u0131 etmeyece\u011fiz.&#8221; dedi. Borisov, Ba\u015fbakanl\u0131kta d\u00fczenlenen G\u00fcvenlik Konseyi toplant\u0131s\u0131n\u0131n ard\u0131ndan<\/p>\n","protected":false},"author":29,"featured_media":5949,"comment_status":"closed","ping_status":"closed","sticky":false,"template":"","format":"standard","meta":{"advanced_seo_description":"","jetpack_seo_html_title":"","jetpack_seo_noindex":false,"_jetpack_memberships_contains_paid_content":false,"footnotes":""},"categories":[1,4],"tags":[],"class_list":["post-29167","post","type-post","status-publish","format-standard","has-post-thumbnail","hentry","category-haberler","category-siyaset"],"jetpack_featured_media_url":"https:\/\/i0.wp.com\/www.bghaber.org\/bghaber\/wp-content\/uploads\/2013\/09\/boyko-borisov-gerb-genel-bask2.jpg?fit=590%2C529&ssl=1","jetpack_sharing_enabled":true,"jetpack_likes_enabled":true,"jetpack-related-posts":[],"jetpack_shortlink":"https:\/\/wp.me\/pc2PfJ-7Ar","_links":{"self":[{"href":"https:\/\/www.bghaber.org\/bghaber\/wp-json\/wp\/v2\/posts\/29167","targetHints":{"allow":["GET"]}}],"collection":[{"href":"https:\/\/www.bghaber.org\/bghaber\/wp-json\/wp\/v2\/posts"}],"about":[{"href":"https:\/\/www.bghaber.org\/bghaber\/wp-json\/wp\/v2\/types\/post"}],"author":[{"embeddable":true,"href":"https:\/\/www.bghaber.org\/bghaber\/wp-json\/wp\/v2\/users\/29"}],"replies":[{"embeddable":true,"href":"https:\/\/www.bghaber.org\/bghaber\/wp-json\/wp\/v2\/comments?post=29167"}],"version-history":[{"count":0,"href":"https:\/\/www.bghaber.org\/bghaber\/wp-json\/wp\/v2\/posts\/29167\/revisions"}],"wp:featuredmedia":[{"embeddable":true,"href":"https:\/\/www.bghaber.org\/bghaber\/wp-json\/wp\/v2\/media\/5949"}],"wp:attachment":[{"href":"https:\/\/www.bghaber.org\/bghaber\/wp-json\/wp\/v2\/media?parent=29167"}],"wp:term":[{"taxonomy":"category","embeddable":true,"href":"https:\/\/www.bghaber.org\/bghaber\/wp-json\/wp\/v2\/categories?post=29167"},{"taxonomy":"post_tag","embeddable":true,"href":"https:\/\/www.bghaber.org\/bghaber\/wp-json\/wp\/v2\/tags?post=29167"}],"curies":[{"name":"wp","href":"https:\/\/api.w.org\/{rel}","templated":true}]}}